{"id":9356,"date":"2025-11-26T00:20:24","date_gmt":"2025-11-25T23:20:24","guid":{"rendered":"https:\/\/www.lavalaggloathle53.fr\/?p=9356"},"modified":"2025-12-01T13:50:16","modified_gmt":"2025-12-01T12:50:16","slug":"le-l2a53-en-course-pour-le-trophee-de-lequipe-sportifs-de-lannee","status":"publish","type":"post","link":"https:\/\/www.lavalaggloathle53.fr\/index.php\/2025\/11\/26\/le-l2a53-en-course-pour-le-trophee-de-lequipe-sportifs-de-lannee\/","title":{"rendered":"Le L2A53 en course pour le TROPHEE de l&rsquo;\u00e9quipe \u00ab\u00a0Sportifs de l&rsquo;ann\u00e9e\u00a0\u00bb !"},"content":{"rendered":"\n<p>Liste des nomin\u00e9s Sportifs Mayennais 2025<br>lamayenne.fr<br><strong>Votez pour le L2A53<\/strong><\/p>\n\n\n\n<p class=\"has-vivid-cyan-blue-color has-pale-pink-background-color has-text-color has-background has-link-color wp-elements-9a0fba2c2bd013f5ec05854cea62e0b7\"><strong>Nomin\u00e9 dans la cat\u00e9gorie \u00ab&nbsp;Coup de C\u0153ur des Mayennais 2025&nbsp;\u00bb pour les r\u00e9sultats de ses athl\u00e8tes et la qualit\u00e9 des organisations men\u00e9es, ensemble obtenons ce prix en 2025 !<\/strong><\/p>\n\n\n\n<p>Votez ici : <a href=\"https:\/\/lamayenne.fr\/nomines-sportifs-mayennais-2025\">https:\/\/lamayenne.fr\/nomines-sportifs-mayennais-2025<\/a><\/p>\n\n\n\n<p>Merci pour votre soutien<br>PS : Vive l\u2019athl\u00e9tisme \u00e0 Laval et en Mayenne<\/p>\n\n\n\n<p class=\"has-vivid-cyan-blue-color has-pale-pink-background-color has-text-color has-background has-link-color wp-elements-c99c587a879c9788ab849fa21b3b82e5\">Diffusez ce message autour de vous &#8230;<\/p>\n\n\n\n<p><\/p>\n","protected":false},"excerpt":{"rendered":"<p>Liste des nomin\u00e9s Sportifs Mayennais 2025lamayenne.frVotez pour le L2A53 Nomin\u00e9 dans la cat\u00e9gorie \u00ab&nbsp;Coup de C\u0153ur des Mayennais 2025&nbsp;\u00bb pour les r\u00e9sultats de ses athl\u00e8tes et la qualit\u00e9 des organisations men\u00e9es, ensemble obtenons ce prix en 2025 ! Votez ici : https:\/\/lamayenne.fr\/nomines-sportifs-mayennais-2025 Merci pour votre soutienPS : Vive l\u2019athl\u00e9tisme \u00e0 Laval et en Mayenne Diffusez ce message autour de vous &#8230;<\/p>\n","protected":false},"author":4,"featured_media":9046,"comment_status":"open","ping_status":"closed","sticky":false,"template":"","format":"standard","meta":{"footnotes":""},"categories":[14,15,16,18,19],"tags":[],"class_list":["post-9356","post","type-post","status-publish","format-standard","has-post-thumbnail","hentry","category-actualites","category-competition","category-loisirs","category-marche_nordique","category-sport_sante"],"yoast_head":"<!-- This site is optimized with the Yoast SEO plugin v27.2 - https:\/\/yoast.com\/product\/yoast-seo-wordpress\/ -->\n<title>Le L2A53 en course pour le TROPHEE de l&#039;\u00e9quipe &quot;Sportifs de l&#039;ann\u00e9e&quot; ! - Laval Agglo Athl\u00e9tisme<\/title>\n<meta name=\"robots\" content=\"index, follow, max-snippet:-1, max-image-preview:large, max-video-preview:-1\" \/>\n<link rel=\"canonical\" href=\"https:\/\/www.lavalaggloathle53.fr\/index.php\/2025\/11\/26\/le-l2a53-en-course-pour-le-trophee-de-lequipe-sportifs-de-lannee\/\" \/>\n<meta property=\"og:locale\" content=\"fr_FR\" \/>\n<meta property=\"og:type\" content=\"article\" \/>\n<meta property=\"og:title\" content=\"Le L2A53 en course pour le TROPHEE de l&#039;\u00e9quipe &quot;Sportifs de l&#039;ann\u00e9e&quot; ! - Laval Agglo Athl\u00e9tisme\" \/>\n<meta property=\"og:description\" content=\"Liste des nomin\u00e9s Sportifs Mayennais 2025lamayenne.frVotez pour le L2A53 Nomin\u00e9 dans la cat\u00e9gorie \u00ab&nbsp;Coup de C\u0153ur des Mayennais 2025&nbsp;\u00bb pour les r\u00e9sultats de ses athl\u00e8tes et la qualit\u00e9 des organisations men\u00e9es, ensemble obtenons ce prix en 2025 ! Votez ici : https:\/\/lamayenne.fr\/nomines-sportifs-mayennais-2025 Merci pour votre soutienPS : Vive l\u2019athl\u00e9tisme \u00e0 Laval et en Mayenne Diffusez ce message autour de vous &#8230;\" \/>\n<meta property=\"og:url\" content=\"https:\/\/www.lavalaggloathle53.fr\/index.php\/2025\/11\/26\/le-l2a53-en-course-pour-le-trophee-de-lequipe-sportifs-de-lannee\/\" \/>\n<meta property=\"og:site_name\" content=\"Laval Agglo Athl\u00e9tisme\" \/>\n<meta property=\"article:publisher\" content=\"https:\/\/www.facebook.com\/stadelavalloisathletisme\" \/>\n<meta property=\"article:published_time\" content=\"2025-11-25T23:20:24+00:00\" \/>\n<meta property=\"article:modified_time\" content=\"2025-12-01T12:50:16+00:00\" \/>\n<meta property=\"og:image\" content=\"https:\/\/www.lavalaggloathle53.fr\/wp-content\/uploads\/2025\/10\/WhatsApp-Image-2025-10-07-a-13.36.13_c9975b15.jpg\" \/>\n\t<meta property=\"og:image:width\" content=\"2000\" \/>\n\t<meta property=\"og:image:height\" content=\"1500\" \/>\n\t<meta property=\"og:image:type\" content=\"image\/jpeg\" \/>\n<meta name=\"author\" content=\"Pascal BISSON\" \/>\n<meta name=\"twitter:card\" content=\"summary_large_image\" \/>\n<meta name=\"twitter:label1\" content=\"\u00c9crit par\" \/>\n\t<meta name=\"twitter:data1\" content=\"Pascal BISSON\" \/>\n\t<meta name=\"twitter:label2\" content=\"Dur\u00e9e de lecture estim\u00e9e\" \/>\n\t<meta name=\"twitter:data2\" content=\"1 minute\" \/>\n<script type=\"application\/ld+json\" class=\"yoast-schema-graph\">{\"@context\":\"https:\/\/schema.org\",\"@graph\":[{\"@type\":\"Article\",\"@id\":\"https:\/\/www.lavalaggloathle53.fr\/index.php\/2025\/11\/26\/le-l2a53-en-course-pour-le-trophee-de-lequipe-sportifs-de-lannee\/#article\",\"isPartOf\":{\"@id\":\"https:\/\/www.lavalaggloathle53.fr\/index.php\/2025\/11\/26\/le-l2a53-en-course-pour-le-trophee-de-lequipe-sportifs-de-lannee\/\"},\"author\":{\"name\":\"Pascal BISSON\",\"@id\":\"https:\/\/www.lavalaggloathle53.fr\/#\/schema\/person\/979647d1a9707730d91bfc766caadc0b\"},\"headline\":\"Le L2A53 en course pour le TROPHEE de l&rsquo;\u00e9quipe \u00ab\u00a0Sportifs de l&rsquo;ann\u00e9e\u00a0\u00bb !\",\"datePublished\":\"2025-11-25T23:20:24+00:00\",\"dateModified\":\"2025-12-01T12:50:16+00:00\",\"mainEntityOfPage\":{\"@id\":\"https:\/\/www.lavalaggloathle53.fr\/index.php\/2025\/11\/26\/le-l2a53-en-course-pour-le-trophee-de-lequipe-sportifs-de-lannee\/\"},\"wordCount\":86,\"commentCount\":0,\"image\":{\"@id\":\"https:\/\/www.lavalaggloathle53.fr\/index.php\/2025\/11\/26\/le-l2a53-en-course-pour-le-trophee-de-lequipe-sportifs-de-lannee\/#primaryimage\"},\"thumbnailUrl\":\"https:\/\/www.lavalaggloathle53.fr\/wp-content\/uploads\/2025\/10\/WhatsApp-Image-2025-10-07-a-13.36.13_c9975b15.jpg\",\"articleSection\":[\"Actualit\u00e9s\",\"Comp\u00e9tition\",\"Loisirs\",\"Marche nordique\",\"Sport sant\u00e9\"],\"inLanguage\":\"fr-FR\",\"potentialAction\":[{\"@type\":\"CommentAction\",\"name\":\"Comment\",\"target\":[\"https:\/\/www.lavalaggloathle53.fr\/index.php\/2025\/11\/26\/le-l2a53-en-course-pour-le-trophee-de-lequipe-sportifs-de-lannee\/#respond\"]}]},{\"@type\":\"WebPage\",\"@id\":\"https:\/\/www.lavalaggloathle53.fr\/index.php\/2025\/11\/26\/le-l2a53-en-course-pour-le-trophee-de-lequipe-sportifs-de-lannee\/\",\"url\":\"https:\/\/www.lavalaggloathle53.fr\/index.php\/2025\/11\/26\/le-l2a53-en-course-pour-le-trophee-de-lequipe-sportifs-de-lannee\/\",\"name\":\"Le L2A53 en course pour le TROPHEE de l'\u00e9quipe \\\"Sportifs de l'ann\u00e9e\\\" ! - Laval Agglo Athl\u00e9tisme\",\"isPartOf\":{\"@id\":\"https:\/\/www.lavalaggloathle53.fr\/#website\"},\"primaryImageOfPage\":{\"@id\":\"https:\/\/www.lavalaggloathle53.fr\/index.php\/2025\/11\/26\/le-l2a53-en-course-pour-le-trophee-de-lequipe-sportifs-de-lannee\/#primaryimage\"},\"image\":{\"@id\":\"https:\/\/www.lavalaggloathle53.fr\/index.php\/2025\/11\/26\/le-l2a53-en-course-pour-le-trophee-de-lequipe-sportifs-de-lannee\/#primaryimage\"},\"thumbnailUrl\":\"https:\/\/www.lavalaggloathle53.fr\/wp-content\/uploads\/2025\/10\/WhatsApp-Image-2025-10-07-a-13.36.13_c9975b15.jpg\",\"datePublished\":\"2025-11-25T23:20:24+00:00\",\"dateModified\":\"2025-12-01T12:50:16+00:00\",\"author\":{\"@id\":\"https:\/\/www.lavalaggloathle53.fr\/#\/schema\/person\/979647d1a9707730d91bfc766caadc0b\"},\"breadcrumb\":{\"@id\":\"https:\/\/www.lavalaggloathle53.fr\/index.php\/2025\/11\/26\/le-l2a53-en-course-pour-le-trophee-de-lequipe-sportifs-de-lannee\/#breadcrumb\"},\"inLanguage\":\"fr-FR\",\"potentialAction\":[{\"@type\":\"ReadAction\",\"target\":[\"https:\/\/www.lavalaggloathle53.fr\/index.php\/2025\/11\/26\/le-l2a53-en-course-pour-le-trophee-de-lequipe-sportifs-de-lannee\/\"]}]},{\"@type\":\"ImageObject\",\"inLanguage\":\"fr-FR\",\"@id\":\"https:\/\/www.lavalaggloathle53.fr\/index.php\/2025\/11\/26\/le-l2a53-en-course-pour-le-trophee-de-lequipe-sportifs-de-lannee\/#primaryimage\",\"url\":\"https:\/\/www.lavalaggloathle53.fr\/wp-content\/uploads\/2025\/10\/WhatsApp-Image-2025-10-07-a-13.36.13_c9975b15.jpg\",\"contentUrl\":\"https:\/\/www.lavalaggloathle53.fr\/wp-content\/uploads\/2025\/10\/WhatsApp-Image-2025-10-07-a-13.36.13_c9975b15.jpg\",\"width\":2000,\"height\":1500},{\"@type\":\"BreadcrumbList\",\"@id\":\"https:\/\/www.lavalaggloathle53.fr\/index.php\/2025\/11\/26\/le-l2a53-en-course-pour-le-trophee-de-lequipe-sportifs-de-lannee\/#breadcrumb\",\"itemListElement\":[{\"@type\":\"ListItem\",\"position\":1,\"name\":\"Accueil\",\"item\":\"https:\/\/www.lavalaggloathle53.fr\/\"},{\"@type\":\"ListItem\",\"position\":2,\"name\":\"Le L2A53 en course pour le TROPHEE de l&rsquo;\u00e9quipe \u00ab\u00a0Sportifs de l&rsquo;ann\u00e9e\u00a0\u00bb !\"}]},{\"@type\":\"WebSite\",\"@id\":\"https:\/\/www.lavalaggloathle53.fr\/#website\",\"url\":\"https:\/\/www.lavalaggloathle53.fr\/\",\"name\":\"Laval Agglo Athl\u00e9tisme\",\"description\":\"L&#039;athl\u00e9, un sport pour tous\",\"alternateName\":\"L2A53\",\"potentialAction\":[{\"@type\":\"SearchAction\",\"target\":{\"@type\":\"EntryPoint\",\"urlTemplate\":\"https:\/\/www.lavalaggloathle53.fr\/?s={search_term_string}\"},\"query-input\":{\"@type\":\"PropertyValueSpecification\",\"valueRequired\":true,\"valueName\":\"search_term_string\"}}],\"inLanguage\":\"fr-FR\"},{\"@type\":\"Person\",\"@id\":\"https:\/\/www.lavalaggloathle53.fr\/#\/schema\/person\/979647d1a9707730d91bfc766caadc0b\",\"name\":\"Pascal BISSON\",\"image\":{\"@type\":\"ImageObject\",\"inLanguage\":\"fr-FR\",\"@id\":\"https:\/\/secure.gravatar.com\/avatar\/59596d86ade6d559609912f789f6ddaf324a4bb824fbedeaf0ccebc5c1967658?s=96&d=mm&r=g\",\"url\":\"https:\/\/secure.gravatar.com\/avatar\/59596d86ade6d559609912f789f6ddaf324a4bb824fbedeaf0ccebc5c1967658?s=96&d=mm&r=g\",\"contentUrl\":\"https:\/\/secure.gravatar.com\/avatar\/59596d86ade6d559609912f789f6ddaf324a4bb824fbedeaf0ccebc5c1967658?s=96&d=mm&r=g\",\"caption\":\"Pascal BISSON\"},\"sameAs\":[\"https:\/\/www.lavalaggloathle53.fr\"],\"url\":\"https:\/\/www.lavalaggloathle53.fr\/index.php\/author\/bis53\/\"}]}<\/script>\n<!-- \/ Yoast SEO plugin. -->","yoast_head_json":{"title":"Le L2A53 en course pour le TROPHEE de l'\u00e9quipe \"Sportifs de l'ann\u00e9e\" ! - Laval Agglo Athl\u00e9tisme","robots":{"index":"index","follow":"follow","max-snippet":"max-snippet:-1","max-image-preview":"max-image-preview:large","max-video-preview":"max-video-preview:-1"},"canonical":"https:\/\/www.lavalaggloathle53.fr\/index.php\/2025\/11\/26\/le-l2a53-en-course-pour-le-trophee-de-lequipe-sportifs-de-lannee\/","og_locale":"fr_FR","og_type":"article","og_title":"Le L2A53 en course pour le TROPHEE de l'\u00e9quipe \"Sportifs de l'ann\u00e9e\" ! - Laval Agglo Athl\u00e9tisme","og_description":"Liste des nomin\u00e9s Sportifs Mayennais 2025lamayenne.frVotez pour le L2A53 Nomin\u00e9 dans la cat\u00e9gorie \u00ab&nbsp;Coup de C\u0153ur des Mayennais 2025&nbsp;\u00bb pour les r\u00e9sultats de ses athl\u00e8tes et la qualit\u00e9 des organisations men\u00e9es, ensemble obtenons ce prix en 2025 ! Votez ici : https:\/\/lamayenne.fr\/nomines-sportifs-mayennais-2025 Merci pour votre soutienPS : Vive l\u2019athl\u00e9tisme \u00e0 Laval et en Mayenne Diffusez ce message autour de vous &#8230;","og_url":"https:\/\/www.lavalaggloathle53.fr\/index.php\/2025\/11\/26\/le-l2a53-en-course-pour-le-trophee-de-lequipe-sportifs-de-lannee\/","og_site_name":"Laval Agglo Athl\u00e9tisme","article_publisher":"https:\/\/www.facebook.com\/stadelavalloisathletisme","article_published_time":"2025-11-25T23:20:24+00:00","article_modified_time":"2025-12-01T12:50:16+00:00","og_image":[{"width":2000,"height":1500,"url":"https:\/\/www.lavalaggloathle53.fr\/wp-content\/uploads\/2025\/10\/WhatsApp-Image-2025-10-07-a-13.36.13_c9975b15.jpg","type":"image\/jpeg"}],"author":"Pascal BISSON","twitter_card":"summary_large_image","twitter_misc":{"\u00c9crit par":"Pascal BISSON","Dur\u00e9e de lecture estim\u00e9e":"1 minute"},"schema":{"@context":"https:\/\/schema.org","@graph":[{"@type":"Article","@id":"https:\/\/www.lavalaggloathle53.fr\/index.php\/2025\/11\/26\/le-l2a53-en-course-pour-le-trophee-de-lequipe-sportifs-de-lannee\/#article","isPartOf":{"@id":"https:\/\/www.lavalaggloathle53.fr\/index.php\/2025\/11\/26\/le-l2a53-en-course-pour-le-trophee-de-lequipe-sportifs-de-lannee\/"},"author":{"name":"Pascal BISSON","@id":"https:\/\/www.lavalaggloathle53.fr\/#\/schema\/person\/979647d1a9707730d91bfc766caadc0b"},"headline":"Le L2A53 en course pour le TROPHEE de l&rsquo;\u00e9quipe \u00ab\u00a0Sportifs de l&rsquo;ann\u00e9e\u00a0\u00bb !","datePublished":"2025-11-25T23:20:24+00:00","dateModified":"2025-12-01T12:50:16+00:00","mainEntityOfPage":{"@id":"https:\/\/www.lavalaggloathle53.fr\/index.php\/2025\/11\/26\/le-l2a53-en-course-pour-le-trophee-de-lequipe-sportifs-de-lannee\/"},"wordCount":86,"commentCount":0,"image":{"@id":"https:\/\/www.lavalaggloathle53.fr\/index.php\/2025\/11\/26\/le-l2a53-en-course-pour-le-trophee-de-lequipe-sportifs-de-lannee\/#primaryimage"},"thumbnailUrl":"https:\/\/www.lavalaggloathle53.fr\/wp-content\/uploads\/2025\/10\/WhatsApp-Image-2025-10-07-a-13.36.13_c9975b15.jpg","articleSection":["Actualit\u00e9s","Comp\u00e9tition","Loisirs","Marche nordique","Sport sant\u00e9"],"inLanguage":"fr-FR","potentialAction":[{"@type":"CommentAction","name":"Comment","target":["https:\/\/www.lavalaggloathle53.fr\/index.php\/2025\/11\/26\/le-l2a53-en-course-pour-le-trophee-de-lequipe-sportifs-de-lannee\/#respond"]}]},{"@type":"WebPage","@id":"https:\/\/www.lavalaggloathle53.fr\/index.php\/2025\/11\/26\/le-l2a53-en-course-pour-le-trophee-de-lequipe-sportifs-de-lannee\/","url":"https:\/\/www.lavalaggloathle53.fr\/index.php\/2025\/11\/26\/le-l2a53-en-course-pour-le-trophee-de-lequipe-sportifs-de-lannee\/","name":"Le L2A53 en course pour le TROPHEE de l'\u00e9quipe \"Sportifs de l'ann\u00e9e\" ! - Laval Agglo Athl\u00e9tisme","isPartOf":{"@id":"https:\/\/www.lavalaggloathle53.fr\/#website"},"primaryImageOfPage":{"@id":"https:\/\/www.lavalaggloathle53.fr\/index.php\/2025\/11\/26\/le-l2a53-en-course-pour-le-trophee-de-lequipe-sportifs-de-lannee\/#primaryimage"},"image":{"@id":"https:\/\/www.lavalaggloathle53.fr\/index.php\/2025\/11\/26\/le-l2a53-en-course-pour-le-trophee-de-lequipe-sportifs-de-lannee\/#primaryimage"},"thumbnailUrl":"https:\/\/www.lavalaggloathle53.fr\/wp-content\/uploads\/2025\/10\/WhatsApp-Image-2025-10-07-a-13.36.13_c9975b15.jpg","datePublished":"2025-11-25T23:20:24+00:00","dateModified":"2025-12-01T12:50:16+00:00","author":{"@id":"https:\/\/www.lavalaggloathle53.fr\/#\/schema\/person\/979647d1a9707730d91bfc766caadc0b"},"breadcrumb":{"@id":"https:\/\/www.lavalaggloathle53.fr\/index.php\/2025\/11\/26\/le-l2a53-en-course-pour-le-trophee-de-lequipe-sportifs-de-lannee\/#breadcrumb"},"inLanguage":"fr-FR","potentialAction":[{"@type":"ReadAction","target":["https:\/\/www.lavalaggloathle53.fr\/index.php\/2025\/11\/26\/le-l2a53-en-course-pour-le-trophee-de-lequipe-sportifs-de-lannee\/"]}]},{"@type":"ImageObject","inLanguage":"fr-FR","@id":"https:\/\/www.lavalaggloathle53.fr\/index.php\/2025\/11\/26\/le-l2a53-en-course-pour-le-trophee-de-lequipe-sportifs-de-lannee\/#primaryimage","url":"https:\/\/www.lavalaggloathle53.fr\/wp-content\/uploads\/2025\/10\/WhatsApp-Image-2025-10-07-a-13.36.13_c9975b15.jpg","contentUrl":"https:\/\/www.lavalaggloathle53.fr\/wp-content\/uploads\/2025\/10\/WhatsApp-Image-2025-10-07-a-13.36.13_c9975b15.jpg","width":2000,"height":1500},{"@type":"BreadcrumbList","@id":"https:\/\/www.lavalaggloathle53.fr\/index.php\/2025\/11\/26\/le-l2a53-en-course-pour-le-trophee-de-lequipe-sportifs-de-lannee\/#breadcrumb","itemListElement":[{"@type":"ListItem","position":1,"name":"Accueil","item":"https:\/\/www.lavalaggloathle53.fr\/"},{"@type":"ListItem","position":2,"name":"Le L2A53 en course pour le TROPHEE de l&rsquo;\u00e9quipe \u00ab\u00a0Sportifs de l&rsquo;ann\u00e9e\u00a0\u00bb !"}]},{"@type":"WebSite","@id":"https:\/\/www.lavalaggloathle53.fr\/#website","url":"https:\/\/www.lavalaggloathle53.fr\/","name":"Laval Agglo Athl\u00e9tisme","description":"L&#039;athl\u00e9, un sport pour tous","alternateName":"L2A53","potentialAction":[{"@type":"SearchAction","target":{"@type":"EntryPoint","urlTemplate":"https:\/\/www.lavalaggloathle53.fr\/?s={search_term_string}"},"query-input":{"@type":"PropertyValueSpecification","valueRequired":true,"valueName":"search_term_string"}}],"inLanguage":"fr-FR"},{"@type":"Person","@id":"https:\/\/www.lavalaggloathle53.fr\/#\/schema\/person\/979647d1a9707730d91bfc766caadc0b","name":"Pascal BISSON","image":{"@type":"ImageObject","inLanguage":"fr-FR","@id":"https:\/\/secure.gravatar.com\/avatar\/59596d86ade6d559609912f789f6ddaf324a4bb824fbedeaf0ccebc5c1967658?s=96&d=mm&r=g","url":"https:\/\/secure.gravatar.com\/avatar\/59596d86ade6d559609912f789f6ddaf324a4bb824fbedeaf0ccebc5c1967658?s=96&d=mm&r=g","contentUrl":"https:\/\/secure.gravatar.com\/avatar\/59596d86ade6d559609912f789f6ddaf324a4bb824fbedeaf0ccebc5c1967658?s=96&d=mm&r=g","caption":"Pascal BISSON"},"sameAs":["https:\/\/www.lavalaggloathle53.fr"],"url":"https:\/\/www.lavalaggloathle53.fr\/index.php\/author\/bis53\/"}]}},"_links":{"self":[{"href":"https:\/\/www.lavalaggloathle53.fr\/index.php\/wp-json\/wp\/v2\/posts\/9356","targetHints":{"allow":["GET"]}}],"collection":[{"href":"https:\/\/www.lavalaggloathle53.fr\/index.php\/wp-json\/wp\/v2\/posts"}],"about":[{"href":"https:\/\/www.lavalaggloathle53.fr\/index.php\/wp-json\/wp\/v2\/types\/post"}],"author":[{"embeddable":true,"href":"https:\/\/www.lavalaggloathle53.fr\/index.php\/wp-json\/wp\/v2\/users\/4"}],"replies":[{"embeddable":true,"href":"https:\/\/www.lavalaggloathle53.fr\/index.php\/wp-json\/wp\/v2\/comments?post=9356"}],"version-history":[{"count":4,"href":"https:\/\/www.lavalaggloathle53.fr\/index.php\/wp-json\/wp\/v2\/posts\/9356\/revisions"}],"predecessor-version":[{"id":9360,"href":"https:\/\/www.lavalaggloathle53.fr\/index.php\/wp-json\/wp\/v2\/posts\/9356\/revisions\/9360"}],"wp:featuredmedia":[{"embeddable":true,"href":"https:\/\/www.lavalaggloathle53.fr\/index.php\/wp-json\/wp\/v2\/media\/9046"}],"wp:attachment":[{"href":"https:\/\/www.lavalaggloathle53.fr\/index.php\/wp-json\/wp\/v2\/media?parent=9356"}],"wp:term":[{"taxonomy":"category","embeddable":true,"href":"https:\/\/www.lavalaggloathle53.fr\/index.php\/wp-json\/wp\/v2\/categories?post=9356"},{"taxonomy":"post_tag","embeddable":true,"href":"https:\/\/www.lavalaggloathle53.fr\/index.php\/wp-json\/wp\/v2\/tags?post=9356"}],"curies":[{"name":"wp","href":"https:\/\/api.w.org\/{rel}","templated":true}]}}