{"id":9205,"date":"2025-11-25T06:18:33","date_gmt":"2025-11-25T05:18:33","guid":{"rendered":"https:\/\/www.lavalaggloathle53.fr\/?p=9205"},"modified":"2025-12-02T21:26:17","modified_gmt":"2025-12-02T20:26:17","slug":"championnat-departementaux-de-cross-relais-mixte-et-de-cross-court-organises-par-les-benevoles-du-l2a53-les-29-30-novembre-2025","status":"publish","type":"post","link":"https:\/\/www.lavalaggloathle53.fr\/index.php\/2025\/11\/25\/championnat-departementaux-de-cross-relais-mixte-et-de-cross-court-organises-par-les-benevoles-du-l2a53-les-29-30-novembre-2025\/","title":{"rendered":"Championnat d\u00e9partementaux de cross Relais mixte et de cross court organis\u00e9s par les b\u00e9n\u00e9voles du L2A53 les 29 &amp;  30 novembre 2025 &#8230;"},"content":{"rendered":"\t\t<div data-elementor-type=\"wp-post\" data-elementor-id=\"9205\" class=\"elementor elementor-9205\">\n\t\t\t\t\t\t<section class=\"elementor-section elementor-top-section elementor-element elementor-element-645801a3 elementor-section-boxed elementor-section-height-default elementor-section-height-default wpr-particle-no wpr-jarallax-no wpr-parallax-no wpr-sticky-section-no wpr-equal-height-no\" data-id=\"645801a3\" data-element_type=\"section\" data-e-type=\"section\">\n\t\t\t\t\t\t<div class=\"elementor-container elementor-column-gap-default\">\n\t\t\t\t\t<div class=\"elementor-column elementor-col-100 elementor-top-column elementor-element elementor-element-125e73ef\" data-id=\"125e73ef\" data-element_type=\"column\" data-e-type=\"column\">\n\t\t\t<div class=\"elementor-widget-wrap elementor-element-populated\">\n\t\t\t\t\t\t<div class=\"elementor-element elementor-element-188cd61a elementor-widget elementor-widget-text-editor\" data-id=\"188cd61a\" data-element_type=\"widget\" data-e-type=\"widget\" data-widget_type=\"text-editor.default\">\n\t\t\t\t<div class=\"elementor-widget-container\">\n\t\t\t\t\t\t\t\t\t\n<figure class=\"wp-block-image size-large\"><img fetchpriority=\"high\" decoding=\"async\" width=\"1024\" height=\"1024\" src=\"https:\/\/www.lavalaggloathle53.fr\/wp-content\/uploads\/2025\/11\/Affiche-Cross-Relais-Mixte-LAVAL-29-11-2025-1024x1024.jpg\" alt=\"\" class=\"wp-image-9382\" srcset=\"https:\/\/www.lavalaggloathle53.fr\/wp-content\/uploads\/2025\/11\/Affiche-Cross-Relais-Mixte-LAVAL-29-11-2025-1024x1024.jpg 1024w, https:\/\/www.lavalaggloathle53.fr\/wp-content\/uploads\/2025\/11\/Affiche-Cross-Relais-Mixte-LAVAL-29-11-2025-300x300.jpg 300w, https:\/\/www.lavalaggloathle53.fr\/wp-content\/uploads\/2025\/11\/Affiche-Cross-Relais-Mixte-LAVAL-29-11-2025-150x150.jpg 150w, https:\/\/www.lavalaggloathle53.fr\/wp-content\/uploads\/2025\/11\/Affiche-Cross-Relais-Mixte-LAVAL-29-11-2025-768x768.jpg 768w, https:\/\/www.lavalaggloathle53.fr\/wp-content\/uploads\/2025\/11\/Affiche-Cross-Relais-Mixte-LAVAL-29-11-2025.jpg 1080w\" sizes=\"(max-width: 1024px) 100vw, 1024px\" \/><figcaption class=\"wp-element-caption\">Copie de D\u00e9partementaux &#8211; 1<\/figcaption><\/figure>\n\n\n\n<figure class=\"wp-block-image size-large\"><img decoding=\"async\" width=\"1024\" height=\"1024\" src=\"https:\/\/www.lavalaggloathle53.fr\/wp-content\/uploads\/2025\/10\/2-1024x1024.jpg\" alt=\"\" class=\"wp-image-9206\" srcset=\"https:\/\/www.lavalaggloathle53.fr\/wp-content\/uploads\/2025\/10\/2-1024x1024.jpg 1024w, https:\/\/www.lavalaggloathle53.fr\/wp-content\/uploads\/2025\/10\/2-300x300.jpg 300w, https:\/\/www.lavalaggloathle53.fr\/wp-content\/uploads\/2025\/10\/2-150x150.jpg 150w, https:\/\/www.lavalaggloathle53.fr\/wp-content\/uploads\/2025\/10\/2-768x768.jpg 768w, https:\/\/www.lavalaggloathle53.fr\/wp-content\/uploads\/2025\/10\/2.jpg 1080w\" sizes=\"(max-width: 1024px) 100vw, 1024px\" \/><\/figure>\n\n\n\n<p class=\"has-vivid-cyan-blue-color has-pale-pink-background-color has-text-color has-background has-link-color wp-elements-5db7f2d4356180e0a6a6e9c785a4f072\"><strong>Un Rendez vous pour l&rsquo;ouverture des Championnats FFA de cross-country avec ce Championnat d\u00e9partemental de Cross court  sur le m\u00eame site que le championnat d\u00e9partemental de relais la veille ou le L2A53\/Stade Lavallois Athl\u00e9tisme voudra r\u00e9\u00e9diter sur ses terres le doubl\u00e9 r\u00e9alis\u00e9 l&rsquo;an dernier avec No\u00e9 ROUTHIAU chez les hommes et Laurine TOUTIN chez les f\u00e9minines !<\/strong><\/p>\n\n\n\n<p><\/p>\n\t\t\t\t\t\t\t\t<\/div>\n\t\t\t\t<\/div>\n\t\t\t\t\t<\/div>\n\t\t<\/div>\n\t\t\t\t\t<\/div>\n\t\t<\/section>\n\t\t\t\t<section class=\"elementor-section elementor-top-section elementor-element elementor-element-c0e89c8 elementor-section-boxed elementor-section-height-default elementor-section-height-default wpr-particle-no wpr-jarallax-no wpr-parallax-no wpr-sticky-section-no wpr-equal-height-no\" data-id=\"c0e89c8\" data-element_type=\"section\" data-e-type=\"section\">\n\t\t\t\t\t\t<div class=\"elementor-container elementor-column-gap-default\">\n\t\t\t\t\t<div class=\"elementor-column elementor-col-100 elementor-top-column elementor-element elementor-element-d302ce6\" data-id=\"d302ce6\" data-element_type=\"column\" data-e-type=\"column\">\n\t\t\t<div class=\"elementor-widget-wrap elementor-element-populated\">\n\t\t\t\t\t\t<div class=\"elementor-element elementor-element-b6eff50 elementor-widget elementor-widget-image\" data-id=\"b6eff50\" data-element_type=\"widget\" data-e-type=\"widget\" data-widget_type=\"image.default\">\n\t\t\t\t<div class=\"elementor-widget-container\">\n\t\t\t\t\t\t\t\t\t\t\t\t\t\t\t<img decoding=\"async\" width=\"544\" height=\"1024\" src=\"https:\/\/www.lavalaggloathle53.fr\/wp-content\/uploads\/2025\/11\/Art-Cross-country-Quentin-Gehan-pour-le-plaisir-O-F-29-11-2025-544x1024.jpg\" class=\"attachment-large size-large wp-image-9489\" alt=\"\" srcset=\"https:\/\/www.lavalaggloathle53.fr\/wp-content\/uploads\/2025\/11\/Art-Cross-country-Quentin-Gehan-pour-le-plaisir-O-F-29-11-2025-544x1024.jpg 544w, https:\/\/www.lavalaggloathle53.fr\/wp-content\/uploads\/2025\/11\/Art-Cross-country-Quentin-Gehan-pour-le-plaisir-O-F-29-11-2025-160x300.jpg 160w, https:\/\/www.lavalaggloathle53.fr\/wp-content\/uploads\/2025\/11\/Art-Cross-country-Quentin-Gehan-pour-le-plaisir-O-F-29-11-2025-768x1444.jpg 768w, https:\/\/www.lavalaggloathle53.fr\/wp-content\/uploads\/2025\/11\/Art-Cross-country-Quentin-Gehan-pour-le-plaisir-O-F-29-11-2025-817x1536.jpg 817w, https:\/\/www.lavalaggloathle53.fr\/wp-content\/uploads\/2025\/11\/Art-Cross-country-Quentin-Gehan-pour-le-plaisir-O-F-29-11-2025.jpg 881w\" sizes=\"(max-width: 544px) 100vw, 544px\" \/>\t\t\t\t\t\t\t\t\t\t\t\t\t\t\t<\/div>\n\t\t\t\t<\/div>\n\t\t\t\t\t<\/div>\n\t\t<\/div>\n\t\t\t\t\t<\/div>\n\t\t<\/section>\n\t\t\t\t<\/div>\n\t\t","protected":false},"excerpt":{"rendered":"<p>Un Rendez vous pour l&rsquo;ouverture des Championnats FFA de cross-country avec ce Championnat d\u00e9partemental de Cross court sur le m\u00eame site que le championnat d\u00e9partemental de relais la veille ou le L2A53\/Stade Lavallois Athl\u00e9tisme voudra r\u00e9\u00e9diter sur ses terres le doubl\u00e9 r\u00e9alis\u00e9 l&rsquo;an dernier avec No\u00e9 ROUTHIAU chez les hommes et Laurine TOUTIN chez les f\u00e9minines !<\/p>\n","protected":false},"author":4,"featured_media":9206,"comment_status":"open","ping_status":"closed","sticky":false,"template":"","format":"standard","meta":{"footnotes":""},"categories":[14,15,16,18,19],"tags":[],"class_list":["post-9205","post","type-post","status-publish","format-standard","has-post-thumbnail","hentry","category-actualites","category-competition","category-loisirs","category-marche_nordique","category-sport_sante"],"yoast_head":"<!-- This site is optimized with the Yoast SEO plugin v27.2 - https:\/\/yoast.com\/product\/yoast-seo-wordpress\/ -->\n<title>Championnat d\u00e9partementaux de cross Relais mixte et de cross court organis\u00e9s par les b\u00e9n\u00e9voles du L2A53 les 29 &amp; 30 novembre 2025 ... - Laval Agglo Athl\u00e9tisme<\/title>\n<meta name=\"robots\" content=\"index, follow, max-snippet:-1, max-image-preview:large, max-video-preview:-1\" \/>\n<link rel=\"canonical\" href=\"https:\/\/www.lavalaggloathle53.fr\/index.php\/2025\/11\/25\/championnat-departementaux-de-cross-relais-mixte-et-de-cross-court-organises-par-les-benevoles-du-l2a53-les-29-30-novembre-2025\/\" \/>\n<meta property=\"og:locale\" content=\"fr_FR\" \/>\n<meta property=\"og:type\" content=\"article\" \/>\n<meta property=\"og:title\" content=\"Championnat d\u00e9partementaux de cross Relais mixte et de cross court organis\u00e9s par les b\u00e9n\u00e9voles du L2A53 les 29 &amp; 30 novembre 2025 ... - Laval Agglo Athl\u00e9tisme\" \/>\n<meta property=\"og:description\" content=\"Un Rendez vous pour l&rsquo;ouverture des Championnats FFA de cross-country avec ce Championnat d\u00e9partemental de Cross court sur le m\u00eame site que le championnat d\u00e9partemental de relais la veille ou le L2A53\/Stade Lavallois Athl\u00e9tisme voudra r\u00e9\u00e9diter sur ses terres le doubl\u00e9 r\u00e9alis\u00e9 l&rsquo;an dernier avec No\u00e9 ROUTHIAU chez les hommes et Laurine TOUTIN chez les f\u00e9minines !\" \/>\n<meta property=\"og:url\" content=\"https:\/\/www.lavalaggloathle53.fr\/index.php\/2025\/11\/25\/championnat-departementaux-de-cross-relais-mixte-et-de-cross-court-organises-par-les-benevoles-du-l2a53-les-29-30-novembre-2025\/\" \/>\n<meta property=\"og:site_name\" content=\"Laval Agglo Athl\u00e9tisme\" \/>\n<meta property=\"article:publisher\" content=\"https:\/\/www.facebook.com\/stadelavalloisathletisme\" \/>\n<meta property=\"article:published_time\" content=\"2025-11-25T05:18:33+00:00\" \/>\n<meta property=\"article:modified_time\" content=\"2025-12-02T20:26:17+00:00\" \/>\n<meta property=\"og:image\" content=\"https:\/\/www.lavalaggloathle53.fr\/wp-content\/uploads\/2025\/10\/2.jpg\" \/>\n\t<meta property=\"og:image:width\" content=\"1080\" \/>\n\t<meta property=\"og:image:height\" content=\"1080\" \/>\n\t<meta property=\"og:image:type\" content=\"image\/jpeg\" \/>\n<meta name=\"author\" content=\"Pascal BISSON\" \/>\n<meta name=\"twitter:card\" content=\"summary_large_image\" \/>\n<meta name=\"twitter:label1\" content=\"\u00c9crit par\" \/>\n\t<meta name=\"twitter:data1\" content=\"Pascal BISSON\" \/>\n\t<meta name=\"twitter:label2\" content=\"Dur\u00e9e de lecture estim\u00e9e\" \/>\n\t<meta name=\"twitter:data2\" content=\"1 minute\" \/>\n<script type=\"application\/ld+json\" class=\"yoast-schema-graph\">{\"@context\":\"https:\/\/schema.org\",\"@graph\":[{\"@type\":\"Article\",\"@id\":\"https:\/\/www.lavalaggloathle53.fr\/index.php\/2025\/11\/25\/championnat-departementaux-de-cross-relais-mixte-et-de-cross-court-organises-par-les-benevoles-du-l2a53-les-29-30-novembre-2025\/#article\",\"isPartOf\":{\"@id\":\"https:\/\/www.lavalaggloathle53.fr\/index.php\/2025\/11\/25\/championnat-departementaux-de-cross-relais-mixte-et-de-cross-court-organises-par-les-benevoles-du-l2a53-les-29-30-novembre-2025\/\"},\"author\":{\"name\":\"Pascal BISSON\",\"@id\":\"https:\/\/www.lavalaggloathle53.fr\/#\/schema\/person\/979647d1a9707730d91bfc766caadc0b\"},\"headline\":\"Championnat d\u00e9partementaux de cross Relais mixte et de cross court organis\u00e9s par les b\u00e9n\u00e9voles du L2A53 les 29 &amp; 30 novembre 2025 &#8230;\",\"datePublished\":\"2025-11-25T05:18:33+00:00\",\"dateModified\":\"2025-12-02T20:26:17+00:00\",\"mainEntityOfPage\":{\"@id\":\"https:\/\/www.lavalaggloathle53.fr\/index.php\/2025\/11\/25\/championnat-departementaux-de-cross-relais-mixte-et-de-cross-court-organises-par-les-benevoles-du-l2a53-les-29-30-novembre-2025\/\"},\"wordCount\":96,\"commentCount\":0,\"image\":{\"@id\":\"https:\/\/www.lavalaggloathle53.fr\/index.php\/2025\/11\/25\/championnat-departementaux-de-cross-relais-mixte-et-de-cross-court-organises-par-les-benevoles-du-l2a53-les-29-30-novembre-2025\/#primaryimage\"},\"thumbnailUrl\":\"https:\/\/www.lavalaggloathle53.fr\/wp-content\/uploads\/2025\/10\/2.jpg\",\"articleSection\":[\"Actualit\u00e9s\",\"Comp\u00e9tition\",\"Loisirs\",\"Marche nordique\",\"Sport sant\u00e9\"],\"inLanguage\":\"fr-FR\",\"potentialAction\":[{\"@type\":\"CommentAction\",\"name\":\"Comment\",\"target\":[\"https:\/\/www.lavalaggloathle53.fr\/index.php\/2025\/11\/25\/championnat-departementaux-de-cross-relais-mixte-et-de-cross-court-organises-par-les-benevoles-du-l2a53-les-29-30-novembre-2025\/#respond\"]}]},{\"@type\":\"WebPage\",\"@id\":\"https:\/\/www.lavalaggloathle53.fr\/index.php\/2025\/11\/25\/championnat-departementaux-de-cross-relais-mixte-et-de-cross-court-organises-par-les-benevoles-du-l2a53-les-29-30-novembre-2025\/\",\"url\":\"https:\/\/www.lavalaggloathle53.fr\/index.php\/2025\/11\/25\/championnat-departementaux-de-cross-relais-mixte-et-de-cross-court-organises-par-les-benevoles-du-l2a53-les-29-30-novembre-2025\/\",\"name\":\"Championnat d\u00e9partementaux de cross Relais mixte et de cross court organis\u00e9s par les b\u00e9n\u00e9voles du L2A53 les 29 &amp; 30 novembre 2025 ... - Laval Agglo Athl\u00e9tisme\",\"isPartOf\":{\"@id\":\"https:\/\/www.lavalaggloathle53.fr\/#website\"},\"primaryImageOfPage\":{\"@id\":\"https:\/\/www.lavalaggloathle53.fr\/index.php\/2025\/11\/25\/championnat-departementaux-de-cross-relais-mixte-et-de-cross-court-organises-par-les-benevoles-du-l2a53-les-29-30-novembre-2025\/#primaryimage\"},\"image\":{\"@id\":\"https:\/\/www.lavalaggloathle53.fr\/index.php\/2025\/11\/25\/championnat-departementaux-de-cross-relais-mixte-et-de-cross-court-organises-par-les-benevoles-du-l2a53-les-29-30-novembre-2025\/#primaryimage\"},\"thumbnailUrl\":\"https:\/\/www.lavalaggloathle53.fr\/wp-content\/uploads\/2025\/10\/2.jpg\",\"datePublished\":\"2025-11-25T05:18:33+00:00\",\"dateModified\":\"2025-12-02T20:26:17+00:00\",\"author\":{\"@id\":\"https:\/\/www.lavalaggloathle53.fr\/#\/schema\/person\/979647d1a9707730d91bfc766caadc0b\"},\"breadcrumb\":{\"@id\":\"https:\/\/www.lavalaggloathle53.fr\/index.php\/2025\/11\/25\/championnat-departementaux-de-cross-relais-mixte-et-de-cross-court-organises-par-les-benevoles-du-l2a53-les-29-30-novembre-2025\/#breadcrumb\"},\"inLanguage\":\"fr-FR\",\"potentialAction\":[{\"@type\":\"ReadAction\",\"target\":[\"https:\/\/www.lavalaggloathle53.fr\/index.php\/2025\/11\/25\/championnat-departementaux-de-cross-relais-mixte-et-de-cross-court-organises-par-les-benevoles-du-l2a53-les-29-30-novembre-2025\/\"]}]},{\"@type\":\"ImageObject\",\"inLanguage\":\"fr-FR\",\"@id\":\"https:\/\/www.lavalaggloathle53.fr\/index.php\/2025\/11\/25\/championnat-departementaux-de-cross-relais-mixte-et-de-cross-court-organises-par-les-benevoles-du-l2a53-les-29-30-novembre-2025\/#primaryimage\",\"url\":\"https:\/\/www.lavalaggloathle53.fr\/wp-content\/uploads\/2025\/10\/2.jpg\",\"contentUrl\":\"https:\/\/www.lavalaggloathle53.fr\/wp-content\/uploads\/2025\/10\/2.jpg\",\"width\":1080,\"height\":1080},{\"@type\":\"BreadcrumbList\",\"@id\":\"https:\/\/www.lavalaggloathle53.fr\/index.php\/2025\/11\/25\/championnat-departementaux-de-cross-relais-mixte-et-de-cross-court-organises-par-les-benevoles-du-l2a53-les-29-30-novembre-2025\/#breadcrumb\",\"itemListElement\":[{\"@type\":\"ListItem\",\"position\":1,\"name\":\"Accueil\",\"item\":\"https:\/\/www.lavalaggloathle53.fr\/\"},{\"@type\":\"ListItem\",\"position\":2,\"name\":\"Championnat d\u00e9partementaux de cross Relais mixte et de cross court organis\u00e9s par les b\u00e9n\u00e9voles du L2A53 les 29 &amp; 30 novembre 2025 &#8230;\"}]},{\"@type\":\"WebSite\",\"@id\":\"https:\/\/www.lavalaggloathle53.fr\/#website\",\"url\":\"https:\/\/www.lavalaggloathle53.fr\/\",\"name\":\"Laval Agglo Athl\u00e9tisme\",\"description\":\"L&#039;athl\u00e9, un sport pour tous\",\"alternateName\":\"L2A53\",\"potentialAction\":[{\"@type\":\"SearchAction\",\"target\":{\"@type\":\"EntryPoint\",\"urlTemplate\":\"https:\/\/www.lavalaggloathle53.fr\/?s={search_term_string}\"},\"query-input\":{\"@type\":\"PropertyValueSpecification\",\"valueRequired\":true,\"valueName\":\"search_term_string\"}}],\"inLanguage\":\"fr-FR\"},{\"@type\":\"Person\",\"@id\":\"https:\/\/www.lavalaggloathle53.fr\/#\/schema\/person\/979647d1a9707730d91bfc766caadc0b\",\"name\":\"Pascal BISSON\",\"image\":{\"@type\":\"ImageObject\",\"inLanguage\":\"fr-FR\",\"@id\":\"https:\/\/secure.gravatar.com\/avatar\/59596d86ade6d559609912f789f6ddaf324a4bb824fbedeaf0ccebc5c1967658?s=96&d=mm&r=g\",\"url\":\"https:\/\/secure.gravatar.com\/avatar\/59596d86ade6d559609912f789f6ddaf324a4bb824fbedeaf0ccebc5c1967658?s=96&d=mm&r=g\",\"contentUrl\":\"https:\/\/secure.gravatar.com\/avatar\/59596d86ade6d559609912f789f6ddaf324a4bb824fbedeaf0ccebc5c1967658?s=96&d=mm&r=g\",\"caption\":\"Pascal BISSON\"},\"sameAs\":[\"https:\/\/www.lavalaggloathle53.fr\"],\"url\":\"https:\/\/www.lavalaggloathle53.fr\/index.php\/author\/bis53\/\"}]}<\/script>\n<!-- \/ Yoast SEO plugin. -->","yoast_head_json":{"title":"Championnat d\u00e9partementaux de cross Relais mixte et de cross court organis\u00e9s par les b\u00e9n\u00e9voles du L2A53 les 29 &amp; 30 novembre 2025 ... - Laval Agglo Athl\u00e9tisme","robots":{"index":"index","follow":"follow","max-snippet":"max-snippet:-1","max-image-preview":"max-image-preview:large","max-video-preview":"max-video-preview:-1"},"canonical":"https:\/\/www.lavalaggloathle53.fr\/index.php\/2025\/11\/25\/championnat-departementaux-de-cross-relais-mixte-et-de-cross-court-organises-par-les-benevoles-du-l2a53-les-29-30-novembre-2025\/","og_locale":"fr_FR","og_type":"article","og_title":"Championnat d\u00e9partementaux de cross Relais mixte et de cross court organis\u00e9s par les b\u00e9n\u00e9voles du L2A53 les 29 &amp; 30 novembre 2025 ... - Laval Agglo Athl\u00e9tisme","og_description":"Un Rendez vous pour l&rsquo;ouverture des Championnats FFA de cross-country avec ce Championnat d\u00e9partemental de Cross court sur le m\u00eame site que le championnat d\u00e9partemental de relais la veille ou le L2A53\/Stade Lavallois Athl\u00e9tisme voudra r\u00e9\u00e9diter sur ses terres le doubl\u00e9 r\u00e9alis\u00e9 l&rsquo;an dernier avec No\u00e9 ROUTHIAU chez les hommes et Laurine TOUTIN chez les f\u00e9minines !","og_url":"https:\/\/www.lavalaggloathle53.fr\/index.php\/2025\/11\/25\/championnat-departementaux-de-cross-relais-mixte-et-de-cross-court-organises-par-les-benevoles-du-l2a53-les-29-30-novembre-2025\/","og_site_name":"Laval Agglo Athl\u00e9tisme","article_publisher":"https:\/\/www.facebook.com\/stadelavalloisathletisme","article_published_time":"2025-11-25T05:18:33+00:00","article_modified_time":"2025-12-02T20:26:17+00:00","og_image":[{"width":1080,"height":1080,"url":"https:\/\/www.lavalaggloathle53.fr\/wp-content\/uploads\/2025\/10\/2.jpg","type":"image\/jpeg"}],"author":"Pascal BISSON","twitter_card":"summary_large_image","twitter_misc":{"\u00c9crit par":"Pascal BISSON","Dur\u00e9e de lecture estim\u00e9e":"1 minute"},"schema":{"@context":"https:\/\/schema.org","@graph":[{"@type":"Article","@id":"https:\/\/www.lavalaggloathle53.fr\/index.php\/2025\/11\/25\/championnat-departementaux-de-cross-relais-mixte-et-de-cross-court-organises-par-les-benevoles-du-l2a53-les-29-30-novembre-2025\/#article","isPartOf":{"@id":"https:\/\/www.lavalaggloathle53.fr\/index.php\/2025\/11\/25\/championnat-departementaux-de-cross-relais-mixte-et-de-cross-court-organises-par-les-benevoles-du-l2a53-les-29-30-novembre-2025\/"},"author":{"name":"Pascal BISSON","@id":"https:\/\/www.lavalaggloathle53.fr\/#\/schema\/person\/979647d1a9707730d91bfc766caadc0b"},"headline":"Championnat d\u00e9partementaux de cross Relais mixte et de cross court organis\u00e9s par les b\u00e9n\u00e9voles du L2A53 les 29 &amp; 30 novembre 2025 &#8230;","datePublished":"2025-11-25T05:18:33+00:00","dateModified":"2025-12-02T20:26:17+00:00","mainEntityOfPage":{"@id":"https:\/\/www.lavalaggloathle53.fr\/index.php\/2025\/11\/25\/championnat-departementaux-de-cross-relais-mixte-et-de-cross-court-organises-par-les-benevoles-du-l2a53-les-29-30-novembre-2025\/"},"wordCount":96,"commentCount":0,"image":{"@id":"https:\/\/www.lavalaggloathle53.fr\/index.php\/2025\/11\/25\/championnat-departementaux-de-cross-relais-mixte-et-de-cross-court-organises-par-les-benevoles-du-l2a53-les-29-30-novembre-2025\/#primaryimage"},"thumbnailUrl":"https:\/\/www.lavalaggloathle53.fr\/wp-content\/uploads\/2025\/10\/2.jpg","articleSection":["Actualit\u00e9s","Comp\u00e9tition","Loisirs","Marche nordique","Sport sant\u00e9"],"inLanguage":"fr-FR","potentialAction":[{"@type":"CommentAction","name":"Comment","target":["https:\/\/www.lavalaggloathle53.fr\/index.php\/2025\/11\/25\/championnat-departementaux-de-cross-relais-mixte-et-de-cross-court-organises-par-les-benevoles-du-l2a53-les-29-30-novembre-2025\/#respond"]}]},{"@type":"WebPage","@id":"https:\/\/www.lavalaggloathle53.fr\/index.php\/2025\/11\/25\/championnat-departementaux-de-cross-relais-mixte-et-de-cross-court-organises-par-les-benevoles-du-l2a53-les-29-30-novembre-2025\/","url":"https:\/\/www.lavalaggloathle53.fr\/index.php\/2025\/11\/25\/championnat-departementaux-de-cross-relais-mixte-et-de-cross-court-organises-par-les-benevoles-du-l2a53-les-29-30-novembre-2025\/","name":"Championnat d\u00e9partementaux de cross Relais mixte et de cross court organis\u00e9s par les b\u00e9n\u00e9voles du L2A53 les 29 &amp; 30 novembre 2025 ... - Laval Agglo Athl\u00e9tisme","isPartOf":{"@id":"https:\/\/www.lavalaggloathle53.fr\/#website"},"primaryImageOfPage":{"@id":"https:\/\/www.lavalaggloathle53.fr\/index.php\/2025\/11\/25\/championnat-departementaux-de-cross-relais-mixte-et-de-cross-court-organises-par-les-benevoles-du-l2a53-les-29-30-novembre-2025\/#primaryimage"},"image":{"@id":"https:\/\/www.lavalaggloathle53.fr\/index.php\/2025\/11\/25\/championnat-departementaux-de-cross-relais-mixte-et-de-cross-court-organises-par-les-benevoles-du-l2a53-les-29-30-novembre-2025\/#primaryimage"},"thumbnailUrl":"https:\/\/www.lavalaggloathle53.fr\/wp-content\/uploads\/2025\/10\/2.jpg","datePublished":"2025-11-25T05:18:33+00:00","dateModified":"2025-12-02T20:26:17+00:00","author":{"@id":"https:\/\/www.lavalaggloathle53.fr\/#\/schema\/person\/979647d1a9707730d91bfc766caadc0b"},"breadcrumb":{"@id":"https:\/\/www.lavalaggloathle53.fr\/index.php\/2025\/11\/25\/championnat-departementaux-de-cross-relais-mixte-et-de-cross-court-organises-par-les-benevoles-du-l2a53-les-29-30-novembre-2025\/#breadcrumb"},"inLanguage":"fr-FR","potentialAction":[{"@type":"ReadAction","target":["https:\/\/www.lavalaggloathle53.fr\/index.php\/2025\/11\/25\/championnat-departementaux-de-cross-relais-mixte-et-de-cross-court-organises-par-les-benevoles-du-l2a53-les-29-30-novembre-2025\/"]}]},{"@type":"ImageObject","inLanguage":"fr-FR","@id":"https:\/\/www.lavalaggloathle53.fr\/index.php\/2025\/11\/25\/championnat-departementaux-de-cross-relais-mixte-et-de-cross-court-organises-par-les-benevoles-du-l2a53-les-29-30-novembre-2025\/#primaryimage","url":"https:\/\/www.lavalaggloathle53.fr\/wp-content\/uploads\/2025\/10\/2.jpg","contentUrl":"https:\/\/www.lavalaggloathle53.fr\/wp-content\/uploads\/2025\/10\/2.jpg","width":1080,"height":1080},{"@type":"BreadcrumbList","@id":"https:\/\/www.lavalaggloathle53.fr\/index.php\/2025\/11\/25\/championnat-departementaux-de-cross-relais-mixte-et-de-cross-court-organises-par-les-benevoles-du-l2a53-les-29-30-novembre-2025\/#breadcrumb","itemListElement":[{"@type":"ListItem","position":1,"name":"Accueil","item":"https:\/\/www.lavalaggloathle53.fr\/"},{"@type":"ListItem","position":2,"name":"Championnat d\u00e9partementaux de cross Relais mixte et de cross court organis\u00e9s par les b\u00e9n\u00e9voles du L2A53 les 29 &amp; 30 novembre 2025 &#8230;"}]},{"@type":"WebSite","@id":"https:\/\/www.lavalaggloathle53.fr\/#website","url":"https:\/\/www.lavalaggloathle53.fr\/","name":"Laval Agglo Athl\u00e9tisme","description":"L&#039;athl\u00e9, un sport pour tous","alternateName":"L2A53","potentialAction":[{"@type":"SearchAction","target":{"@type":"EntryPoint","urlTemplate":"https:\/\/www.lavalaggloathle53.fr\/?s={search_term_string}"},"query-input":{"@type":"PropertyValueSpecification","valueRequired":true,"valueName":"search_term_string"}}],"inLanguage":"fr-FR"},{"@type":"Person","@id":"https:\/\/www.lavalaggloathle53.fr\/#\/schema\/person\/979647d1a9707730d91bfc766caadc0b","name":"Pascal BISSON","image":{"@type":"ImageObject","inLanguage":"fr-FR","@id":"https:\/\/secure.gravatar.com\/avatar\/59596d86ade6d559609912f789f6ddaf324a4bb824fbedeaf0ccebc5c1967658?s=96&d=mm&r=g","url":"https:\/\/secure.gravatar.com\/avatar\/59596d86ade6d559609912f789f6ddaf324a4bb824fbedeaf0ccebc5c1967658?s=96&d=mm&r=g","contentUrl":"https:\/\/secure.gravatar.com\/avatar\/59596d86ade6d559609912f789f6ddaf324a4bb824fbedeaf0ccebc5c1967658?s=96&d=mm&r=g","caption":"Pascal BISSON"},"sameAs":["https:\/\/www.lavalaggloathle53.fr"],"url":"https:\/\/www.lavalaggloathle53.fr\/index.php\/author\/bis53\/"}]}},"_links":{"self":[{"href":"https:\/\/www.lavalaggloathle53.fr\/index.php\/wp-json\/wp\/v2\/posts\/9205","targetHints":{"allow":["GET"]}}],"collection":[{"href":"https:\/\/www.lavalaggloathle53.fr\/index.php\/wp-json\/wp\/v2\/posts"}],"about":[{"href":"https:\/\/www.lavalaggloathle53.fr\/index.php\/wp-json\/wp\/v2\/types\/post"}],"author":[{"embeddable":true,"href":"https:\/\/www.lavalaggloathle53.fr\/index.php\/wp-json\/wp\/v2\/users\/4"}],"replies":[{"embeddable":true,"href":"https:\/\/www.lavalaggloathle53.fr\/index.php\/wp-json\/wp\/v2\/comments?post=9205"}],"version-history":[{"count":9,"href":"https:\/\/www.lavalaggloathle53.fr\/index.php\/wp-json\/wp\/v2\/posts\/9205\/revisions"}],"predecessor-version":[{"id":9492,"href":"https:\/\/www.lavalaggloathle53.fr\/index.php\/wp-json\/wp\/v2\/posts\/9205\/revisions\/9492"}],"wp:featuredmedia":[{"embeddable":true,"href":"https:\/\/www.lavalaggloathle53.fr\/index.php\/wp-json\/wp\/v2\/media\/9206"}],"wp:attachment":[{"href":"https:\/\/www.lavalaggloathle53.fr\/index.php\/wp-json\/wp\/v2\/media?parent=9205"}],"wp:term":[{"taxonomy":"category","embeddable":true,"href":"https:\/\/www.lavalaggloathle53.fr\/index.php\/wp-json\/wp\/v2\/categories?post=9205"},{"taxonomy":"post_tag","embeddable":true,"href":"https:\/\/www.lavalaggloathle53.fr\/index.php\/wp-json\/wp\/v2\/tags?post=9205"}],"curies":[{"name":"wp","href":"https:\/\/api.w.org\/{rel}","templated":true}]}}