{"id":9064,"date":"2025-10-11T11:33:05","date_gmt":"2025-10-11T09:33:05","guid":{"rendered":"https:\/\/www.lavalaggloathle53.fr\/?p=9064"},"modified":"2025-10-12T23:05:39","modified_gmt":"2025-10-12T21:05:39","slug":"le-l2a53-stade-lavallois-athletisme-partenaire-principal-des-foulees-octobre-rose-ce-dimanche-a-lespace-mayenne","status":"publish","type":"post","link":"https:\/\/www.lavalaggloathle53.fr\/index.php\/2025\/10\/11\/le-l2a53-stade-lavallois-athletisme-partenaire-principal-des-foulees-octobre-rose-ce-dimanche-a-lespace-mayenne\/","title":{"rendered":"Le L2A53\/Stade Lavallois Athl\u00e9tisme partenaire principal des Foul\u00e9es OCTOBRE ROSE avec ses 4500 participants ce dimanche \u00e0 l&rsquo;Espace Mayenne !!!"},"content":{"rendered":"\n<p class=\"has-vivid-cyan-blue-color has-pale-pink-background-color has-text-color has-background has-link-color wp-elements-254bddb44954d2cf3d3d131f2cbcf022\"><strong>Yves Mathieu<\/strong>, co-pr\u00e9sident de la section <strong>Stade Lavallois Athl\u00e9tisme<\/strong>, Nicole PLOT , Eva STIVER et toute l&rsquo;\u00e9quipe de b\u00e9n\u00e9voles du Stade Lavallais Athl\u00e9 ont \u00e0 nouveau contribu\u00e9 \u00e0 l&rsquo;immense succ\u00e8s  de  cet \u00e9v\u00e9nement populaire majeur en faveur de la lutte contre le cancer du sein sur l&rsquo;Espace Mayenne<\/p>\n\n\n\n<figure class=\"wp-block-image size-large\"><img fetchpriority=\"high\" decoding=\"async\" width=\"1024\" height=\"768\" src=\"https:\/\/www.lavalaggloathle53.fr\/wp-content\/uploads\/2025\/10\/WhatsApp-Image-2025-10-12-a-18.25.26_76099ad5-1024x768.jpg\" alt=\"\" class=\"wp-image-9096\" srcset=\"https:\/\/www.lavalaggloathle53.fr\/wp-content\/uploads\/2025\/10\/WhatsApp-Image-2025-10-12-a-18.25.26_76099ad5-1024x768.jpg 1024w, https:\/\/www.lavalaggloathle53.fr\/wp-content\/uploads\/2025\/10\/WhatsApp-Image-2025-10-12-a-18.25.26_76099ad5-300x225.jpg 300w, https:\/\/www.lavalaggloathle53.fr\/wp-content\/uploads\/2025\/10\/WhatsApp-Image-2025-10-12-a-18.25.26_76099ad5-768x576.jpg 768w, https:\/\/www.lavalaggloathle53.fr\/wp-content\/uploads\/2025\/10\/WhatsApp-Image-2025-10-12-a-18.25.26_76099ad5-1536x1152.jpg 1536w, https:\/\/www.lavalaggloathle53.fr\/wp-content\/uploads\/2025\/10\/WhatsApp-Image-2025-10-12-a-18.25.26_76099ad5.jpg 2000w\" sizes=\"(max-width: 1024px) 100vw, 1024px\" \/><\/figure>\n\n\n\n<figure class=\"wp-block-image size-large\"><img decoding=\"async\" width=\"1024\" height=\"768\" src=\"https:\/\/www.lavalaggloathle53.fr\/wp-content\/uploads\/2025\/10\/WhatsApp-Image-2025-10-12-a-14.40.26_ec4ace52-1024x768.jpg\" alt=\"\" class=\"wp-image-9098\" srcset=\"https:\/\/www.lavalaggloathle53.fr\/wp-content\/uploads\/2025\/10\/WhatsApp-Image-2025-10-12-a-14.40.26_ec4ace52-1024x768.jpg 1024w, https:\/\/www.lavalaggloathle53.fr\/wp-content\/uploads\/2025\/10\/WhatsApp-Image-2025-10-12-a-14.40.26_ec4ace52-300x225.jpg 300w, https:\/\/www.lavalaggloathle53.fr\/wp-content\/uploads\/2025\/10\/WhatsApp-Image-2025-10-12-a-14.40.26_ec4ace52-768x576.jpg 768w, https:\/\/www.lavalaggloathle53.fr\/wp-content\/uploads\/2025\/10\/WhatsApp-Image-2025-10-12-a-14.40.26_ec4ace52-1536x1152.jpg 1536w, https:\/\/www.lavalaggloathle53.fr\/wp-content\/uploads\/2025\/10\/WhatsApp-Image-2025-10-12-a-14.40.26_ec4ace52.jpg 1600w\" sizes=\"(max-width: 1024px) 100vw, 1024px\" \/><\/figure>\n\n\n\n<p><strong>L&rsquo;espace Sports\/Sant\u00e9 Coach\u00e9 par Eva STIVER et son \u00e9quipe de b\u00e9n\u00e9voles<\/strong> a connu un r\u00e9el succ\u00e8s sur le village des foul\u00e9es OCTOBRE ROSE 2025&#8230; BRAVO !!!!<\/p>\n\n\n\n<figure class=\"wp-block-image size-large\"><img decoding=\"async\" width=\"1024\" height=\"768\" src=\"https:\/\/www.lavalaggloathle53.fr\/wp-content\/uploads\/2025\/10\/WhatsApp-Image-2025-10-12-a-14.40.27_95c53705-1024x768.jpg\" alt=\"\" class=\"wp-image-9099\" srcset=\"https:\/\/www.lavalaggloathle53.fr\/wp-content\/uploads\/2025\/10\/WhatsApp-Image-2025-10-12-a-14.40.27_95c53705-1024x768.jpg 1024w, https:\/\/www.lavalaggloathle53.fr\/wp-content\/uploads\/2025\/10\/WhatsApp-Image-2025-10-12-a-14.40.27_95c53705-300x225.jpg 300w, https:\/\/www.lavalaggloathle53.fr\/wp-content\/uploads\/2025\/10\/WhatsApp-Image-2025-10-12-a-14.40.27_95c53705-768x576.jpg 768w, https:\/\/www.lavalaggloathle53.fr\/wp-content\/uploads\/2025\/10\/WhatsApp-Image-2025-10-12-a-14.40.27_95c53705-1536x1152.jpg 1536w, https:\/\/www.lavalaggloathle53.fr\/wp-content\/uploads\/2025\/10\/WhatsApp-Image-2025-10-12-a-14.40.27_95c53705.jpg 1600w\" sizes=\"(max-width: 1024px) 100vw, 1024px\" \/><\/figure>\n\n\n\n<p><\/p>\n\n\n\n<figure class=\"wp-block-image size-large\"><img loading=\"lazy\" decoding=\"async\" width=\"1024\" height=\"768\" src=\"https:\/\/www.lavalaggloathle53.fr\/wp-content\/uploads\/2025\/10\/WhatsApp-Image-2025-10-12-a-14.40.27_d28dd09d-1024x768.jpg\" alt=\"\" class=\"wp-image-9100\" srcset=\"https:\/\/www.lavalaggloathle53.fr\/wp-content\/uploads\/2025\/10\/WhatsApp-Image-2025-10-12-a-14.40.27_d28dd09d-1024x768.jpg 1024w, https:\/\/www.lavalaggloathle53.fr\/wp-content\/uploads\/2025\/10\/WhatsApp-Image-2025-10-12-a-14.40.27_d28dd09d-300x225.jpg 300w, https:\/\/www.lavalaggloathle53.fr\/wp-content\/uploads\/2025\/10\/WhatsApp-Image-2025-10-12-a-14.40.27_d28dd09d-768x576.jpg 768w, https:\/\/www.lavalaggloathle53.fr\/wp-content\/uploads\/2025\/10\/WhatsApp-Image-2025-10-12-a-14.40.27_d28dd09d-1536x1152.jpg 1536w, https:\/\/www.lavalaggloathle53.fr\/wp-content\/uploads\/2025\/10\/WhatsApp-Image-2025-10-12-a-14.40.27_d28dd09d.jpg 1600w\" sizes=\"(max-width: 1024px) 100vw, 1024px\" \/><\/figure>\n\n\n\n<figure class=\"wp-block-image size-large\"><img loading=\"lazy\" decoding=\"async\" width=\"768\" height=\"1024\" src=\"https:\/\/www.lavalaggloathle53.fr\/wp-content\/uploads\/2025\/10\/WhatsApp-Image-2025-10-12-a-14.40.27_6f6293c2-768x1024.jpg\" alt=\"\" class=\"wp-image-9101\" srcset=\"https:\/\/www.lavalaggloathle53.fr\/wp-content\/uploads\/2025\/10\/WhatsApp-Image-2025-10-12-a-14.40.27_6f6293c2-768x1024.jpg 768w, https:\/\/www.lavalaggloathle53.fr\/wp-content\/uploads\/2025\/10\/WhatsApp-Image-2025-10-12-a-14.40.27_6f6293c2-225x300.jpg 225w, https:\/\/www.lavalaggloathle53.fr\/wp-content\/uploads\/2025\/10\/WhatsApp-Image-2025-10-12-a-14.40.27_6f6293c2-1152x1536.jpg 1152w, https:\/\/www.lavalaggloathle53.fr\/wp-content\/uploads\/2025\/10\/WhatsApp-Image-2025-10-12-a-14.40.27_6f6293c2.jpg 1200w\" sizes=\"(max-width: 768px) 100vw, 768px\" \/><\/figure>\n\n\n\n<figure class=\"wp-block-image size-large\"><img loading=\"lazy\" decoding=\"async\" width=\"768\" height=\"1024\" src=\"https:\/\/www.lavalaggloathle53.fr\/wp-content\/uploads\/2025\/10\/WhatsApp-Image-2025-10-12-a-14.40.26_1d440947-768x1024.jpg\" alt=\"\" class=\"wp-image-9102\" srcset=\"https:\/\/www.lavalaggloathle53.fr\/wp-content\/uploads\/2025\/10\/WhatsApp-Image-2025-10-12-a-14.40.26_1d440947-768x1024.jpg 768w, https:\/\/www.lavalaggloathle53.fr\/wp-content\/uploads\/2025\/10\/WhatsApp-Image-2025-10-12-a-14.40.26_1d440947-225x300.jpg 225w, https:\/\/www.lavalaggloathle53.fr\/wp-content\/uploads\/2025\/10\/WhatsApp-Image-2025-10-12-a-14.40.26_1d440947-1152x1536.jpg 1152w, https:\/\/www.lavalaggloathle53.fr\/wp-content\/uploads\/2025\/10\/WhatsApp-Image-2025-10-12-a-14.40.26_1d440947.jpg 1200w\" sizes=\"(max-width: 768px) 100vw, 768px\" \/><\/figure>\n\n\n\n<figure class=\"wp-block-image size-large\"><img loading=\"lazy\" decoding=\"async\" width=\"768\" height=\"1024\" src=\"https:\/\/www.lavalaggloathle53.fr\/wp-content\/uploads\/2025\/10\/WhatsApp-Image-2025-10-12-a-19.40.17_26ce2a46-768x1024.jpg\" alt=\"\" class=\"wp-image-9141\" srcset=\"https:\/\/www.lavalaggloathle53.fr\/wp-content\/uploads\/2025\/10\/WhatsApp-Image-2025-10-12-a-19.40.17_26ce2a46-768x1024.jpg 768w, https:\/\/www.lavalaggloathle53.fr\/wp-content\/uploads\/2025\/10\/WhatsApp-Image-2025-10-12-a-19.40.17_26ce2a46-225x300.jpg 225w, https:\/\/www.lavalaggloathle53.fr\/wp-content\/uploads\/2025\/10\/WhatsApp-Image-2025-10-12-a-19.40.17_26ce2a46-1152x1536.jpg 1152w, https:\/\/www.lavalaggloathle53.fr\/wp-content\/uploads\/2025\/10\/WhatsApp-Image-2025-10-12-a-19.40.17_26ce2a46.jpg 1536w\" sizes=\"(max-width: 768px) 100vw, 768px\" \/><\/figure>\n\n\n\n<figure class=\"wp-block-image size-large\"><img loading=\"lazy\" decoding=\"async\" width=\"1024\" height=\"768\" src=\"https:\/\/www.lavalaggloathle53.fr\/wp-content\/uploads\/2025\/10\/WhatsApp-Image-2025-10-12-a-19.39.23_ec646522-1024x768.jpg\" alt=\"\" class=\"wp-image-9143\" srcset=\"https:\/\/www.lavalaggloathle53.fr\/wp-content\/uploads\/2025\/10\/WhatsApp-Image-2025-10-12-a-19.39.23_ec646522-1024x768.jpg 1024w, https:\/\/www.lavalaggloathle53.fr\/wp-content\/uploads\/2025\/10\/WhatsApp-Image-2025-10-12-a-19.39.23_ec646522-300x225.jpg 300w, https:\/\/www.lavalaggloathle53.fr\/wp-content\/uploads\/2025\/10\/WhatsApp-Image-2025-10-12-a-19.39.23_ec646522-768x576.jpg 768w, https:\/\/www.lavalaggloathle53.fr\/wp-content\/uploads\/2025\/10\/WhatsApp-Image-2025-10-12-a-19.39.23_ec646522-1536x1152.jpg 1536w, https:\/\/www.lavalaggloathle53.fr\/wp-content\/uploads\/2025\/10\/WhatsApp-Image-2025-10-12-a-19.39.23_ec646522.jpg 1600w\" sizes=\"(max-width: 1024px) 100vw, 1024px\" \/><\/figure>\n\n\n\n<figure class=\"wp-block-image size-large\"><img loading=\"lazy\" decoding=\"async\" width=\"1024\" height=\"768\" src=\"https:\/\/www.lavalaggloathle53.fr\/wp-content\/uploads\/2025\/10\/WhatsApp-Image-2025-10-12-a-12.46.21_06e21653-1024x768.jpg\" alt=\"\" class=\"wp-image-9103\" srcset=\"https:\/\/www.lavalaggloathle53.fr\/wp-content\/uploads\/2025\/10\/WhatsApp-Image-2025-10-12-a-12.46.21_06e21653-1024x768.jpg 1024w, https:\/\/www.lavalaggloathle53.fr\/wp-content\/uploads\/2025\/10\/WhatsApp-Image-2025-10-12-a-12.46.21_06e21653-300x225.jpg 300w, https:\/\/www.lavalaggloathle53.fr\/wp-content\/uploads\/2025\/10\/WhatsApp-Image-2025-10-12-a-12.46.21_06e21653-768x576.jpg 768w, https:\/\/www.lavalaggloathle53.fr\/wp-content\/uploads\/2025\/10\/WhatsApp-Image-2025-10-12-a-12.46.21_06e21653-1536x1152.jpg 1536w, https:\/\/www.lavalaggloathle53.fr\/wp-content\/uploads\/2025\/10\/WhatsApp-Image-2025-10-12-a-12.46.21_06e21653.jpg 2000w\" sizes=\"(max-width: 1024px) 100vw, 1024px\" \/><\/figure>\n\n\n\n<p><strong>Notre cause<\/strong><\/p>\n\n\n\n<p><strong>Le cancer du sein est aujourd\u2019hui la premi\u00e8re cause de mortalit\u00e9 par cancer chez la femme en France.<\/strong> En 2023, plus de <strong>61 000 nouveaux cas<\/strong> ont \u00e9t\u00e9 diagnostiqu\u00e9s. Cela repr\u00e9sente pr\u00e8s d&rsquo;une femme sur neuf concern\u00e9e au cours de sa vie. Chaque ann\u00e9e, des milliers d\u2019entre elles affrontent la maladie, parfois dans la solitude, parfois dans l\u2019angoisse, mais toujours avec courage.<\/p>\n\n\n\n<p>En Mayenne, <strong>pr\u00e8s de 300 nouveaux cas<\/strong> sont recens\u00e9s chaque ann\u00e9e. Derri\u00e8re ces chiffres, il y a des m\u00e8res, des s\u0153urs, des filles, des coll\u00e8gues, des amies. Et parfois, il y a des d\u00e9parts qui laissent un vide immense. Comme celui de Myriam Lepert, fondatrice de notre association, emport\u00e9e par ce cancer en 2020. C\u2019est en sa m\u00e9moire, et pour toutes celles qui se battent aujourd\u2019hui, que nous poursuivons cet engagement.<\/p>\n\n\n\n<p>Heureusement, <strong>les avanc\u00e9es m\u00e9dicales et le d\u00e9pistage pr\u00e9coce ont permis de faire reculer la mortalit\u00e9<\/strong> : on observe une baisse de pr\u00e8s de <strong>15 % en dix ans<\/strong>. Lorsqu\u2019il est d\u00e9tect\u00e9 \u00e0 un stade pr\u00e9coce, le cancer du sein peut \u00eatre gu\u00e9ri dans <strong>99 % des cas<\/strong>. Mais certaines formes restent agressives et complexes \u00e0 traiter. La recherche continue, notamment autour de l\u2019immunoth\u00e9rapie et de la caract\u00e9risation des tumeurs.<\/p>\n\n\n\n<p><strong>La pr\u00e9vention reste essentielle.<\/strong> Bouger plus, manger \u00e9quilibr\u00e9, r\u00e9duire sa consommation d\u2019alcool, arr\u00eater de fumer : autant d\u2019actions simples qui permettent de diminuer le risque. On estime qu\u2019<strong>un tiers des cancers du sein<\/strong> pourraient \u00eatre \u00e9vit\u00e9s chaque ann\u00e9e.<\/p>\n\n\n\n<p><strong>En marchant ou en courant avec nous, vous soutenez bien plus qu\u2019un \u00e9v\u00e9nement. Vous contribuez \u00e0 sauver des vies, \u00e0 sensibiliser, \u00e0 financer des actions concr\u00e8tes, \u00e0 faire avancer la recherche, et \u00e0 entourer celles et ceux qui en ont besoin.<\/strong><br>Merci de faire battre avec nous le c\u0153ur de cette cause.<\/p>\n\n\n\n<hr class=\"wp-block-separator has-alpha-channel-opacity\"\/>\n\n\n\n<h2 class=\"wp-block-heading\">Des nouveaux parcours<\/h2>\n\n\n\n<h3 class=\"wp-block-heading\">Pour la seconde ann\u00e9e, retrouvons nous sur un nouveau village<br>\u00e0 c\u00f4t\u00e9 du parking de l\u2019Espace Mayenne, rue Jos\u00e9phine Baker &#8211; Laval<\/h3>\n\n\n\n<p class=\"has-pale-pink-background-color has-background\"><em>Des nouveaux parcours de Marche entre ville et bords de Mayenne et de Course sur chemins et herbe &#8211; Danse zumba C\u00e9cile Mahouin &#8211; Animations musicales avec \u2018les Allum\u00e9s du bidon\u2019 ,Jazz Energ(iu)Maine et So\u2019Jazz, accord\u00e9onistes , ateliers sport &amp; sant\u00e9 par le <strong>Stade Lavallois Athl\u00e9tisme<\/strong> ..<\/em><a href=\"https:\/\/www.helloasso.com\/associations\/gral\"><em>https:\/\/www.helloasso.com\/associations\/gral<\/em><\/a><em> )<\/em><\/p>\n\n\n\n<figure class=\"wp-block-image size-full\"><img loading=\"lazy\" decoding=\"async\" width=\"205\" height=\"129\" src=\"https:\/\/www.lavalaggloathle53.fr\/wp-content\/uploads\/2025\/10\/slo.webp\" alt=\"\" class=\"wp-image-9072\"\/><\/figure>\n\n\n\n<h2 class=\"wp-block-heading\"><a href=\"https:\/\/www.lesfouleesroses53.org\">https:\/\/www.lesfouleesroses53.org<\/a><\/h2>\n\n\n\n<p><\/p>\n","protected":false},"excerpt":{"rendered":"<p>Yves Mathieu, co-pr\u00e9sident de la section Stade Lavallois Athl\u00e9tisme, Nicole PLOT , Eva STIVER et toute l&rsquo;\u00e9quipe de b\u00e9n\u00e9voles du Stade Lavallais Athl\u00e9 ont \u00e0 nouveau contribu\u00e9 \u00e0 l&rsquo;immense succ\u00e8s de cet \u00e9v\u00e9nement populaire majeur en faveur de la lutte contre le cancer du sein sur l&rsquo;Espace Mayenne L&rsquo;espace Sports\/Sant\u00e9 Coach\u00e9 par Eva STIVER et son \u00e9quipe de b\u00e9n\u00e9voles a connu un r\u00e9el succ\u00e8s sur le village des foul\u00e9es OCTOBRE ROSE 2025&#8230; BRAVO !!!! Notre cause Le cancer du sein est aujourd\u2019hui la premi\u00e8re cause de mortalit\u00e9 par cancer chez la femme en France. En 2023, plus de 61 000 nouveaux cas ont \u00e9t\u00e9 diagnostiqu\u00e9s. Cela repr\u00e9sente pr\u00e8s d&rsquo;une femme sur neuf concern\u00e9e au cours de sa vie. Chaque ann\u00e9e, des milliers d\u2019entre elles affrontent la maladie, parfois dans la solitude, parfois dans l\u2019angoisse, mais toujours avec courage. En Mayenne, pr\u00e8s de 300 nouveaux cas sont recens\u00e9s chaque ann\u00e9e. Derri\u00e8re ces chiffres, il y a des m\u00e8res, des s\u0153urs, des filles, des coll\u00e8gues, des amies. Et parfois, il y a des d\u00e9parts qui laissent un vide immense. Comme celui de Myriam Lepert, fondatrice de notre association, emport\u00e9e par ce cancer en 2020. C\u2019est en sa m\u00e9moire, et pour toutes celles qui se battent aujourd\u2019hui, que nous poursuivons cet engagement. Heureusement, les avanc\u00e9es m\u00e9dicales et le d\u00e9pistage pr\u00e9coce ont permis de faire reculer la mortalit\u00e9 : on observe une baisse de pr\u00e8s de 15 % en dix ans. Lorsqu\u2019il est d\u00e9tect\u00e9 \u00e0 un stade pr\u00e9coce, le cancer du sein peut \u00eatre gu\u00e9ri dans 99 % des cas. Mais certaines formes restent agressives et complexes \u00e0 traiter. La recherche continue, notamment autour de l\u2019immunoth\u00e9rapie et de la caract\u00e9risation des tumeurs. La pr\u00e9vention reste essentielle. Bouger plus, manger \u00e9quilibr\u00e9, r\u00e9duire sa consommation d\u2019alcool, arr\u00eater de fumer : autant d\u2019actions simples qui permettent de diminuer le risque. On estime qu\u2019un tiers des cancers du sein pourraient \u00eatre \u00e9vit\u00e9s chaque ann\u00e9e. En marchant ou en courant avec nous, vous soutenez bien plus qu\u2019un \u00e9v\u00e9nement. Vous contribuez \u00e0 sauver des vies, \u00e0 sensibiliser, \u00e0 financer des actions concr\u00e8tes, \u00e0 faire avancer la recherche, et \u00e0 entourer celles et ceux qui en ont besoin.Merci de faire battre avec nous le c\u0153ur de cette cause. Des nouveaux parcours Pour la seconde ann\u00e9e, retrouvons nous sur un nouveau village\u00e0 c\u00f4t\u00e9 du parking de l\u2019Espace Mayenne, rue Jos\u00e9phine Baker &#8211; Laval Des nouveaux parcours de Marche entre ville et bords de Mayenne et de Course sur chemins et herbe &#8211; Danse zumba C\u00e9cile Mahouin &#8211; Animations musicales avec \u2018les Allum\u00e9s du bidon\u2019 ,Jazz Energ(iu)Maine et So\u2019Jazz, accord\u00e9onistes , ateliers sport &amp; sant\u00e9 par le Stade Lavallois Athl\u00e9tisme ..https:\/\/www.helloasso.com\/associations\/gral ) https:\/\/www.lesfouleesroses53.org<\/p>\n","protected":false},"author":4,"featured_media":9065,"comment_status":"open","ping_status":"closed","sticky":false,"template":"","format":"standard","meta":{"footnotes":""},"categories":[14,15,16,18,19],"tags":[],"class_list":["post-9064","post","type-post","status-publish","format-standard","has-post-thumbnail","hentry","category-actualites","category-competition","category-loisirs","category-marche_nordique","category-sport_sante"],"yoast_head":"<!-- This site is optimized with the Yoast SEO plugin v27.2 - https:\/\/yoast.com\/product\/yoast-seo-wordpress\/ -->\n<title>Le L2A53\/Stade Lavallois Athl\u00e9tisme partenaire principal des Foul\u00e9es OCTOBRE ROSE avec ses 4500 participants ce dimanche \u00e0 l&#039;Espace Mayenne !!! - Laval Agglo Athl\u00e9tisme<\/title>\n<meta name=\"robots\" content=\"index, follow, max-snippet:-1, max-image-preview:large, max-video-preview:-1\" \/>\n<link rel=\"canonical\" href=\"https:\/\/www.lavalaggloathle53.fr\/index.php\/2025\/10\/11\/le-l2a53-stade-lavallois-athletisme-partenaire-principal-des-foulees-octobre-rose-ce-dimanche-a-lespace-mayenne\/\" \/>\n<meta property=\"og:locale\" content=\"fr_FR\" \/>\n<meta property=\"og:type\" content=\"article\" \/>\n<meta property=\"og:title\" content=\"Le L2A53\/Stade Lavallois Athl\u00e9tisme partenaire principal des Foul\u00e9es OCTOBRE ROSE avec ses 4500 participants ce dimanche \u00e0 l&#039;Espace Mayenne !!! - Laval Agglo Athl\u00e9tisme\" \/>\n<meta property=\"og:description\" content=\"Yves Mathieu, co-pr\u00e9sident de la section Stade Lavallois Athl\u00e9tisme, Nicole PLOT , Eva STIVER et toute l&rsquo;\u00e9quipe de b\u00e9n\u00e9voles du Stade Lavallais Athl\u00e9 ont \u00e0 nouveau contribu\u00e9 \u00e0 l&rsquo;immense succ\u00e8s de cet \u00e9v\u00e9nement populaire majeur en faveur de la lutte contre le cancer du sein sur l&rsquo;Espace Mayenne L&rsquo;espace Sports\/Sant\u00e9 Coach\u00e9 par Eva STIVER et son \u00e9quipe de b\u00e9n\u00e9voles a connu un r\u00e9el succ\u00e8s sur le village des foul\u00e9es OCTOBRE ROSE 2025&#8230; BRAVO !!!! Notre cause Le cancer du sein est aujourd\u2019hui la premi\u00e8re cause de mortalit\u00e9 par cancer chez la femme en France. En 2023, plus de 61 000 nouveaux cas ont \u00e9t\u00e9 diagnostiqu\u00e9s. Cela repr\u00e9sente pr\u00e8s d&rsquo;une femme sur neuf concern\u00e9e au cours de sa vie. Chaque ann\u00e9e, des milliers d\u2019entre elles affrontent la maladie, parfois dans la solitude, parfois dans l\u2019angoisse, mais toujours avec courage. En Mayenne, pr\u00e8s de 300 nouveaux cas sont recens\u00e9s chaque ann\u00e9e. Derri\u00e8re ces chiffres, il y a des m\u00e8res, des s\u0153urs, des filles, des coll\u00e8gues, des amies. Et parfois, il y a des d\u00e9parts qui laissent un vide immense. Comme celui de Myriam Lepert, fondatrice de notre association, emport\u00e9e par ce cancer en 2020. C\u2019est en sa m\u00e9moire, et pour toutes celles qui se battent aujourd\u2019hui, que nous poursuivons cet engagement. Heureusement, les avanc\u00e9es m\u00e9dicales et le d\u00e9pistage pr\u00e9coce ont permis de faire reculer la mortalit\u00e9 : on observe une baisse de pr\u00e8s de 15 % en dix ans. Lorsqu\u2019il est d\u00e9tect\u00e9 \u00e0 un stade pr\u00e9coce, le cancer du sein peut \u00eatre gu\u00e9ri dans 99 % des cas. Mais certaines formes restent agressives et complexes \u00e0 traiter. La recherche continue, notamment autour de l\u2019immunoth\u00e9rapie et de la caract\u00e9risation des tumeurs. La pr\u00e9vention reste essentielle. Bouger plus, manger \u00e9quilibr\u00e9, r\u00e9duire sa consommation d\u2019alcool, arr\u00eater de fumer : autant d\u2019actions simples qui permettent de diminuer le risque. On estime qu\u2019un tiers des cancers du sein pourraient \u00eatre \u00e9vit\u00e9s chaque ann\u00e9e. En marchant ou en courant avec nous, vous soutenez bien plus qu\u2019un \u00e9v\u00e9nement. Vous contribuez \u00e0 sauver des vies, \u00e0 sensibiliser, \u00e0 financer des actions concr\u00e8tes, \u00e0 faire avancer la recherche, et \u00e0 entourer celles et ceux qui en ont besoin.Merci de faire battre avec nous le c\u0153ur de cette cause. Des nouveaux parcours Pour la seconde ann\u00e9e, retrouvons nous sur un nouveau village\u00e0 c\u00f4t\u00e9 du parking de l\u2019Espace Mayenne, rue Jos\u00e9phine Baker &#8211; Laval Des nouveaux parcours de Marche entre ville et bords de Mayenne et de Course sur chemins et herbe &#8211; Danse zumba C\u00e9cile Mahouin &#8211; Animations musicales avec \u2018les Allum\u00e9s du bidon\u2019 ,Jazz Energ(iu)Maine et So\u2019Jazz, accord\u00e9onistes , ateliers sport &amp; sant\u00e9 par le Stade Lavallois Athl\u00e9tisme ..https:\/\/www.helloasso.com\/associations\/gral ) https:\/\/www.lesfouleesroses53.org\" \/>\n<meta property=\"og:url\" content=\"https:\/\/www.lavalaggloathle53.fr\/index.php\/2025\/10\/11\/le-l2a53-stade-lavallois-athletisme-partenaire-principal-des-foulees-octobre-rose-ce-dimanche-a-lespace-mayenne\/\" \/>\n<meta property=\"og:site_name\" content=\"Laval Agglo Athl\u00e9tisme\" \/>\n<meta property=\"article:publisher\" content=\"https:\/\/www.facebook.com\/stadelavalloisathletisme\" \/>\n<meta property=\"article:published_time\" content=\"2025-10-11T09:33:05+00:00\" \/>\n<meta property=\"article:modified_time\" content=\"2025-10-12T21:05:39+00:00\" \/>\n<meta property=\"og:image\" content=\"https:\/\/www.lavalaggloathle53.fr\/wp-content\/uploads\/2025\/10\/AFFICHE_LES_FOULEES_ROSES_53.png\" \/>\n\t<meta property=\"og:image:width\" content=\"1104\" \/>\n\t<meta property=\"og:image:height\" content=\"1556\" \/>\n\t<meta property=\"og:image:type\" content=\"image\/png\" \/>\n<meta name=\"author\" content=\"Pascal BISSON\" \/>\n<meta name=\"twitter:card\" content=\"summary_large_image\" \/>\n<meta name=\"twitter:label1\" content=\"\u00c9crit par\" \/>\n\t<meta name=\"twitter:data1\" content=\"Pascal BISSON\" \/>\n\t<meta name=\"twitter:label2\" content=\"Dur\u00e9e de lecture estim\u00e9e\" \/>\n\t<meta name=\"twitter:data2\" content=\"5 minutes\" \/>\n<script type=\"application\/ld+json\" class=\"yoast-schema-graph\">{\"@context\":\"https:\/\/schema.org\",\"@graph\":[{\"@type\":\"Article\",\"@id\":\"https:\/\/www.lavalaggloathle53.fr\/index.php\/2025\/10\/11\/le-l2a53-stade-lavallois-athletisme-partenaire-principal-des-foulees-octobre-rose-ce-dimanche-a-lespace-mayenne\/#article\",\"isPartOf\":{\"@id\":\"https:\/\/www.lavalaggloathle53.fr\/index.php\/2025\/10\/11\/le-l2a53-stade-lavallois-athletisme-partenaire-principal-des-foulees-octobre-rose-ce-dimanche-a-lespace-mayenne\/\"},\"author\":{\"name\":\"Pascal BISSON\",\"@id\":\"https:\/\/www.lavalaggloathle53.fr\/#\/schema\/person\/979647d1a9707730d91bfc766caadc0b\"},\"headline\":\"Le L2A53\/Stade Lavallois Athl\u00e9tisme partenaire principal des Foul\u00e9es OCTOBRE ROSE avec ses 4500 participants ce dimanche \u00e0 l&rsquo;Espace Mayenne !!!\",\"datePublished\":\"2025-10-11T09:33:05+00:00\",\"dateModified\":\"2025-10-12T21:05:39+00:00\",\"mainEntityOfPage\":{\"@id\":\"https:\/\/www.lavalaggloathle53.fr\/index.php\/2025\/10\/11\/le-l2a53-stade-lavallois-athletisme-partenaire-principal-des-foulees-octobre-rose-ce-dimanche-a-lespace-mayenne\/\"},\"wordCount\":519,\"commentCount\":0,\"image\":{\"@id\":\"https:\/\/www.lavalaggloathle53.fr\/index.php\/2025\/10\/11\/le-l2a53-stade-lavallois-athletisme-partenaire-principal-des-foulees-octobre-rose-ce-dimanche-a-lespace-mayenne\/#primaryimage\"},\"thumbnailUrl\":\"https:\/\/www.lavalaggloathle53.fr\/wp-content\/uploads\/2025\/10\/AFFICHE_LES_FOULEES_ROSES_53.png\",\"articleSection\":[\"Actualit\u00e9s\",\"Comp\u00e9tition\",\"Loisirs\",\"Marche nordique\",\"Sport sant\u00e9\"],\"inLanguage\":\"fr-FR\",\"potentialAction\":[{\"@type\":\"CommentAction\",\"name\":\"Comment\",\"target\":[\"https:\/\/www.lavalaggloathle53.fr\/index.php\/2025\/10\/11\/le-l2a53-stade-lavallois-athletisme-partenaire-principal-des-foulees-octobre-rose-ce-dimanche-a-lespace-mayenne\/#respond\"]}]},{\"@type\":\"WebPage\",\"@id\":\"https:\/\/www.lavalaggloathle53.fr\/index.php\/2025\/10\/11\/le-l2a53-stade-lavallois-athletisme-partenaire-principal-des-foulees-octobre-rose-ce-dimanche-a-lespace-mayenne\/\",\"url\":\"https:\/\/www.lavalaggloathle53.fr\/index.php\/2025\/10\/11\/le-l2a53-stade-lavallois-athletisme-partenaire-principal-des-foulees-octobre-rose-ce-dimanche-a-lespace-mayenne\/\",\"name\":\"Le L2A53\/Stade Lavallois Athl\u00e9tisme partenaire principal des Foul\u00e9es OCTOBRE ROSE avec ses 4500 participants ce dimanche \u00e0 l'Espace Mayenne !!! - Laval Agglo Athl\u00e9tisme\",\"isPartOf\":{\"@id\":\"https:\/\/www.lavalaggloathle53.fr\/#website\"},\"primaryImageOfPage\":{\"@id\":\"https:\/\/www.lavalaggloathle53.fr\/index.php\/2025\/10\/11\/le-l2a53-stade-lavallois-athletisme-partenaire-principal-des-foulees-octobre-rose-ce-dimanche-a-lespace-mayenne\/#primaryimage\"},\"image\":{\"@id\":\"https:\/\/www.lavalaggloathle53.fr\/index.php\/2025\/10\/11\/le-l2a53-stade-lavallois-athletisme-partenaire-principal-des-foulees-octobre-rose-ce-dimanche-a-lespace-mayenne\/#primaryimage\"},\"thumbnailUrl\":\"https:\/\/www.lavalaggloathle53.fr\/wp-content\/uploads\/2025\/10\/AFFICHE_LES_FOULEES_ROSES_53.png\",\"datePublished\":\"2025-10-11T09:33:05+00:00\",\"dateModified\":\"2025-10-12T21:05:39+00:00\",\"author\":{\"@id\":\"https:\/\/www.lavalaggloathle53.fr\/#\/schema\/person\/979647d1a9707730d91bfc766caadc0b\"},\"breadcrumb\":{\"@id\":\"https:\/\/www.lavalaggloathle53.fr\/index.php\/2025\/10\/11\/le-l2a53-stade-lavallois-athletisme-partenaire-principal-des-foulees-octobre-rose-ce-dimanche-a-lespace-mayenne\/#breadcrumb\"},\"inLanguage\":\"fr-FR\",\"potentialAction\":[{\"@type\":\"ReadAction\",\"target\":[\"https:\/\/www.lavalaggloathle53.fr\/index.php\/2025\/10\/11\/le-l2a53-stade-lavallois-athletisme-partenaire-principal-des-foulees-octobre-rose-ce-dimanche-a-lespace-mayenne\/\"]}]},{\"@type\":\"ImageObject\",\"inLanguage\":\"fr-FR\",\"@id\":\"https:\/\/www.lavalaggloathle53.fr\/index.php\/2025\/10\/11\/le-l2a53-stade-lavallois-athletisme-partenaire-principal-des-foulees-octobre-rose-ce-dimanche-a-lespace-mayenne\/#primaryimage\",\"url\":\"https:\/\/www.lavalaggloathle53.fr\/wp-content\/uploads\/2025\/10\/AFFICHE_LES_FOULEES_ROSES_53.png\",\"contentUrl\":\"https:\/\/www.lavalaggloathle53.fr\/wp-content\/uploads\/2025\/10\/AFFICHE_LES_FOULEES_ROSES_53.png\",\"width\":1104,\"height\":1556},{\"@type\":\"BreadcrumbList\",\"@id\":\"https:\/\/www.lavalaggloathle53.fr\/index.php\/2025\/10\/11\/le-l2a53-stade-lavallois-athletisme-partenaire-principal-des-foulees-octobre-rose-ce-dimanche-a-lespace-mayenne\/#breadcrumb\",\"itemListElement\":[{\"@type\":\"ListItem\",\"position\":1,\"name\":\"Accueil\",\"item\":\"https:\/\/www.lavalaggloathle53.fr\/\"},{\"@type\":\"ListItem\",\"position\":2,\"name\":\"Le L2A53\/Stade Lavallois Athl\u00e9tisme partenaire principal des Foul\u00e9es OCTOBRE ROSE avec ses 4500 participants ce dimanche \u00e0 l&rsquo;Espace Mayenne !!!\"}]},{\"@type\":\"WebSite\",\"@id\":\"https:\/\/www.lavalaggloathle53.fr\/#website\",\"url\":\"https:\/\/www.lavalaggloathle53.fr\/\",\"name\":\"Laval Agglo Athl\u00e9tisme\",\"description\":\"L&#039;athl\u00e9, un sport pour tous\",\"alternateName\":\"L2A53\",\"potentialAction\":[{\"@type\":\"SearchAction\",\"target\":{\"@type\":\"EntryPoint\",\"urlTemplate\":\"https:\/\/www.lavalaggloathle53.fr\/?s={search_term_string}\"},\"query-input\":{\"@type\":\"PropertyValueSpecification\",\"valueRequired\":true,\"valueName\":\"search_term_string\"}}],\"inLanguage\":\"fr-FR\"},{\"@type\":\"Person\",\"@id\":\"https:\/\/www.lavalaggloathle53.fr\/#\/schema\/person\/979647d1a9707730d91bfc766caadc0b\",\"name\":\"Pascal BISSON\",\"image\":{\"@type\":\"ImageObject\",\"inLanguage\":\"fr-FR\",\"@id\":\"https:\/\/secure.gravatar.com\/avatar\/59596d86ade6d559609912f789f6ddaf324a4bb824fbedeaf0ccebc5c1967658?s=96&d=mm&r=g\",\"url\":\"https:\/\/secure.gravatar.com\/avatar\/59596d86ade6d559609912f789f6ddaf324a4bb824fbedeaf0ccebc5c1967658?s=96&d=mm&r=g\",\"contentUrl\":\"https:\/\/secure.gravatar.com\/avatar\/59596d86ade6d559609912f789f6ddaf324a4bb824fbedeaf0ccebc5c1967658?s=96&d=mm&r=g\",\"caption\":\"Pascal BISSON\"},\"sameAs\":[\"https:\/\/www.lavalaggloathle53.fr\"],\"url\":\"https:\/\/www.lavalaggloathle53.fr\/index.php\/author\/bis53\/\"}]}<\/script>\n<!-- \/ Yoast SEO plugin. -->","yoast_head_json":{"title":"Le L2A53\/Stade Lavallois Athl\u00e9tisme partenaire principal des Foul\u00e9es OCTOBRE ROSE avec ses 4500 participants ce dimanche \u00e0 l'Espace Mayenne !!! - Laval Agglo Athl\u00e9tisme","robots":{"index":"index","follow":"follow","max-snippet":"max-snippet:-1","max-image-preview":"max-image-preview:large","max-video-preview":"max-video-preview:-1"},"canonical":"https:\/\/www.lavalaggloathle53.fr\/index.php\/2025\/10\/11\/le-l2a53-stade-lavallois-athletisme-partenaire-principal-des-foulees-octobre-rose-ce-dimanche-a-lespace-mayenne\/","og_locale":"fr_FR","og_type":"article","og_title":"Le L2A53\/Stade Lavallois Athl\u00e9tisme partenaire principal des Foul\u00e9es OCTOBRE ROSE avec ses 4500 participants ce dimanche \u00e0 l'Espace Mayenne !!! - Laval Agglo Athl\u00e9tisme","og_description":"Yves Mathieu, co-pr\u00e9sident de la section Stade Lavallois Athl\u00e9tisme, Nicole PLOT , Eva STIVER et toute l&rsquo;\u00e9quipe de b\u00e9n\u00e9voles du Stade Lavallais Athl\u00e9 ont \u00e0 nouveau contribu\u00e9 \u00e0 l&rsquo;immense succ\u00e8s de cet \u00e9v\u00e9nement populaire majeur en faveur de la lutte contre le cancer du sein sur l&rsquo;Espace Mayenne L&rsquo;espace Sports\/Sant\u00e9 Coach\u00e9 par Eva STIVER et son \u00e9quipe de b\u00e9n\u00e9voles a connu un r\u00e9el succ\u00e8s sur le village des foul\u00e9es OCTOBRE ROSE 2025&#8230; BRAVO !!!! Notre cause Le cancer du sein est aujourd\u2019hui la premi\u00e8re cause de mortalit\u00e9 par cancer chez la femme en France. En 2023, plus de 61 000 nouveaux cas ont \u00e9t\u00e9 diagnostiqu\u00e9s. Cela repr\u00e9sente pr\u00e8s d&rsquo;une femme sur neuf concern\u00e9e au cours de sa vie. Chaque ann\u00e9e, des milliers d\u2019entre elles affrontent la maladie, parfois dans la solitude, parfois dans l\u2019angoisse, mais toujours avec courage. En Mayenne, pr\u00e8s de 300 nouveaux cas sont recens\u00e9s chaque ann\u00e9e. Derri\u00e8re ces chiffres, il y a des m\u00e8res, des s\u0153urs, des filles, des coll\u00e8gues, des amies. Et parfois, il y a des d\u00e9parts qui laissent un vide immense. Comme celui de Myriam Lepert, fondatrice de notre association, emport\u00e9e par ce cancer en 2020. C\u2019est en sa m\u00e9moire, et pour toutes celles qui se battent aujourd\u2019hui, que nous poursuivons cet engagement. Heureusement, les avanc\u00e9es m\u00e9dicales et le d\u00e9pistage pr\u00e9coce ont permis de faire reculer la mortalit\u00e9 : on observe une baisse de pr\u00e8s de 15 % en dix ans. Lorsqu\u2019il est d\u00e9tect\u00e9 \u00e0 un stade pr\u00e9coce, le cancer du sein peut \u00eatre gu\u00e9ri dans 99 % des cas. Mais certaines formes restent agressives et complexes \u00e0 traiter. La recherche continue, notamment autour de l\u2019immunoth\u00e9rapie et de la caract\u00e9risation des tumeurs. La pr\u00e9vention reste essentielle. Bouger plus, manger \u00e9quilibr\u00e9, r\u00e9duire sa consommation d\u2019alcool, arr\u00eater de fumer : autant d\u2019actions simples qui permettent de diminuer le risque. On estime qu\u2019un tiers des cancers du sein pourraient \u00eatre \u00e9vit\u00e9s chaque ann\u00e9e. En marchant ou en courant avec nous, vous soutenez bien plus qu\u2019un \u00e9v\u00e9nement. Vous contribuez \u00e0 sauver des vies, \u00e0 sensibiliser, \u00e0 financer des actions concr\u00e8tes, \u00e0 faire avancer la recherche, et \u00e0 entourer celles et ceux qui en ont besoin.Merci de faire battre avec nous le c\u0153ur de cette cause. Des nouveaux parcours Pour la seconde ann\u00e9e, retrouvons nous sur un nouveau village\u00e0 c\u00f4t\u00e9 du parking de l\u2019Espace Mayenne, rue Jos\u00e9phine Baker &#8211; Laval Des nouveaux parcours de Marche entre ville et bords de Mayenne et de Course sur chemins et herbe &#8211; Danse zumba C\u00e9cile Mahouin &#8211; Animations musicales avec \u2018les Allum\u00e9s du bidon\u2019 ,Jazz Energ(iu)Maine et So\u2019Jazz, accord\u00e9onistes , ateliers sport &amp; sant\u00e9 par le Stade Lavallois Athl\u00e9tisme ..https:\/\/www.helloasso.com\/associations\/gral ) https:\/\/www.lesfouleesroses53.org","og_url":"https:\/\/www.lavalaggloathle53.fr\/index.php\/2025\/10\/11\/le-l2a53-stade-lavallois-athletisme-partenaire-principal-des-foulees-octobre-rose-ce-dimanche-a-lespace-mayenne\/","og_site_name":"Laval Agglo Athl\u00e9tisme","article_publisher":"https:\/\/www.facebook.com\/stadelavalloisathletisme","article_published_time":"2025-10-11T09:33:05+00:00","article_modified_time":"2025-10-12T21:05:39+00:00","og_image":[{"width":1104,"height":1556,"url":"https:\/\/www.lavalaggloathle53.fr\/wp-content\/uploads\/2025\/10\/AFFICHE_LES_FOULEES_ROSES_53.png","type":"image\/png"}],"author":"Pascal BISSON","twitter_card":"summary_large_image","twitter_misc":{"\u00c9crit par":"Pascal BISSON","Dur\u00e9e de lecture estim\u00e9e":"5 minutes"},"schema":{"@context":"https:\/\/schema.org","@graph":[{"@type":"Article","@id":"https:\/\/www.lavalaggloathle53.fr\/index.php\/2025\/10\/11\/le-l2a53-stade-lavallois-athletisme-partenaire-principal-des-foulees-octobre-rose-ce-dimanche-a-lespace-mayenne\/#article","isPartOf":{"@id":"https:\/\/www.lavalaggloathle53.fr\/index.php\/2025\/10\/11\/le-l2a53-stade-lavallois-athletisme-partenaire-principal-des-foulees-octobre-rose-ce-dimanche-a-lespace-mayenne\/"},"author":{"name":"Pascal BISSON","@id":"https:\/\/www.lavalaggloathle53.fr\/#\/schema\/person\/979647d1a9707730d91bfc766caadc0b"},"headline":"Le L2A53\/Stade Lavallois Athl\u00e9tisme partenaire principal des Foul\u00e9es OCTOBRE ROSE avec ses 4500 participants ce dimanche \u00e0 l&rsquo;Espace Mayenne !!!","datePublished":"2025-10-11T09:33:05+00:00","dateModified":"2025-10-12T21:05:39+00:00","mainEntityOfPage":{"@id":"https:\/\/www.lavalaggloathle53.fr\/index.php\/2025\/10\/11\/le-l2a53-stade-lavallois-athletisme-partenaire-principal-des-foulees-octobre-rose-ce-dimanche-a-lespace-mayenne\/"},"wordCount":519,"commentCount":0,"image":{"@id":"https:\/\/www.lavalaggloathle53.fr\/index.php\/2025\/10\/11\/le-l2a53-stade-lavallois-athletisme-partenaire-principal-des-foulees-octobre-rose-ce-dimanche-a-lespace-mayenne\/#primaryimage"},"thumbnailUrl":"https:\/\/www.lavalaggloathle53.fr\/wp-content\/uploads\/2025\/10\/AFFICHE_LES_FOULEES_ROSES_53.png","articleSection":["Actualit\u00e9s","Comp\u00e9tition","Loisirs","Marche nordique","Sport sant\u00e9"],"inLanguage":"fr-FR","potentialAction":[{"@type":"CommentAction","name":"Comment","target":["https:\/\/www.lavalaggloathle53.fr\/index.php\/2025\/10\/11\/le-l2a53-stade-lavallois-athletisme-partenaire-principal-des-foulees-octobre-rose-ce-dimanche-a-lespace-mayenne\/#respond"]}]},{"@type":"WebPage","@id":"https:\/\/www.lavalaggloathle53.fr\/index.php\/2025\/10\/11\/le-l2a53-stade-lavallois-athletisme-partenaire-principal-des-foulees-octobre-rose-ce-dimanche-a-lespace-mayenne\/","url":"https:\/\/www.lavalaggloathle53.fr\/index.php\/2025\/10\/11\/le-l2a53-stade-lavallois-athletisme-partenaire-principal-des-foulees-octobre-rose-ce-dimanche-a-lespace-mayenne\/","name":"Le L2A53\/Stade Lavallois Athl\u00e9tisme partenaire principal des Foul\u00e9es OCTOBRE ROSE avec ses 4500 participants ce dimanche \u00e0 l'Espace Mayenne !!! - Laval Agglo Athl\u00e9tisme","isPartOf":{"@id":"https:\/\/www.lavalaggloathle53.fr\/#website"},"primaryImageOfPage":{"@id":"https:\/\/www.lavalaggloathle53.fr\/index.php\/2025\/10\/11\/le-l2a53-stade-lavallois-athletisme-partenaire-principal-des-foulees-octobre-rose-ce-dimanche-a-lespace-mayenne\/#primaryimage"},"image":{"@id":"https:\/\/www.lavalaggloathle53.fr\/index.php\/2025\/10\/11\/le-l2a53-stade-lavallois-athletisme-partenaire-principal-des-foulees-octobre-rose-ce-dimanche-a-lespace-mayenne\/#primaryimage"},"thumbnailUrl":"https:\/\/www.lavalaggloathle53.fr\/wp-content\/uploads\/2025\/10\/AFFICHE_LES_FOULEES_ROSES_53.png","datePublished":"2025-10-11T09:33:05+00:00","dateModified":"2025-10-12T21:05:39+00:00","author":{"@id":"https:\/\/www.lavalaggloathle53.fr\/#\/schema\/person\/979647d1a9707730d91bfc766caadc0b"},"breadcrumb":{"@id":"https:\/\/www.lavalaggloathle53.fr\/index.php\/2025\/10\/11\/le-l2a53-stade-lavallois-athletisme-partenaire-principal-des-foulees-octobre-rose-ce-dimanche-a-lespace-mayenne\/#breadcrumb"},"inLanguage":"fr-FR","potentialAction":[{"@type":"ReadAction","target":["https:\/\/www.lavalaggloathle53.fr\/index.php\/2025\/10\/11\/le-l2a53-stade-lavallois-athletisme-partenaire-principal-des-foulees-octobre-rose-ce-dimanche-a-lespace-mayenne\/"]}]},{"@type":"ImageObject","inLanguage":"fr-FR","@id":"https:\/\/www.lavalaggloathle53.fr\/index.php\/2025\/10\/11\/le-l2a53-stade-lavallois-athletisme-partenaire-principal-des-foulees-octobre-rose-ce-dimanche-a-lespace-mayenne\/#primaryimage","url":"https:\/\/www.lavalaggloathle53.fr\/wp-content\/uploads\/2025\/10\/AFFICHE_LES_FOULEES_ROSES_53.png","contentUrl":"https:\/\/www.lavalaggloathle53.fr\/wp-content\/uploads\/2025\/10\/AFFICHE_LES_FOULEES_ROSES_53.png","width":1104,"height":1556},{"@type":"BreadcrumbList","@id":"https:\/\/www.lavalaggloathle53.fr\/index.php\/2025\/10\/11\/le-l2a53-stade-lavallois-athletisme-partenaire-principal-des-foulees-octobre-rose-ce-dimanche-a-lespace-mayenne\/#breadcrumb","itemListElement":[{"@type":"ListItem","position":1,"name":"Accueil","item":"https:\/\/www.lavalaggloathle53.fr\/"},{"@type":"ListItem","position":2,"name":"Le L2A53\/Stade Lavallois Athl\u00e9tisme partenaire principal des Foul\u00e9es OCTOBRE ROSE avec ses 4500 participants ce dimanche \u00e0 l&rsquo;Espace Mayenne !!!"}]},{"@type":"WebSite","@id":"https:\/\/www.lavalaggloathle53.fr\/#website","url":"https:\/\/www.lavalaggloathle53.fr\/","name":"Laval Agglo Athl\u00e9tisme","description":"L&#039;athl\u00e9, un sport pour tous","alternateName":"L2A53","potentialAction":[{"@type":"SearchAction","target":{"@type":"EntryPoint","urlTemplate":"https:\/\/www.lavalaggloathle53.fr\/?s={search_term_string}"},"query-input":{"@type":"PropertyValueSpecification","valueRequired":true,"valueName":"search_term_string"}}],"inLanguage":"fr-FR"},{"@type":"Person","@id":"https:\/\/www.lavalaggloathle53.fr\/#\/schema\/person\/979647d1a9707730d91bfc766caadc0b","name":"Pascal BISSON","image":{"@type":"ImageObject","inLanguage":"fr-FR","@id":"https:\/\/secure.gravatar.com\/avatar\/59596d86ade6d559609912f789f6ddaf324a4bb824fbedeaf0ccebc5c1967658?s=96&d=mm&r=g","url":"https:\/\/secure.gravatar.com\/avatar\/59596d86ade6d559609912f789f6ddaf324a4bb824fbedeaf0ccebc5c1967658?s=96&d=mm&r=g","contentUrl":"https:\/\/secure.gravatar.com\/avatar\/59596d86ade6d559609912f789f6ddaf324a4bb824fbedeaf0ccebc5c1967658?s=96&d=mm&r=g","caption":"Pascal BISSON"},"sameAs":["https:\/\/www.lavalaggloathle53.fr"],"url":"https:\/\/www.lavalaggloathle53.fr\/index.php\/author\/bis53\/"}]}},"_links":{"self":[{"href":"https:\/\/www.lavalaggloathle53.fr\/index.php\/wp-json\/wp\/v2\/posts\/9064","targetHints":{"allow":["GET"]}}],"collection":[{"href":"https:\/\/www.lavalaggloathle53.fr\/index.php\/wp-json\/wp\/v2\/posts"}],"about":[{"href":"https:\/\/www.lavalaggloathle53.fr\/index.php\/wp-json\/wp\/v2\/types\/post"}],"author":[{"embeddable":true,"href":"https:\/\/www.lavalaggloathle53.fr\/index.php\/wp-json\/wp\/v2\/users\/4"}],"replies":[{"embeddable":true,"href":"https:\/\/www.lavalaggloathle53.fr\/index.php\/wp-json\/wp\/v2\/comments?post=9064"}],"version-history":[{"count":9,"href":"https:\/\/www.lavalaggloathle53.fr\/index.php\/wp-json\/wp\/v2\/posts\/9064\/revisions"}],"predecessor-version":[{"id":9144,"href":"https:\/\/www.lavalaggloathle53.fr\/index.php\/wp-json\/wp\/v2\/posts\/9064\/revisions\/9144"}],"wp:featuredmedia":[{"embeddable":true,"href":"https:\/\/www.lavalaggloathle53.fr\/index.php\/wp-json\/wp\/v2\/media\/9065"}],"wp:attachment":[{"href":"https:\/\/www.lavalaggloathle53.fr\/index.php\/wp-json\/wp\/v2\/media?parent=9064"}],"wp:term":[{"taxonomy":"category","embeddable":true,"href":"https:\/\/www.lavalaggloathle53.fr\/index.php\/wp-json\/wp\/v2\/categories?post=9064"},{"taxonomy":"post_tag","embeddable":true,"href":"https:\/\/www.lavalaggloathle53.fr\/index.php\/wp-json\/wp\/v2\/tags?post=9064"}],"curies":[{"name":"wp","href":"https:\/\/api.w.org\/{rel}","templated":true}]}}