{"id":8925,"date":"2025-09-26T23:05:52","date_gmt":"2025-09-26T21:05:52","guid":{"rendered":"https:\/\/www.lavalaggloathle53.fr\/?p=8925"},"modified":"2025-09-28T07:32:26","modified_gmt":"2025-09-28T05:32:26","slug":"tous-aux-ecluses-de-la-mayenne","status":"publish","type":"post","link":"https:\/\/www.lavalaggloathle53.fr\/index.php\/2025\/09\/26\/tous-aux-ecluses-de-la-mayenne\/","title":{"rendered":"Tous aux \u00e9cluses de la Mayenne !!!"},"content":{"rendered":"\n<p><strong>Venez supporter<\/strong> tous les athl\u00e8tes du <strong>L2A53<\/strong>  sur la <strong>30\u00e8me \u00e9dition<\/strong> des <strong>10km<\/strong> , <strong>Semi Marathon<\/strong> et <strong>Marathon des \u00e9cluses<\/strong> sur une ann\u00e9e RECORD en terme de participation avec la barre des 5000 inscrits qui vient d&rsquo;\u00eatre franchie avant les inscriptions de derni\u00e8re minute sur l&rsquo;ESPACE SCOMAN \u00e0 LAVAL ce samedi de 13h \u00e0 19h00 &#8230;<\/p>\n\n\n\n<p><strong>3580 sur 10km<\/strong>, <strong>1075 sur le semi marathon <\/strong>et <strong>480 sur le Marathon<\/strong> avec de nombreux athl\u00e8tes du CLUB qui voudront briller sur la course Hors Stade la plus populaire du d\u00e9partement !<\/p>\n\n\n\n<p>Sur le 10km , <strong>B\u00e9renger CHAUVIN<\/strong> remettra son titre en jeu apr\u00e8s sa superbe victoire en 2024 et un chrono de 30&rsquo;46 alors que <strong>Gwendal POUSSEREAU<\/strong> tentera de lui emboiter le pas &#8230; Chez les f\u00e9minines , c&rsquo;est une jolie \u00e9quipe qui se pr\u00e9sentera sur la ligne de d\u00e9part \u00e0 CHANGE avec <strong>B\u00e9r\u00e9nice LERIOUX<\/strong>, <strong>Laurine TOUTIN , Camille LEON ou Solene DUFRESNE LEGAY<\/strong> &#8230;<\/p>\n\n\n\n<p>Sur le semi Marathon, le Master <strong>Tony FOULON <\/strong>de retour de blessure repr\u00e9sentera le CLUB avec sa fougue habituelle &#8230;<\/p>\n\n\n\n<p>Sur l&rsquo;\u00e9preuve reine du Marathon , les masters <strong>Ludovic LEMONNIER<\/strong> et <strong>Maxime FEVRIER<\/strong> auront fort \u00e0 faire avec quelques favoris hors d\u00e9partement mais peuvent esp\u00e9rer int\u00e9grer le TOP 5 de l&rsquo;\u00e9preuve.<\/p>\n\n\n\n<figure class=\"wp-block-image size-full\"><img fetchpriority=\"high\" decoding=\"async\" width=\"574\" height=\"1020\" src=\"https:\/\/www.lavalaggloathle53.fr\/wp-content\/uploads\/2025\/09\/WhatsApp-Image-2025-09-28-a-06.18.39_9aab771b.jpg\" alt=\"\" class=\"wp-image-8928\" srcset=\"https:\/\/www.lavalaggloathle53.fr\/wp-content\/uploads\/2025\/09\/WhatsApp-Image-2025-09-28-a-06.18.39_9aab771b.jpg 574w, https:\/\/www.lavalaggloathle53.fr\/wp-content\/uploads\/2025\/09\/WhatsApp-Image-2025-09-28-a-06.18.39_9aab771b-169x300.jpg 169w\" sizes=\"(max-width: 574px) 100vw, 574px\" \/><\/figure>\n\n\n\n<figure class=\"wp-block-image size-full\"><img decoding=\"async\" width=\"574\" height=\"1020\" src=\"https:\/\/www.lavalaggloathle53.fr\/wp-content\/uploads\/2025\/09\/WhatsApp-Image-2025-09-28-a-06.18.39_a7dc7d97.jpg\" alt=\"\" class=\"wp-image-8929\" srcset=\"https:\/\/www.lavalaggloathle53.fr\/wp-content\/uploads\/2025\/09\/WhatsApp-Image-2025-09-28-a-06.18.39_a7dc7d97.jpg 574w, https:\/\/www.lavalaggloathle53.fr\/wp-content\/uploads\/2025\/09\/WhatsApp-Image-2025-09-28-a-06.18.39_a7dc7d97-169x300.jpg 169w\" sizes=\"(max-width: 574px) 100vw, 574px\" \/><\/figure>\n\n\n\n<figure class=\"wp-block-image size-full\"><img decoding=\"async\" width=\"574\" height=\"1020\" src=\"https:\/\/www.lavalaggloathle53.fr\/wp-content\/uploads\/2025\/09\/WhatsApp-Image-2025-09-28-a-06.18.40_1c6d5240.jpg\" alt=\"\" class=\"wp-image-8930\" srcset=\"https:\/\/www.lavalaggloathle53.fr\/wp-content\/uploads\/2025\/09\/WhatsApp-Image-2025-09-28-a-06.18.40_1c6d5240.jpg 574w, https:\/\/www.lavalaggloathle53.fr\/wp-content\/uploads\/2025\/09\/WhatsApp-Image-2025-09-28-a-06.18.40_1c6d5240-169x300.jpg 169w\" sizes=\"(max-width: 574px) 100vw, 574px\" \/><\/figure>\n\n\n\n<figure class=\"wp-block-image size-full\"><img loading=\"lazy\" decoding=\"async\" width=\"574\" height=\"1020\" src=\"https:\/\/www.lavalaggloathle53.fr\/wp-content\/uploads\/2025\/09\/WhatsApp-Image-2025-09-28-a-06.18.40_1f0e17d5.jpg\" alt=\"\" class=\"wp-image-8932\" srcset=\"https:\/\/www.lavalaggloathle53.fr\/wp-content\/uploads\/2025\/09\/WhatsApp-Image-2025-09-28-a-06.18.40_1f0e17d5.jpg 574w, https:\/\/www.lavalaggloathle53.fr\/wp-content\/uploads\/2025\/09\/WhatsApp-Image-2025-09-28-a-06.18.40_1f0e17d5-169x300.jpg 169w\" sizes=\"(max-width: 574px) 100vw, 574px\" \/><\/figure>\n\n\n\n<figure class=\"wp-block-image size-full\"><img loading=\"lazy\" decoding=\"async\" width=\"574\" height=\"1020\" src=\"https:\/\/www.lavalaggloathle53.fr\/wp-content\/uploads\/2025\/09\/WhatsApp-Image-2025-09-28-a-06.18.40_9f598b3d.jpg\" alt=\"\" class=\"wp-image-8933\" srcset=\"https:\/\/www.lavalaggloathle53.fr\/wp-content\/uploads\/2025\/09\/WhatsApp-Image-2025-09-28-a-06.18.40_9f598b3d.jpg 574w, https:\/\/www.lavalaggloathle53.fr\/wp-content\/uploads\/2025\/09\/WhatsApp-Image-2025-09-28-a-06.18.40_9f598b3d-169x300.jpg 169w\" sizes=\"(max-width: 574px) 100vw, 574px\" \/><\/figure>\n\n\n\n<figure class=\"wp-block-image size-full\"><img loading=\"lazy\" decoding=\"async\" width=\"574\" height=\"1020\" src=\"https:\/\/www.lavalaggloathle53.fr\/wp-content\/uploads\/2025\/09\/WhatsApp-Image-2025-09-28-a-06.18.40_55d3a1d1.jpg\" alt=\"\" class=\"wp-image-8934\" srcset=\"https:\/\/www.lavalaggloathle53.fr\/wp-content\/uploads\/2025\/09\/WhatsApp-Image-2025-09-28-a-06.18.40_55d3a1d1.jpg 574w, https:\/\/www.lavalaggloathle53.fr\/wp-content\/uploads\/2025\/09\/WhatsApp-Image-2025-09-28-a-06.18.40_55d3a1d1-169x300.jpg 169w\" sizes=\"(max-width: 574px) 100vw, 574px\" \/><\/figure>\n\n\n\n<figure class=\"wp-block-image size-full\"><img loading=\"lazy\" decoding=\"async\" width=\"574\" height=\"1020\" src=\"https:\/\/www.lavalaggloathle53.fr\/wp-content\/uploads\/2025\/09\/WhatsApp-Image-2025-09-28-a-06.18.40_91b04f21.jpg\" alt=\"\" class=\"wp-image-8935\" srcset=\"https:\/\/www.lavalaggloathle53.fr\/wp-content\/uploads\/2025\/09\/WhatsApp-Image-2025-09-28-a-06.18.40_91b04f21.jpg 574w, https:\/\/www.lavalaggloathle53.fr\/wp-content\/uploads\/2025\/09\/WhatsApp-Image-2025-09-28-a-06.18.40_91b04f21-169x300.jpg 169w\" sizes=\"(max-width: 574px) 100vw, 574px\" \/><\/figure>\n\n\n\n<figure class=\"wp-block-image size-full\"><img loading=\"lazy\" decoding=\"async\" width=\"574\" height=\"1020\" src=\"https:\/\/www.lavalaggloathle53.fr\/wp-content\/uploads\/2025\/09\/WhatsApp-Image-2025-09-28-a-06.18.40_10767f7c.jpg\" alt=\"\" class=\"wp-image-8936\" srcset=\"https:\/\/www.lavalaggloathle53.fr\/wp-content\/uploads\/2025\/09\/WhatsApp-Image-2025-09-28-a-06.18.40_10767f7c.jpg 574w, https:\/\/www.lavalaggloathle53.fr\/wp-content\/uploads\/2025\/09\/WhatsApp-Image-2025-09-28-a-06.18.40_10767f7c-169x300.jpg 169w\" sizes=\"(max-width: 574px) 100vw, 574px\" \/><\/figure>\n\n\n\n<figure class=\"wp-block-image size-full\"><img loading=\"lazy\" decoding=\"async\" width=\"574\" height=\"1020\" src=\"https:\/\/www.lavalaggloathle53.fr\/wp-content\/uploads\/2025\/09\/WhatsApp-Image-2025-09-28-a-06.18.40_a687f4ad.jpg\" alt=\"\" class=\"wp-image-8937\" srcset=\"https:\/\/www.lavalaggloathle53.fr\/wp-content\/uploads\/2025\/09\/WhatsApp-Image-2025-09-28-a-06.18.40_a687f4ad.jpg 574w, https:\/\/www.lavalaggloathle53.fr\/wp-content\/uploads\/2025\/09\/WhatsApp-Image-2025-09-28-a-06.18.40_a687f4ad-169x300.jpg 169w\" sizes=\"(max-width: 574px) 100vw, 574px\" \/><\/figure>\n\n\n\n<figure class=\"wp-block-image size-full\"><img loading=\"lazy\" decoding=\"async\" width=\"574\" height=\"1020\" src=\"https:\/\/www.lavalaggloathle53.fr\/wp-content\/uploads\/2025\/09\/WhatsApp-Image-2025-09-28-a-06.18.41_a7c6ff97.jpg\" alt=\"\" class=\"wp-image-8938\" srcset=\"https:\/\/www.lavalaggloathle53.fr\/wp-content\/uploads\/2025\/09\/WhatsApp-Image-2025-09-28-a-06.18.41_a7c6ff97.jpg 574w, https:\/\/www.lavalaggloathle53.fr\/wp-content\/uploads\/2025\/09\/WhatsApp-Image-2025-09-28-a-06.18.41_a7c6ff97-169x300.jpg 169w\" sizes=\"(max-width: 574px) 100vw, 574px\" \/><\/figure>\n","protected":false},"excerpt":{"rendered":"<p>Venez supporter tous les athl\u00e8tes du L2A53 sur la 30\u00e8me \u00e9dition des 10km , Semi Marathon et Marathon des \u00e9cluses sur une ann\u00e9e RECORD en terme de participation avec la barre des 5000 inscrits qui vient d&rsquo;\u00eatre franchie avant les inscriptions de derni\u00e8re minute sur l&rsquo;ESPACE SCOMAN \u00e0 LAVAL ce samedi de 13h \u00e0 19h00 &#8230; 3580 sur 10km, 1075 sur le semi marathon et 480 sur le Marathon avec de nombreux athl\u00e8tes du CLUB qui voudront briller sur la course Hors Stade la plus populaire du d\u00e9partement ! Sur le 10km , B\u00e9renger CHAUVIN remettra son titre en jeu apr\u00e8s sa superbe victoire en 2024 et un chrono de 30&rsquo;46 alors que Gwendal POUSSEREAU tentera de lui emboiter le pas &#8230; Chez les f\u00e9minines , c&rsquo;est une jolie \u00e9quipe qui se pr\u00e9sentera sur la ligne de d\u00e9part \u00e0 CHANGE avec B\u00e9r\u00e9nice LERIOUX, Laurine TOUTIN , Camille LEON ou Solene DUFRESNE LEGAY &#8230; Sur le semi Marathon, le Master Tony FOULON de retour de blessure repr\u00e9sentera le CLUB avec sa fougue habituelle &#8230; Sur l&rsquo;\u00e9preuve reine du Marathon , les masters Ludovic LEMONNIER et Maxime FEVRIER auront fort \u00e0 faire avec quelques favoris hors d\u00e9partement mais peuvent esp\u00e9rer int\u00e9grer le TOP 5 de l&rsquo;\u00e9preuve.<\/p>\n","protected":false},"author":4,"featured_media":8926,"comment_status":"open","ping_status":"closed","sticky":false,"template":"","format":"standard","meta":{"footnotes":""},"categories":[14,15,16,18,19],"tags":[],"class_list":["post-8925","post","type-post","status-publish","format-standard","has-post-thumbnail","hentry","category-actualites","category-competition","category-loisirs","category-marche_nordique","category-sport_sante"],"yoast_head":"<!-- This site is optimized with the Yoast SEO plugin v27.2 - https:\/\/yoast.com\/product\/yoast-seo-wordpress\/ -->\n<title>Tous aux \u00e9cluses de la Mayenne !!! - Laval Agglo Athl\u00e9tisme<\/title>\n<meta name=\"robots\" content=\"index, follow, max-snippet:-1, max-image-preview:large, max-video-preview:-1\" \/>\n<link rel=\"canonical\" href=\"https:\/\/www.lavalaggloathle53.fr\/index.php\/2025\/09\/26\/tous-aux-ecluses-de-la-mayenne\/\" \/>\n<meta property=\"og:locale\" content=\"fr_FR\" \/>\n<meta property=\"og:type\" content=\"article\" \/>\n<meta property=\"og:title\" content=\"Tous aux \u00e9cluses de la Mayenne !!! - Laval Agglo Athl\u00e9tisme\" \/>\n<meta property=\"og:description\" content=\"Venez supporter tous les athl\u00e8tes du L2A53 sur la 30\u00e8me \u00e9dition des 10km , Semi Marathon et Marathon des \u00e9cluses sur une ann\u00e9e RECORD en terme de participation avec la barre des 5000 inscrits qui vient d&rsquo;\u00eatre franchie avant les inscriptions de derni\u00e8re minute sur l&rsquo;ESPACE SCOMAN \u00e0 LAVAL ce samedi de 13h \u00e0 19h00 &#8230; 3580 sur 10km, 1075 sur le semi marathon et 480 sur le Marathon avec de nombreux athl\u00e8tes du CLUB qui voudront briller sur la course Hors Stade la plus populaire du d\u00e9partement ! Sur le 10km , B\u00e9renger CHAUVIN remettra son titre en jeu apr\u00e8s sa superbe victoire en 2024 et un chrono de 30&rsquo;46 alors que Gwendal POUSSEREAU tentera de lui emboiter le pas &#8230; Chez les f\u00e9minines , c&rsquo;est une jolie \u00e9quipe qui se pr\u00e9sentera sur la ligne de d\u00e9part \u00e0 CHANGE avec B\u00e9r\u00e9nice LERIOUX, Laurine TOUTIN , Camille LEON ou Solene DUFRESNE LEGAY &#8230; Sur le semi Marathon, le Master Tony FOULON de retour de blessure repr\u00e9sentera le CLUB avec sa fougue habituelle &#8230; Sur l&rsquo;\u00e9preuve reine du Marathon , les masters Ludovic LEMONNIER et Maxime FEVRIER auront fort \u00e0 faire avec quelques favoris hors d\u00e9partement mais peuvent esp\u00e9rer int\u00e9grer le TOP 5 de l&rsquo;\u00e9preuve.\" \/>\n<meta property=\"og:url\" content=\"https:\/\/www.lavalaggloathle53.fr\/index.php\/2025\/09\/26\/tous-aux-ecluses-de-la-mayenne\/\" \/>\n<meta property=\"og:site_name\" content=\"Laval Agglo Athl\u00e9tisme\" \/>\n<meta property=\"article:publisher\" content=\"https:\/\/www.facebook.com\/stadelavalloisathletisme\" \/>\n<meta property=\"article:published_time\" content=\"2025-09-26T21:05:52+00:00\" \/>\n<meta property=\"article:modified_time\" content=\"2025-09-28T05:32:26+00:00\" \/>\n<meta property=\"og:image\" content=\"https:\/\/www.lavalaggloathle53.fr\/wp-content\/uploads\/2025\/09\/Affiche-Marathon-des-Ecluses-de-la-Mayenne-724x1024-1.jpg\" \/>\n\t<meta property=\"og:image:width\" content=\"724\" \/>\n\t<meta property=\"og:image:height\" content=\"1024\" \/>\n\t<meta property=\"og:image:type\" content=\"image\/jpeg\" \/>\n<meta name=\"author\" content=\"Pascal BISSON\" \/>\n<meta name=\"twitter:card\" content=\"summary_large_image\" \/>\n<meta name=\"twitter:label1\" content=\"\u00c9crit par\" \/>\n\t<meta name=\"twitter:data1\" content=\"Pascal BISSON\" \/>\n\t<meta name=\"twitter:label2\" content=\"Dur\u00e9e de lecture estim\u00e9e\" \/>\n\t<meta name=\"twitter:data2\" content=\"4 minutes\" \/>\n<script type=\"application\/ld+json\" class=\"yoast-schema-graph\">{\"@context\":\"https:\/\/schema.org\",\"@graph\":[{\"@type\":\"Article\",\"@id\":\"https:\/\/www.lavalaggloathle53.fr\/index.php\/2025\/09\/26\/tous-aux-ecluses-de-la-mayenne\/#article\",\"isPartOf\":{\"@id\":\"https:\/\/www.lavalaggloathle53.fr\/index.php\/2025\/09\/26\/tous-aux-ecluses-de-la-mayenne\/\"},\"author\":{\"name\":\"Pascal BISSON\",\"@id\":\"https:\/\/www.lavalaggloathle53.fr\/#\/schema\/person\/979647d1a9707730d91bfc766caadc0b\"},\"headline\":\"Tous aux \u00e9cluses de la Mayenne !!!\",\"datePublished\":\"2025-09-26T21:05:52+00:00\",\"dateModified\":\"2025-09-28T05:32:26+00:00\",\"mainEntityOfPage\":{\"@id\":\"https:\/\/www.lavalaggloathle53.fr\/index.php\/2025\/09\/26\/tous-aux-ecluses-de-la-mayenne\/\"},\"wordCount\":211,\"commentCount\":1,\"image\":{\"@id\":\"https:\/\/www.lavalaggloathle53.fr\/index.php\/2025\/09\/26\/tous-aux-ecluses-de-la-mayenne\/#primaryimage\"},\"thumbnailUrl\":\"https:\/\/www.lavalaggloathle53.fr\/wp-content\/uploads\/2025\/09\/Affiche-Marathon-des-Ecluses-de-la-Mayenne-724x1024-1.jpg\",\"articleSection\":[\"Actualit\u00e9s\",\"Comp\u00e9tition\",\"Loisirs\",\"Marche nordique\",\"Sport sant\u00e9\"],\"inLanguage\":\"fr-FR\",\"potentialAction\":[{\"@type\":\"CommentAction\",\"name\":\"Comment\",\"target\":[\"https:\/\/www.lavalaggloathle53.fr\/index.php\/2025\/09\/26\/tous-aux-ecluses-de-la-mayenne\/#respond\"]}]},{\"@type\":\"WebPage\",\"@id\":\"https:\/\/www.lavalaggloathle53.fr\/index.php\/2025\/09\/26\/tous-aux-ecluses-de-la-mayenne\/\",\"url\":\"https:\/\/www.lavalaggloathle53.fr\/index.php\/2025\/09\/26\/tous-aux-ecluses-de-la-mayenne\/\",\"name\":\"Tous aux \u00e9cluses de la Mayenne !!! - Laval Agglo Athl\u00e9tisme\",\"isPartOf\":{\"@id\":\"https:\/\/www.lavalaggloathle53.fr\/#website\"},\"primaryImageOfPage\":{\"@id\":\"https:\/\/www.lavalaggloathle53.fr\/index.php\/2025\/09\/26\/tous-aux-ecluses-de-la-mayenne\/#primaryimage\"},\"image\":{\"@id\":\"https:\/\/www.lavalaggloathle53.fr\/index.php\/2025\/09\/26\/tous-aux-ecluses-de-la-mayenne\/#primaryimage\"},\"thumbnailUrl\":\"https:\/\/www.lavalaggloathle53.fr\/wp-content\/uploads\/2025\/09\/Affiche-Marathon-des-Ecluses-de-la-Mayenne-724x1024-1.jpg\",\"datePublished\":\"2025-09-26T21:05:52+00:00\",\"dateModified\":\"2025-09-28T05:32:26+00:00\",\"author\":{\"@id\":\"https:\/\/www.lavalaggloathle53.fr\/#\/schema\/person\/979647d1a9707730d91bfc766caadc0b\"},\"breadcrumb\":{\"@id\":\"https:\/\/www.lavalaggloathle53.fr\/index.php\/2025\/09\/26\/tous-aux-ecluses-de-la-mayenne\/#breadcrumb\"},\"inLanguage\":\"fr-FR\",\"potentialAction\":[{\"@type\":\"ReadAction\",\"target\":[\"https:\/\/www.lavalaggloathle53.fr\/index.php\/2025\/09\/26\/tous-aux-ecluses-de-la-mayenne\/\"]}]},{\"@type\":\"ImageObject\",\"inLanguage\":\"fr-FR\",\"@id\":\"https:\/\/www.lavalaggloathle53.fr\/index.php\/2025\/09\/26\/tous-aux-ecluses-de-la-mayenne\/#primaryimage\",\"url\":\"https:\/\/www.lavalaggloathle53.fr\/wp-content\/uploads\/2025\/09\/Affiche-Marathon-des-Ecluses-de-la-Mayenne-724x1024-1.jpg\",\"contentUrl\":\"https:\/\/www.lavalaggloathle53.fr\/wp-content\/uploads\/2025\/09\/Affiche-Marathon-des-Ecluses-de-la-Mayenne-724x1024-1.jpg\",\"width\":724,\"height\":1024},{\"@type\":\"BreadcrumbList\",\"@id\":\"https:\/\/www.lavalaggloathle53.fr\/index.php\/2025\/09\/26\/tous-aux-ecluses-de-la-mayenne\/#breadcrumb\",\"itemListElement\":[{\"@type\":\"ListItem\",\"position\":1,\"name\":\"Accueil\",\"item\":\"https:\/\/www.lavalaggloathle53.fr\/\"},{\"@type\":\"ListItem\",\"position\":2,\"name\":\"Tous aux \u00e9cluses de la Mayenne !!!\"}]},{\"@type\":\"WebSite\",\"@id\":\"https:\/\/www.lavalaggloathle53.fr\/#website\",\"url\":\"https:\/\/www.lavalaggloathle53.fr\/\",\"name\":\"Laval Agglo Athl\u00e9tisme\",\"description\":\"L&#039;athl\u00e9, un sport pour tous\",\"alternateName\":\"L2A53\",\"potentialAction\":[{\"@type\":\"SearchAction\",\"target\":{\"@type\":\"EntryPoint\",\"urlTemplate\":\"https:\/\/www.lavalaggloathle53.fr\/?s={search_term_string}\"},\"query-input\":{\"@type\":\"PropertyValueSpecification\",\"valueRequired\":true,\"valueName\":\"search_term_string\"}}],\"inLanguage\":\"fr-FR\"},{\"@type\":\"Person\",\"@id\":\"https:\/\/www.lavalaggloathle53.fr\/#\/schema\/person\/979647d1a9707730d91bfc766caadc0b\",\"name\":\"Pascal BISSON\",\"image\":{\"@type\":\"ImageObject\",\"inLanguage\":\"fr-FR\",\"@id\":\"https:\/\/secure.gravatar.com\/avatar\/59596d86ade6d559609912f789f6ddaf324a4bb824fbedeaf0ccebc5c1967658?s=96&d=mm&r=g\",\"url\":\"https:\/\/secure.gravatar.com\/avatar\/59596d86ade6d559609912f789f6ddaf324a4bb824fbedeaf0ccebc5c1967658?s=96&d=mm&r=g\",\"contentUrl\":\"https:\/\/secure.gravatar.com\/avatar\/59596d86ade6d559609912f789f6ddaf324a4bb824fbedeaf0ccebc5c1967658?s=96&d=mm&r=g\",\"caption\":\"Pascal BISSON\"},\"sameAs\":[\"https:\/\/www.lavalaggloathle53.fr\"],\"url\":\"https:\/\/www.lavalaggloathle53.fr\/index.php\/author\/bis53\/\"}]}<\/script>\n<!-- \/ Yoast SEO plugin. -->","yoast_head_json":{"title":"Tous aux \u00e9cluses de la Mayenne !!! - Laval Agglo Athl\u00e9tisme","robots":{"index":"index","follow":"follow","max-snippet":"max-snippet:-1","max-image-preview":"max-image-preview:large","max-video-preview":"max-video-preview:-1"},"canonical":"https:\/\/www.lavalaggloathle53.fr\/index.php\/2025\/09\/26\/tous-aux-ecluses-de-la-mayenne\/","og_locale":"fr_FR","og_type":"article","og_title":"Tous aux \u00e9cluses de la Mayenne !!! - Laval Agglo Athl\u00e9tisme","og_description":"Venez supporter tous les athl\u00e8tes du L2A53 sur la 30\u00e8me \u00e9dition des 10km , Semi Marathon et Marathon des \u00e9cluses sur une ann\u00e9e RECORD en terme de participation avec la barre des 5000 inscrits qui vient d&rsquo;\u00eatre franchie avant les inscriptions de derni\u00e8re minute sur l&rsquo;ESPACE SCOMAN \u00e0 LAVAL ce samedi de 13h \u00e0 19h00 &#8230; 3580 sur 10km, 1075 sur le semi marathon et 480 sur le Marathon avec de nombreux athl\u00e8tes du CLUB qui voudront briller sur la course Hors Stade la plus populaire du d\u00e9partement ! Sur le 10km , B\u00e9renger CHAUVIN remettra son titre en jeu apr\u00e8s sa superbe victoire en 2024 et un chrono de 30&rsquo;46 alors que Gwendal POUSSEREAU tentera de lui emboiter le pas &#8230; Chez les f\u00e9minines , c&rsquo;est une jolie \u00e9quipe qui se pr\u00e9sentera sur la ligne de d\u00e9part \u00e0 CHANGE avec B\u00e9r\u00e9nice LERIOUX, Laurine TOUTIN , Camille LEON ou Solene DUFRESNE LEGAY &#8230; Sur le semi Marathon, le Master Tony FOULON de retour de blessure repr\u00e9sentera le CLUB avec sa fougue habituelle &#8230; Sur l&rsquo;\u00e9preuve reine du Marathon , les masters Ludovic LEMONNIER et Maxime FEVRIER auront fort \u00e0 faire avec quelques favoris hors d\u00e9partement mais peuvent esp\u00e9rer int\u00e9grer le TOP 5 de l&rsquo;\u00e9preuve.","og_url":"https:\/\/www.lavalaggloathle53.fr\/index.php\/2025\/09\/26\/tous-aux-ecluses-de-la-mayenne\/","og_site_name":"Laval Agglo Athl\u00e9tisme","article_publisher":"https:\/\/www.facebook.com\/stadelavalloisathletisme","article_published_time":"2025-09-26T21:05:52+00:00","article_modified_time":"2025-09-28T05:32:26+00:00","og_image":[{"width":724,"height":1024,"url":"https:\/\/www.lavalaggloathle53.fr\/wp-content\/uploads\/2025\/09\/Affiche-Marathon-des-Ecluses-de-la-Mayenne-724x1024-1.jpg","type":"image\/jpeg"}],"author":"Pascal BISSON","twitter_card":"summary_large_image","twitter_misc":{"\u00c9crit par":"Pascal BISSON","Dur\u00e9e de lecture estim\u00e9e":"4 minutes"},"schema":{"@context":"https:\/\/schema.org","@graph":[{"@type":"Article","@id":"https:\/\/www.lavalaggloathle53.fr\/index.php\/2025\/09\/26\/tous-aux-ecluses-de-la-mayenne\/#article","isPartOf":{"@id":"https:\/\/www.lavalaggloathle53.fr\/index.php\/2025\/09\/26\/tous-aux-ecluses-de-la-mayenne\/"},"author":{"name":"Pascal BISSON","@id":"https:\/\/www.lavalaggloathle53.fr\/#\/schema\/person\/979647d1a9707730d91bfc766caadc0b"},"headline":"Tous aux \u00e9cluses de la Mayenne !!!","datePublished":"2025-09-26T21:05:52+00:00","dateModified":"2025-09-28T05:32:26+00:00","mainEntityOfPage":{"@id":"https:\/\/www.lavalaggloathle53.fr\/index.php\/2025\/09\/26\/tous-aux-ecluses-de-la-mayenne\/"},"wordCount":211,"commentCount":1,"image":{"@id":"https:\/\/www.lavalaggloathle53.fr\/index.php\/2025\/09\/26\/tous-aux-ecluses-de-la-mayenne\/#primaryimage"},"thumbnailUrl":"https:\/\/www.lavalaggloathle53.fr\/wp-content\/uploads\/2025\/09\/Affiche-Marathon-des-Ecluses-de-la-Mayenne-724x1024-1.jpg","articleSection":["Actualit\u00e9s","Comp\u00e9tition","Loisirs","Marche nordique","Sport sant\u00e9"],"inLanguage":"fr-FR","potentialAction":[{"@type":"CommentAction","name":"Comment","target":["https:\/\/www.lavalaggloathle53.fr\/index.php\/2025\/09\/26\/tous-aux-ecluses-de-la-mayenne\/#respond"]}]},{"@type":"WebPage","@id":"https:\/\/www.lavalaggloathle53.fr\/index.php\/2025\/09\/26\/tous-aux-ecluses-de-la-mayenne\/","url":"https:\/\/www.lavalaggloathle53.fr\/index.php\/2025\/09\/26\/tous-aux-ecluses-de-la-mayenne\/","name":"Tous aux \u00e9cluses de la Mayenne !!! - Laval Agglo Athl\u00e9tisme","isPartOf":{"@id":"https:\/\/www.lavalaggloathle53.fr\/#website"},"primaryImageOfPage":{"@id":"https:\/\/www.lavalaggloathle53.fr\/index.php\/2025\/09\/26\/tous-aux-ecluses-de-la-mayenne\/#primaryimage"},"image":{"@id":"https:\/\/www.lavalaggloathle53.fr\/index.php\/2025\/09\/26\/tous-aux-ecluses-de-la-mayenne\/#primaryimage"},"thumbnailUrl":"https:\/\/www.lavalaggloathle53.fr\/wp-content\/uploads\/2025\/09\/Affiche-Marathon-des-Ecluses-de-la-Mayenne-724x1024-1.jpg","datePublished":"2025-09-26T21:05:52+00:00","dateModified":"2025-09-28T05:32:26+00:00","author":{"@id":"https:\/\/www.lavalaggloathle53.fr\/#\/schema\/person\/979647d1a9707730d91bfc766caadc0b"},"breadcrumb":{"@id":"https:\/\/www.lavalaggloathle53.fr\/index.php\/2025\/09\/26\/tous-aux-ecluses-de-la-mayenne\/#breadcrumb"},"inLanguage":"fr-FR","potentialAction":[{"@type":"ReadAction","target":["https:\/\/www.lavalaggloathle53.fr\/index.php\/2025\/09\/26\/tous-aux-ecluses-de-la-mayenne\/"]}]},{"@type":"ImageObject","inLanguage":"fr-FR","@id":"https:\/\/www.lavalaggloathle53.fr\/index.php\/2025\/09\/26\/tous-aux-ecluses-de-la-mayenne\/#primaryimage","url":"https:\/\/www.lavalaggloathle53.fr\/wp-content\/uploads\/2025\/09\/Affiche-Marathon-des-Ecluses-de-la-Mayenne-724x1024-1.jpg","contentUrl":"https:\/\/www.lavalaggloathle53.fr\/wp-content\/uploads\/2025\/09\/Affiche-Marathon-des-Ecluses-de-la-Mayenne-724x1024-1.jpg","width":724,"height":1024},{"@type":"BreadcrumbList","@id":"https:\/\/www.lavalaggloathle53.fr\/index.php\/2025\/09\/26\/tous-aux-ecluses-de-la-mayenne\/#breadcrumb","itemListElement":[{"@type":"ListItem","position":1,"name":"Accueil","item":"https:\/\/www.lavalaggloathle53.fr\/"},{"@type":"ListItem","position":2,"name":"Tous aux \u00e9cluses de la Mayenne !!!"}]},{"@type":"WebSite","@id":"https:\/\/www.lavalaggloathle53.fr\/#website","url":"https:\/\/www.lavalaggloathle53.fr\/","name":"Laval Agglo Athl\u00e9tisme","description":"L&#039;athl\u00e9, un sport pour tous","alternateName":"L2A53","potentialAction":[{"@type":"SearchAction","target":{"@type":"EntryPoint","urlTemplate":"https:\/\/www.lavalaggloathle53.fr\/?s={search_term_string}"},"query-input":{"@type":"PropertyValueSpecification","valueRequired":true,"valueName":"search_term_string"}}],"inLanguage":"fr-FR"},{"@type":"Person","@id":"https:\/\/www.lavalaggloathle53.fr\/#\/schema\/person\/979647d1a9707730d91bfc766caadc0b","name":"Pascal BISSON","image":{"@type":"ImageObject","inLanguage":"fr-FR","@id":"https:\/\/secure.gravatar.com\/avatar\/59596d86ade6d559609912f789f6ddaf324a4bb824fbedeaf0ccebc5c1967658?s=96&d=mm&r=g","url":"https:\/\/secure.gravatar.com\/avatar\/59596d86ade6d559609912f789f6ddaf324a4bb824fbedeaf0ccebc5c1967658?s=96&d=mm&r=g","contentUrl":"https:\/\/secure.gravatar.com\/avatar\/59596d86ade6d559609912f789f6ddaf324a4bb824fbedeaf0ccebc5c1967658?s=96&d=mm&r=g","caption":"Pascal BISSON"},"sameAs":["https:\/\/www.lavalaggloathle53.fr"],"url":"https:\/\/www.lavalaggloathle53.fr\/index.php\/author\/bis53\/"}]}},"_links":{"self":[{"href":"https:\/\/www.lavalaggloathle53.fr\/index.php\/wp-json\/wp\/v2\/posts\/8925","targetHints":{"allow":["GET"]}}],"collection":[{"href":"https:\/\/www.lavalaggloathle53.fr\/index.php\/wp-json\/wp\/v2\/posts"}],"about":[{"href":"https:\/\/www.lavalaggloathle53.fr\/index.php\/wp-json\/wp\/v2\/types\/post"}],"author":[{"embeddable":true,"href":"https:\/\/www.lavalaggloathle53.fr\/index.php\/wp-json\/wp\/v2\/users\/4"}],"replies":[{"embeddable":true,"href":"https:\/\/www.lavalaggloathle53.fr\/index.php\/wp-json\/wp\/v2\/comments?post=8925"}],"version-history":[{"count":2,"href":"https:\/\/www.lavalaggloathle53.fr\/index.php\/wp-json\/wp\/v2\/posts\/8925\/revisions"}],"predecessor-version":[{"id":8939,"href":"https:\/\/www.lavalaggloathle53.fr\/index.php\/wp-json\/wp\/v2\/posts\/8925\/revisions\/8939"}],"wp:featuredmedia":[{"embeddable":true,"href":"https:\/\/www.lavalaggloathle53.fr\/index.php\/wp-json\/wp\/v2\/media\/8926"}],"wp:attachment":[{"href":"https:\/\/www.lavalaggloathle53.fr\/index.php\/wp-json\/wp\/v2\/media?parent=8925"}],"wp:term":[{"taxonomy":"category","embeddable":true,"href":"https:\/\/www.lavalaggloathle53.fr\/index.php\/wp-json\/wp\/v2\/categories?post=8925"},{"taxonomy":"post_tag","embeddable":true,"href":"https:\/\/www.lavalaggloathle53.fr\/index.php\/wp-json\/wp\/v2\/tags?post=8925"}],"curies":[{"name":"wp","href":"https:\/\/api.w.org\/{rel}","templated":true}]}}