{"id":8796,"date":"2025-08-30T13:21:55","date_gmt":"2025-08-30T11:21:55","guid":{"rendered":"https:\/\/www.lavalaggloathle53.fr\/?p=8796"},"modified":"2025-08-30T13:52:38","modified_gmt":"2025-08-30T11:52:38","slug":"cest-la-rentree-au-l2a53-stade-lavallois-athletisme-inscrivez-vous-ou-participez-a-nos-portes-ouvertes","status":"publish","type":"post","link":"https:\/\/www.lavalaggloathle53.fr\/index.php\/2025\/08\/30\/cest-la-rentree-au-l2a53-stade-lavallois-athletisme-inscrivez-vous-ou-participez-a-nos-portes-ouvertes\/","title":{"rendered":"C&rsquo;est la rentr\u00e9e au L2A53-Stade Lavallois Athl\u00e9tisme : INSCRIVEZ-VOUS ou participez \u00e0 nos portes ouvertes &#8230;"},"content":{"rendered":"\n<p class=\"has-vivid-cyan-blue-color has-pale-cyan-blue-background-color has-text-color has-background has-link-color wp-elements-8ba73cae065c36862e247b1ad52b1b84\"><strong>Portes ouvertes au Stade Manu\u00e9la MONTEBRUN et au PALINDROME de 14hOO \u00e0 17H00<\/strong>, le <strong>Samedi 06 septembre 2025<\/strong> ou retrouvez nous lors du <strong>FORUM des associations<\/strong> de 9H00 \u00e0 18H00 \u00e0 la Salle Polyvalente de LAVAL &#8230;<\/p>\n\n\n\n<p><\/p>\n\n\n\n<figure><img decoding=\"async\" src=\"https:\/\/www.lavalaggloathle53.fr\/wp-content\/uploads\/2025\/08\/Affiche-horaires-V4-724x1024.jpg\" alt=\"\" style=\"width:840px;height:auto\"\/><\/figure>\n\n\n\n<p><\/p>\n","protected":false},"excerpt":{"rendered":"<p>Portes ouvertes au Stade Manu\u00e9la MONTEBRUN et au PALINDROME de 14hOO \u00e0 17H00, le Samedi 06 septembre 2025 ou retrouvez nous lors du FORUM des associations de 9H00 \u00e0 18H00 \u00e0 la Salle Polyvalente de LAVAL &#8230;<\/p>\n","protected":false},"author":4,"featured_media":8797,"comment_status":"open","ping_status":"closed","sticky":true,"template":"","format":"standard","meta":{"footnotes":""},"categories":[14,15,16,18],"tags":[],"class_list":["post-8796","post","type-post","status-publish","format-standard","has-post-thumbnail","hentry","category-actualites","category-competition","category-loisirs","category-marche_nordique"],"yoast_head":"<!-- This site is optimized with the Yoast SEO plugin v27.2 - https:\/\/yoast.com\/product\/yoast-seo-wordpress\/ -->\n<title>C&#039;est la rentr\u00e9e au L2A53-Stade Lavallois Athl\u00e9tisme : INSCRIVEZ-VOUS ou participez \u00e0 nos portes ouvertes ... - Laval Agglo Athl\u00e9tisme<\/title>\n<meta name=\"robots\" content=\"index, follow, max-snippet:-1, max-image-preview:large, max-video-preview:-1\" \/>\n<link rel=\"canonical\" href=\"https:\/\/www.lavalaggloathle53.fr\/index.php\/2025\/08\/30\/cest-la-rentree-au-l2a53-stade-lavallois-athletisme-inscrivez-vous-ou-participez-a-nos-portes-ouvertes\/\" \/>\n<meta property=\"og:locale\" content=\"fr_FR\" \/>\n<meta property=\"og:type\" content=\"article\" \/>\n<meta property=\"og:title\" content=\"C&#039;est la rentr\u00e9e au L2A53-Stade Lavallois Athl\u00e9tisme : INSCRIVEZ-VOUS ou participez \u00e0 nos portes ouvertes ... - Laval Agglo Athl\u00e9tisme\" \/>\n<meta property=\"og:description\" content=\"Portes ouvertes au Stade Manu\u00e9la MONTEBRUN et au PALINDROME de 14hOO \u00e0 17H00, le Samedi 06 septembre 2025 ou retrouvez nous lors du FORUM des associations de 9H00 \u00e0 18H00 \u00e0 la Salle Polyvalente de LAVAL &#8230;\" \/>\n<meta property=\"og:url\" content=\"https:\/\/www.lavalaggloathle53.fr\/index.php\/2025\/08\/30\/cest-la-rentree-au-l2a53-stade-lavallois-athletisme-inscrivez-vous-ou-participez-a-nos-portes-ouvertes\/\" \/>\n<meta property=\"og:site_name\" content=\"Laval Agglo Athl\u00e9tisme\" \/>\n<meta property=\"article:publisher\" content=\"https:\/\/www.facebook.com\/stadelavalloisathletisme\" \/>\n<meta property=\"article:published_time\" content=\"2025-08-30T11:21:55+00:00\" \/>\n<meta property=\"article:modified_time\" content=\"2025-08-30T11:52:38+00:00\" \/>\n<meta property=\"og:image\" content=\"https:\/\/www.lavalaggloathle53.fr\/wp-content\/uploads\/2025\/08\/Affiche-horaires-V4-scaled.jpg\" \/>\n\t<meta property=\"og:image:width\" content=\"1810\" \/>\n\t<meta property=\"og:image:height\" content=\"2560\" \/>\n\t<meta property=\"og:image:type\" content=\"image\/jpeg\" \/>\n<meta name=\"author\" content=\"Pascal BISSON\" \/>\n<meta name=\"twitter:card\" content=\"summary_large_image\" \/>\n<meta name=\"twitter:label1\" content=\"\u00c9crit par\" \/>\n\t<meta name=\"twitter:data1\" content=\"Pascal BISSON\" \/>\n\t<meta name=\"twitter:label2\" content=\"Dur\u00e9e de lecture estim\u00e9e\" \/>\n\t<meta name=\"twitter:data2\" content=\"1 minute\" \/>\n<script type=\"application\/ld+json\" class=\"yoast-schema-graph\">{\"@context\":\"https:\/\/schema.org\",\"@graph\":[{\"@type\":\"Article\",\"@id\":\"https:\/\/www.lavalaggloathle53.fr\/index.php\/2025\/08\/30\/cest-la-rentree-au-l2a53-stade-lavallois-athletisme-inscrivez-vous-ou-participez-a-nos-portes-ouvertes\/#article\",\"isPartOf\":{\"@id\":\"https:\/\/www.lavalaggloathle53.fr\/index.php\/2025\/08\/30\/cest-la-rentree-au-l2a53-stade-lavallois-athletisme-inscrivez-vous-ou-participez-a-nos-portes-ouvertes\/\"},\"author\":{\"name\":\"Pascal BISSON\",\"@id\":\"https:\/\/www.lavalaggloathle53.fr\/#\/schema\/person\/979647d1a9707730d91bfc766caadc0b\"},\"headline\":\"C&rsquo;est la rentr\u00e9e au L2A53-Stade Lavallois Athl\u00e9tisme : INSCRIVEZ-VOUS ou participez \u00e0 nos portes ouvertes &#8230;\",\"datePublished\":\"2025-08-30T11:21:55+00:00\",\"dateModified\":\"2025-08-30T11:52:38+00:00\",\"mainEntityOfPage\":{\"@id\":\"https:\/\/www.lavalaggloathle53.fr\/index.php\/2025\/08\/30\/cest-la-rentree-au-l2a53-stade-lavallois-athletisme-inscrivez-vous-ou-participez-a-nos-portes-ouvertes\/\"},\"wordCount\":50,\"commentCount\":0,\"image\":{\"@id\":\"https:\/\/www.lavalaggloathle53.fr\/index.php\/2025\/08\/30\/cest-la-rentree-au-l2a53-stade-lavallois-athletisme-inscrivez-vous-ou-participez-a-nos-portes-ouvertes\/#primaryimage\"},\"thumbnailUrl\":\"https:\/\/www.lavalaggloathle53.fr\/wp-content\/uploads\/2025\/08\/Affiche-horaires-V4-scaled.jpg\",\"articleSection\":[\"Actualit\u00e9s\",\"Comp\u00e9tition\",\"Loisirs\",\"Marche nordique\"],\"inLanguage\":\"fr-FR\",\"potentialAction\":[{\"@type\":\"CommentAction\",\"name\":\"Comment\",\"target\":[\"https:\/\/www.lavalaggloathle53.fr\/index.php\/2025\/08\/30\/cest-la-rentree-au-l2a53-stade-lavallois-athletisme-inscrivez-vous-ou-participez-a-nos-portes-ouvertes\/#respond\"]}]},{\"@type\":\"WebPage\",\"@id\":\"https:\/\/www.lavalaggloathle53.fr\/index.php\/2025\/08\/30\/cest-la-rentree-au-l2a53-stade-lavallois-athletisme-inscrivez-vous-ou-participez-a-nos-portes-ouvertes\/\",\"url\":\"https:\/\/www.lavalaggloathle53.fr\/index.php\/2025\/08\/30\/cest-la-rentree-au-l2a53-stade-lavallois-athletisme-inscrivez-vous-ou-participez-a-nos-portes-ouvertes\/\",\"name\":\"C'est la rentr\u00e9e au L2A53-Stade Lavallois Athl\u00e9tisme : INSCRIVEZ-VOUS ou participez \u00e0 nos portes ouvertes ... - Laval Agglo Athl\u00e9tisme\",\"isPartOf\":{\"@id\":\"https:\/\/www.lavalaggloathle53.fr\/#website\"},\"primaryImageOfPage\":{\"@id\":\"https:\/\/www.lavalaggloathle53.fr\/index.php\/2025\/08\/30\/cest-la-rentree-au-l2a53-stade-lavallois-athletisme-inscrivez-vous-ou-participez-a-nos-portes-ouvertes\/#primaryimage\"},\"image\":{\"@id\":\"https:\/\/www.lavalaggloathle53.fr\/index.php\/2025\/08\/30\/cest-la-rentree-au-l2a53-stade-lavallois-athletisme-inscrivez-vous-ou-participez-a-nos-portes-ouvertes\/#primaryimage\"},\"thumbnailUrl\":\"https:\/\/www.lavalaggloathle53.fr\/wp-content\/uploads\/2025\/08\/Affiche-horaires-V4-scaled.jpg\",\"datePublished\":\"2025-08-30T11:21:55+00:00\",\"dateModified\":\"2025-08-30T11:52:38+00:00\",\"author\":{\"@id\":\"https:\/\/www.lavalaggloathle53.fr\/#\/schema\/person\/979647d1a9707730d91bfc766caadc0b\"},\"breadcrumb\":{\"@id\":\"https:\/\/www.lavalaggloathle53.fr\/index.php\/2025\/08\/30\/cest-la-rentree-au-l2a53-stade-lavallois-athletisme-inscrivez-vous-ou-participez-a-nos-portes-ouvertes\/#breadcrumb\"},\"inLanguage\":\"fr-FR\",\"potentialAction\":[{\"@type\":\"ReadAction\",\"target\":[\"https:\/\/www.lavalaggloathle53.fr\/index.php\/2025\/08\/30\/cest-la-rentree-au-l2a53-stade-lavallois-athletisme-inscrivez-vous-ou-participez-a-nos-portes-ouvertes\/\"]}]},{\"@type\":\"ImageObject\",\"inLanguage\":\"fr-FR\",\"@id\":\"https:\/\/www.lavalaggloathle53.fr\/index.php\/2025\/08\/30\/cest-la-rentree-au-l2a53-stade-lavallois-athletisme-inscrivez-vous-ou-participez-a-nos-portes-ouvertes\/#primaryimage\",\"url\":\"https:\/\/www.lavalaggloathle53.fr\/wp-content\/uploads\/2025\/08\/Affiche-horaires-V4-scaled.jpg\",\"contentUrl\":\"https:\/\/www.lavalaggloathle53.fr\/wp-content\/uploads\/2025\/08\/Affiche-horaires-V4-scaled.jpg\",\"width\":1810,\"height\":2560},{\"@type\":\"BreadcrumbList\",\"@id\":\"https:\/\/www.lavalaggloathle53.fr\/index.php\/2025\/08\/30\/cest-la-rentree-au-l2a53-stade-lavallois-athletisme-inscrivez-vous-ou-participez-a-nos-portes-ouvertes\/#breadcrumb\",\"itemListElement\":[{\"@type\":\"ListItem\",\"position\":1,\"name\":\"Accueil\",\"item\":\"https:\/\/www.lavalaggloathle53.fr\/\"},{\"@type\":\"ListItem\",\"position\":2,\"name\":\"C&rsquo;est la rentr\u00e9e au L2A53-Stade Lavallois Athl\u00e9tisme : INSCRIVEZ-VOUS ou participez \u00e0 nos portes ouvertes &#8230;\"}]},{\"@type\":\"WebSite\",\"@id\":\"https:\/\/www.lavalaggloathle53.fr\/#website\",\"url\":\"https:\/\/www.lavalaggloathle53.fr\/\",\"name\":\"Laval Agglo Athl\u00e9tisme\",\"description\":\"L&#039;athl\u00e9, un sport pour tous\",\"alternateName\":\"L2A53\",\"potentialAction\":[{\"@type\":\"SearchAction\",\"target\":{\"@type\":\"EntryPoint\",\"urlTemplate\":\"https:\/\/www.lavalaggloathle53.fr\/?s={search_term_string}\"},\"query-input\":{\"@type\":\"PropertyValueSpecification\",\"valueRequired\":true,\"valueName\":\"search_term_string\"}}],\"inLanguage\":\"fr-FR\"},{\"@type\":\"Person\",\"@id\":\"https:\/\/www.lavalaggloathle53.fr\/#\/schema\/person\/979647d1a9707730d91bfc766caadc0b\",\"name\":\"Pascal BISSON\",\"image\":{\"@type\":\"ImageObject\",\"inLanguage\":\"fr-FR\",\"@id\":\"https:\/\/secure.gravatar.com\/avatar\/59596d86ade6d559609912f789f6ddaf324a4bb824fbedeaf0ccebc5c1967658?s=96&d=mm&r=g\",\"url\":\"https:\/\/secure.gravatar.com\/avatar\/59596d86ade6d559609912f789f6ddaf324a4bb824fbedeaf0ccebc5c1967658?s=96&d=mm&r=g\",\"contentUrl\":\"https:\/\/secure.gravatar.com\/avatar\/59596d86ade6d559609912f789f6ddaf324a4bb824fbedeaf0ccebc5c1967658?s=96&d=mm&r=g\",\"caption\":\"Pascal BISSON\"},\"sameAs\":[\"https:\/\/www.lavalaggloathle53.fr\"],\"url\":\"https:\/\/www.lavalaggloathle53.fr\/index.php\/author\/bis53\/\"}]}<\/script>\n<!-- \/ Yoast SEO plugin. -->","yoast_head_json":{"title":"C'est la rentr\u00e9e au L2A53-Stade Lavallois Athl\u00e9tisme : INSCRIVEZ-VOUS ou participez \u00e0 nos portes ouvertes ... - Laval Agglo Athl\u00e9tisme","robots":{"index":"index","follow":"follow","max-snippet":"max-snippet:-1","max-image-preview":"max-image-preview:large","max-video-preview":"max-video-preview:-1"},"canonical":"https:\/\/www.lavalaggloathle53.fr\/index.php\/2025\/08\/30\/cest-la-rentree-au-l2a53-stade-lavallois-athletisme-inscrivez-vous-ou-participez-a-nos-portes-ouvertes\/","og_locale":"fr_FR","og_type":"article","og_title":"C'est la rentr\u00e9e au L2A53-Stade Lavallois Athl\u00e9tisme : INSCRIVEZ-VOUS ou participez \u00e0 nos portes ouvertes ... - Laval Agglo Athl\u00e9tisme","og_description":"Portes ouvertes au Stade Manu\u00e9la MONTEBRUN et au PALINDROME de 14hOO \u00e0 17H00, le Samedi 06 septembre 2025 ou retrouvez nous lors du FORUM des associations de 9H00 \u00e0 18H00 \u00e0 la Salle Polyvalente de LAVAL &#8230;","og_url":"https:\/\/www.lavalaggloathle53.fr\/index.php\/2025\/08\/30\/cest-la-rentree-au-l2a53-stade-lavallois-athletisme-inscrivez-vous-ou-participez-a-nos-portes-ouvertes\/","og_site_name":"Laval Agglo Athl\u00e9tisme","article_publisher":"https:\/\/www.facebook.com\/stadelavalloisathletisme","article_published_time":"2025-08-30T11:21:55+00:00","article_modified_time":"2025-08-30T11:52:38+00:00","og_image":[{"width":1810,"height":2560,"url":"https:\/\/www.lavalaggloathle53.fr\/wp-content\/uploads\/2025\/08\/Affiche-horaires-V4-scaled.jpg","type":"image\/jpeg"}],"author":"Pascal BISSON","twitter_card":"summary_large_image","twitter_misc":{"\u00c9crit par":"Pascal BISSON","Dur\u00e9e de lecture estim\u00e9e":"1 minute"},"schema":{"@context":"https:\/\/schema.org","@graph":[{"@type":"Article","@id":"https:\/\/www.lavalaggloathle53.fr\/index.php\/2025\/08\/30\/cest-la-rentree-au-l2a53-stade-lavallois-athletisme-inscrivez-vous-ou-participez-a-nos-portes-ouvertes\/#article","isPartOf":{"@id":"https:\/\/www.lavalaggloathle53.fr\/index.php\/2025\/08\/30\/cest-la-rentree-au-l2a53-stade-lavallois-athletisme-inscrivez-vous-ou-participez-a-nos-portes-ouvertes\/"},"author":{"name":"Pascal BISSON","@id":"https:\/\/www.lavalaggloathle53.fr\/#\/schema\/person\/979647d1a9707730d91bfc766caadc0b"},"headline":"C&rsquo;est la rentr\u00e9e au L2A53-Stade Lavallois Athl\u00e9tisme : INSCRIVEZ-VOUS ou participez \u00e0 nos portes ouvertes &#8230;","datePublished":"2025-08-30T11:21:55+00:00","dateModified":"2025-08-30T11:52:38+00:00","mainEntityOfPage":{"@id":"https:\/\/www.lavalaggloathle53.fr\/index.php\/2025\/08\/30\/cest-la-rentree-au-l2a53-stade-lavallois-athletisme-inscrivez-vous-ou-participez-a-nos-portes-ouvertes\/"},"wordCount":50,"commentCount":0,"image":{"@id":"https:\/\/www.lavalaggloathle53.fr\/index.php\/2025\/08\/30\/cest-la-rentree-au-l2a53-stade-lavallois-athletisme-inscrivez-vous-ou-participez-a-nos-portes-ouvertes\/#primaryimage"},"thumbnailUrl":"https:\/\/www.lavalaggloathle53.fr\/wp-content\/uploads\/2025\/08\/Affiche-horaires-V4-scaled.jpg","articleSection":["Actualit\u00e9s","Comp\u00e9tition","Loisirs","Marche nordique"],"inLanguage":"fr-FR","potentialAction":[{"@type":"CommentAction","name":"Comment","target":["https:\/\/www.lavalaggloathle53.fr\/index.php\/2025\/08\/30\/cest-la-rentree-au-l2a53-stade-lavallois-athletisme-inscrivez-vous-ou-participez-a-nos-portes-ouvertes\/#respond"]}]},{"@type":"WebPage","@id":"https:\/\/www.lavalaggloathle53.fr\/index.php\/2025\/08\/30\/cest-la-rentree-au-l2a53-stade-lavallois-athletisme-inscrivez-vous-ou-participez-a-nos-portes-ouvertes\/","url":"https:\/\/www.lavalaggloathle53.fr\/index.php\/2025\/08\/30\/cest-la-rentree-au-l2a53-stade-lavallois-athletisme-inscrivez-vous-ou-participez-a-nos-portes-ouvertes\/","name":"C'est la rentr\u00e9e au L2A53-Stade Lavallois Athl\u00e9tisme : INSCRIVEZ-VOUS ou participez \u00e0 nos portes ouvertes ... - Laval Agglo Athl\u00e9tisme","isPartOf":{"@id":"https:\/\/www.lavalaggloathle53.fr\/#website"},"primaryImageOfPage":{"@id":"https:\/\/www.lavalaggloathle53.fr\/index.php\/2025\/08\/30\/cest-la-rentree-au-l2a53-stade-lavallois-athletisme-inscrivez-vous-ou-participez-a-nos-portes-ouvertes\/#primaryimage"},"image":{"@id":"https:\/\/www.lavalaggloathle53.fr\/index.php\/2025\/08\/30\/cest-la-rentree-au-l2a53-stade-lavallois-athletisme-inscrivez-vous-ou-participez-a-nos-portes-ouvertes\/#primaryimage"},"thumbnailUrl":"https:\/\/www.lavalaggloathle53.fr\/wp-content\/uploads\/2025\/08\/Affiche-horaires-V4-scaled.jpg","datePublished":"2025-08-30T11:21:55+00:00","dateModified":"2025-08-30T11:52:38+00:00","author":{"@id":"https:\/\/www.lavalaggloathle53.fr\/#\/schema\/person\/979647d1a9707730d91bfc766caadc0b"},"breadcrumb":{"@id":"https:\/\/www.lavalaggloathle53.fr\/index.php\/2025\/08\/30\/cest-la-rentree-au-l2a53-stade-lavallois-athletisme-inscrivez-vous-ou-participez-a-nos-portes-ouvertes\/#breadcrumb"},"inLanguage":"fr-FR","potentialAction":[{"@type":"ReadAction","target":["https:\/\/www.lavalaggloathle53.fr\/index.php\/2025\/08\/30\/cest-la-rentree-au-l2a53-stade-lavallois-athletisme-inscrivez-vous-ou-participez-a-nos-portes-ouvertes\/"]}]},{"@type":"ImageObject","inLanguage":"fr-FR","@id":"https:\/\/www.lavalaggloathle53.fr\/index.php\/2025\/08\/30\/cest-la-rentree-au-l2a53-stade-lavallois-athletisme-inscrivez-vous-ou-participez-a-nos-portes-ouvertes\/#primaryimage","url":"https:\/\/www.lavalaggloathle53.fr\/wp-content\/uploads\/2025\/08\/Affiche-horaires-V4-scaled.jpg","contentUrl":"https:\/\/www.lavalaggloathle53.fr\/wp-content\/uploads\/2025\/08\/Affiche-horaires-V4-scaled.jpg","width":1810,"height":2560},{"@type":"BreadcrumbList","@id":"https:\/\/www.lavalaggloathle53.fr\/index.php\/2025\/08\/30\/cest-la-rentree-au-l2a53-stade-lavallois-athletisme-inscrivez-vous-ou-participez-a-nos-portes-ouvertes\/#breadcrumb","itemListElement":[{"@type":"ListItem","position":1,"name":"Accueil","item":"https:\/\/www.lavalaggloathle53.fr\/"},{"@type":"ListItem","position":2,"name":"C&rsquo;est la rentr\u00e9e au L2A53-Stade Lavallois Athl\u00e9tisme : INSCRIVEZ-VOUS ou participez \u00e0 nos portes ouvertes &#8230;"}]},{"@type":"WebSite","@id":"https:\/\/www.lavalaggloathle53.fr\/#website","url":"https:\/\/www.lavalaggloathle53.fr\/","name":"Laval Agglo Athl\u00e9tisme","description":"L&#039;athl\u00e9, un sport pour tous","alternateName":"L2A53","potentialAction":[{"@type":"SearchAction","target":{"@type":"EntryPoint","urlTemplate":"https:\/\/www.lavalaggloathle53.fr\/?s={search_term_string}"},"query-input":{"@type":"PropertyValueSpecification","valueRequired":true,"valueName":"search_term_string"}}],"inLanguage":"fr-FR"},{"@type":"Person","@id":"https:\/\/www.lavalaggloathle53.fr\/#\/schema\/person\/979647d1a9707730d91bfc766caadc0b","name":"Pascal BISSON","image":{"@type":"ImageObject","inLanguage":"fr-FR","@id":"https:\/\/secure.gravatar.com\/avatar\/59596d86ade6d559609912f789f6ddaf324a4bb824fbedeaf0ccebc5c1967658?s=96&d=mm&r=g","url":"https:\/\/secure.gravatar.com\/avatar\/59596d86ade6d559609912f789f6ddaf324a4bb824fbedeaf0ccebc5c1967658?s=96&d=mm&r=g","contentUrl":"https:\/\/secure.gravatar.com\/avatar\/59596d86ade6d559609912f789f6ddaf324a4bb824fbedeaf0ccebc5c1967658?s=96&d=mm&r=g","caption":"Pascal BISSON"},"sameAs":["https:\/\/www.lavalaggloathle53.fr"],"url":"https:\/\/www.lavalaggloathle53.fr\/index.php\/author\/bis53\/"}]}},"_links":{"self":[{"href":"https:\/\/www.lavalaggloathle53.fr\/index.php\/wp-json\/wp\/v2\/posts\/8796","targetHints":{"allow":["GET"]}}],"collection":[{"href":"https:\/\/www.lavalaggloathle53.fr\/index.php\/wp-json\/wp\/v2\/posts"}],"about":[{"href":"https:\/\/www.lavalaggloathle53.fr\/index.php\/wp-json\/wp\/v2\/types\/post"}],"author":[{"embeddable":true,"href":"https:\/\/www.lavalaggloathle53.fr\/index.php\/wp-json\/wp\/v2\/users\/4"}],"replies":[{"embeddable":true,"href":"https:\/\/www.lavalaggloathle53.fr\/index.php\/wp-json\/wp\/v2\/comments?post=8796"}],"version-history":[{"count":8,"href":"https:\/\/www.lavalaggloathle53.fr\/index.php\/wp-json\/wp\/v2\/posts\/8796\/revisions"}],"predecessor-version":[{"id":8809,"href":"https:\/\/www.lavalaggloathle53.fr\/index.php\/wp-json\/wp\/v2\/posts\/8796\/revisions\/8809"}],"wp:featuredmedia":[{"embeddable":true,"href":"https:\/\/www.lavalaggloathle53.fr\/index.php\/wp-json\/wp\/v2\/media\/8797"}],"wp:attachment":[{"href":"https:\/\/www.lavalaggloathle53.fr\/index.php\/wp-json\/wp\/v2\/media?parent=8796"}],"wp:term":[{"taxonomy":"category","embeddable":true,"href":"https:\/\/www.lavalaggloathle53.fr\/index.php\/wp-json\/wp\/v2\/categories?post=8796"},{"taxonomy":"post_tag","embeddable":true,"href":"https:\/\/www.lavalaggloathle53.fr\/index.php\/wp-json\/wp\/v2\/tags?post=8796"}],"curies":[{"name":"wp","href":"https:\/\/api.w.org\/{rel}","templated":true}]}}