{"id":8783,"date":"2025-08-24T16:19:27","date_gmt":"2025-08-24T14:19:27","guid":{"rendered":"https:\/\/www.lavalaggloathle53.fr\/?p=8783"},"modified":"2025-08-24T16:24:56","modified_gmt":"2025-08-24T14:24:56","slug":"elementor-8783","status":"publish","type":"post","link":"https:\/\/www.lavalaggloathle53.fr\/index.php\/2025\/08\/24\/elementor-8783\/","title":{"rendered":"Marche Nordique &#8211; Journ\u00e9e Nationale"},"content":{"rendered":"\t\t<div data-elementor-type=\"wp-post\" data-elementor-id=\"8783\" class=\"elementor elementor-8783\">\n\t\t\t\t\t\t<section class=\"elementor-section elementor-top-section elementor-element elementor-element-d929bde elementor-section-boxed elementor-section-height-default elementor-section-height-default wpr-particle-no wpr-jarallax-no wpr-parallax-no wpr-sticky-section-no wpr-equal-height-no\" data-id=\"d929bde\" data-element_type=\"section\" data-e-type=\"section\">\n\t\t\t\t\t\t<div class=\"elementor-container elementor-column-gap-default\">\n\t\t\t\t\t<div class=\"elementor-column elementor-col-100 elementor-top-column elementor-element elementor-element-f0c103f\" data-id=\"f0c103f\" data-element_type=\"column\" data-e-type=\"column\">\n\t\t\t<div class=\"elementor-widget-wrap elementor-element-populated\">\n\t\t\t\t\t\t<div class=\"elementor-element elementor-element-b285987 elementor-widget elementor-widget-heading\" data-id=\"b285987\" data-element_type=\"widget\" data-e-type=\"widget\" data-widget_type=\"heading.default\">\n\t\t\t\t<div class=\"elementor-widget-container\">\n\t\t\t\t\t<h2 class=\"elementor-heading-title elementor-size-default\">Journ\u00e9e Nationale de la Marche Nordique : 13 septembre 2025<\/h2>\t\t\t\t<\/div>\n\t\t\t\t<\/div>\n\t\t\t\t\t<\/div>\n\t\t<\/div>\n\t\t\t\t\t<\/div>\n\t\t<\/section>\n\t\t\t\t<section class=\"elementor-section elementor-top-section elementor-element elementor-element-7b58a0f elementor-section-boxed elementor-section-height-default elementor-section-height-default wpr-particle-no wpr-jarallax-no wpr-parallax-no wpr-sticky-section-no wpr-equal-height-no\" data-id=\"7b58a0f\" data-element_type=\"section\" data-e-type=\"section\">\n\t\t\t\t\t\t<div class=\"elementor-container elementor-column-gap-default\">\n\t\t\t\t\t<div class=\"elementor-column elementor-col-100 elementor-top-column elementor-element elementor-element-23c6de0\" data-id=\"23c6de0\" data-element_type=\"column\" data-e-type=\"column\">\n\t\t\t<div class=\"elementor-widget-wrap elementor-element-populated\">\n\t\t\t\t\t\t<div class=\"elementor-element elementor-element-a514ed5 elementor-widget elementor-widget-image\" data-id=\"a514ed5\" data-element_type=\"widget\" data-e-type=\"widget\" data-widget_type=\"image.default\">\n\t\t\t\t<div class=\"elementor-widget-container\">\n\t\t\t\t\t\t\t\t\t\t\t\t\t\t\t<img fetchpriority=\"high\" decoding=\"async\" width=\"724\" height=\"1024\" src=\"https:\/\/www.lavalaggloathle53.fr\/wp-content\/uploads\/2025\/08\/PO-JNMN-13-09-25-724x1024.png\" class=\"attachment-large size-large wp-image-8785\" alt=\"\" srcset=\"https:\/\/www.lavalaggloathle53.fr\/wp-content\/uploads\/2025\/08\/PO-JNMN-13-09-25-724x1024.png 724w, https:\/\/www.lavalaggloathle53.fr\/wp-content\/uploads\/2025\/08\/PO-JNMN-13-09-25-212x300.png 212w, https:\/\/www.lavalaggloathle53.fr\/wp-content\/uploads\/2025\/08\/PO-JNMN-13-09-25-768x1086.png 768w, https:\/\/www.lavalaggloathle53.fr\/wp-content\/uploads\/2025\/08\/PO-JNMN-13-09-25-1086x1536.png 1086w, https:\/\/www.lavalaggloathle53.fr\/wp-content\/uploads\/2025\/08\/PO-JNMN-13-09-25.png 1414w\" sizes=\"(max-width: 724px) 100vw, 724px\" \/>\t\t\t\t\t\t\t\t\t\t\t\t\t\t\t<\/div>\n\t\t\t\t<\/div>\n\t\t\t\t\t<\/div>\n\t\t<\/div>\n\t\t\t\t\t<\/div>\n\t\t<\/section>\n\t\t\t\t<\/div>\n\t\t","protected":false},"excerpt":{"rendered":"<p>Journ\u00e9e Nationale de la Marche Nordique : 13 septembre 2025<\/p>\n","protected":false},"author":6,"featured_media":8785,"comment_status":"open","ping_status":"closed","sticky":false,"template":"","format":"standard","meta":{"footnotes":""},"categories":[14,18,19],"tags":[],"class_list":["post-8783","post","type-post","status-publish","format-standard","has-post-thumbnail","hentry","category-actualites","category-marche_nordique","category-sport_sante"],"yoast_head":"<!-- This site is optimized with the Yoast SEO plugin v27.2 - https:\/\/yoast.com\/product\/yoast-seo-wordpress\/ -->\n<title>Marche Nordique - Journ\u00e9e Nationale - Laval Agglo Athl\u00e9tisme<\/title>\n<meta name=\"robots\" content=\"index, follow, max-snippet:-1, max-image-preview:large, max-video-preview:-1\" \/>\n<link rel=\"canonical\" href=\"https:\/\/www.lavalaggloathle53.fr\/index.php\/2025\/08\/24\/elementor-8783\/\" \/>\n<meta property=\"og:locale\" content=\"fr_FR\" \/>\n<meta property=\"og:type\" content=\"article\" \/>\n<meta property=\"og:title\" content=\"Marche Nordique - Journ\u00e9e Nationale - Laval Agglo Athl\u00e9tisme\" \/>\n<meta property=\"og:description\" content=\"Journ\u00e9e Nationale de la Marche Nordique : 13 septembre 2025\" \/>\n<meta property=\"og:url\" content=\"https:\/\/www.lavalaggloathle53.fr\/index.php\/2025\/08\/24\/elementor-8783\/\" \/>\n<meta property=\"og:site_name\" content=\"Laval Agglo Athl\u00e9tisme\" \/>\n<meta property=\"article:publisher\" content=\"https:\/\/www.facebook.com\/stadelavalloisathletisme\" \/>\n<meta property=\"article:published_time\" content=\"2025-08-24T14:19:27+00:00\" \/>\n<meta property=\"article:modified_time\" content=\"2025-08-24T14:24:56+00:00\" \/>\n<meta property=\"og:image\" content=\"https:\/\/www.lavalaggloathle53.fr\/wp-content\/uploads\/2025\/08\/PO-JNMN-13-09-25.png\" \/>\n\t<meta property=\"og:image:width\" content=\"1414\" \/>\n\t<meta property=\"og:image:height\" content=\"2000\" \/>\n\t<meta property=\"og:image:type\" content=\"image\/png\" \/>\n<meta name=\"author\" content=\"veronique pieux\" \/>\n<meta name=\"twitter:card\" content=\"summary_large_image\" \/>\n<meta name=\"twitter:label1\" content=\"\u00c9crit par\" \/>\n\t<meta name=\"twitter:data1\" content=\"veronique pieux\" \/>\n\t<meta name=\"twitter:label2\" content=\"Dur\u00e9e de lecture estim\u00e9e\" \/>\n\t<meta name=\"twitter:data2\" content=\"1 minute\" \/>\n<script type=\"application\/ld+json\" class=\"yoast-schema-graph\">{\"@context\":\"https:\/\/schema.org\",\"@graph\":[{\"@type\":\"Article\",\"@id\":\"https:\/\/www.lavalaggloathle53.fr\/index.php\/2025\/08\/24\/elementor-8783\/#article\",\"isPartOf\":{\"@id\":\"https:\/\/www.lavalaggloathle53.fr\/index.php\/2025\/08\/24\/elementor-8783\/\"},\"author\":{\"name\":\"veronique pieux\",\"@id\":\"https:\/\/www.lavalaggloathle53.fr\/#\/schema\/person\/6cd9fb0822d5362cc44568933a42023a\"},\"headline\":\"Marche Nordique &#8211; Journ\u00e9e Nationale\",\"datePublished\":\"2025-08-24T14:19:27+00:00\",\"dateModified\":\"2025-08-24T14:24:56+00:00\",\"mainEntityOfPage\":{\"@id\":\"https:\/\/www.lavalaggloathle53.fr\/index.php\/2025\/08\/24\/elementor-8783\/\"},\"wordCount\":14,\"commentCount\":2,\"image\":{\"@id\":\"https:\/\/www.lavalaggloathle53.fr\/index.php\/2025\/08\/24\/elementor-8783\/#primaryimage\"},\"thumbnailUrl\":\"https:\/\/www.lavalaggloathle53.fr\/wp-content\/uploads\/2025\/08\/PO-JNMN-13-09-25.png\",\"articleSection\":[\"Actualit\u00e9s\",\"Marche nordique\",\"Sport sant\u00e9\"],\"inLanguage\":\"fr-FR\",\"potentialAction\":[{\"@type\":\"CommentAction\",\"name\":\"Comment\",\"target\":[\"https:\/\/www.lavalaggloathle53.fr\/index.php\/2025\/08\/24\/elementor-8783\/#respond\"]}]},{\"@type\":\"WebPage\",\"@id\":\"https:\/\/www.lavalaggloathle53.fr\/index.php\/2025\/08\/24\/elementor-8783\/\",\"url\":\"https:\/\/www.lavalaggloathle53.fr\/index.php\/2025\/08\/24\/elementor-8783\/\",\"name\":\"Marche Nordique - Journ\u00e9e Nationale - Laval Agglo Athl\u00e9tisme\",\"isPartOf\":{\"@id\":\"https:\/\/www.lavalaggloathle53.fr\/#website\"},\"primaryImageOfPage\":{\"@id\":\"https:\/\/www.lavalaggloathle53.fr\/index.php\/2025\/08\/24\/elementor-8783\/#primaryimage\"},\"image\":{\"@id\":\"https:\/\/www.lavalaggloathle53.fr\/index.php\/2025\/08\/24\/elementor-8783\/#primaryimage\"},\"thumbnailUrl\":\"https:\/\/www.lavalaggloathle53.fr\/wp-content\/uploads\/2025\/08\/PO-JNMN-13-09-25.png\",\"datePublished\":\"2025-08-24T14:19:27+00:00\",\"dateModified\":\"2025-08-24T14:24:56+00:00\",\"author\":{\"@id\":\"https:\/\/www.lavalaggloathle53.fr\/#\/schema\/person\/6cd9fb0822d5362cc44568933a42023a\"},\"breadcrumb\":{\"@id\":\"https:\/\/www.lavalaggloathle53.fr\/index.php\/2025\/08\/24\/elementor-8783\/#breadcrumb\"},\"inLanguage\":\"fr-FR\",\"potentialAction\":[{\"@type\":\"ReadAction\",\"target\":[\"https:\/\/www.lavalaggloathle53.fr\/index.php\/2025\/08\/24\/elementor-8783\/\"]}]},{\"@type\":\"ImageObject\",\"inLanguage\":\"fr-FR\",\"@id\":\"https:\/\/www.lavalaggloathle53.fr\/index.php\/2025\/08\/24\/elementor-8783\/#primaryimage\",\"url\":\"https:\/\/www.lavalaggloathle53.fr\/wp-content\/uploads\/2025\/08\/PO-JNMN-13-09-25.png\",\"contentUrl\":\"https:\/\/www.lavalaggloathle53.fr\/wp-content\/uploads\/2025\/08\/PO-JNMN-13-09-25.png\",\"width\":1414,\"height\":2000},{\"@type\":\"BreadcrumbList\",\"@id\":\"https:\/\/www.lavalaggloathle53.fr\/index.php\/2025\/08\/24\/elementor-8783\/#breadcrumb\",\"itemListElement\":[{\"@type\":\"ListItem\",\"position\":1,\"name\":\"Accueil\",\"item\":\"https:\/\/www.lavalaggloathle53.fr\/\"},{\"@type\":\"ListItem\",\"position\":2,\"name\":\"Marche Nordique &#8211; Journ\u00e9e Nationale\"}]},{\"@type\":\"WebSite\",\"@id\":\"https:\/\/www.lavalaggloathle53.fr\/#website\",\"url\":\"https:\/\/www.lavalaggloathle53.fr\/\",\"name\":\"Laval Agglo Athl\u00e9tisme\",\"description\":\"L&#039;athl\u00e9, un sport pour tous\",\"alternateName\":\"L2A53\",\"potentialAction\":[{\"@type\":\"SearchAction\",\"target\":{\"@type\":\"EntryPoint\",\"urlTemplate\":\"https:\/\/www.lavalaggloathle53.fr\/?s={search_term_string}\"},\"query-input\":{\"@type\":\"PropertyValueSpecification\",\"valueRequired\":true,\"valueName\":\"search_term_string\"}}],\"inLanguage\":\"fr-FR\"},{\"@type\":\"Person\",\"@id\":\"https:\/\/www.lavalaggloathle53.fr\/#\/schema\/person\/6cd9fb0822d5362cc44568933a42023a\",\"name\":\"veronique pieux\",\"image\":{\"@type\":\"ImageObject\",\"inLanguage\":\"fr-FR\",\"@id\":\"https:\/\/secure.gravatar.com\/avatar\/acc4e0e82bf760a6edede0c54d71b46a8fafb2e346b421cc883de4ef41660f91?s=96&d=mm&r=g\",\"url\":\"https:\/\/secure.gravatar.com\/avatar\/acc4e0e82bf760a6edede0c54d71b46a8fafb2e346b421cc883de4ef41660f91?s=96&d=mm&r=g\",\"contentUrl\":\"https:\/\/secure.gravatar.com\/avatar\/acc4e0e82bf760a6edede0c54d71b46a8fafb2e346b421cc883de4ef41660f91?s=96&d=mm&r=g\",\"caption\":\"veronique pieux\"},\"sameAs\":[\"http:\/\/lavalaggloathle53.fr\"],\"url\":\"https:\/\/www.lavalaggloathle53.fr\/index.php\/author\/admin1971\/\"}]}<\/script>\n<!-- \/ Yoast SEO plugin. -->","yoast_head_json":{"title":"Marche Nordique - Journ\u00e9e Nationale - Laval Agglo Athl\u00e9tisme","robots":{"index":"index","follow":"follow","max-snippet":"max-snippet:-1","max-image-preview":"max-image-preview:large","max-video-preview":"max-video-preview:-1"},"canonical":"https:\/\/www.lavalaggloathle53.fr\/index.php\/2025\/08\/24\/elementor-8783\/","og_locale":"fr_FR","og_type":"article","og_title":"Marche Nordique - Journ\u00e9e Nationale - Laval Agglo Athl\u00e9tisme","og_description":"Journ\u00e9e Nationale de la Marche Nordique : 13 septembre 2025","og_url":"https:\/\/www.lavalaggloathle53.fr\/index.php\/2025\/08\/24\/elementor-8783\/","og_site_name":"Laval Agglo Athl\u00e9tisme","article_publisher":"https:\/\/www.facebook.com\/stadelavalloisathletisme","article_published_time":"2025-08-24T14:19:27+00:00","article_modified_time":"2025-08-24T14:24:56+00:00","og_image":[{"width":1414,"height":2000,"url":"https:\/\/www.lavalaggloathle53.fr\/wp-content\/uploads\/2025\/08\/PO-JNMN-13-09-25.png","type":"image\/png"}],"author":"veronique pieux","twitter_card":"summary_large_image","twitter_misc":{"\u00c9crit par":"veronique pieux","Dur\u00e9e de lecture estim\u00e9e":"1 minute"},"schema":{"@context":"https:\/\/schema.org","@graph":[{"@type":"Article","@id":"https:\/\/www.lavalaggloathle53.fr\/index.php\/2025\/08\/24\/elementor-8783\/#article","isPartOf":{"@id":"https:\/\/www.lavalaggloathle53.fr\/index.php\/2025\/08\/24\/elementor-8783\/"},"author":{"name":"veronique pieux","@id":"https:\/\/www.lavalaggloathle53.fr\/#\/schema\/person\/6cd9fb0822d5362cc44568933a42023a"},"headline":"Marche Nordique &#8211; Journ\u00e9e Nationale","datePublished":"2025-08-24T14:19:27+00:00","dateModified":"2025-08-24T14:24:56+00:00","mainEntityOfPage":{"@id":"https:\/\/www.lavalaggloathle53.fr\/index.php\/2025\/08\/24\/elementor-8783\/"},"wordCount":14,"commentCount":2,"image":{"@id":"https:\/\/www.lavalaggloathle53.fr\/index.php\/2025\/08\/24\/elementor-8783\/#primaryimage"},"thumbnailUrl":"https:\/\/www.lavalaggloathle53.fr\/wp-content\/uploads\/2025\/08\/PO-JNMN-13-09-25.png","articleSection":["Actualit\u00e9s","Marche nordique","Sport sant\u00e9"],"inLanguage":"fr-FR","potentialAction":[{"@type":"CommentAction","name":"Comment","target":["https:\/\/www.lavalaggloathle53.fr\/index.php\/2025\/08\/24\/elementor-8783\/#respond"]}]},{"@type":"WebPage","@id":"https:\/\/www.lavalaggloathle53.fr\/index.php\/2025\/08\/24\/elementor-8783\/","url":"https:\/\/www.lavalaggloathle53.fr\/index.php\/2025\/08\/24\/elementor-8783\/","name":"Marche Nordique - Journ\u00e9e Nationale - Laval Agglo Athl\u00e9tisme","isPartOf":{"@id":"https:\/\/www.lavalaggloathle53.fr\/#website"},"primaryImageOfPage":{"@id":"https:\/\/www.lavalaggloathle53.fr\/index.php\/2025\/08\/24\/elementor-8783\/#primaryimage"},"image":{"@id":"https:\/\/www.lavalaggloathle53.fr\/index.php\/2025\/08\/24\/elementor-8783\/#primaryimage"},"thumbnailUrl":"https:\/\/www.lavalaggloathle53.fr\/wp-content\/uploads\/2025\/08\/PO-JNMN-13-09-25.png","datePublished":"2025-08-24T14:19:27+00:00","dateModified":"2025-08-24T14:24:56+00:00","author":{"@id":"https:\/\/www.lavalaggloathle53.fr\/#\/schema\/person\/6cd9fb0822d5362cc44568933a42023a"},"breadcrumb":{"@id":"https:\/\/www.lavalaggloathle53.fr\/index.php\/2025\/08\/24\/elementor-8783\/#breadcrumb"},"inLanguage":"fr-FR","potentialAction":[{"@type":"ReadAction","target":["https:\/\/www.lavalaggloathle53.fr\/index.php\/2025\/08\/24\/elementor-8783\/"]}]},{"@type":"ImageObject","inLanguage":"fr-FR","@id":"https:\/\/www.lavalaggloathle53.fr\/index.php\/2025\/08\/24\/elementor-8783\/#primaryimage","url":"https:\/\/www.lavalaggloathle53.fr\/wp-content\/uploads\/2025\/08\/PO-JNMN-13-09-25.png","contentUrl":"https:\/\/www.lavalaggloathle53.fr\/wp-content\/uploads\/2025\/08\/PO-JNMN-13-09-25.png","width":1414,"height":2000},{"@type":"BreadcrumbList","@id":"https:\/\/www.lavalaggloathle53.fr\/index.php\/2025\/08\/24\/elementor-8783\/#breadcrumb","itemListElement":[{"@type":"ListItem","position":1,"name":"Accueil","item":"https:\/\/www.lavalaggloathle53.fr\/"},{"@type":"ListItem","position":2,"name":"Marche Nordique &#8211; Journ\u00e9e Nationale"}]},{"@type":"WebSite","@id":"https:\/\/www.lavalaggloathle53.fr\/#website","url":"https:\/\/www.lavalaggloathle53.fr\/","name":"Laval Agglo Athl\u00e9tisme","description":"L&#039;athl\u00e9, un sport pour tous","alternateName":"L2A53","potentialAction":[{"@type":"SearchAction","target":{"@type":"EntryPoint","urlTemplate":"https:\/\/www.lavalaggloathle53.fr\/?s={search_term_string}"},"query-input":{"@type":"PropertyValueSpecification","valueRequired":true,"valueName":"search_term_string"}}],"inLanguage":"fr-FR"},{"@type":"Person","@id":"https:\/\/www.lavalaggloathle53.fr\/#\/schema\/person\/6cd9fb0822d5362cc44568933a42023a","name":"veronique pieux","image":{"@type":"ImageObject","inLanguage":"fr-FR","@id":"https:\/\/secure.gravatar.com\/avatar\/acc4e0e82bf760a6edede0c54d71b46a8fafb2e346b421cc883de4ef41660f91?s=96&d=mm&r=g","url":"https:\/\/secure.gravatar.com\/avatar\/acc4e0e82bf760a6edede0c54d71b46a8fafb2e346b421cc883de4ef41660f91?s=96&d=mm&r=g","contentUrl":"https:\/\/secure.gravatar.com\/avatar\/acc4e0e82bf760a6edede0c54d71b46a8fafb2e346b421cc883de4ef41660f91?s=96&d=mm&r=g","caption":"veronique pieux"},"sameAs":["http:\/\/lavalaggloathle53.fr"],"url":"https:\/\/www.lavalaggloathle53.fr\/index.php\/author\/admin1971\/"}]}},"_links":{"self":[{"href":"https:\/\/www.lavalaggloathle53.fr\/index.php\/wp-json\/wp\/v2\/posts\/8783","targetHints":{"allow":["GET"]}}],"collection":[{"href":"https:\/\/www.lavalaggloathle53.fr\/index.php\/wp-json\/wp\/v2\/posts"}],"about":[{"href":"https:\/\/www.lavalaggloathle53.fr\/index.php\/wp-json\/wp\/v2\/types\/post"}],"author":[{"embeddable":true,"href":"https:\/\/www.lavalaggloathle53.fr\/index.php\/wp-json\/wp\/v2\/users\/6"}],"replies":[{"embeddable":true,"href":"https:\/\/www.lavalaggloathle53.fr\/index.php\/wp-json\/wp\/v2\/comments?post=8783"}],"version-history":[{"count":8,"href":"https:\/\/www.lavalaggloathle53.fr\/index.php\/wp-json\/wp\/v2\/posts\/8783\/revisions"}],"predecessor-version":[{"id":8792,"href":"https:\/\/www.lavalaggloathle53.fr\/index.php\/wp-json\/wp\/v2\/posts\/8783\/revisions\/8792"}],"wp:featuredmedia":[{"embeddable":true,"href":"https:\/\/www.lavalaggloathle53.fr\/index.php\/wp-json\/wp\/v2\/media\/8785"}],"wp:attachment":[{"href":"https:\/\/www.lavalaggloathle53.fr\/index.php\/wp-json\/wp\/v2\/media?parent=8783"}],"wp:term":[{"taxonomy":"category","embeddable":true,"href":"https:\/\/www.lavalaggloathle53.fr\/index.php\/wp-json\/wp\/v2\/categories?post=8783"},{"taxonomy":"post_tag","embeddable":true,"href":"https:\/\/www.lavalaggloathle53.fr\/index.php\/wp-json\/wp\/v2\/tags?post=8783"}],"curies":[{"name":"wp","href":"https:\/\/api.w.org\/{rel}","templated":true}]}}