{"id":8567,"date":"2025-07-09T09:53:44","date_gmt":"2025-07-09T07:53:44","guid":{"rendered":"https:\/\/www.lavalaggloathle53.fr\/?p=8567"},"modified":"2025-07-09T10:05:16","modified_gmt":"2025-07-09T08:05:16","slug":"un-week-end-de-france-de-c-inoubliable-pour-les-organisateurs-et-benevoles-du-l2a53-et-pour-tous-les-athletes-venus-des-4-coins-de-france","status":"publish","type":"post","link":"https:\/\/www.lavalaggloathle53.fr\/index.php\/2025\/07\/09\/un-week-end-de-france-de-c-inoubliable-pour-les-organisateurs-et-benevoles-du-l2a53-et-pour-tous-les-athletes-venus-des-4-coins-de-france\/","title":{"rendered":"Un week-end de FRANCE d&rsquo;E-C inoubliable pour les organisateurs et b\u00e9n\u00e9voles du L2A53 et pour tous les athl\u00e8tes venus des 4 coins de France !"},"content":{"rendered":"\n<p><strong>Un grand BRAVO<\/strong> \u00e0 <strong>tous<\/strong> les <strong>b\u00e9n\u00e9voles du L2A53 <\/strong>et \u00e0 ses Co-pr\u00e9sidents <strong>Alexis H<\/strong> et <strong>Philippe F<\/strong> pour cette organisation hors pair de niveau National et \u00e0 tous ceux qui ont particip\u00e9 de pr\u00e8s ou de loin au succ\u00e8s de ce <strong>Championnat de France<\/strong> si particulier : <strong>Ligue d&rsquo;athl\u00e9tisme des Pays de la Loire<\/strong> sous la houlette de notre \u00ab\u00a0L2A53zien\u00a0\u00bb de pr\u00e9sident de la ligue <strong>Serge MOTTIER<\/strong>, aux membres de la <strong>FFA<\/strong>, tr\u00e8s bien entour\u00e9s par tous les b\u00e9n\u00e9voles et jurys de tout le d\u00e9partement et amis du <strong>Stade Lavallois<\/strong> et de l&rsquo;<strong>US Laval<\/strong>, aux partenaires si pr\u00e9cieux : <strong>Ville de Laval<\/strong> et <strong>Laval Agglo<\/strong>, <strong>Conseil d\u00e9partemental de la Mayenne<\/strong>, Cr\u00e9dit Mutuel et tous les partenaires priv\u00e9s  &#8230; Mention particuli\u00e8re \u00e0 tous les b\u00e9n\u00e9voles de notre Buvette TOP 3 fran\u00e7aise !!! encadr\u00e9e de main de maitre par <strong>Sylvianne<\/strong> et <strong>Emilie <\/strong>&#8230; Chapeau les filles et \u00e0 toute  votre \u00e9quipe au vu de toutes les louanges entendues par les jurys, athl\u00e8tes et accompagnateurs par la qualit\u00e9 de votre prestation et des produits locaux offerts , on a plus qu&rsquo;\u00e0 ouvrir une guinguette permanente au pied du <strong>Stade Manuela Montebrun<\/strong> !!!!<\/p>\n\n\n\n<figure class=\"wp-block-image size-full\"><img fetchpriority=\"high\" decoding=\"async\" width=\"800\" height=\"600\" src=\"https:\/\/www.lavalaggloathle53.fr\/wp-content\/uploads\/2025\/07\/15591630_-1.jpg\" alt=\"\" class=\"wp-image-8568\" srcset=\"https:\/\/www.lavalaggloathle53.fr\/wp-content\/uploads\/2025\/07\/15591630_-1.jpg 800w, https:\/\/www.lavalaggloathle53.fr\/wp-content\/uploads\/2025\/07\/15591630_-1-300x225.jpg 300w, https:\/\/www.lavalaggloathle53.fr\/wp-content\/uploads\/2025\/07\/15591630_-1-768x576.jpg 768w\" sizes=\"(max-width: 800px) 100vw, 800px\" \/><\/figure>\n\n\n\n<figure class=\"wp-block-image size-full\"><img decoding=\"async\" width=\"532\" height=\"800\" src=\"https:\/\/www.lavalaggloathle53.fr\/wp-content\/uploads\/2025\/07\/13572840_.jpg\" alt=\"\" class=\"wp-image-8569\" srcset=\"https:\/\/www.lavalaggloathle53.fr\/wp-content\/uploads\/2025\/07\/13572840_.jpg 532w, https:\/\/www.lavalaggloathle53.fr\/wp-content\/uploads\/2025\/07\/13572840_-200x300.jpg 200w\" sizes=\"(max-width: 532px) 100vw, 532px\" \/><\/figure>\n\n\n\n<figure class=\"wp-block-image size-large\"><img decoding=\"async\" width=\"1024\" height=\"683\" src=\"https:\/\/www.lavalaggloathle53.fr\/wp-content\/uploads\/2025\/07\/Art-Auriana-Lazraq-Khlass-presente-mais-non-classee-O-F-04-07-2025-1024x683.jpg\" alt=\"\" class=\"wp-image-8570\" srcset=\"https:\/\/www.lavalaggloathle53.fr\/wp-content\/uploads\/2025\/07\/Art-Auriana-Lazraq-Khlass-presente-mais-non-classee-O-F-04-07-2025-1024x683.jpg 1024w, https:\/\/www.lavalaggloathle53.fr\/wp-content\/uploads\/2025\/07\/Art-Auriana-Lazraq-Khlass-presente-mais-non-classee-O-F-04-07-2025-300x200.jpg 300w, https:\/\/www.lavalaggloathle53.fr\/wp-content\/uploads\/2025\/07\/Art-Auriana-Lazraq-Khlass-presente-mais-non-classee-O-F-04-07-2025-768x512.jpg 768w, https:\/\/www.lavalaggloathle53.fr\/wp-content\/uploads\/2025\/07\/Art-Auriana-Lazraq-Khlass-presente-mais-non-classee-O-F-04-07-2025-1536x1025.jpg 1536w, https:\/\/www.lavalaggloathle53.fr\/wp-content\/uploads\/2025\/07\/Art-Auriana-Lazraq-Khlass-presente-mais-non-classee-O-F-04-07-2025.jpg 1767w\" sizes=\"(max-width: 1024px) 100vw, 1024px\" \/><\/figure>\n\n\n\n<figure class=\"wp-block-image size-large\"><img loading=\"lazy\" decoding=\"async\" width=\"689\" height=\"1024\" src=\"https:\/\/www.lavalaggloathle53.fr\/wp-content\/uploads\/2025\/07\/Art-E-C-dimanche-06-07-2025-O-F-06-07-2025-689x1024.jpg\" alt=\"\" class=\"wp-image-8573\" srcset=\"https:\/\/www.lavalaggloathle53.fr\/wp-content\/uploads\/2025\/07\/Art-E-C-dimanche-06-07-2025-O-F-06-07-2025-689x1024.jpg 689w, https:\/\/www.lavalaggloathle53.fr\/wp-content\/uploads\/2025\/07\/Art-E-C-dimanche-06-07-2025-O-F-06-07-2025-202x300.jpg 202w, https:\/\/www.lavalaggloathle53.fr\/wp-content\/uploads\/2025\/07\/Art-E-C-dimanche-06-07-2025-O-F-06-07-2025-768x1141.jpg 768w, https:\/\/www.lavalaggloathle53.fr\/wp-content\/uploads\/2025\/07\/Art-E-C-dimanche-06-07-2025-O-F-06-07-2025.jpg 877w\" sizes=\"(max-width: 689px) 100vw, 689px\" \/><\/figure>\n\n\n\n<figure class=\"wp-block-image size-large\"><img loading=\"lazy\" decoding=\"async\" width=\"683\" height=\"1024\" src=\"https:\/\/www.lavalaggloathle53.fr\/wp-content\/uploads\/2025\/07\/Art-Laval-a-offert-eotions-et-performances-O-F-07-07-2025-683x1024.jpg\" alt=\"\" class=\"wp-image-8571\" srcset=\"https:\/\/www.lavalaggloathle53.fr\/wp-content\/uploads\/2025\/07\/Art-Laval-a-offert-eotions-et-performances-O-F-07-07-2025-683x1024.jpg 683w, https:\/\/www.lavalaggloathle53.fr\/wp-content\/uploads\/2025\/07\/Art-Laval-a-offert-eotions-et-performances-O-F-07-07-2025-200x300.jpg 200w, https:\/\/www.lavalaggloathle53.fr\/wp-content\/uploads\/2025\/07\/Art-Laval-a-offert-eotions-et-performances-O-F-07-07-2025-768x1151.jpg 768w, https:\/\/www.lavalaggloathle53.fr\/wp-content\/uploads\/2025\/07\/Art-Laval-a-offert-eotions-et-performances-O-F-07-07-2025-1025x1536.jpg 1025w, https:\/\/www.lavalaggloathle53.fr\/wp-content\/uploads\/2025\/07\/Art-Laval-a-offert-eotions-et-performances-O-F-07-07-2025-1367x2048.jpg 1367w, https:\/\/www.lavalaggloathle53.fr\/wp-content\/uploads\/2025\/07\/Art-Laval-a-offert-eotions-et-performances-O-F-07-07-2025-scaled.jpg 1708w\" sizes=\"(max-width: 683px) 100vw, 683px\" \/><\/figure>\n","protected":false},"excerpt":{"rendered":"<p>Un grand BRAVO \u00e0 tous les b\u00e9n\u00e9voles du L2A53 et \u00e0 ses Co-pr\u00e9sidents Alexis H et Philippe F pour cette organisation hors pair de niveau National et \u00e0 tous ceux qui ont particip\u00e9 de pr\u00e8s ou de loin au succ\u00e8s de ce Championnat de France si particulier : Ligue d&rsquo;athl\u00e9tisme des Pays de la Loire sous la houlette de notre \u00ab\u00a0L2A53zien\u00a0\u00bb de pr\u00e9sident de la ligue Serge MOTTIER, aux membres de la FFA, tr\u00e8s bien entour\u00e9s par tous les b\u00e9n\u00e9voles et jurys de tout le d\u00e9partement et amis du Stade Lavallois et de l&rsquo;US Laval, aux partenaires si pr\u00e9cieux : Ville de Laval et Laval Agglo, Conseil d\u00e9partemental de la Mayenne, Cr\u00e9dit Mutuel et tous les partenaires priv\u00e9s &#8230; Mention particuli\u00e8re \u00e0 tous les b\u00e9n\u00e9voles de notre Buvette TOP 3 fran\u00e7aise !!! encadr\u00e9e de main de maitre par Sylvianne et Emilie &#8230; Chapeau les filles et \u00e0 toute votre \u00e9quipe au vu de toutes les louanges entendues par les jurys, athl\u00e8tes et accompagnateurs par la qualit\u00e9 de votre prestation et des produits locaux offerts , on a plus qu&rsquo;\u00e0 ouvrir une guinguette permanente au pied du Stade Manuela Montebrun !!!!<\/p>\n","protected":false},"author":4,"featured_media":8021,"comment_status":"open","ping_status":"closed","sticky":false,"template":"","format":"standard","meta":{"footnotes":""},"categories":[14,15,16,18],"tags":[],"class_list":["post-8567","post","type-post","status-publish","format-standard","has-post-thumbnail","hentry","category-actualites","category-competition","category-loisirs","category-marche_nordique"],"yoast_head":"<!-- This site is optimized with the Yoast SEO plugin v27.2 - https:\/\/yoast.com\/product\/yoast-seo-wordpress\/ -->\n<title>Un week-end de FRANCE d&#039;E-C inoubliable pour les organisateurs et b\u00e9n\u00e9voles du L2A53 et pour tous les athl\u00e8tes venus des 4 coins de France ! - Laval Agglo Athl\u00e9tisme<\/title>\n<meta name=\"robots\" content=\"index, follow, max-snippet:-1, max-image-preview:large, max-video-preview:-1\" \/>\n<link rel=\"canonical\" href=\"https:\/\/www.lavalaggloathle53.fr\/index.php\/2025\/07\/09\/un-week-end-de-france-de-c-inoubliable-pour-les-organisateurs-et-benevoles-du-l2a53-et-pour-tous-les-athletes-venus-des-4-coins-de-france\/\" \/>\n<meta property=\"og:locale\" content=\"fr_FR\" \/>\n<meta property=\"og:type\" content=\"article\" \/>\n<meta property=\"og:title\" content=\"Un week-end de FRANCE d&#039;E-C inoubliable pour les organisateurs et b\u00e9n\u00e9voles du L2A53 et pour tous les athl\u00e8tes venus des 4 coins de France ! - Laval Agglo Athl\u00e9tisme\" \/>\n<meta property=\"og:description\" content=\"Un grand BRAVO \u00e0 tous les b\u00e9n\u00e9voles du L2A53 et \u00e0 ses Co-pr\u00e9sidents Alexis H et Philippe F pour cette organisation hors pair de niveau National et \u00e0 tous ceux qui ont particip\u00e9 de pr\u00e8s ou de loin au succ\u00e8s de ce Championnat de France si particulier : Ligue d&rsquo;athl\u00e9tisme des Pays de la Loire sous la houlette de notre \u00ab\u00a0L2A53zien\u00a0\u00bb de pr\u00e9sident de la ligue Serge MOTTIER, aux membres de la FFA, tr\u00e8s bien entour\u00e9s par tous les b\u00e9n\u00e9voles et jurys de tout le d\u00e9partement et amis du Stade Lavallois et de l&rsquo;US Laval, aux partenaires si pr\u00e9cieux : Ville de Laval et Laval Agglo, Conseil d\u00e9partemental de la Mayenne, Cr\u00e9dit Mutuel et tous les partenaires priv\u00e9s &#8230; Mention particuli\u00e8re \u00e0 tous les b\u00e9n\u00e9voles de notre Buvette TOP 3 fran\u00e7aise !!! encadr\u00e9e de main de maitre par Sylvianne et Emilie &#8230; Chapeau les filles et \u00e0 toute votre \u00e9quipe au vu de toutes les louanges entendues par les jurys, athl\u00e8tes et accompagnateurs par la qualit\u00e9 de votre prestation et des produits locaux offerts , on a plus qu&rsquo;\u00e0 ouvrir une guinguette permanente au pied du Stade Manuela Montebrun !!!!\" \/>\n<meta property=\"og:url\" content=\"https:\/\/www.lavalaggloathle53.fr\/index.php\/2025\/07\/09\/un-week-end-de-france-de-c-inoubliable-pour-les-organisateurs-et-benevoles-du-l2a53-et-pour-tous-les-athletes-venus-des-4-coins-de-france\/\" \/>\n<meta property=\"og:site_name\" content=\"Laval Agglo Athl\u00e9tisme\" \/>\n<meta property=\"article:publisher\" content=\"https:\/\/www.facebook.com\/stadelavalloisathletisme\" \/>\n<meta property=\"article:published_time\" content=\"2025-07-09T07:53:44+00:00\" \/>\n<meta property=\"article:modified_time\" content=\"2025-07-09T08:05:16+00:00\" \/>\n<meta property=\"og:image\" content=\"https:\/\/www.lavalaggloathle53.fr\/wp-content\/uploads\/2025\/05\/Visuel-reseaux-sociaux-Chpt-de-France-EC-Laval-2025.png\" \/>\n\t<meta property=\"og:image:width\" content=\"1080\" \/>\n\t<meta property=\"og:image:height\" content=\"1350\" \/>\n\t<meta property=\"og:image:type\" content=\"image\/png\" \/>\n<meta name=\"author\" content=\"Pascal BISSON\" \/>\n<meta name=\"twitter:card\" content=\"summary_large_image\" \/>\n<meta name=\"twitter:label1\" content=\"\u00c9crit par\" \/>\n\t<meta name=\"twitter:data1\" content=\"Pascal BISSON\" \/>\n\t<meta name=\"twitter:label2\" content=\"Dur\u00e9e de lecture estim\u00e9e\" \/>\n\t<meta name=\"twitter:data2\" content=\"3 minutes\" \/>\n<script type=\"application\/ld+json\" class=\"yoast-schema-graph\">{\"@context\":\"https:\/\/schema.org\",\"@graph\":[{\"@type\":\"Article\",\"@id\":\"https:\/\/www.lavalaggloathle53.fr\/index.php\/2025\/07\/09\/un-week-end-de-france-de-c-inoubliable-pour-les-organisateurs-et-benevoles-du-l2a53-et-pour-tous-les-athletes-venus-des-4-coins-de-france\/#article\",\"isPartOf\":{\"@id\":\"https:\/\/www.lavalaggloathle53.fr\/index.php\/2025\/07\/09\/un-week-end-de-france-de-c-inoubliable-pour-les-organisateurs-et-benevoles-du-l2a53-et-pour-tous-les-athletes-venus-des-4-coins-de-france\/\"},\"author\":{\"name\":\"Pascal BISSON\",\"@id\":\"https:\/\/www.lavalaggloathle53.fr\/#\/schema\/person\/979647d1a9707730d91bfc766caadc0b\"},\"headline\":\"Un week-end de FRANCE d&rsquo;E-C inoubliable pour les organisateurs et b\u00e9n\u00e9voles du L2A53 et pour tous les athl\u00e8tes venus des 4 coins de France !\",\"datePublished\":\"2025-07-09T07:53:44+00:00\",\"dateModified\":\"2025-07-09T08:05:16+00:00\",\"mainEntityOfPage\":{\"@id\":\"https:\/\/www.lavalaggloathle53.fr\/index.php\/2025\/07\/09\/un-week-end-de-france-de-c-inoubliable-pour-les-organisateurs-et-benevoles-du-l2a53-et-pour-tous-les-athletes-venus-des-4-coins-de-france\/\"},\"wordCount\":232,\"commentCount\":0,\"image\":{\"@id\":\"https:\/\/www.lavalaggloathle53.fr\/index.php\/2025\/07\/09\/un-week-end-de-france-de-c-inoubliable-pour-les-organisateurs-et-benevoles-du-l2a53-et-pour-tous-les-athletes-venus-des-4-coins-de-france\/#primaryimage\"},\"thumbnailUrl\":\"https:\/\/www.lavalaggloathle53.fr\/wp-content\/uploads\/2025\/05\/Visuel-reseaux-sociaux-Chpt-de-France-EC-Laval-2025.png\",\"articleSection\":[\"Actualit\u00e9s\",\"Comp\u00e9tition\",\"Loisirs\",\"Marche nordique\"],\"inLanguage\":\"fr-FR\",\"potentialAction\":[{\"@type\":\"CommentAction\",\"name\":\"Comment\",\"target\":[\"https:\/\/www.lavalaggloathle53.fr\/index.php\/2025\/07\/09\/un-week-end-de-france-de-c-inoubliable-pour-les-organisateurs-et-benevoles-du-l2a53-et-pour-tous-les-athletes-venus-des-4-coins-de-france\/#respond\"]}]},{\"@type\":\"WebPage\",\"@id\":\"https:\/\/www.lavalaggloathle53.fr\/index.php\/2025\/07\/09\/un-week-end-de-france-de-c-inoubliable-pour-les-organisateurs-et-benevoles-du-l2a53-et-pour-tous-les-athletes-venus-des-4-coins-de-france\/\",\"url\":\"https:\/\/www.lavalaggloathle53.fr\/index.php\/2025\/07\/09\/un-week-end-de-france-de-c-inoubliable-pour-les-organisateurs-et-benevoles-du-l2a53-et-pour-tous-les-athletes-venus-des-4-coins-de-france\/\",\"name\":\"Un week-end de FRANCE d'E-C inoubliable pour les organisateurs et b\u00e9n\u00e9voles du L2A53 et pour tous les athl\u00e8tes venus des 4 coins de France ! - Laval Agglo Athl\u00e9tisme\",\"isPartOf\":{\"@id\":\"https:\/\/www.lavalaggloathle53.fr\/#website\"},\"primaryImageOfPage\":{\"@id\":\"https:\/\/www.lavalaggloathle53.fr\/index.php\/2025\/07\/09\/un-week-end-de-france-de-c-inoubliable-pour-les-organisateurs-et-benevoles-du-l2a53-et-pour-tous-les-athletes-venus-des-4-coins-de-france\/#primaryimage\"},\"image\":{\"@id\":\"https:\/\/www.lavalaggloathle53.fr\/index.php\/2025\/07\/09\/un-week-end-de-france-de-c-inoubliable-pour-les-organisateurs-et-benevoles-du-l2a53-et-pour-tous-les-athletes-venus-des-4-coins-de-france\/#primaryimage\"},\"thumbnailUrl\":\"https:\/\/www.lavalaggloathle53.fr\/wp-content\/uploads\/2025\/05\/Visuel-reseaux-sociaux-Chpt-de-France-EC-Laval-2025.png\",\"datePublished\":\"2025-07-09T07:53:44+00:00\",\"dateModified\":\"2025-07-09T08:05:16+00:00\",\"author\":{\"@id\":\"https:\/\/www.lavalaggloathle53.fr\/#\/schema\/person\/979647d1a9707730d91bfc766caadc0b\"},\"breadcrumb\":{\"@id\":\"https:\/\/www.lavalaggloathle53.fr\/index.php\/2025\/07\/09\/un-week-end-de-france-de-c-inoubliable-pour-les-organisateurs-et-benevoles-du-l2a53-et-pour-tous-les-athletes-venus-des-4-coins-de-france\/#breadcrumb\"},\"inLanguage\":\"fr-FR\",\"potentialAction\":[{\"@type\":\"ReadAction\",\"target\":[\"https:\/\/www.lavalaggloathle53.fr\/index.php\/2025\/07\/09\/un-week-end-de-france-de-c-inoubliable-pour-les-organisateurs-et-benevoles-du-l2a53-et-pour-tous-les-athletes-venus-des-4-coins-de-france\/\"]}]},{\"@type\":\"ImageObject\",\"inLanguage\":\"fr-FR\",\"@id\":\"https:\/\/www.lavalaggloathle53.fr\/index.php\/2025\/07\/09\/un-week-end-de-france-de-c-inoubliable-pour-les-organisateurs-et-benevoles-du-l2a53-et-pour-tous-les-athletes-venus-des-4-coins-de-france\/#primaryimage\",\"url\":\"https:\/\/www.lavalaggloathle53.fr\/wp-content\/uploads\/2025\/05\/Visuel-reseaux-sociaux-Chpt-de-France-EC-Laval-2025.png\",\"contentUrl\":\"https:\/\/www.lavalaggloathle53.fr\/wp-content\/uploads\/2025\/05\/Visuel-reseaux-sociaux-Chpt-de-France-EC-Laval-2025.png\",\"width\":1080,\"height\":1350},{\"@type\":\"BreadcrumbList\",\"@id\":\"https:\/\/www.lavalaggloathle53.fr\/index.php\/2025\/07\/09\/un-week-end-de-france-de-c-inoubliable-pour-les-organisateurs-et-benevoles-du-l2a53-et-pour-tous-les-athletes-venus-des-4-coins-de-france\/#breadcrumb\",\"itemListElement\":[{\"@type\":\"ListItem\",\"position\":1,\"name\":\"Accueil\",\"item\":\"https:\/\/www.lavalaggloathle53.fr\/\"},{\"@type\":\"ListItem\",\"position\":2,\"name\":\"Un week-end de FRANCE d&rsquo;E-C inoubliable pour les organisateurs et b\u00e9n\u00e9voles du L2A53 et pour tous les athl\u00e8tes venus des 4 coins de France !\"}]},{\"@type\":\"WebSite\",\"@id\":\"https:\/\/www.lavalaggloathle53.fr\/#website\",\"url\":\"https:\/\/www.lavalaggloathle53.fr\/\",\"name\":\"Laval Agglo Athl\u00e9tisme\",\"description\":\"L&#039;athl\u00e9, un sport pour tous\",\"alternateName\":\"L2A53\",\"potentialAction\":[{\"@type\":\"SearchAction\",\"target\":{\"@type\":\"EntryPoint\",\"urlTemplate\":\"https:\/\/www.lavalaggloathle53.fr\/?s={search_term_string}\"},\"query-input\":{\"@type\":\"PropertyValueSpecification\",\"valueRequired\":true,\"valueName\":\"search_term_string\"}}],\"inLanguage\":\"fr-FR\"},{\"@type\":\"Person\",\"@id\":\"https:\/\/www.lavalaggloathle53.fr\/#\/schema\/person\/979647d1a9707730d91bfc766caadc0b\",\"name\":\"Pascal BISSON\",\"image\":{\"@type\":\"ImageObject\",\"inLanguage\":\"fr-FR\",\"@id\":\"https:\/\/secure.gravatar.com\/avatar\/59596d86ade6d559609912f789f6ddaf324a4bb824fbedeaf0ccebc5c1967658?s=96&d=mm&r=g\",\"url\":\"https:\/\/secure.gravatar.com\/avatar\/59596d86ade6d559609912f789f6ddaf324a4bb824fbedeaf0ccebc5c1967658?s=96&d=mm&r=g\",\"contentUrl\":\"https:\/\/secure.gravatar.com\/avatar\/59596d86ade6d559609912f789f6ddaf324a4bb824fbedeaf0ccebc5c1967658?s=96&d=mm&r=g\",\"caption\":\"Pascal BISSON\"},\"sameAs\":[\"https:\/\/www.lavalaggloathle53.fr\"],\"url\":\"https:\/\/www.lavalaggloathle53.fr\/index.php\/author\/bis53\/\"}]}<\/script>\n<!-- \/ Yoast SEO plugin. -->","yoast_head_json":{"title":"Un week-end de FRANCE d'E-C inoubliable pour les organisateurs et b\u00e9n\u00e9voles du L2A53 et pour tous les athl\u00e8tes venus des 4 coins de France ! - Laval Agglo Athl\u00e9tisme","robots":{"index":"index","follow":"follow","max-snippet":"max-snippet:-1","max-image-preview":"max-image-preview:large","max-video-preview":"max-video-preview:-1"},"canonical":"https:\/\/www.lavalaggloathle53.fr\/index.php\/2025\/07\/09\/un-week-end-de-france-de-c-inoubliable-pour-les-organisateurs-et-benevoles-du-l2a53-et-pour-tous-les-athletes-venus-des-4-coins-de-france\/","og_locale":"fr_FR","og_type":"article","og_title":"Un week-end de FRANCE d'E-C inoubliable pour les organisateurs et b\u00e9n\u00e9voles du L2A53 et pour tous les athl\u00e8tes venus des 4 coins de France ! - Laval Agglo Athl\u00e9tisme","og_description":"Un grand BRAVO \u00e0 tous les b\u00e9n\u00e9voles du L2A53 et \u00e0 ses Co-pr\u00e9sidents Alexis H et Philippe F pour cette organisation hors pair de niveau National et \u00e0 tous ceux qui ont particip\u00e9 de pr\u00e8s ou de loin au succ\u00e8s de ce Championnat de France si particulier : Ligue d&rsquo;athl\u00e9tisme des Pays de la Loire sous la houlette de notre \u00ab\u00a0L2A53zien\u00a0\u00bb de pr\u00e9sident de la ligue Serge MOTTIER, aux membres de la FFA, tr\u00e8s bien entour\u00e9s par tous les b\u00e9n\u00e9voles et jurys de tout le d\u00e9partement et amis du Stade Lavallois et de l&rsquo;US Laval, aux partenaires si pr\u00e9cieux : Ville de Laval et Laval Agglo, Conseil d\u00e9partemental de la Mayenne, Cr\u00e9dit Mutuel et tous les partenaires priv\u00e9s &#8230; Mention particuli\u00e8re \u00e0 tous les b\u00e9n\u00e9voles de notre Buvette TOP 3 fran\u00e7aise !!! encadr\u00e9e de main de maitre par Sylvianne et Emilie &#8230; Chapeau les filles et \u00e0 toute votre \u00e9quipe au vu de toutes les louanges entendues par les jurys, athl\u00e8tes et accompagnateurs par la qualit\u00e9 de votre prestation et des produits locaux offerts , on a plus qu&rsquo;\u00e0 ouvrir une guinguette permanente au pied du Stade Manuela Montebrun !!!!","og_url":"https:\/\/www.lavalaggloathle53.fr\/index.php\/2025\/07\/09\/un-week-end-de-france-de-c-inoubliable-pour-les-organisateurs-et-benevoles-du-l2a53-et-pour-tous-les-athletes-venus-des-4-coins-de-france\/","og_site_name":"Laval Agglo Athl\u00e9tisme","article_publisher":"https:\/\/www.facebook.com\/stadelavalloisathletisme","article_published_time":"2025-07-09T07:53:44+00:00","article_modified_time":"2025-07-09T08:05:16+00:00","og_image":[{"width":1080,"height":1350,"url":"https:\/\/www.lavalaggloathle53.fr\/wp-content\/uploads\/2025\/05\/Visuel-reseaux-sociaux-Chpt-de-France-EC-Laval-2025.png","type":"image\/png"}],"author":"Pascal BISSON","twitter_card":"summary_large_image","twitter_misc":{"\u00c9crit par":"Pascal BISSON","Dur\u00e9e de lecture estim\u00e9e":"3 minutes"},"schema":{"@context":"https:\/\/schema.org","@graph":[{"@type":"Article","@id":"https:\/\/www.lavalaggloathle53.fr\/index.php\/2025\/07\/09\/un-week-end-de-france-de-c-inoubliable-pour-les-organisateurs-et-benevoles-du-l2a53-et-pour-tous-les-athletes-venus-des-4-coins-de-france\/#article","isPartOf":{"@id":"https:\/\/www.lavalaggloathle53.fr\/index.php\/2025\/07\/09\/un-week-end-de-france-de-c-inoubliable-pour-les-organisateurs-et-benevoles-du-l2a53-et-pour-tous-les-athletes-venus-des-4-coins-de-france\/"},"author":{"name":"Pascal BISSON","@id":"https:\/\/www.lavalaggloathle53.fr\/#\/schema\/person\/979647d1a9707730d91bfc766caadc0b"},"headline":"Un week-end de FRANCE d&rsquo;E-C inoubliable pour les organisateurs et b\u00e9n\u00e9voles du L2A53 et pour tous les athl\u00e8tes venus des 4 coins de France !","datePublished":"2025-07-09T07:53:44+00:00","dateModified":"2025-07-09T08:05:16+00:00","mainEntityOfPage":{"@id":"https:\/\/www.lavalaggloathle53.fr\/index.php\/2025\/07\/09\/un-week-end-de-france-de-c-inoubliable-pour-les-organisateurs-et-benevoles-du-l2a53-et-pour-tous-les-athletes-venus-des-4-coins-de-france\/"},"wordCount":232,"commentCount":0,"image":{"@id":"https:\/\/www.lavalaggloathle53.fr\/index.php\/2025\/07\/09\/un-week-end-de-france-de-c-inoubliable-pour-les-organisateurs-et-benevoles-du-l2a53-et-pour-tous-les-athletes-venus-des-4-coins-de-france\/#primaryimage"},"thumbnailUrl":"https:\/\/www.lavalaggloathle53.fr\/wp-content\/uploads\/2025\/05\/Visuel-reseaux-sociaux-Chpt-de-France-EC-Laval-2025.png","articleSection":["Actualit\u00e9s","Comp\u00e9tition","Loisirs","Marche nordique"],"inLanguage":"fr-FR","potentialAction":[{"@type":"CommentAction","name":"Comment","target":["https:\/\/www.lavalaggloathle53.fr\/index.php\/2025\/07\/09\/un-week-end-de-france-de-c-inoubliable-pour-les-organisateurs-et-benevoles-du-l2a53-et-pour-tous-les-athletes-venus-des-4-coins-de-france\/#respond"]}]},{"@type":"WebPage","@id":"https:\/\/www.lavalaggloathle53.fr\/index.php\/2025\/07\/09\/un-week-end-de-france-de-c-inoubliable-pour-les-organisateurs-et-benevoles-du-l2a53-et-pour-tous-les-athletes-venus-des-4-coins-de-france\/","url":"https:\/\/www.lavalaggloathle53.fr\/index.php\/2025\/07\/09\/un-week-end-de-france-de-c-inoubliable-pour-les-organisateurs-et-benevoles-du-l2a53-et-pour-tous-les-athletes-venus-des-4-coins-de-france\/","name":"Un week-end de FRANCE d'E-C inoubliable pour les organisateurs et b\u00e9n\u00e9voles du L2A53 et pour tous les athl\u00e8tes venus des 4 coins de France ! - Laval Agglo Athl\u00e9tisme","isPartOf":{"@id":"https:\/\/www.lavalaggloathle53.fr\/#website"},"primaryImageOfPage":{"@id":"https:\/\/www.lavalaggloathle53.fr\/index.php\/2025\/07\/09\/un-week-end-de-france-de-c-inoubliable-pour-les-organisateurs-et-benevoles-du-l2a53-et-pour-tous-les-athletes-venus-des-4-coins-de-france\/#primaryimage"},"image":{"@id":"https:\/\/www.lavalaggloathle53.fr\/index.php\/2025\/07\/09\/un-week-end-de-france-de-c-inoubliable-pour-les-organisateurs-et-benevoles-du-l2a53-et-pour-tous-les-athletes-venus-des-4-coins-de-france\/#primaryimage"},"thumbnailUrl":"https:\/\/www.lavalaggloathle53.fr\/wp-content\/uploads\/2025\/05\/Visuel-reseaux-sociaux-Chpt-de-France-EC-Laval-2025.png","datePublished":"2025-07-09T07:53:44+00:00","dateModified":"2025-07-09T08:05:16+00:00","author":{"@id":"https:\/\/www.lavalaggloathle53.fr\/#\/schema\/person\/979647d1a9707730d91bfc766caadc0b"},"breadcrumb":{"@id":"https:\/\/www.lavalaggloathle53.fr\/index.php\/2025\/07\/09\/un-week-end-de-france-de-c-inoubliable-pour-les-organisateurs-et-benevoles-du-l2a53-et-pour-tous-les-athletes-venus-des-4-coins-de-france\/#breadcrumb"},"inLanguage":"fr-FR","potentialAction":[{"@type":"ReadAction","target":["https:\/\/www.lavalaggloathle53.fr\/index.php\/2025\/07\/09\/un-week-end-de-france-de-c-inoubliable-pour-les-organisateurs-et-benevoles-du-l2a53-et-pour-tous-les-athletes-venus-des-4-coins-de-france\/"]}]},{"@type":"ImageObject","inLanguage":"fr-FR","@id":"https:\/\/www.lavalaggloathle53.fr\/index.php\/2025\/07\/09\/un-week-end-de-france-de-c-inoubliable-pour-les-organisateurs-et-benevoles-du-l2a53-et-pour-tous-les-athletes-venus-des-4-coins-de-france\/#primaryimage","url":"https:\/\/www.lavalaggloathle53.fr\/wp-content\/uploads\/2025\/05\/Visuel-reseaux-sociaux-Chpt-de-France-EC-Laval-2025.png","contentUrl":"https:\/\/www.lavalaggloathle53.fr\/wp-content\/uploads\/2025\/05\/Visuel-reseaux-sociaux-Chpt-de-France-EC-Laval-2025.png","width":1080,"height":1350},{"@type":"BreadcrumbList","@id":"https:\/\/www.lavalaggloathle53.fr\/index.php\/2025\/07\/09\/un-week-end-de-france-de-c-inoubliable-pour-les-organisateurs-et-benevoles-du-l2a53-et-pour-tous-les-athletes-venus-des-4-coins-de-france\/#breadcrumb","itemListElement":[{"@type":"ListItem","position":1,"name":"Accueil","item":"https:\/\/www.lavalaggloathle53.fr\/"},{"@type":"ListItem","position":2,"name":"Un week-end de FRANCE d&rsquo;E-C inoubliable pour les organisateurs et b\u00e9n\u00e9voles du L2A53 et pour tous les athl\u00e8tes venus des 4 coins de France !"}]},{"@type":"WebSite","@id":"https:\/\/www.lavalaggloathle53.fr\/#website","url":"https:\/\/www.lavalaggloathle53.fr\/","name":"Laval Agglo Athl\u00e9tisme","description":"L&#039;athl\u00e9, un sport pour tous","alternateName":"L2A53","potentialAction":[{"@type":"SearchAction","target":{"@type":"EntryPoint","urlTemplate":"https:\/\/www.lavalaggloathle53.fr\/?s={search_term_string}"},"query-input":{"@type":"PropertyValueSpecification","valueRequired":true,"valueName":"search_term_string"}}],"inLanguage":"fr-FR"},{"@type":"Person","@id":"https:\/\/www.lavalaggloathle53.fr\/#\/schema\/person\/979647d1a9707730d91bfc766caadc0b","name":"Pascal BISSON","image":{"@type":"ImageObject","inLanguage":"fr-FR","@id":"https:\/\/secure.gravatar.com\/avatar\/59596d86ade6d559609912f789f6ddaf324a4bb824fbedeaf0ccebc5c1967658?s=96&d=mm&r=g","url":"https:\/\/secure.gravatar.com\/avatar\/59596d86ade6d559609912f789f6ddaf324a4bb824fbedeaf0ccebc5c1967658?s=96&d=mm&r=g","contentUrl":"https:\/\/secure.gravatar.com\/avatar\/59596d86ade6d559609912f789f6ddaf324a4bb824fbedeaf0ccebc5c1967658?s=96&d=mm&r=g","caption":"Pascal BISSON"},"sameAs":["https:\/\/www.lavalaggloathle53.fr"],"url":"https:\/\/www.lavalaggloathle53.fr\/index.php\/author\/bis53\/"}]}},"_links":{"self":[{"href":"https:\/\/www.lavalaggloathle53.fr\/index.php\/wp-json\/wp\/v2\/posts\/8567","targetHints":{"allow":["GET"]}}],"collection":[{"href":"https:\/\/www.lavalaggloathle53.fr\/index.php\/wp-json\/wp\/v2\/posts"}],"about":[{"href":"https:\/\/www.lavalaggloathle53.fr\/index.php\/wp-json\/wp\/v2\/types\/post"}],"author":[{"embeddable":true,"href":"https:\/\/www.lavalaggloathle53.fr\/index.php\/wp-json\/wp\/v2\/users\/4"}],"replies":[{"embeddable":true,"href":"https:\/\/www.lavalaggloathle53.fr\/index.php\/wp-json\/wp\/v2\/comments?post=8567"}],"version-history":[{"count":4,"href":"https:\/\/www.lavalaggloathle53.fr\/index.php\/wp-json\/wp\/v2\/posts\/8567\/revisions"}],"predecessor-version":[{"id":8577,"href":"https:\/\/www.lavalaggloathle53.fr\/index.php\/wp-json\/wp\/v2\/posts\/8567\/revisions\/8577"}],"wp:featuredmedia":[{"embeddable":true,"href":"https:\/\/www.lavalaggloathle53.fr\/index.php\/wp-json\/wp\/v2\/media\/8021"}],"wp:attachment":[{"href":"https:\/\/www.lavalaggloathle53.fr\/index.php\/wp-json\/wp\/v2\/media?parent=8567"}],"wp:term":[{"taxonomy":"category","embeddable":true,"href":"https:\/\/www.lavalaggloathle53.fr\/index.php\/wp-json\/wp\/v2\/categories?post=8567"},{"taxonomy":"post_tag","embeddable":true,"href":"https:\/\/www.lavalaggloathle53.fr\/index.php\/wp-json\/wp\/v2\/tags?post=8567"}],"curies":[{"name":"wp","href":"https:\/\/api.w.org\/{rel}","templated":true}]}}