{"id":8020,"date":"2025-07-03T08:22:59","date_gmt":"2025-07-03T06:22:59","guid":{"rendered":"https:\/\/www.lavalaggloathle53.fr\/?p=8020"},"modified":"2025-07-04T08:19:39","modified_gmt":"2025-07-04T06:19:39","slug":"j-45-pour-les-championnats-de-france-depreuves-combinees-organisees-a-laval-par-lequipe-du-l2a53","status":"publish","type":"post","link":"https:\/\/www.lavalaggloathle53.fr\/index.php\/2025\/07\/03\/j-45-pour-les-championnats-de-france-depreuves-combinees-organisees-a-laval-par-lequipe-du-l2a53\/","title":{"rendered":"J &#8211; 1  Championnats de FRANCE d&rsquo;Epreuves Combin\u00e9es (DECATHLON\/HEPTATHLON de cadets \u00e0 seniors) organis\u00e9s \u00e0 LAVAL par le L2A53 (Stade Lavallois Athl\u00e9tisme\/US Laval) !"},"content":{"rendered":"\t\t<div data-elementor-type=\"wp-post\" data-elementor-id=\"8020\" class=\"elementor elementor-8020\">\n\t\t\t\t\t\t<section class=\"elementor-section elementor-top-section elementor-element elementor-element-227b0be elementor-section-boxed elementor-section-height-default elementor-section-height-default wpr-particle-no wpr-jarallax-no wpr-parallax-no wpr-sticky-section-no wpr-equal-height-no\" data-id=\"227b0be\" data-element_type=\"section\" data-e-type=\"section\">\n\t\t\t\t\t\t<div class=\"elementor-container elementor-column-gap-default\">\n\t\t\t\t\t<div class=\"elementor-column elementor-col-100 elementor-top-column elementor-element elementor-element-9a4aaab\" data-id=\"9a4aaab\" data-element_type=\"column\" data-e-type=\"column\">\n\t\t\t<div class=\"elementor-widget-wrap\">\n\t\t\t\t\t\t\t<\/div>\n\t\t<\/div>\n\t\t\t\t\t<\/div>\n\t\t<\/section>\n\t\t\t\t<section class=\"elementor-section elementor-top-section elementor-element elementor-element-5a1eeab elementor-section-boxed elementor-section-height-default elementor-section-height-default wpr-particle-no wpr-jarallax-no wpr-parallax-no wpr-sticky-section-no wpr-equal-height-no\" data-id=\"5a1eeab\" data-element_type=\"section\" data-e-type=\"section\">\n\t\t\t\t\t\t<div class=\"elementor-container elementor-column-gap-default\">\n\t\t\t\t\t<div class=\"elementor-column elementor-col-50 elementor-top-column elementor-element elementor-element-e34d535\" data-id=\"e34d535\" data-element_type=\"column\" data-e-type=\"column\">\n\t\t\t<div class=\"elementor-widget-wrap elementor-element-populated\">\n\t\t\t\t\t\t<div class=\"elementor-element elementor-element-0c545cb elementor-widget elementor-widget-video\" data-id=\"0c545cb\" data-element_type=\"widget\" data-e-type=\"widget\" data-settings=\"{&quot;youtube_url&quot;:&quot;https:\\\/\\\/www.youtube.com\\\/watch?v=XST_ccNKRJE&quot;,&quot;autoplay&quot;:&quot;yes&quot;,&quot;video_type&quot;:&quot;youtube&quot;,&quot;controls&quot;:&quot;yes&quot;}\" data-widget_type=\"video.default\">\n\t\t\t\t<div class=\"elementor-widget-container\">\n\t\t\t\t\t\t\t<div class=\"elementor-wrapper elementor-open-inline\">\n\t\t\t<div class=\"elementor-video\"><\/div>\t\t<\/div>\n\t\t\t\t\t\t<\/div>\n\t\t\t\t<\/div>\n\t\t\t\t\t<\/div>\n\t\t<\/div>\n\t\t\t\t<div class=\"elementor-column elementor-col-50 elementor-top-column elementor-element elementor-element-23952cd\" data-id=\"23952cd\" data-element_type=\"column\" data-e-type=\"column\">\n\t\t\t<div class=\"elementor-widget-wrap elementor-element-populated\">\n\t\t\t\t\t\t<div class=\"elementor-element elementor-element-9ea1801 elementor-widget elementor-widget-image\" data-id=\"9ea1801\" data-element_type=\"widget\" data-e-type=\"widget\" data-widget_type=\"image.default\">\n\t\t\t\t<div class=\"elementor-widget-container\">\n\t\t\t\t\t\t\t\t\t\t\t\t\t\t\t<img fetchpriority=\"high\" decoding=\"async\" width=\"1024\" height=\"683\" src=\"https:\/\/www.lavalaggloathle53.fr\/wp-content\/uploads\/2025\/06\/b4bfb-1-1024x683.jpg\" class=\"attachment-large size-large wp-image-8387\" alt=\"\" srcset=\"https:\/\/www.lavalaggloathle53.fr\/wp-content\/uploads\/2025\/06\/b4bfb-1-1024x683.jpg 1024w, https:\/\/www.lavalaggloathle53.fr\/wp-content\/uploads\/2025\/06\/b4bfb-1-300x200.jpg 300w, https:\/\/www.lavalaggloathle53.fr\/wp-content\/uploads\/2025\/06\/b4bfb-1-768x512.jpg 768w, https:\/\/www.lavalaggloathle53.fr\/wp-content\/uploads\/2025\/06\/b4bfb-1.jpg 1200w\" sizes=\"(max-width: 1024px) 100vw, 1024px\" \/>\t\t\t\t\t\t\t\t\t\t\t\t\t\t\t<\/div>\n\t\t\t\t<\/div>\n\t\t\t\t\t<\/div>\n\t\t<\/div>\n\t\t\t\t\t<\/div>\n\t\t<\/section>\n\t\t\t\t<section class=\"elementor-section elementor-top-section elementor-element elementor-element-ea86c65 elementor-section-boxed elementor-section-height-default elementor-section-height-default wpr-particle-no wpr-jarallax-no wpr-parallax-no wpr-sticky-section-no wpr-equal-height-no\" data-id=\"ea86c65\" data-element_type=\"section\" data-e-type=\"section\">\n\t\t\t\t\t\t<div class=\"elementor-container elementor-column-gap-default\">\n\t\t\t\t\t<div class=\"elementor-column elementor-col-100 elementor-top-column elementor-element elementor-element-fc84832\" data-id=\"fc84832\" data-element_type=\"column\" data-e-type=\"column\">\n\t\t\t<div class=\"elementor-widget-wrap elementor-element-populated\">\n\t\t\t\t\t\t<div class=\"elementor-element elementor-element-1c09991 elementor-widget elementor-widget-heading\" data-id=\"1c09991\" data-element_type=\"widget\" data-e-type=\"widget\" data-widget_type=\"heading.default\">\n\t\t\t\t<div class=\"elementor-widget-container\">\n\t\t\t\t\t<h1 class=\"elementor-heading-title elementor-size-default\"><a href=\"https:\/\/www.youtube.com\/watch?v=XST_ccNKRJE\">Le L2A53 organisera  les championnats de France de d\u00e9cathlon et d\u2019heptathlon les samedi 5 et dimanche 6 Juillet prochain. \nCette comp\u00e9tition aura lieu sur le stade Manuela MONTEBRUN et regroupera les meilleurs fran\u00e7ais dans les cat\u00e9gories jeunes (cadets \u00e0 espoirs) ainsi que 16 femmes s\u00e9niors et 16 hommes s\u00e9niors parmi les meilleurs fran\u00e7ais. \nCe seront donc 8 titres de champion(ne)s de France qui seront attribu\u00e9s....\n\nNous avons appris\n avec  fiert\u00e9 la pr\u00e9sence et la participation pour ce qui constituera son heptathlon de rentr\u00e9e, d\u2019Auriana LAZRAQ-KHLASS.\n\nVice-championne d\u2019Europe en 2024 \u00e0 Rome , elle a termin\u00e9 16\u00e8 des derniers jeux olympiques \u00e0 Paris. Nous aurons la chance de la voir fouler la piste \u00e0 Laval durant ces deux journ\u00e9es de comp\u00e9tition.\nUne pr\u00e9sentation sympathique de cette athl\u00e8te inspirante, solaire et toujours maquill\u00e9e de jolies flammes au coin des yeux \u2026\n\nRendez-vous le samedi 05 Juillet \u00e0 10h00 pour le 100m Haies s\u00e9nior femme avec Auriana !\n\n\n\n<\/a><\/h1>\t\t\t\t<\/div>\n\t\t\t\t<\/div>\n\t\t\t\t\t<\/div>\n\t\t<\/div>\n\t\t\t\t\t<\/div>\n\t\t<\/section>\n\t\t\t\t<section class=\"elementor-section elementor-top-section elementor-element elementor-element-4bf5379 elementor-section-boxed elementor-section-height-default elementor-section-height-default wpr-particle-no wpr-jarallax-no wpr-parallax-no wpr-sticky-section-no wpr-equal-height-no\" data-id=\"4bf5379\" data-element_type=\"section\" data-e-type=\"section\">\n\t\t\t\t\t\t<div class=\"elementor-container elementor-column-gap-default\">\n\t\t\t\t\t<div class=\"elementor-column elementor-col-100 elementor-top-column elementor-element elementor-element-0a87cc1\" data-id=\"0a87cc1\" data-element_type=\"column\" data-e-type=\"column\">\n\t\t\t<div class=\"elementor-widget-wrap\">\n\t\t\t\t\t\t\t<\/div>\n\t\t<\/div>\n\t\t\t\t\t<\/div>\n\t\t<\/section>\n\t\t\t\t<section class=\"elementor-section elementor-top-section elementor-element elementor-element-51d4738 elementor-section-boxed elementor-section-height-default elementor-section-height-default wpr-particle-no wpr-jarallax-no wpr-parallax-no wpr-sticky-section-no wpr-equal-height-no\" data-id=\"51d4738\" data-element_type=\"section\" data-e-type=\"section\">\n\t\t\t\t\t\t<div class=\"elementor-container elementor-column-gap-default\">\n\t\t\t\t\t<div class=\"elementor-column elementor-col-100 elementor-top-column elementor-element elementor-element-f30338a\" data-id=\"f30338a\" data-element_type=\"column\" data-e-type=\"column\">\n\t\t\t<div class=\"elementor-widget-wrap elementor-element-populated\">\n\t\t\t\t\t\t<div class=\"elementor-element elementor-element-e03d1cc elementor-widget elementor-widget-image\" data-id=\"e03d1cc\" data-element_type=\"widget\" data-e-type=\"widget\" data-widget_type=\"image.default\">\n\t\t\t\t<div class=\"elementor-widget-container\">\n\t\t\t\t\t\t\t\t\t\t\t\t\t\t\t<img decoding=\"async\" width=\"892\" height=\"958\" src=\"https:\/\/www.lavalaggloathle53.fr\/wp-content\/uploads\/2025\/07\/Art-France-E-C-CdlM-03-07-2025.jpg\" class=\"attachment-large size-large wp-image-8498\" alt=\"\" srcset=\"https:\/\/www.lavalaggloathle53.fr\/wp-content\/uploads\/2025\/07\/Art-France-E-C-CdlM-03-07-2025.jpg 892w, https:\/\/www.lavalaggloathle53.fr\/wp-content\/uploads\/2025\/07\/Art-France-E-C-CdlM-03-07-2025-279x300.jpg 279w, https:\/\/www.lavalaggloathle53.fr\/wp-content\/uploads\/2025\/07\/Art-France-E-C-CdlM-03-07-2025-768x825.jpg 768w\" sizes=\"(max-width: 892px) 100vw, 892px\" \/>\t\t\t\t\t\t\t\t\t\t\t\t\t\t\t<\/div>\n\t\t\t\t<\/div>\n\t\t\t\t\t<\/div>\n\t\t<\/div>\n\t\t\t\t\t<\/div>\n\t\t<\/section>\n\t\t\t\t<section class=\"elementor-section elementor-top-section elementor-element elementor-element-f764e78 elementor-section-boxed elementor-section-height-default elementor-section-height-default wpr-particle-no wpr-jarallax-no wpr-parallax-no wpr-sticky-section-no wpr-equal-height-no\" data-id=\"f764e78\" data-element_type=\"section\" data-e-type=\"section\">\n\t\t\t\t\t\t<div class=\"elementor-container elementor-column-gap-default\">\n\t\t\t\t\t<div class=\"elementor-column elementor-col-100 elementor-top-column elementor-element elementor-element-9309469\" data-id=\"9309469\" data-element_type=\"column\" data-e-type=\"column\">\n\t\t\t<div class=\"elementor-widget-wrap elementor-element-populated\">\n\t\t\t\t\t\t<div class=\"elementor-element elementor-element-8c67c96 elementor-widget elementor-widget-image\" data-id=\"8c67c96\" data-element_type=\"widget\" data-e-type=\"widget\" data-widget_type=\"image.default\">\n\t\t\t\t<div class=\"elementor-widget-container\">\n\t\t\t\t\t\t\t\t\t\t\t\t\t\t\t<img decoding=\"async\" width=\"844\" height=\"1024\" src=\"https:\/\/www.lavalaggloathle53.fr\/wp-content\/uploads\/2025\/07\/Art-Laval-accueille-les-meilleurs-combinards-francais-cdlM-03-07-2025-844x1024.jpg\" class=\"attachment-large size-large wp-image-8497\" alt=\"\" srcset=\"https:\/\/www.lavalaggloathle53.fr\/wp-content\/uploads\/2025\/07\/Art-Laval-accueille-les-meilleurs-combinards-francais-cdlM-03-07-2025-844x1024.jpg 844w, https:\/\/www.lavalaggloathle53.fr\/wp-content\/uploads\/2025\/07\/Art-Laval-accueille-les-meilleurs-combinards-francais-cdlM-03-07-2025-247x300.jpg 247w, https:\/\/www.lavalaggloathle53.fr\/wp-content\/uploads\/2025\/07\/Art-Laval-accueille-les-meilleurs-combinards-francais-cdlM-03-07-2025-768x932.jpg 768w, https:\/\/www.lavalaggloathle53.fr\/wp-content\/uploads\/2025\/07\/Art-Laval-accueille-les-meilleurs-combinards-francais-cdlM-03-07-2025.jpg 906w\" sizes=\"(max-width: 844px) 100vw, 844px\" \/>\t\t\t\t\t\t\t\t\t\t\t\t\t\t\t<\/div>\n\t\t\t\t<\/div>\n\t\t\t\t\t<\/div>\n\t\t<\/div>\n\t\t\t\t\t<\/div>\n\t\t<\/section>\n\t\t\t\t<section class=\"elementor-section elementor-top-section elementor-element elementor-element-1b2b4aa elementor-section-boxed elementor-section-height-default elementor-section-height-default wpr-particle-no wpr-jarallax-no wpr-parallax-no wpr-sticky-section-no wpr-equal-height-no\" data-id=\"1b2b4aa\" data-element_type=\"section\" data-e-type=\"section\">\n\t\t\t\t\t\t<div class=\"elementor-container elementor-column-gap-default\">\n\t\t\t\t\t<div class=\"elementor-column elementor-col-100 elementor-top-column elementor-element elementor-element-ecdba8e\" data-id=\"ecdba8e\" data-element_type=\"column\" data-e-type=\"column\">\n\t\t\t<div class=\"elementor-widget-wrap elementor-element-populated\">\n\t\t\t\t\t\t<div class=\"elementor-element elementor-element-a735fa0 elementor-widget elementor-widget-heading\" data-id=\"a735fa0\" data-element_type=\"widget\" data-e-type=\"widget\" data-widget_type=\"heading.default\">\n\t\t\t\t<div class=\"elementor-widget-container\">\n\t\t\t\t\t<h2 class=\"elementor-heading-title elementor-size-default\">Ajoutez votre titre ici<\/h2>\t\t\t\t<\/div>\n\t\t\t\t<\/div>\n\t\t\t\t\t<\/div>\n\t\t<\/div>\n\t\t\t\t\t<\/div>\n\t\t<\/section>\n\t\t\t\t<\/div>\n\t\t","protected":false},"excerpt":{"rendered":"<p>https:\/\/www.youtube.com\/watch?v=XST_ccNKRJE Le L2A53 organisera les championnats de France de d\u00e9cathlon et d\u2019heptathlon les samedi 5 et dimanche 6 Juillet prochain. Cette comp\u00e9tition aura lieu sur le stade Manuela MONTEBRUN et regroupera les meilleurs fran\u00e7ais dans les cat\u00e9gories jeunes (cadets \u00e0 espoirs) ainsi que 16 femmes s\u00e9niors et 16 hommes s\u00e9niors parmi les meilleurs fran\u00e7ais. Ce seront donc 8 titres de champion(ne)s de France qui seront attribu\u00e9s&#8230;. Nous avons appris avec fiert\u00e9 la pr\u00e9sence et la participation pour ce qui constituera son heptathlon de rentr\u00e9e, d\u2019Auriana LAZRAQ-KHLASS. Vice-championne d\u2019Europe en 2024 \u00e0 Rome , elle a termin\u00e9 16\u00e8 des derniers jeux olympiques \u00e0 Paris. Nous aurons la chance de la voir fouler la piste \u00e0 Laval durant ces deux journ\u00e9es de comp\u00e9tition. Une pr\u00e9sentation sympathique de cette athl\u00e8te inspirante, solaire et toujours maquill\u00e9e de jolies flammes au coin des yeux \u2026 Rendez-vous le samedi 05 Juillet \u00e0 10h00 pour le 100m Haies s\u00e9nior femme avec Auriana ! Ajoutez votre titre ici<\/p>\n","protected":false},"author":4,"featured_media":8021,"comment_status":"open","ping_status":"closed","sticky":false,"template":"","format":"standard","meta":{"footnotes":""},"categories":[14,15,16,18],"tags":[],"class_list":["post-8020","post","type-post","status-publish","format-standard","has-post-thumbnail","hentry","category-actualites","category-competition","category-loisirs","category-marche_nordique"],"yoast_head":"<!-- This site is optimized with the Yoast SEO plugin v27.2 - https:\/\/yoast.com\/product\/yoast-seo-wordpress\/ -->\n<title>J - 1 Championnats de FRANCE d&#039;Epreuves Combin\u00e9es (DECATHLON\/HEPTATHLON de cadets \u00e0 seniors) organis\u00e9s \u00e0 LAVAL par le L2A53 (Stade Lavallois Athl\u00e9tisme\/US Laval) ! - Laval Agglo Athl\u00e9tisme<\/title>\n<meta name=\"robots\" content=\"index, follow, max-snippet:-1, max-image-preview:large, max-video-preview:-1\" \/>\n<link rel=\"canonical\" href=\"https:\/\/www.lavalaggloathle53.fr\/index.php\/2025\/07\/03\/j-45-pour-les-championnats-de-france-depreuves-combinees-organisees-a-laval-par-lequipe-du-l2a53\/\" \/>\n<meta property=\"og:locale\" content=\"fr_FR\" \/>\n<meta property=\"og:type\" content=\"article\" \/>\n<meta property=\"og:title\" content=\"J - 1 Championnats de FRANCE d&#039;Epreuves Combin\u00e9es (DECATHLON\/HEPTATHLON de cadets \u00e0 seniors) organis\u00e9s \u00e0 LAVAL par le L2A53 (Stade Lavallois Athl\u00e9tisme\/US Laval) ! - Laval Agglo Athl\u00e9tisme\" \/>\n<meta property=\"og:description\" content=\"https:\/\/www.youtube.com\/watch?v=XST_ccNKRJE Le L2A53 organisera les championnats de France de d\u00e9cathlon et d\u2019heptathlon les samedi 5 et dimanche 6 Juillet prochain. Cette comp\u00e9tition aura lieu sur le stade Manuela MONTEBRUN et regroupera les meilleurs fran\u00e7ais dans les cat\u00e9gories jeunes (cadets \u00e0 espoirs) ainsi que 16 femmes s\u00e9niors et 16 hommes s\u00e9niors parmi les meilleurs fran\u00e7ais. Ce seront donc 8 titres de champion(ne)s de France qui seront attribu\u00e9s&#8230;. Nous avons appris avec fiert\u00e9 la pr\u00e9sence et la participation pour ce qui constituera son heptathlon de rentr\u00e9e, d\u2019Auriana LAZRAQ-KHLASS. Vice-championne d\u2019Europe en 2024 \u00e0 Rome , elle a termin\u00e9 16\u00e8 des derniers jeux olympiques \u00e0 Paris. Nous aurons la chance de la voir fouler la piste \u00e0 Laval durant ces deux journ\u00e9es de comp\u00e9tition. Une pr\u00e9sentation sympathique de cette athl\u00e8te inspirante, solaire et toujours maquill\u00e9e de jolies flammes au coin des yeux \u2026 Rendez-vous le samedi 05 Juillet \u00e0 10h00 pour le 100m Haies s\u00e9nior femme avec Auriana ! Ajoutez votre titre ici\" \/>\n<meta property=\"og:url\" content=\"https:\/\/www.lavalaggloathle53.fr\/index.php\/2025\/07\/03\/j-45-pour-les-championnats-de-france-depreuves-combinees-organisees-a-laval-par-lequipe-du-l2a53\/\" \/>\n<meta property=\"og:site_name\" content=\"Laval Agglo Athl\u00e9tisme\" \/>\n<meta property=\"article:publisher\" content=\"https:\/\/www.facebook.com\/stadelavalloisathletisme\" \/>\n<meta property=\"article:published_time\" content=\"2025-07-03T06:22:59+00:00\" \/>\n<meta property=\"article:modified_time\" content=\"2025-07-04T06:19:39+00:00\" \/>\n<meta property=\"og:image\" content=\"https:\/\/www.lavalaggloathle53.fr\/wp-content\/uploads\/2025\/05\/Visuel-reseaux-sociaux-Chpt-de-France-EC-Laval-2025.png\" \/>\n\t<meta property=\"og:image:width\" content=\"1080\" \/>\n\t<meta property=\"og:image:height\" content=\"1350\" \/>\n\t<meta property=\"og:image:type\" content=\"image\/png\" \/>\n<meta name=\"author\" content=\"Pascal BISSON\" \/>\n<meta name=\"twitter:card\" content=\"summary_large_image\" \/>\n<meta name=\"twitter:label1\" content=\"\u00c9crit par\" \/>\n\t<meta name=\"twitter:data1\" content=\"Pascal BISSON\" \/>\n\t<meta name=\"twitter:label2\" content=\"Dur\u00e9e de lecture estim\u00e9e\" \/>\n\t<meta name=\"twitter:data2\" content=\"2 minutes\" \/>\n<script type=\"application\/ld+json\" class=\"yoast-schema-graph\">{\"@context\":\"https:\/\/schema.org\",\"@graph\":[{\"@type\":\"Article\",\"@id\":\"https:\/\/www.lavalaggloathle53.fr\/index.php\/2025\/07\/03\/j-45-pour-les-championnats-de-france-depreuves-combinees-organisees-a-laval-par-lequipe-du-l2a53\/#article\",\"isPartOf\":{\"@id\":\"https:\/\/www.lavalaggloathle53.fr\/index.php\/2025\/07\/03\/j-45-pour-les-championnats-de-france-depreuves-combinees-organisees-a-laval-par-lequipe-du-l2a53\/\"},\"author\":{\"name\":\"Pascal BISSON\",\"@id\":\"https:\/\/www.lavalaggloathle53.fr\/#\/schema\/person\/979647d1a9707730d91bfc766caadc0b\"},\"headline\":\"J &#8211; 1 Championnats de FRANCE d&rsquo;Epreuves Combin\u00e9es (DECATHLON\/HEPTATHLON de cadets \u00e0 seniors) organis\u00e9s \u00e0 LAVAL par le L2A53 (Stade Lavallois Athl\u00e9tisme\/US Laval) !\",\"datePublished\":\"2025-07-03T06:22:59+00:00\",\"dateModified\":\"2025-07-04T06:19:39+00:00\",\"mainEntityOfPage\":{\"@id\":\"https:\/\/www.lavalaggloathle53.fr\/index.php\/2025\/07\/03\/j-45-pour-les-championnats-de-france-depreuves-combinees-organisees-a-laval-par-lequipe-du-l2a53\/\"},\"wordCount\":200,\"commentCount\":0,\"image\":{\"@id\":\"https:\/\/www.lavalaggloathle53.fr\/index.php\/2025\/07\/03\/j-45-pour-les-championnats-de-france-depreuves-combinees-organisees-a-laval-par-lequipe-du-l2a53\/#primaryimage\"},\"thumbnailUrl\":\"https:\/\/www.lavalaggloathle53.fr\/wp-content\/uploads\/2025\/05\/Visuel-reseaux-sociaux-Chpt-de-France-EC-Laval-2025.png\",\"articleSection\":[\"Actualit\u00e9s\",\"Comp\u00e9tition\",\"Loisirs\",\"Marche nordique\"],\"inLanguage\":\"fr-FR\",\"potentialAction\":[{\"@type\":\"CommentAction\",\"name\":\"Comment\",\"target\":[\"https:\/\/www.lavalaggloathle53.fr\/index.php\/2025\/07\/03\/j-45-pour-les-championnats-de-france-depreuves-combinees-organisees-a-laval-par-lequipe-du-l2a53\/#respond\"]}]},{\"@type\":\"WebPage\",\"@id\":\"https:\/\/www.lavalaggloathle53.fr\/index.php\/2025\/07\/03\/j-45-pour-les-championnats-de-france-depreuves-combinees-organisees-a-laval-par-lequipe-du-l2a53\/\",\"url\":\"https:\/\/www.lavalaggloathle53.fr\/index.php\/2025\/07\/03\/j-45-pour-les-championnats-de-france-depreuves-combinees-organisees-a-laval-par-lequipe-du-l2a53\/\",\"name\":\"J - 1 Championnats de FRANCE d'Epreuves Combin\u00e9es (DECATHLON\/HEPTATHLON de cadets \u00e0 seniors) organis\u00e9s \u00e0 LAVAL par le L2A53 (Stade Lavallois Athl\u00e9tisme\/US Laval) ! - Laval Agglo Athl\u00e9tisme\",\"isPartOf\":{\"@id\":\"https:\/\/www.lavalaggloathle53.fr\/#website\"},\"primaryImageOfPage\":{\"@id\":\"https:\/\/www.lavalaggloathle53.fr\/index.php\/2025\/07\/03\/j-45-pour-les-championnats-de-france-depreuves-combinees-organisees-a-laval-par-lequipe-du-l2a53\/#primaryimage\"},\"image\":{\"@id\":\"https:\/\/www.lavalaggloathle53.fr\/index.php\/2025\/07\/03\/j-45-pour-les-championnats-de-france-depreuves-combinees-organisees-a-laval-par-lequipe-du-l2a53\/#primaryimage\"},\"thumbnailUrl\":\"https:\/\/www.lavalaggloathle53.fr\/wp-content\/uploads\/2025\/05\/Visuel-reseaux-sociaux-Chpt-de-France-EC-Laval-2025.png\",\"datePublished\":\"2025-07-03T06:22:59+00:00\",\"dateModified\":\"2025-07-04T06:19:39+00:00\",\"author\":{\"@id\":\"https:\/\/www.lavalaggloathle53.fr\/#\/schema\/person\/979647d1a9707730d91bfc766caadc0b\"},\"breadcrumb\":{\"@id\":\"https:\/\/www.lavalaggloathle53.fr\/index.php\/2025\/07\/03\/j-45-pour-les-championnats-de-france-depreuves-combinees-organisees-a-laval-par-lequipe-du-l2a53\/#breadcrumb\"},\"inLanguage\":\"fr-FR\",\"potentialAction\":[{\"@type\":\"ReadAction\",\"target\":[\"https:\/\/www.lavalaggloathle53.fr\/index.php\/2025\/07\/03\/j-45-pour-les-championnats-de-france-depreuves-combinees-organisees-a-laval-par-lequipe-du-l2a53\/\"]}]},{\"@type\":\"ImageObject\",\"inLanguage\":\"fr-FR\",\"@id\":\"https:\/\/www.lavalaggloathle53.fr\/index.php\/2025\/07\/03\/j-45-pour-les-championnats-de-france-depreuves-combinees-organisees-a-laval-par-lequipe-du-l2a53\/#primaryimage\",\"url\":\"https:\/\/www.lavalaggloathle53.fr\/wp-content\/uploads\/2025\/05\/Visuel-reseaux-sociaux-Chpt-de-France-EC-Laval-2025.png\",\"contentUrl\":\"https:\/\/www.lavalaggloathle53.fr\/wp-content\/uploads\/2025\/05\/Visuel-reseaux-sociaux-Chpt-de-France-EC-Laval-2025.png\",\"width\":1080,\"height\":1350},{\"@type\":\"BreadcrumbList\",\"@id\":\"https:\/\/www.lavalaggloathle53.fr\/index.php\/2025\/07\/03\/j-45-pour-les-championnats-de-france-depreuves-combinees-organisees-a-laval-par-lequipe-du-l2a53\/#breadcrumb\",\"itemListElement\":[{\"@type\":\"ListItem\",\"position\":1,\"name\":\"Accueil\",\"item\":\"https:\/\/www.lavalaggloathle53.fr\/\"},{\"@type\":\"ListItem\",\"position\":2,\"name\":\"J &#8211; 1 Championnats de FRANCE d&rsquo;Epreuves Combin\u00e9es (DECATHLON\/HEPTATHLON de cadets \u00e0 seniors) organis\u00e9s \u00e0 LAVAL par le L2A53 (Stade Lavallois Athl\u00e9tisme\/US Laval) !\"}]},{\"@type\":\"WebSite\",\"@id\":\"https:\/\/www.lavalaggloathle53.fr\/#website\",\"url\":\"https:\/\/www.lavalaggloathle53.fr\/\",\"name\":\"Laval Agglo Athl\u00e9tisme\",\"description\":\"L&#039;athl\u00e9, un sport pour tous\",\"alternateName\":\"L2A53\",\"potentialAction\":[{\"@type\":\"SearchAction\",\"target\":{\"@type\":\"EntryPoint\",\"urlTemplate\":\"https:\/\/www.lavalaggloathle53.fr\/?s={search_term_string}\"},\"query-input\":{\"@type\":\"PropertyValueSpecification\",\"valueRequired\":true,\"valueName\":\"search_term_string\"}}],\"inLanguage\":\"fr-FR\"},{\"@type\":\"Person\",\"@id\":\"https:\/\/www.lavalaggloathle53.fr\/#\/schema\/person\/979647d1a9707730d91bfc766caadc0b\",\"name\":\"Pascal BISSON\",\"image\":{\"@type\":\"ImageObject\",\"inLanguage\":\"fr-FR\",\"@id\":\"https:\/\/secure.gravatar.com\/avatar\/59596d86ade6d559609912f789f6ddaf324a4bb824fbedeaf0ccebc5c1967658?s=96&d=mm&r=g\",\"url\":\"https:\/\/secure.gravatar.com\/avatar\/59596d86ade6d559609912f789f6ddaf324a4bb824fbedeaf0ccebc5c1967658?s=96&d=mm&r=g\",\"contentUrl\":\"https:\/\/secure.gravatar.com\/avatar\/59596d86ade6d559609912f789f6ddaf324a4bb824fbedeaf0ccebc5c1967658?s=96&d=mm&r=g\",\"caption\":\"Pascal BISSON\"},\"sameAs\":[\"https:\/\/www.lavalaggloathle53.fr\"],\"url\":\"https:\/\/www.lavalaggloathle53.fr\/index.php\/author\/bis53\/\"}]}<\/script>\n<!-- \/ Yoast SEO plugin. -->","yoast_head_json":{"title":"J - 1 Championnats de FRANCE d'Epreuves Combin\u00e9es (DECATHLON\/HEPTATHLON de cadets \u00e0 seniors) organis\u00e9s \u00e0 LAVAL par le L2A53 (Stade Lavallois Athl\u00e9tisme\/US Laval) ! - Laval Agglo Athl\u00e9tisme","robots":{"index":"index","follow":"follow","max-snippet":"max-snippet:-1","max-image-preview":"max-image-preview:large","max-video-preview":"max-video-preview:-1"},"canonical":"https:\/\/www.lavalaggloathle53.fr\/index.php\/2025\/07\/03\/j-45-pour-les-championnats-de-france-depreuves-combinees-organisees-a-laval-par-lequipe-du-l2a53\/","og_locale":"fr_FR","og_type":"article","og_title":"J - 1 Championnats de FRANCE d'Epreuves Combin\u00e9es (DECATHLON\/HEPTATHLON de cadets \u00e0 seniors) organis\u00e9s \u00e0 LAVAL par le L2A53 (Stade Lavallois Athl\u00e9tisme\/US Laval) ! - Laval Agglo Athl\u00e9tisme","og_description":"https:\/\/www.youtube.com\/watch?v=XST_ccNKRJE Le L2A53 organisera les championnats de France de d\u00e9cathlon et d\u2019heptathlon les samedi 5 et dimanche 6 Juillet prochain. Cette comp\u00e9tition aura lieu sur le stade Manuela MONTEBRUN et regroupera les meilleurs fran\u00e7ais dans les cat\u00e9gories jeunes (cadets \u00e0 espoirs) ainsi que 16 femmes s\u00e9niors et 16 hommes s\u00e9niors parmi les meilleurs fran\u00e7ais. Ce seront donc 8 titres de champion(ne)s de France qui seront attribu\u00e9s&#8230;. Nous avons appris avec fiert\u00e9 la pr\u00e9sence et la participation pour ce qui constituera son heptathlon de rentr\u00e9e, d\u2019Auriana LAZRAQ-KHLASS. Vice-championne d\u2019Europe en 2024 \u00e0 Rome , elle a termin\u00e9 16\u00e8 des derniers jeux olympiques \u00e0 Paris. Nous aurons la chance de la voir fouler la piste \u00e0 Laval durant ces deux journ\u00e9es de comp\u00e9tition. Une pr\u00e9sentation sympathique de cette athl\u00e8te inspirante, solaire et toujours maquill\u00e9e de jolies flammes au coin des yeux \u2026 Rendez-vous le samedi 05 Juillet \u00e0 10h00 pour le 100m Haies s\u00e9nior femme avec Auriana ! Ajoutez votre titre ici","og_url":"https:\/\/www.lavalaggloathle53.fr\/index.php\/2025\/07\/03\/j-45-pour-les-championnats-de-france-depreuves-combinees-organisees-a-laval-par-lequipe-du-l2a53\/","og_site_name":"Laval Agglo Athl\u00e9tisme","article_publisher":"https:\/\/www.facebook.com\/stadelavalloisathletisme","article_published_time":"2025-07-03T06:22:59+00:00","article_modified_time":"2025-07-04T06:19:39+00:00","og_image":[{"width":1080,"height":1350,"url":"https:\/\/www.lavalaggloathle53.fr\/wp-content\/uploads\/2025\/05\/Visuel-reseaux-sociaux-Chpt-de-France-EC-Laval-2025.png","type":"image\/png"}],"author":"Pascal BISSON","twitter_card":"summary_large_image","twitter_misc":{"\u00c9crit par":"Pascal BISSON","Dur\u00e9e de lecture estim\u00e9e":"2 minutes"},"schema":{"@context":"https:\/\/schema.org","@graph":[{"@type":"Article","@id":"https:\/\/www.lavalaggloathle53.fr\/index.php\/2025\/07\/03\/j-45-pour-les-championnats-de-france-depreuves-combinees-organisees-a-laval-par-lequipe-du-l2a53\/#article","isPartOf":{"@id":"https:\/\/www.lavalaggloathle53.fr\/index.php\/2025\/07\/03\/j-45-pour-les-championnats-de-france-depreuves-combinees-organisees-a-laval-par-lequipe-du-l2a53\/"},"author":{"name":"Pascal BISSON","@id":"https:\/\/www.lavalaggloathle53.fr\/#\/schema\/person\/979647d1a9707730d91bfc766caadc0b"},"headline":"J &#8211; 1 Championnats de FRANCE d&rsquo;Epreuves Combin\u00e9es (DECATHLON\/HEPTATHLON de cadets \u00e0 seniors) organis\u00e9s \u00e0 LAVAL par le L2A53 (Stade Lavallois Athl\u00e9tisme\/US Laval) !","datePublished":"2025-07-03T06:22:59+00:00","dateModified":"2025-07-04T06:19:39+00:00","mainEntityOfPage":{"@id":"https:\/\/www.lavalaggloathle53.fr\/index.php\/2025\/07\/03\/j-45-pour-les-championnats-de-france-depreuves-combinees-organisees-a-laval-par-lequipe-du-l2a53\/"},"wordCount":200,"commentCount":0,"image":{"@id":"https:\/\/www.lavalaggloathle53.fr\/index.php\/2025\/07\/03\/j-45-pour-les-championnats-de-france-depreuves-combinees-organisees-a-laval-par-lequipe-du-l2a53\/#primaryimage"},"thumbnailUrl":"https:\/\/www.lavalaggloathle53.fr\/wp-content\/uploads\/2025\/05\/Visuel-reseaux-sociaux-Chpt-de-France-EC-Laval-2025.png","articleSection":["Actualit\u00e9s","Comp\u00e9tition","Loisirs","Marche nordique"],"inLanguage":"fr-FR","potentialAction":[{"@type":"CommentAction","name":"Comment","target":["https:\/\/www.lavalaggloathle53.fr\/index.php\/2025\/07\/03\/j-45-pour-les-championnats-de-france-depreuves-combinees-organisees-a-laval-par-lequipe-du-l2a53\/#respond"]}]},{"@type":"WebPage","@id":"https:\/\/www.lavalaggloathle53.fr\/index.php\/2025\/07\/03\/j-45-pour-les-championnats-de-france-depreuves-combinees-organisees-a-laval-par-lequipe-du-l2a53\/","url":"https:\/\/www.lavalaggloathle53.fr\/index.php\/2025\/07\/03\/j-45-pour-les-championnats-de-france-depreuves-combinees-organisees-a-laval-par-lequipe-du-l2a53\/","name":"J - 1 Championnats de FRANCE d'Epreuves Combin\u00e9es (DECATHLON\/HEPTATHLON de cadets \u00e0 seniors) organis\u00e9s \u00e0 LAVAL par le L2A53 (Stade Lavallois Athl\u00e9tisme\/US Laval) ! - Laval Agglo Athl\u00e9tisme","isPartOf":{"@id":"https:\/\/www.lavalaggloathle53.fr\/#website"},"primaryImageOfPage":{"@id":"https:\/\/www.lavalaggloathle53.fr\/index.php\/2025\/07\/03\/j-45-pour-les-championnats-de-france-depreuves-combinees-organisees-a-laval-par-lequipe-du-l2a53\/#primaryimage"},"image":{"@id":"https:\/\/www.lavalaggloathle53.fr\/index.php\/2025\/07\/03\/j-45-pour-les-championnats-de-france-depreuves-combinees-organisees-a-laval-par-lequipe-du-l2a53\/#primaryimage"},"thumbnailUrl":"https:\/\/www.lavalaggloathle53.fr\/wp-content\/uploads\/2025\/05\/Visuel-reseaux-sociaux-Chpt-de-France-EC-Laval-2025.png","datePublished":"2025-07-03T06:22:59+00:00","dateModified":"2025-07-04T06:19:39+00:00","author":{"@id":"https:\/\/www.lavalaggloathle53.fr\/#\/schema\/person\/979647d1a9707730d91bfc766caadc0b"},"breadcrumb":{"@id":"https:\/\/www.lavalaggloathle53.fr\/index.php\/2025\/07\/03\/j-45-pour-les-championnats-de-france-depreuves-combinees-organisees-a-laval-par-lequipe-du-l2a53\/#breadcrumb"},"inLanguage":"fr-FR","potentialAction":[{"@type":"ReadAction","target":["https:\/\/www.lavalaggloathle53.fr\/index.php\/2025\/07\/03\/j-45-pour-les-championnats-de-france-depreuves-combinees-organisees-a-laval-par-lequipe-du-l2a53\/"]}]},{"@type":"ImageObject","inLanguage":"fr-FR","@id":"https:\/\/www.lavalaggloathle53.fr\/index.php\/2025\/07\/03\/j-45-pour-les-championnats-de-france-depreuves-combinees-organisees-a-laval-par-lequipe-du-l2a53\/#primaryimage","url":"https:\/\/www.lavalaggloathle53.fr\/wp-content\/uploads\/2025\/05\/Visuel-reseaux-sociaux-Chpt-de-France-EC-Laval-2025.png","contentUrl":"https:\/\/www.lavalaggloathle53.fr\/wp-content\/uploads\/2025\/05\/Visuel-reseaux-sociaux-Chpt-de-France-EC-Laval-2025.png","width":1080,"height":1350},{"@type":"BreadcrumbList","@id":"https:\/\/www.lavalaggloathle53.fr\/index.php\/2025\/07\/03\/j-45-pour-les-championnats-de-france-depreuves-combinees-organisees-a-laval-par-lequipe-du-l2a53\/#breadcrumb","itemListElement":[{"@type":"ListItem","position":1,"name":"Accueil","item":"https:\/\/www.lavalaggloathle53.fr\/"},{"@type":"ListItem","position":2,"name":"J &#8211; 1 Championnats de FRANCE d&rsquo;Epreuves Combin\u00e9es (DECATHLON\/HEPTATHLON de cadets \u00e0 seniors) organis\u00e9s \u00e0 LAVAL par le L2A53 (Stade Lavallois Athl\u00e9tisme\/US Laval) !"}]},{"@type":"WebSite","@id":"https:\/\/www.lavalaggloathle53.fr\/#website","url":"https:\/\/www.lavalaggloathle53.fr\/","name":"Laval Agglo Athl\u00e9tisme","description":"L&#039;athl\u00e9, un sport pour tous","alternateName":"L2A53","potentialAction":[{"@type":"SearchAction","target":{"@type":"EntryPoint","urlTemplate":"https:\/\/www.lavalaggloathle53.fr\/?s={search_term_string}"},"query-input":{"@type":"PropertyValueSpecification","valueRequired":true,"valueName":"search_term_string"}}],"inLanguage":"fr-FR"},{"@type":"Person","@id":"https:\/\/www.lavalaggloathle53.fr\/#\/schema\/person\/979647d1a9707730d91bfc766caadc0b","name":"Pascal BISSON","image":{"@type":"ImageObject","inLanguage":"fr-FR","@id":"https:\/\/secure.gravatar.com\/avatar\/59596d86ade6d559609912f789f6ddaf324a4bb824fbedeaf0ccebc5c1967658?s=96&d=mm&r=g","url":"https:\/\/secure.gravatar.com\/avatar\/59596d86ade6d559609912f789f6ddaf324a4bb824fbedeaf0ccebc5c1967658?s=96&d=mm&r=g","contentUrl":"https:\/\/secure.gravatar.com\/avatar\/59596d86ade6d559609912f789f6ddaf324a4bb824fbedeaf0ccebc5c1967658?s=96&d=mm&r=g","caption":"Pascal BISSON"},"sameAs":["https:\/\/www.lavalaggloathle53.fr"],"url":"https:\/\/www.lavalaggloathle53.fr\/index.php\/author\/bis53\/"}]}},"_links":{"self":[{"href":"https:\/\/www.lavalaggloathle53.fr\/index.php\/wp-json\/wp\/v2\/posts\/8020","targetHints":{"allow":["GET"]}}],"collection":[{"href":"https:\/\/www.lavalaggloathle53.fr\/index.php\/wp-json\/wp\/v2\/posts"}],"about":[{"href":"https:\/\/www.lavalaggloathle53.fr\/index.php\/wp-json\/wp\/v2\/types\/post"}],"author":[{"embeddable":true,"href":"https:\/\/www.lavalaggloathle53.fr\/index.php\/wp-json\/wp\/v2\/users\/4"}],"replies":[{"embeddable":true,"href":"https:\/\/www.lavalaggloathle53.fr\/index.php\/wp-json\/wp\/v2\/comments?post=8020"}],"version-history":[{"count":51,"href":"https:\/\/www.lavalaggloathle53.fr\/index.php\/wp-json\/wp\/v2\/posts\/8020\/revisions"}],"predecessor-version":[{"id":8516,"href":"https:\/\/www.lavalaggloathle53.fr\/index.php\/wp-json\/wp\/v2\/posts\/8020\/revisions\/8516"}],"wp:featuredmedia":[{"embeddable":true,"href":"https:\/\/www.lavalaggloathle53.fr\/index.php\/wp-json\/wp\/v2\/media\/8021"}],"wp:attachment":[{"href":"https:\/\/www.lavalaggloathle53.fr\/index.php\/wp-json\/wp\/v2\/media?parent=8020"}],"wp:term":[{"taxonomy":"category","embeddable":true,"href":"https:\/\/www.lavalaggloathle53.fr\/index.php\/wp-json\/wp\/v2\/categories?post=8020"},{"taxonomy":"post_tag","embeddable":true,"href":"https:\/\/www.lavalaggloathle53.fr\/index.php\/wp-json\/wp\/v2\/tags?post=8020"}],"curies":[{"name":"wp","href":"https:\/\/api.w.org\/{rel}","templated":true}]}}