{"id":7934,"date":"2025-05-10T08:16:29","date_gmt":"2025-05-10T06:16:29","guid":{"rendered":"https:\/\/www.lavalaggloathle53.fr\/?p=7934"},"modified":"2025-05-10T08:26:48","modified_gmt":"2025-05-10T06:26:48","slug":"des-resultats-prometteurs-pour-les-athletes-du-l2a53-au-meeting-regional-de-st-barthelemy-danjou-09-05-2025","status":"publish","type":"post","link":"https:\/\/www.lavalaggloathle53.fr\/index.php\/2025\/05\/10\/des-resultats-prometteurs-pour-les-athletes-du-l2a53-au-meeting-regional-de-st-barthelemy-danjou-09-05-2025\/","title":{"rendered":"Des r\u00e9sultats prometteurs pour les athl\u00e8tes du L2A53 au Meeting R\u00e9gional de St BARTHELEMY d&rsquo;ANJOU (09\/05\/2025)"},"content":{"rendered":"\n<h2 class=\"wp-block-heading\">R\u00e9sultats meeting de St BARTHELEMY d&rsquo;ANJOU<\/h2>\n\n\n\n<p><strong>200 m<\/strong><br>Jeanne DISIER 28.32 <strong>PB<\/strong> (Record personnel)<br>Lalie LE GALLIOT 28.99<br>Lou Anne MORVAN 29.11 PB<br>Maxime COLAS 24.26 (de retour de blessure)<br>Thomas GOUGEON 24.22<br>Hugo HAMON 25.85<\/p>\n\n\n\n<p><strong>400 m<\/strong><br>Amandine LE BARS 68.88<br>Lilou JAOUEN 70.25<br>Margaux GOUGEON 71.52 pour son premier 400 ! <strong>PB<\/strong> (Record personnel)<br>Guillaume BOLLAERT 53.76 <strong>SB<\/strong> (Meilleure perf de la saison)<br>Thomas GOUGEON 54.10<br>Nicolas BABIARSKI 54.44 <strong>SB<\/strong><br>Amaury CARRE 55.60<\/p>\n\n\n\n<p><strong>1000 m<\/strong><\/p>\n\n\n\n<p> Mathis CUREZ 2&rsquo;31&Prime;50 <strong>PB<\/strong><br>Arthur GARNIER  2&rsquo;37\u00a0\u00bb85 <strong>PB<\/strong><br>Amaury BLOT  2&rsquo;41\u00a0\u00bb47<strong> PB<\/strong><br>Valentin PAILLARD  2&rsquo;42&Prime;80 SB<br>Th\u00e9otime LASIERRA  2&rsquo;44&Prime;47 <strong>PB<\/strong><\/p>\n","protected":false},"excerpt":{"rendered":"<p>R\u00e9sultats meeting de St BARTHELEMY d&rsquo;ANJOU 200 mJeanne DISIER 28.32 PB (Record personnel)Lalie LE GALLIOT 28.99Lou Anne MORVAN 29.11 PBMaxime COLAS 24.26 (de retour de blessure)Thomas GOUGEON 24.22Hugo HAMON 25.85 400 mAmandine LE BARS 68.88Lilou JAOUEN 70.25Margaux GOUGEON 71.52 pour son premier 400 ! PB (Record personnel)Guillaume BOLLAERT 53.76 SB (Meilleure perf de la saison)Thomas GOUGEON 54.10Nicolas BABIARSKI 54.44 SBAmaury CARRE 55.60 1000 m Mathis CUREZ 2&rsquo;31&Prime;50 PBArthur GARNIER 2&rsquo;37\u00a0\u00bb85 PBAmaury BLOT 2&rsquo;41\u00a0\u00bb47 PBValentin PAILLARD 2&rsquo;42&Prime;80 SBTh\u00e9otime LASIERRA 2&rsquo;44&Prime;47 PB<\/p>\n","protected":false},"author":4,"featured_media":7935,"comment_status":"open","ping_status":"closed","sticky":false,"template":"","format":"standard","meta":{"footnotes":""},"categories":[14,15],"tags":[],"class_list":["post-7934","post","type-post","status-publish","format-standard","has-post-thumbnail","hentry","category-actualites","category-competition"],"yoast_head":"<!-- This site is optimized with the Yoast SEO plugin v27.2 - https:\/\/yoast.com\/product\/yoast-seo-wordpress\/ -->\n<title>Des r\u00e9sultats prometteurs pour les athl\u00e8tes du L2A53 au Meeting R\u00e9gional de St BARTHELEMY d&#039;ANJOU (09\/05\/2025) - Laval Agglo Athl\u00e9tisme<\/title>\n<meta name=\"robots\" content=\"index, follow, max-snippet:-1, max-image-preview:large, max-video-preview:-1\" \/>\n<link rel=\"canonical\" href=\"https:\/\/www.lavalaggloathle53.fr\/index.php\/2025\/05\/10\/des-resultats-prometteurs-pour-les-athletes-du-l2a53-au-meeting-regional-de-st-barthelemy-danjou-09-05-2025\/\" \/>\n<meta property=\"og:locale\" content=\"fr_FR\" \/>\n<meta property=\"og:type\" content=\"article\" \/>\n<meta property=\"og:title\" content=\"Des r\u00e9sultats prometteurs pour les athl\u00e8tes du L2A53 au Meeting R\u00e9gional de St BARTHELEMY d&#039;ANJOU (09\/05\/2025) - Laval Agglo Athl\u00e9tisme\" \/>\n<meta property=\"og:description\" content=\"R\u00e9sultats meeting de St BARTHELEMY d&rsquo;ANJOU 200 mJeanne DISIER 28.32 PB (Record personnel)Lalie LE GALLIOT 28.99Lou Anne MORVAN 29.11 PBMaxime COLAS 24.26 (de retour de blessure)Thomas GOUGEON 24.22Hugo HAMON 25.85 400 mAmandine LE BARS 68.88Lilou JAOUEN 70.25Margaux GOUGEON 71.52 pour son premier 400 ! PB (Record personnel)Guillaume BOLLAERT 53.76 SB (Meilleure perf de la saison)Thomas GOUGEON 54.10Nicolas BABIARSKI 54.44 SBAmaury CARRE 55.60 1000 m Mathis CUREZ 2&rsquo;31&Prime;50 PBArthur GARNIER 2&rsquo;37\u00a0\u00bb85 PBAmaury BLOT 2&rsquo;41\u00a0\u00bb47 PBValentin PAILLARD 2&rsquo;42&Prime;80 SBTh\u00e9otime LASIERRA 2&rsquo;44&Prime;47 PB\" \/>\n<meta property=\"og:url\" content=\"https:\/\/www.lavalaggloathle53.fr\/index.php\/2025\/05\/10\/des-resultats-prometteurs-pour-les-athletes-du-l2a53-au-meeting-regional-de-st-barthelemy-danjou-09-05-2025\/\" \/>\n<meta property=\"og:site_name\" content=\"Laval Agglo Athl\u00e9tisme\" \/>\n<meta property=\"article:publisher\" content=\"https:\/\/www.facebook.com\/stadelavalloisathletisme\" \/>\n<meta property=\"article:published_time\" content=\"2025-05-10T06:16:29+00:00\" \/>\n<meta property=\"article:modified_time\" content=\"2025-05-10T06:26:48+00:00\" \/>\n<meta property=\"og:image\" content=\"https:\/\/www.lavalaggloathle53.fr\/wp-content\/uploads\/2025\/05\/LOGO-MEETING-2025.png\" \/>\n\t<meta property=\"og:image:width\" content=\"455\" \/>\n\t<meta property=\"og:image:height\" content=\"255\" \/>\n\t<meta property=\"og:image:type\" content=\"image\/png\" \/>\n<meta name=\"author\" content=\"Pascal BISSON\" \/>\n<meta name=\"twitter:card\" content=\"summary_large_image\" \/>\n<meta name=\"twitter:label1\" content=\"\u00c9crit par\" \/>\n\t<meta name=\"twitter:data1\" content=\"Pascal BISSON\" \/>\n\t<meta name=\"twitter:label2\" content=\"Dur\u00e9e de lecture estim\u00e9e\" \/>\n\t<meta name=\"twitter:data2\" content=\"1 minute\" \/>\n<script type=\"application\/ld+json\" class=\"yoast-schema-graph\">{\"@context\":\"https:\/\/schema.org\",\"@graph\":[{\"@type\":\"Article\",\"@id\":\"https:\/\/www.lavalaggloathle53.fr\/index.php\/2025\/05\/10\/des-resultats-prometteurs-pour-les-athletes-du-l2a53-au-meeting-regional-de-st-barthelemy-danjou-09-05-2025\/#article\",\"isPartOf\":{\"@id\":\"https:\/\/www.lavalaggloathle53.fr\/index.php\/2025\/05\/10\/des-resultats-prometteurs-pour-les-athletes-du-l2a53-au-meeting-regional-de-st-barthelemy-danjou-09-05-2025\/\"},\"author\":{\"name\":\"Pascal BISSON\",\"@id\":\"https:\/\/www.lavalaggloathle53.fr\/#\/schema\/person\/979647d1a9707730d91bfc766caadc0b\"},\"headline\":\"Des r\u00e9sultats prometteurs pour les athl\u00e8tes du L2A53 au Meeting R\u00e9gional de St BARTHELEMY d&rsquo;ANJOU (09\/05\/2025)\",\"datePublished\":\"2025-05-10T06:16:29+00:00\",\"dateModified\":\"2025-05-10T06:26:48+00:00\",\"mainEntityOfPage\":{\"@id\":\"https:\/\/www.lavalaggloathle53.fr\/index.php\/2025\/05\/10\/des-resultats-prometteurs-pour-les-athletes-du-l2a53-au-meeting-regional-de-st-barthelemy-danjou-09-05-2025\/\"},\"wordCount\":95,\"commentCount\":0,\"image\":{\"@id\":\"https:\/\/www.lavalaggloathle53.fr\/index.php\/2025\/05\/10\/des-resultats-prometteurs-pour-les-athletes-du-l2a53-au-meeting-regional-de-st-barthelemy-danjou-09-05-2025\/#primaryimage\"},\"thumbnailUrl\":\"https:\/\/www.lavalaggloathle53.fr\/wp-content\/uploads\/2025\/05\/LOGO-MEETING-2025.png\",\"articleSection\":[\"Actualit\u00e9s\",\"Comp\u00e9tition\"],\"inLanguage\":\"fr-FR\",\"potentialAction\":[{\"@type\":\"CommentAction\",\"name\":\"Comment\",\"target\":[\"https:\/\/www.lavalaggloathle53.fr\/index.php\/2025\/05\/10\/des-resultats-prometteurs-pour-les-athletes-du-l2a53-au-meeting-regional-de-st-barthelemy-danjou-09-05-2025\/#respond\"]}]},{\"@type\":\"WebPage\",\"@id\":\"https:\/\/www.lavalaggloathle53.fr\/index.php\/2025\/05\/10\/des-resultats-prometteurs-pour-les-athletes-du-l2a53-au-meeting-regional-de-st-barthelemy-danjou-09-05-2025\/\",\"url\":\"https:\/\/www.lavalaggloathle53.fr\/index.php\/2025\/05\/10\/des-resultats-prometteurs-pour-les-athletes-du-l2a53-au-meeting-regional-de-st-barthelemy-danjou-09-05-2025\/\",\"name\":\"Des r\u00e9sultats prometteurs pour les athl\u00e8tes du L2A53 au Meeting R\u00e9gional de St BARTHELEMY d'ANJOU (09\/05\/2025) - Laval Agglo Athl\u00e9tisme\",\"isPartOf\":{\"@id\":\"https:\/\/www.lavalaggloathle53.fr\/#website\"},\"primaryImageOfPage\":{\"@id\":\"https:\/\/www.lavalaggloathle53.fr\/index.php\/2025\/05\/10\/des-resultats-prometteurs-pour-les-athletes-du-l2a53-au-meeting-regional-de-st-barthelemy-danjou-09-05-2025\/#primaryimage\"},\"image\":{\"@id\":\"https:\/\/www.lavalaggloathle53.fr\/index.php\/2025\/05\/10\/des-resultats-prometteurs-pour-les-athletes-du-l2a53-au-meeting-regional-de-st-barthelemy-danjou-09-05-2025\/#primaryimage\"},\"thumbnailUrl\":\"https:\/\/www.lavalaggloathle53.fr\/wp-content\/uploads\/2025\/05\/LOGO-MEETING-2025.png\",\"datePublished\":\"2025-05-10T06:16:29+00:00\",\"dateModified\":\"2025-05-10T06:26:48+00:00\",\"author\":{\"@id\":\"https:\/\/www.lavalaggloathle53.fr\/#\/schema\/person\/979647d1a9707730d91bfc766caadc0b\"},\"breadcrumb\":{\"@id\":\"https:\/\/www.lavalaggloathle53.fr\/index.php\/2025\/05\/10\/des-resultats-prometteurs-pour-les-athletes-du-l2a53-au-meeting-regional-de-st-barthelemy-danjou-09-05-2025\/#breadcrumb\"},\"inLanguage\":\"fr-FR\",\"potentialAction\":[{\"@type\":\"ReadAction\",\"target\":[\"https:\/\/www.lavalaggloathle53.fr\/index.php\/2025\/05\/10\/des-resultats-prometteurs-pour-les-athletes-du-l2a53-au-meeting-regional-de-st-barthelemy-danjou-09-05-2025\/\"]}]},{\"@type\":\"ImageObject\",\"inLanguage\":\"fr-FR\",\"@id\":\"https:\/\/www.lavalaggloathle53.fr\/index.php\/2025\/05\/10\/des-resultats-prometteurs-pour-les-athletes-du-l2a53-au-meeting-regional-de-st-barthelemy-danjou-09-05-2025\/#primaryimage\",\"url\":\"https:\/\/www.lavalaggloathle53.fr\/wp-content\/uploads\/2025\/05\/LOGO-MEETING-2025.png\",\"contentUrl\":\"https:\/\/www.lavalaggloathle53.fr\/wp-content\/uploads\/2025\/05\/LOGO-MEETING-2025.png\",\"width\":455,\"height\":255},{\"@type\":\"BreadcrumbList\",\"@id\":\"https:\/\/www.lavalaggloathle53.fr\/index.php\/2025\/05\/10\/des-resultats-prometteurs-pour-les-athletes-du-l2a53-au-meeting-regional-de-st-barthelemy-danjou-09-05-2025\/#breadcrumb\",\"itemListElement\":[{\"@type\":\"ListItem\",\"position\":1,\"name\":\"Accueil\",\"item\":\"https:\/\/www.lavalaggloathle53.fr\/\"},{\"@type\":\"ListItem\",\"position\":2,\"name\":\"Des r\u00e9sultats prometteurs pour les athl\u00e8tes du L2A53 au Meeting R\u00e9gional de St BARTHELEMY d&rsquo;ANJOU (09\/05\/2025)\"}]},{\"@type\":\"WebSite\",\"@id\":\"https:\/\/www.lavalaggloathle53.fr\/#website\",\"url\":\"https:\/\/www.lavalaggloathle53.fr\/\",\"name\":\"Laval Agglo Athl\u00e9tisme\",\"description\":\"L&#039;athl\u00e9, un sport pour tous\",\"alternateName\":\"L2A53\",\"potentialAction\":[{\"@type\":\"SearchAction\",\"target\":{\"@type\":\"EntryPoint\",\"urlTemplate\":\"https:\/\/www.lavalaggloathle53.fr\/?s={search_term_string}\"},\"query-input\":{\"@type\":\"PropertyValueSpecification\",\"valueRequired\":true,\"valueName\":\"search_term_string\"}}],\"inLanguage\":\"fr-FR\"},{\"@type\":\"Person\",\"@id\":\"https:\/\/www.lavalaggloathle53.fr\/#\/schema\/person\/979647d1a9707730d91bfc766caadc0b\",\"name\":\"Pascal BISSON\",\"image\":{\"@type\":\"ImageObject\",\"inLanguage\":\"fr-FR\",\"@id\":\"https:\/\/secure.gravatar.com\/avatar\/59596d86ade6d559609912f789f6ddaf324a4bb824fbedeaf0ccebc5c1967658?s=96&d=mm&r=g\",\"url\":\"https:\/\/secure.gravatar.com\/avatar\/59596d86ade6d559609912f789f6ddaf324a4bb824fbedeaf0ccebc5c1967658?s=96&d=mm&r=g\",\"contentUrl\":\"https:\/\/secure.gravatar.com\/avatar\/59596d86ade6d559609912f789f6ddaf324a4bb824fbedeaf0ccebc5c1967658?s=96&d=mm&r=g\",\"caption\":\"Pascal BISSON\"},\"sameAs\":[\"https:\/\/www.lavalaggloathle53.fr\"],\"url\":\"https:\/\/www.lavalaggloathle53.fr\/index.php\/author\/bis53\/\"}]}<\/script>\n<!-- \/ Yoast SEO plugin. -->","yoast_head_json":{"title":"Des r\u00e9sultats prometteurs pour les athl\u00e8tes du L2A53 au Meeting R\u00e9gional de St BARTHELEMY d'ANJOU (09\/05\/2025) - Laval Agglo Athl\u00e9tisme","robots":{"index":"index","follow":"follow","max-snippet":"max-snippet:-1","max-image-preview":"max-image-preview:large","max-video-preview":"max-video-preview:-1"},"canonical":"https:\/\/www.lavalaggloathle53.fr\/index.php\/2025\/05\/10\/des-resultats-prometteurs-pour-les-athletes-du-l2a53-au-meeting-regional-de-st-barthelemy-danjou-09-05-2025\/","og_locale":"fr_FR","og_type":"article","og_title":"Des r\u00e9sultats prometteurs pour les athl\u00e8tes du L2A53 au Meeting R\u00e9gional de St BARTHELEMY d'ANJOU (09\/05\/2025) - Laval Agglo Athl\u00e9tisme","og_description":"R\u00e9sultats meeting de St BARTHELEMY d&rsquo;ANJOU 200 mJeanne DISIER 28.32 PB (Record personnel)Lalie LE GALLIOT 28.99Lou Anne MORVAN 29.11 PBMaxime COLAS 24.26 (de retour de blessure)Thomas GOUGEON 24.22Hugo HAMON 25.85 400 mAmandine LE BARS 68.88Lilou JAOUEN 70.25Margaux GOUGEON 71.52 pour son premier 400 ! PB (Record personnel)Guillaume BOLLAERT 53.76 SB (Meilleure perf de la saison)Thomas GOUGEON 54.10Nicolas BABIARSKI 54.44 SBAmaury CARRE 55.60 1000 m Mathis CUREZ 2&rsquo;31&Prime;50 PBArthur GARNIER 2&rsquo;37\u00a0\u00bb85 PBAmaury BLOT 2&rsquo;41\u00a0\u00bb47 PBValentin PAILLARD 2&rsquo;42&Prime;80 SBTh\u00e9otime LASIERRA 2&rsquo;44&Prime;47 PB","og_url":"https:\/\/www.lavalaggloathle53.fr\/index.php\/2025\/05\/10\/des-resultats-prometteurs-pour-les-athletes-du-l2a53-au-meeting-regional-de-st-barthelemy-danjou-09-05-2025\/","og_site_name":"Laval Agglo Athl\u00e9tisme","article_publisher":"https:\/\/www.facebook.com\/stadelavalloisathletisme","article_published_time":"2025-05-10T06:16:29+00:00","article_modified_time":"2025-05-10T06:26:48+00:00","og_image":[{"width":455,"height":255,"url":"https:\/\/www.lavalaggloathle53.fr\/wp-content\/uploads\/2025\/05\/LOGO-MEETING-2025.png","type":"image\/png"}],"author":"Pascal BISSON","twitter_card":"summary_large_image","twitter_misc":{"\u00c9crit par":"Pascal BISSON","Dur\u00e9e de lecture estim\u00e9e":"1 minute"},"schema":{"@context":"https:\/\/schema.org","@graph":[{"@type":"Article","@id":"https:\/\/www.lavalaggloathle53.fr\/index.php\/2025\/05\/10\/des-resultats-prometteurs-pour-les-athletes-du-l2a53-au-meeting-regional-de-st-barthelemy-danjou-09-05-2025\/#article","isPartOf":{"@id":"https:\/\/www.lavalaggloathle53.fr\/index.php\/2025\/05\/10\/des-resultats-prometteurs-pour-les-athletes-du-l2a53-au-meeting-regional-de-st-barthelemy-danjou-09-05-2025\/"},"author":{"name":"Pascal BISSON","@id":"https:\/\/www.lavalaggloathle53.fr\/#\/schema\/person\/979647d1a9707730d91bfc766caadc0b"},"headline":"Des r\u00e9sultats prometteurs pour les athl\u00e8tes du L2A53 au Meeting R\u00e9gional de St BARTHELEMY d&rsquo;ANJOU (09\/05\/2025)","datePublished":"2025-05-10T06:16:29+00:00","dateModified":"2025-05-10T06:26:48+00:00","mainEntityOfPage":{"@id":"https:\/\/www.lavalaggloathle53.fr\/index.php\/2025\/05\/10\/des-resultats-prometteurs-pour-les-athletes-du-l2a53-au-meeting-regional-de-st-barthelemy-danjou-09-05-2025\/"},"wordCount":95,"commentCount":0,"image":{"@id":"https:\/\/www.lavalaggloathle53.fr\/index.php\/2025\/05\/10\/des-resultats-prometteurs-pour-les-athletes-du-l2a53-au-meeting-regional-de-st-barthelemy-danjou-09-05-2025\/#primaryimage"},"thumbnailUrl":"https:\/\/www.lavalaggloathle53.fr\/wp-content\/uploads\/2025\/05\/LOGO-MEETING-2025.png","articleSection":["Actualit\u00e9s","Comp\u00e9tition"],"inLanguage":"fr-FR","potentialAction":[{"@type":"CommentAction","name":"Comment","target":["https:\/\/www.lavalaggloathle53.fr\/index.php\/2025\/05\/10\/des-resultats-prometteurs-pour-les-athletes-du-l2a53-au-meeting-regional-de-st-barthelemy-danjou-09-05-2025\/#respond"]}]},{"@type":"WebPage","@id":"https:\/\/www.lavalaggloathle53.fr\/index.php\/2025\/05\/10\/des-resultats-prometteurs-pour-les-athletes-du-l2a53-au-meeting-regional-de-st-barthelemy-danjou-09-05-2025\/","url":"https:\/\/www.lavalaggloathle53.fr\/index.php\/2025\/05\/10\/des-resultats-prometteurs-pour-les-athletes-du-l2a53-au-meeting-regional-de-st-barthelemy-danjou-09-05-2025\/","name":"Des r\u00e9sultats prometteurs pour les athl\u00e8tes du L2A53 au Meeting R\u00e9gional de St BARTHELEMY d'ANJOU (09\/05\/2025) - Laval Agglo Athl\u00e9tisme","isPartOf":{"@id":"https:\/\/www.lavalaggloathle53.fr\/#website"},"primaryImageOfPage":{"@id":"https:\/\/www.lavalaggloathle53.fr\/index.php\/2025\/05\/10\/des-resultats-prometteurs-pour-les-athletes-du-l2a53-au-meeting-regional-de-st-barthelemy-danjou-09-05-2025\/#primaryimage"},"image":{"@id":"https:\/\/www.lavalaggloathle53.fr\/index.php\/2025\/05\/10\/des-resultats-prometteurs-pour-les-athletes-du-l2a53-au-meeting-regional-de-st-barthelemy-danjou-09-05-2025\/#primaryimage"},"thumbnailUrl":"https:\/\/www.lavalaggloathle53.fr\/wp-content\/uploads\/2025\/05\/LOGO-MEETING-2025.png","datePublished":"2025-05-10T06:16:29+00:00","dateModified":"2025-05-10T06:26:48+00:00","author":{"@id":"https:\/\/www.lavalaggloathle53.fr\/#\/schema\/person\/979647d1a9707730d91bfc766caadc0b"},"breadcrumb":{"@id":"https:\/\/www.lavalaggloathle53.fr\/index.php\/2025\/05\/10\/des-resultats-prometteurs-pour-les-athletes-du-l2a53-au-meeting-regional-de-st-barthelemy-danjou-09-05-2025\/#breadcrumb"},"inLanguage":"fr-FR","potentialAction":[{"@type":"ReadAction","target":["https:\/\/www.lavalaggloathle53.fr\/index.php\/2025\/05\/10\/des-resultats-prometteurs-pour-les-athletes-du-l2a53-au-meeting-regional-de-st-barthelemy-danjou-09-05-2025\/"]}]},{"@type":"ImageObject","inLanguage":"fr-FR","@id":"https:\/\/www.lavalaggloathle53.fr\/index.php\/2025\/05\/10\/des-resultats-prometteurs-pour-les-athletes-du-l2a53-au-meeting-regional-de-st-barthelemy-danjou-09-05-2025\/#primaryimage","url":"https:\/\/www.lavalaggloathle53.fr\/wp-content\/uploads\/2025\/05\/LOGO-MEETING-2025.png","contentUrl":"https:\/\/www.lavalaggloathle53.fr\/wp-content\/uploads\/2025\/05\/LOGO-MEETING-2025.png","width":455,"height":255},{"@type":"BreadcrumbList","@id":"https:\/\/www.lavalaggloathle53.fr\/index.php\/2025\/05\/10\/des-resultats-prometteurs-pour-les-athletes-du-l2a53-au-meeting-regional-de-st-barthelemy-danjou-09-05-2025\/#breadcrumb","itemListElement":[{"@type":"ListItem","position":1,"name":"Accueil","item":"https:\/\/www.lavalaggloathle53.fr\/"},{"@type":"ListItem","position":2,"name":"Des r\u00e9sultats prometteurs pour les athl\u00e8tes du L2A53 au Meeting R\u00e9gional de St BARTHELEMY d&rsquo;ANJOU (09\/05\/2025)"}]},{"@type":"WebSite","@id":"https:\/\/www.lavalaggloathle53.fr\/#website","url":"https:\/\/www.lavalaggloathle53.fr\/","name":"Laval Agglo Athl\u00e9tisme","description":"L&#039;athl\u00e9, un sport pour tous","alternateName":"L2A53","potentialAction":[{"@type":"SearchAction","target":{"@type":"EntryPoint","urlTemplate":"https:\/\/www.lavalaggloathle53.fr\/?s={search_term_string}"},"query-input":{"@type":"PropertyValueSpecification","valueRequired":true,"valueName":"search_term_string"}}],"inLanguage":"fr-FR"},{"@type":"Person","@id":"https:\/\/www.lavalaggloathle53.fr\/#\/schema\/person\/979647d1a9707730d91bfc766caadc0b","name":"Pascal BISSON","image":{"@type":"ImageObject","inLanguage":"fr-FR","@id":"https:\/\/secure.gravatar.com\/avatar\/59596d86ade6d559609912f789f6ddaf324a4bb824fbedeaf0ccebc5c1967658?s=96&d=mm&r=g","url":"https:\/\/secure.gravatar.com\/avatar\/59596d86ade6d559609912f789f6ddaf324a4bb824fbedeaf0ccebc5c1967658?s=96&d=mm&r=g","contentUrl":"https:\/\/secure.gravatar.com\/avatar\/59596d86ade6d559609912f789f6ddaf324a4bb824fbedeaf0ccebc5c1967658?s=96&d=mm&r=g","caption":"Pascal BISSON"},"sameAs":["https:\/\/www.lavalaggloathle53.fr"],"url":"https:\/\/www.lavalaggloathle53.fr\/index.php\/author\/bis53\/"}]}},"_links":{"self":[{"href":"https:\/\/www.lavalaggloathle53.fr\/index.php\/wp-json\/wp\/v2\/posts\/7934","targetHints":{"allow":["GET"]}}],"collection":[{"href":"https:\/\/www.lavalaggloathle53.fr\/index.php\/wp-json\/wp\/v2\/posts"}],"about":[{"href":"https:\/\/www.lavalaggloathle53.fr\/index.php\/wp-json\/wp\/v2\/types\/post"}],"author":[{"embeddable":true,"href":"https:\/\/www.lavalaggloathle53.fr\/index.php\/wp-json\/wp\/v2\/users\/4"}],"replies":[{"embeddable":true,"href":"https:\/\/www.lavalaggloathle53.fr\/index.php\/wp-json\/wp\/v2\/comments?post=7934"}],"version-history":[{"count":2,"href":"https:\/\/www.lavalaggloathle53.fr\/index.php\/wp-json\/wp\/v2\/posts\/7934\/revisions"}],"predecessor-version":[{"id":7938,"href":"https:\/\/www.lavalaggloathle53.fr\/index.php\/wp-json\/wp\/v2\/posts\/7934\/revisions\/7938"}],"wp:featuredmedia":[{"embeddable":true,"href":"https:\/\/www.lavalaggloathle53.fr\/index.php\/wp-json\/wp\/v2\/media\/7935"}],"wp:attachment":[{"href":"https:\/\/www.lavalaggloathle53.fr\/index.php\/wp-json\/wp\/v2\/media?parent=7934"}],"wp:term":[{"taxonomy":"category","embeddable":true,"href":"https:\/\/www.lavalaggloathle53.fr\/index.php\/wp-json\/wp\/v2\/categories?post=7934"},{"taxonomy":"post_tag","embeddable":true,"href":"https:\/\/www.lavalaggloathle53.fr\/index.php\/wp-json\/wp\/v2\/tags?post=7934"}],"curies":[{"name":"wp","href":"https:\/\/api.w.org\/{rel}","templated":true}]}}