{"id":7856,"date":"2025-04-28T23:02:37","date_gmt":"2025-04-28T21:02:37","guid":{"rendered":"https:\/\/www.lavalaggloathle53.fr\/?p=7856"},"modified":"2025-04-28T23:04:08","modified_gmt":"2025-04-28T21:04:08","slug":"enorme-succes-de-la-3eme-edition-de-la-marche-gourmande-du-27-avril-organisee-par-les-benevoles-de-la-section-marche-nordique-du-stade-lavallois-sous-la-coordination-deva-stiver","status":"publish","type":"post","link":"https:\/\/www.lavalaggloathle53.fr\/index.php\/2025\/04\/28\/enorme-succes-de-la-3eme-edition-de-la-marche-gourmande-du-27-avril-organisee-par-les-benevoles-de-la-section-marche-nordique-du-stade-lavallois-sous-la-coordination-deva-stiver\/","title":{"rendered":"Enorme succ\u00e8s de la 3\u00e8me \u00e9dition de la Marche Gourmande du 27 avril organis\u00e9e par les b\u00e9n\u00e9voles de la section Marche Nordique du Stade Lavallois sous la coordination d&rsquo;Eva STIVER !!!!"},"content":{"rendered":"\n<figure class=\"wp-block-image size-large\"><img fetchpriority=\"high\" decoding=\"async\" width=\"1024\" height=\"637\" src=\"https:\/\/www.lavalaggloathle53.fr\/wp-content\/uploads\/2025\/04\/Marche-gourmande-SLA-du-26-04-2025-6-1024x637.jpg\" alt=\"\" class=\"wp-image-7858\" srcset=\"https:\/\/www.lavalaggloathle53.fr\/wp-content\/uploads\/2025\/04\/Marche-gourmande-SLA-du-26-04-2025-6-1024x637.jpg 1024w, https:\/\/www.lavalaggloathle53.fr\/wp-content\/uploads\/2025\/04\/Marche-gourmande-SLA-du-26-04-2025-6-300x187.jpg 300w, https:\/\/www.lavalaggloathle53.fr\/wp-content\/uploads\/2025\/04\/Marche-gourmande-SLA-du-26-04-2025-6-768x478.jpg 768w, https:\/\/www.lavalaggloathle53.fr\/wp-content\/uploads\/2025\/04\/Marche-gourmande-SLA-du-26-04-2025-6.jpg 1130w\" sizes=\"(max-width: 1024px) 100vw, 1024px\" \/><\/figure>\n\n\n\n<p>Coup de ma\u00eetre pour cette <strong>3\u00e8me \u00e9dition<\/strong> de l&rsquo;\u00e9v\u00e9nement convivial \u00ab\u00a0<strong>MARCHE GOURMANDE<\/strong>\u00a0\u00bb organis\u00e9e par les b\u00e9n\u00e9voles de la section sous la coordination d&rsquo;<strong>Eva STIVER<\/strong> , Coach Athl\u00e9 Sant\u00e9  salari\u00e9e du Club.<\/p>\n\n\n\n<p>Avec quelques 170 inscrits quelques jours pr\u00e9c\u00e9dent cette manifestation, <strong>EVA STIVER <\/strong>et son \u00e9quipe de b\u00e9n\u00e9voles de la section Marche nordique s&rsquo;attendait \u00e0 passer la barre des 200 inscrits mais sans doute pas celle des 300 !!! Au d\u00e9part , ce dimanche matin au pied du Stade Manu\u00e9la MONTEBRUN , ils \u00e9taient en effet <strong>310<\/strong> \u00e0 s&rsquo;\u00e9lancer pour un petit p\u00e9riple d&rsquo;une dizaine de kilom\u00e8tres passant par Chang\u00e9 pour rallier ensuite l&rsquo;arriv\u00e9e \u00e0 LAVAL. De l&rsquo;avis unanime de nombreux participants , l&rsquo;alliance entre marche conviviale et d\u00e9gustation de produits locaux offerts l&rsquo;AMAP (<strong>A<\/strong>ssociation pour le <strong>M<\/strong>aintien d&rsquo;une <strong>A<\/strong>griculture <strong>P<\/strong>aysanne \u00ab\u00a0<strong>Les RESSES de la SEMAINE<\/strong>\u00a0\u00bb dans une ambiance d\u00e9tendue a \u00e9t\u00e9 une grande r\u00e9ussite.<\/p>\n\n\n\n<p><strong>Un grand BRAVO \u00e0 tous de la part de tous les dirigeants du Stade Lavallois Athl\u00e9tisme &#8230;<\/strong><\/p>\n\n\n\n<figure class=\"wp-block-image size-large\"><img decoding=\"async\" width=\"1024\" height=\"529\" src=\"https:\/\/www.lavalaggloathle53.fr\/wp-content\/uploads\/2025\/04\/Marche-gourmande-SLA-du-26-04-2025-7-1-1024x529.jpg\" alt=\"\" class=\"wp-image-7861\" srcset=\"https:\/\/www.lavalaggloathle53.fr\/wp-content\/uploads\/2025\/04\/Marche-gourmande-SLA-du-26-04-2025-7-1-1024x529.jpg 1024w, https:\/\/www.lavalaggloathle53.fr\/wp-content\/uploads\/2025\/04\/Marche-gourmande-SLA-du-26-04-2025-7-1-300x155.jpg 300w, https:\/\/www.lavalaggloathle53.fr\/wp-content\/uploads\/2025\/04\/Marche-gourmande-SLA-du-26-04-2025-7-1-768x397.jpg 768w, https:\/\/www.lavalaggloathle53.fr\/wp-content\/uploads\/2025\/04\/Marche-gourmande-SLA-du-26-04-2025-7-1.jpg 1130w\" sizes=\"(max-width: 1024px) 100vw, 1024px\" \/><\/figure>\n\n\n\n<figure class=\"wp-block-image size-large\"><img decoding=\"async\" width=\"1024\" height=\"462\" src=\"https:\/\/www.lavalaggloathle53.fr\/wp-content\/uploads\/2025\/04\/Marche-gourmande-SLA-du-26-04-2025-13-1024x462.jpg\" alt=\"\" class=\"wp-image-7862\" srcset=\"https:\/\/www.lavalaggloathle53.fr\/wp-content\/uploads\/2025\/04\/Marche-gourmande-SLA-du-26-04-2025-13-1024x462.jpg 1024w, https:\/\/www.lavalaggloathle53.fr\/wp-content\/uploads\/2025\/04\/Marche-gourmande-SLA-du-26-04-2025-13-300x135.jpg 300w, https:\/\/www.lavalaggloathle53.fr\/wp-content\/uploads\/2025\/04\/Marche-gourmande-SLA-du-26-04-2025-13-768x346.jpg 768w, https:\/\/www.lavalaggloathle53.fr\/wp-content\/uploads\/2025\/04\/Marche-gourmande-SLA-du-26-04-2025-13-1536x692.jpg 1536w, https:\/\/www.lavalaggloathle53.fr\/wp-content\/uploads\/2025\/04\/Marche-gourmande-SLA-du-26-04-2025-13.jpg 2048w\" sizes=\"(max-width: 1024px) 100vw, 1024px\" \/><\/figure>\n\n\n\n<figure class=\"wp-block-image size-large\"><img loading=\"lazy\" decoding=\"async\" width=\"1024\" height=\"462\" src=\"https:\/\/www.lavalaggloathle53.fr\/wp-content\/uploads\/2025\/04\/Marche-gourmande-SLA-du-26-04-2025-14-1024x462.jpg\" alt=\"\" class=\"wp-image-7863\" srcset=\"https:\/\/www.lavalaggloathle53.fr\/wp-content\/uploads\/2025\/04\/Marche-gourmande-SLA-du-26-04-2025-14-1024x462.jpg 1024w, https:\/\/www.lavalaggloathle53.fr\/wp-content\/uploads\/2025\/04\/Marche-gourmande-SLA-du-26-04-2025-14-300x135.jpg 300w, https:\/\/www.lavalaggloathle53.fr\/wp-content\/uploads\/2025\/04\/Marche-gourmande-SLA-du-26-04-2025-14-768x346.jpg 768w, https:\/\/www.lavalaggloathle53.fr\/wp-content\/uploads\/2025\/04\/Marche-gourmande-SLA-du-26-04-2025-14-1536x692.jpg 1536w, https:\/\/www.lavalaggloathle53.fr\/wp-content\/uploads\/2025\/04\/Marche-gourmande-SLA-du-26-04-2025-14.jpg 2048w\" sizes=\"(max-width: 1024px) 100vw, 1024px\" \/><\/figure>\n\n\n\n<figure class=\"wp-block-image size-large\"><img loading=\"lazy\" decoding=\"async\" width=\"1024\" height=\"462\" src=\"https:\/\/www.lavalaggloathle53.fr\/wp-content\/uploads\/2025\/04\/Marche-gourmande-SLA-du-26-04-2025-15-1024x462.jpg\" alt=\"\" class=\"wp-image-7864\" srcset=\"https:\/\/www.lavalaggloathle53.fr\/wp-content\/uploads\/2025\/04\/Marche-gourmande-SLA-du-26-04-2025-15-1024x462.jpg 1024w, https:\/\/www.lavalaggloathle53.fr\/wp-content\/uploads\/2025\/04\/Marche-gourmande-SLA-du-26-04-2025-15-300x135.jpg 300w, https:\/\/www.lavalaggloathle53.fr\/wp-content\/uploads\/2025\/04\/Marche-gourmande-SLA-du-26-04-2025-15-768x346.jpg 768w, https:\/\/www.lavalaggloathle53.fr\/wp-content\/uploads\/2025\/04\/Marche-gourmande-SLA-du-26-04-2025-15-1536x692.jpg 1536w, https:\/\/www.lavalaggloathle53.fr\/wp-content\/uploads\/2025\/04\/Marche-gourmande-SLA-du-26-04-2025-15.jpg 2048w\" sizes=\"(max-width: 1024px) 100vw, 1024px\" \/><\/figure>\n\n\n\n<figure class=\"wp-block-image size-large\"><img loading=\"lazy\" decoding=\"async\" width=\"1024\" height=\"473\" src=\"https:\/\/www.lavalaggloathle53.fr\/wp-content\/uploads\/2025\/04\/Marche-gourmande-SLA-du-26-04-2025-2-1024x473.jpg\" alt=\"\" class=\"wp-image-7872\" srcset=\"https:\/\/www.lavalaggloathle53.fr\/wp-content\/uploads\/2025\/04\/Marche-gourmande-SLA-du-26-04-2025-2-1024x473.jpg 1024w, https:\/\/www.lavalaggloathle53.fr\/wp-content\/uploads\/2025\/04\/Marche-gourmande-SLA-du-26-04-2025-2-300x139.jpg 300w, https:\/\/www.lavalaggloathle53.fr\/wp-content\/uploads\/2025\/04\/Marche-gourmande-SLA-du-26-04-2025-2-768x355.jpg 768w, https:\/\/www.lavalaggloathle53.fr\/wp-content\/uploads\/2025\/04\/Marche-gourmande-SLA-du-26-04-2025-2-1536x710.jpg 1536w, https:\/\/www.lavalaggloathle53.fr\/wp-content\/uploads\/2025\/04\/Marche-gourmande-SLA-du-26-04-2025-2-2048x946.jpg 2048w\" sizes=\"(max-width: 1024px) 100vw, 1024px\" \/><\/figure>\n\n\n\n<figure class=\"wp-block-image size-large\"><img loading=\"lazy\" decoding=\"async\" width=\"1024\" height=\"462\" src=\"https:\/\/www.lavalaggloathle53.fr\/wp-content\/uploads\/2025\/04\/Marche-gourmande-SLA-du-26-04-2025-18-1-1024x462.jpg\" alt=\"\" class=\"wp-image-7865\" srcset=\"https:\/\/www.lavalaggloathle53.fr\/wp-content\/uploads\/2025\/04\/Marche-gourmande-SLA-du-26-04-2025-18-1-1024x462.jpg 1024w, https:\/\/www.lavalaggloathle53.fr\/wp-content\/uploads\/2025\/04\/Marche-gourmande-SLA-du-26-04-2025-18-1-300x135.jpg 300w, https:\/\/www.lavalaggloathle53.fr\/wp-content\/uploads\/2025\/04\/Marche-gourmande-SLA-du-26-04-2025-18-1-768x346.jpg 768w, https:\/\/www.lavalaggloathle53.fr\/wp-content\/uploads\/2025\/04\/Marche-gourmande-SLA-du-26-04-2025-18-1-1536x692.jpg 1536w, https:\/\/www.lavalaggloathle53.fr\/wp-content\/uploads\/2025\/04\/Marche-gourmande-SLA-du-26-04-2025-18-1.jpg 2048w\" sizes=\"(max-width: 1024px) 100vw, 1024px\" \/><\/figure>\n\n\n\n<figure class=\"wp-block-image size-large\"><img loading=\"lazy\" decoding=\"async\" width=\"1024\" height=\"473\" src=\"https:\/\/www.lavalaggloathle53.fr\/wp-content\/uploads\/2025\/04\/Marche-gourmande-SLA-du-26-04-2025-17-1024x473.jpg\" alt=\"\" class=\"wp-image-7866\" srcset=\"https:\/\/www.lavalaggloathle53.fr\/wp-content\/uploads\/2025\/04\/Marche-gourmande-SLA-du-26-04-2025-17-1024x473.jpg 1024w, https:\/\/www.lavalaggloathle53.fr\/wp-content\/uploads\/2025\/04\/Marche-gourmande-SLA-du-26-04-2025-17-300x139.jpg 300w, https:\/\/www.lavalaggloathle53.fr\/wp-content\/uploads\/2025\/04\/Marche-gourmande-SLA-du-26-04-2025-17-768x355.jpg 768w, https:\/\/www.lavalaggloathle53.fr\/wp-content\/uploads\/2025\/04\/Marche-gourmande-SLA-du-26-04-2025-17-1536x710.jpg 1536w, https:\/\/www.lavalaggloathle53.fr\/wp-content\/uploads\/2025\/04\/Marche-gourmande-SLA-du-26-04-2025-17-2048x946.jpg 2048w\" sizes=\"(max-width: 1024px) 100vw, 1024px\" \/><\/figure>\n\n\n\n<figure class=\"wp-block-image size-large\"><img loading=\"lazy\" decoding=\"async\" width=\"1024\" height=\"473\" src=\"https:\/\/www.lavalaggloathle53.fr\/wp-content\/uploads\/2025\/04\/Marche-gourmande-SLA-du-26-04-2025-23-1024x473.jpg\" alt=\"\" class=\"wp-image-7867\" srcset=\"https:\/\/www.lavalaggloathle53.fr\/wp-content\/uploads\/2025\/04\/Marche-gourmande-SLA-du-26-04-2025-23-1024x473.jpg 1024w, https:\/\/www.lavalaggloathle53.fr\/wp-content\/uploads\/2025\/04\/Marche-gourmande-SLA-du-26-04-2025-23-300x139.jpg 300w, https:\/\/www.lavalaggloathle53.fr\/wp-content\/uploads\/2025\/04\/Marche-gourmande-SLA-du-26-04-2025-23-768x355.jpg 768w, https:\/\/www.lavalaggloathle53.fr\/wp-content\/uploads\/2025\/04\/Marche-gourmande-SLA-du-26-04-2025-23-1536x710.jpg 1536w, https:\/\/www.lavalaggloathle53.fr\/wp-content\/uploads\/2025\/04\/Marche-gourmande-SLA-du-26-04-2025-23-2048x946.jpg 2048w\" sizes=\"(max-width: 1024px) 100vw, 1024px\" \/><\/figure>\n\n\n\n<figure class=\"wp-block-image size-large\"><img loading=\"lazy\" decoding=\"async\" width=\"1024\" height=\"473\" src=\"https:\/\/www.lavalaggloathle53.fr\/wp-content\/uploads\/2025\/04\/Marche-gourmande-SLA-du-26-04-2025-22-1024x473.jpg\" alt=\"\" class=\"wp-image-7868\" srcset=\"https:\/\/www.lavalaggloathle53.fr\/wp-content\/uploads\/2025\/04\/Marche-gourmande-SLA-du-26-04-2025-22-1024x473.jpg 1024w, https:\/\/www.lavalaggloathle53.fr\/wp-content\/uploads\/2025\/04\/Marche-gourmande-SLA-du-26-04-2025-22-300x139.jpg 300w, https:\/\/www.lavalaggloathle53.fr\/wp-content\/uploads\/2025\/04\/Marche-gourmande-SLA-du-26-04-2025-22-768x355.jpg 768w, https:\/\/www.lavalaggloathle53.fr\/wp-content\/uploads\/2025\/04\/Marche-gourmande-SLA-du-26-04-2025-22-1536x710.jpg 1536w, https:\/\/www.lavalaggloathle53.fr\/wp-content\/uploads\/2025\/04\/Marche-gourmande-SLA-du-26-04-2025-22-2048x946.jpg 2048w\" sizes=\"(max-width: 1024px) 100vw, 1024px\" \/><\/figure>\n\n\n\n<figure class=\"wp-block-image size-large\"><img loading=\"lazy\" decoding=\"async\" width=\"1024\" height=\"473\" src=\"https:\/\/www.lavalaggloathle53.fr\/wp-content\/uploads\/2025\/04\/Marche-gourmande-SLA-du-26-04-2025-25-1024x473.jpg\" alt=\"\" class=\"wp-image-7869\" srcset=\"https:\/\/www.lavalaggloathle53.fr\/wp-content\/uploads\/2025\/04\/Marche-gourmande-SLA-du-26-04-2025-25-1024x473.jpg 1024w, https:\/\/www.lavalaggloathle53.fr\/wp-content\/uploads\/2025\/04\/Marche-gourmande-SLA-du-26-04-2025-25-300x139.jpg 300w, https:\/\/www.lavalaggloathle53.fr\/wp-content\/uploads\/2025\/04\/Marche-gourmande-SLA-du-26-04-2025-25-768x355.jpg 768w, https:\/\/www.lavalaggloathle53.fr\/wp-content\/uploads\/2025\/04\/Marche-gourmande-SLA-du-26-04-2025-25-1536x710.jpg 1536w, https:\/\/www.lavalaggloathle53.fr\/wp-content\/uploads\/2025\/04\/Marche-gourmande-SLA-du-26-04-2025-25-2048x946.jpg 2048w\" sizes=\"(max-width: 1024px) 100vw, 1024px\" \/><\/figure>\n\n\n\n<figure class=\"wp-block-image size-large\"><img loading=\"lazy\" decoding=\"async\" width=\"1024\" height=\"461\" src=\"https:\/\/www.lavalaggloathle53.fr\/wp-content\/uploads\/2025\/04\/Marche-gourmande-SLA-du-26-04-2025-10-1024x461.jpg\" alt=\"\" class=\"wp-image-7870\" srcset=\"https:\/\/www.lavalaggloathle53.fr\/wp-content\/uploads\/2025\/04\/Marche-gourmande-SLA-du-26-04-2025-10-1024x461.jpg 1024w, https:\/\/www.lavalaggloathle53.fr\/wp-content\/uploads\/2025\/04\/Marche-gourmande-SLA-du-26-04-2025-10-300x135.jpg 300w, https:\/\/www.lavalaggloathle53.fr\/wp-content\/uploads\/2025\/04\/Marche-gourmande-SLA-du-26-04-2025-10-768x346.jpg 768w, https:\/\/www.lavalaggloathle53.fr\/wp-content\/uploads\/2025\/04\/Marche-gourmande-SLA-du-26-04-2025-10.jpg 1129w\" sizes=\"(max-width: 1024px) 100vw, 1024px\" \/><\/figure>\n\n\n\n<figure class=\"wp-block-image size-large\"><img loading=\"lazy\" decoding=\"async\" width=\"1024\" height=\"473\" src=\"https:\/\/www.lavalaggloathle53.fr\/wp-content\/uploads\/2025\/04\/Marche-gourmande-SLA-du-26-04-2025-5-1024x473.jpg\" alt=\"\" class=\"wp-image-7871\" srcset=\"https:\/\/www.lavalaggloathle53.fr\/wp-content\/uploads\/2025\/04\/Marche-gourmande-SLA-du-26-04-2025-5-1024x473.jpg 1024w, https:\/\/www.lavalaggloathle53.fr\/wp-content\/uploads\/2025\/04\/Marche-gourmande-SLA-du-26-04-2025-5-300x139.jpg 300w, https:\/\/www.lavalaggloathle53.fr\/wp-content\/uploads\/2025\/04\/Marche-gourmande-SLA-du-26-04-2025-5-768x355.jpg 768w, https:\/\/www.lavalaggloathle53.fr\/wp-content\/uploads\/2025\/04\/Marche-gourmande-SLA-du-26-04-2025-5-1536x710.jpg 1536w, https:\/\/www.lavalaggloathle53.fr\/wp-content\/uploads\/2025\/04\/Marche-gourmande-SLA-du-26-04-2025-5-2048x946.jpg 2048w\" sizes=\"(max-width: 1024px) 100vw, 1024px\" \/><\/figure>\n\n\n\n<h2 class=\"wp-block-heading\"><strong>BRAVO \u00e0 tous &#8230;<\/strong><\/h2>\n\n\n\n<p><\/p>\n","protected":false},"excerpt":{"rendered":"<p>Coup de ma\u00eetre pour cette 3\u00e8me \u00e9dition de l&rsquo;\u00e9v\u00e9nement convivial \u00ab\u00a0MARCHE GOURMANDE\u00a0\u00bb organis\u00e9e par les b\u00e9n\u00e9voles de la section sous la coordination d&rsquo;Eva STIVER , Coach Athl\u00e9 Sant\u00e9 salari\u00e9e du Club. Avec quelques 170 inscrits quelques jours pr\u00e9c\u00e9dent cette manifestation, EVA STIVER et son \u00e9quipe de b\u00e9n\u00e9voles de la section Marche nordique s&rsquo;attendait \u00e0 passer la barre des 200 inscrits mais sans doute pas celle des 300 !!! Au d\u00e9part , ce dimanche matin au pied du Stade Manu\u00e9la MONTEBRUN , ils \u00e9taient en effet 310 \u00e0 s&rsquo;\u00e9lancer pour un petit p\u00e9riple d&rsquo;une dizaine de kilom\u00e8tres passant par Chang\u00e9 pour rallier ensuite l&rsquo;arriv\u00e9e \u00e0 LAVAL. De l&rsquo;avis unanime de nombreux participants , l&rsquo;alliance entre marche conviviale et d\u00e9gustation de produits locaux offerts l&rsquo;AMAP (Association pour le Maintien d&rsquo;une Agriculture Paysanne \u00ab\u00a0Les RESSES de la SEMAINE\u00a0\u00bb dans une ambiance d\u00e9tendue a \u00e9t\u00e9 une grande r\u00e9ussite. Un grand BRAVO \u00e0 tous de la part de tous les dirigeants du Stade Lavallois Athl\u00e9tisme &#8230; BRAVO \u00e0 tous &#8230;<\/p>\n","protected":false},"author":4,"featured_media":7857,"comment_status":"open","ping_status":"closed","sticky":false,"template":"","format":"standard","meta":{"footnotes":""},"categories":[14,15,16,18],"tags":[],"class_list":["post-7856","post","type-post","status-publish","format-standard","has-post-thumbnail","hentry","category-actualites","category-competition","category-loisirs","category-marche_nordique"],"yoast_head":"<!-- This site is optimized with the Yoast SEO plugin v27.2 - https:\/\/yoast.com\/product\/yoast-seo-wordpress\/ -->\n<title>Enorme succ\u00e8s de la 3\u00e8me \u00e9dition de la Marche Gourmande du 27 avril organis\u00e9e par les b\u00e9n\u00e9voles de la section Marche Nordique du Stade Lavallois sous la coordination d&#039;Eva STIVER !!!! - Laval Agglo Athl\u00e9tisme<\/title>\n<meta name=\"robots\" content=\"index, follow, max-snippet:-1, max-image-preview:large, max-video-preview:-1\" \/>\n<link rel=\"canonical\" href=\"https:\/\/www.lavalaggloathle53.fr\/index.php\/2025\/04\/28\/enorme-succes-de-la-3eme-edition-de-la-marche-gourmande-du-27-avril-organisee-par-les-benevoles-de-la-section-marche-nordique-du-stade-lavallois-sous-la-coordination-deva-stiver\/\" \/>\n<meta property=\"og:locale\" content=\"fr_FR\" \/>\n<meta property=\"og:type\" content=\"article\" \/>\n<meta property=\"og:title\" content=\"Enorme succ\u00e8s de la 3\u00e8me \u00e9dition de la Marche Gourmande du 27 avril organis\u00e9e par les b\u00e9n\u00e9voles de la section Marche Nordique du Stade Lavallois sous la coordination d&#039;Eva STIVER !!!! - Laval Agglo Athl\u00e9tisme\" \/>\n<meta property=\"og:description\" content=\"Coup de ma\u00eetre pour cette 3\u00e8me \u00e9dition de l&rsquo;\u00e9v\u00e9nement convivial \u00ab\u00a0MARCHE GOURMANDE\u00a0\u00bb organis\u00e9e par les b\u00e9n\u00e9voles de la section sous la coordination d&rsquo;Eva STIVER , Coach Athl\u00e9 Sant\u00e9 salari\u00e9e du Club. Avec quelques 170 inscrits quelques jours pr\u00e9c\u00e9dent cette manifestation, EVA STIVER et son \u00e9quipe de b\u00e9n\u00e9voles de la section Marche nordique s&rsquo;attendait \u00e0 passer la barre des 200 inscrits mais sans doute pas celle des 300 !!! Au d\u00e9part , ce dimanche matin au pied du Stade Manu\u00e9la MONTEBRUN , ils \u00e9taient en effet 310 \u00e0 s&rsquo;\u00e9lancer pour un petit p\u00e9riple d&rsquo;une dizaine de kilom\u00e8tres passant par Chang\u00e9 pour rallier ensuite l&rsquo;arriv\u00e9e \u00e0 LAVAL. De l&rsquo;avis unanime de nombreux participants , l&rsquo;alliance entre marche conviviale et d\u00e9gustation de produits locaux offerts l&rsquo;AMAP (Association pour le Maintien d&rsquo;une Agriculture Paysanne \u00ab\u00a0Les RESSES de la SEMAINE\u00a0\u00bb dans une ambiance d\u00e9tendue a \u00e9t\u00e9 une grande r\u00e9ussite. Un grand BRAVO \u00e0 tous de la part de tous les dirigeants du Stade Lavallois Athl\u00e9tisme &#8230; BRAVO \u00e0 tous &#8230;\" \/>\n<meta property=\"og:url\" content=\"https:\/\/www.lavalaggloathle53.fr\/index.php\/2025\/04\/28\/enorme-succes-de-la-3eme-edition-de-la-marche-gourmande-du-27-avril-organisee-par-les-benevoles-de-la-section-marche-nordique-du-stade-lavallois-sous-la-coordination-deva-stiver\/\" \/>\n<meta property=\"og:site_name\" content=\"Laval Agglo Athl\u00e9tisme\" \/>\n<meta property=\"article:publisher\" content=\"https:\/\/www.facebook.com\/stadelavalloisathletisme\" \/>\n<meta property=\"article:published_time\" content=\"2025-04-28T21:02:37+00:00\" \/>\n<meta property=\"article:modified_time\" content=\"2025-04-28T21:04:08+00:00\" \/>\n<meta property=\"og:image\" content=\"https:\/\/www.lavalaggloathle53.fr\/wp-content\/uploads\/2025\/04\/Marche-gourmande-SLA-du-26-04-2025-7.jpg\" \/>\n\t<meta property=\"og:image:width\" content=\"1130\" \/>\n\t<meta property=\"og:image:height\" content=\"584\" \/>\n\t<meta property=\"og:image:type\" content=\"image\/jpeg\" \/>\n<meta name=\"author\" content=\"Pascal BISSON\" \/>\n<meta name=\"twitter:card\" content=\"summary_large_image\" \/>\n<meta name=\"twitter:label1\" content=\"\u00c9crit par\" \/>\n\t<meta name=\"twitter:data1\" content=\"Pascal BISSON\" \/>\n\t<meta name=\"twitter:label2\" content=\"Dur\u00e9e de lecture estim\u00e9e\" \/>\n\t<meta name=\"twitter:data2\" content=\"4 minutes\" \/>\n<script type=\"application\/ld+json\" class=\"yoast-schema-graph\">{\"@context\":\"https:\/\/schema.org\",\"@graph\":[{\"@type\":\"Article\",\"@id\":\"https:\/\/www.lavalaggloathle53.fr\/index.php\/2025\/04\/28\/enorme-succes-de-la-3eme-edition-de-la-marche-gourmande-du-27-avril-organisee-par-les-benevoles-de-la-section-marche-nordique-du-stade-lavallois-sous-la-coordination-deva-stiver\/#article\",\"isPartOf\":{\"@id\":\"https:\/\/www.lavalaggloathle53.fr\/index.php\/2025\/04\/28\/enorme-succes-de-la-3eme-edition-de-la-marche-gourmande-du-27-avril-organisee-par-les-benevoles-de-la-section-marche-nordique-du-stade-lavallois-sous-la-coordination-deva-stiver\/\"},\"author\":{\"name\":\"Pascal BISSON\",\"@id\":\"https:\/\/www.lavalaggloathle53.fr\/#\/schema\/person\/979647d1a9707730d91bfc766caadc0b\"},\"headline\":\"Enorme succ\u00e8s de la 3\u00e8me \u00e9dition de la Marche Gourmande du 27 avril organis\u00e9e par les b\u00e9n\u00e9voles de la section Marche Nordique du Stade Lavallois sous la coordination d&rsquo;Eva STIVER !!!!\",\"datePublished\":\"2025-04-28T21:02:37+00:00\",\"dateModified\":\"2025-04-28T21:04:08+00:00\",\"mainEntityOfPage\":{\"@id\":\"https:\/\/www.lavalaggloathle53.fr\/index.php\/2025\/04\/28\/enorme-succes-de-la-3eme-edition-de-la-marche-gourmande-du-27-avril-organisee-par-les-benevoles-de-la-section-marche-nordique-du-stade-lavallois-sous-la-coordination-deva-stiver\/\"},\"wordCount\":212,\"commentCount\":0,\"image\":{\"@id\":\"https:\/\/www.lavalaggloathle53.fr\/index.php\/2025\/04\/28\/enorme-succes-de-la-3eme-edition-de-la-marche-gourmande-du-27-avril-organisee-par-les-benevoles-de-la-section-marche-nordique-du-stade-lavallois-sous-la-coordination-deva-stiver\/#primaryimage\"},\"thumbnailUrl\":\"https:\/\/www.lavalaggloathle53.fr\/wp-content\/uploads\/2025\/04\/Marche-gourmande-SLA-du-26-04-2025-7.jpg\",\"articleSection\":[\"Actualit\u00e9s\",\"Comp\u00e9tition\",\"Loisirs\",\"Marche nordique\"],\"inLanguage\":\"fr-FR\",\"potentialAction\":[{\"@type\":\"CommentAction\",\"name\":\"Comment\",\"target\":[\"https:\/\/www.lavalaggloathle53.fr\/index.php\/2025\/04\/28\/enorme-succes-de-la-3eme-edition-de-la-marche-gourmande-du-27-avril-organisee-par-les-benevoles-de-la-section-marche-nordique-du-stade-lavallois-sous-la-coordination-deva-stiver\/#respond\"]}]},{\"@type\":\"WebPage\",\"@id\":\"https:\/\/www.lavalaggloathle53.fr\/index.php\/2025\/04\/28\/enorme-succes-de-la-3eme-edition-de-la-marche-gourmande-du-27-avril-organisee-par-les-benevoles-de-la-section-marche-nordique-du-stade-lavallois-sous-la-coordination-deva-stiver\/\",\"url\":\"https:\/\/www.lavalaggloathle53.fr\/index.php\/2025\/04\/28\/enorme-succes-de-la-3eme-edition-de-la-marche-gourmande-du-27-avril-organisee-par-les-benevoles-de-la-section-marche-nordique-du-stade-lavallois-sous-la-coordination-deva-stiver\/\",\"name\":\"Enorme succ\u00e8s de la 3\u00e8me \u00e9dition de la Marche Gourmande du 27 avril organis\u00e9e par les b\u00e9n\u00e9voles de la section Marche Nordique du Stade Lavallois sous la coordination d'Eva STIVER !!!! - Laval Agglo Athl\u00e9tisme\",\"isPartOf\":{\"@id\":\"https:\/\/www.lavalaggloathle53.fr\/#website\"},\"primaryImageOfPage\":{\"@id\":\"https:\/\/www.lavalaggloathle53.fr\/index.php\/2025\/04\/28\/enorme-succes-de-la-3eme-edition-de-la-marche-gourmande-du-27-avril-organisee-par-les-benevoles-de-la-section-marche-nordique-du-stade-lavallois-sous-la-coordination-deva-stiver\/#primaryimage\"},\"image\":{\"@id\":\"https:\/\/www.lavalaggloathle53.fr\/index.php\/2025\/04\/28\/enorme-succes-de-la-3eme-edition-de-la-marche-gourmande-du-27-avril-organisee-par-les-benevoles-de-la-section-marche-nordique-du-stade-lavallois-sous-la-coordination-deva-stiver\/#primaryimage\"},\"thumbnailUrl\":\"https:\/\/www.lavalaggloathle53.fr\/wp-content\/uploads\/2025\/04\/Marche-gourmande-SLA-du-26-04-2025-7.jpg\",\"datePublished\":\"2025-04-28T21:02:37+00:00\",\"dateModified\":\"2025-04-28T21:04:08+00:00\",\"author\":{\"@id\":\"https:\/\/www.lavalaggloathle53.fr\/#\/schema\/person\/979647d1a9707730d91bfc766caadc0b\"},\"breadcrumb\":{\"@id\":\"https:\/\/www.lavalaggloathle53.fr\/index.php\/2025\/04\/28\/enorme-succes-de-la-3eme-edition-de-la-marche-gourmande-du-27-avril-organisee-par-les-benevoles-de-la-section-marche-nordique-du-stade-lavallois-sous-la-coordination-deva-stiver\/#breadcrumb\"},\"inLanguage\":\"fr-FR\",\"potentialAction\":[{\"@type\":\"ReadAction\",\"target\":[\"https:\/\/www.lavalaggloathle53.fr\/index.php\/2025\/04\/28\/enorme-succes-de-la-3eme-edition-de-la-marche-gourmande-du-27-avril-organisee-par-les-benevoles-de-la-section-marche-nordique-du-stade-lavallois-sous-la-coordination-deva-stiver\/\"]}]},{\"@type\":\"ImageObject\",\"inLanguage\":\"fr-FR\",\"@id\":\"https:\/\/www.lavalaggloathle53.fr\/index.php\/2025\/04\/28\/enorme-succes-de-la-3eme-edition-de-la-marche-gourmande-du-27-avril-organisee-par-les-benevoles-de-la-section-marche-nordique-du-stade-lavallois-sous-la-coordination-deva-stiver\/#primaryimage\",\"url\":\"https:\/\/www.lavalaggloathle53.fr\/wp-content\/uploads\/2025\/04\/Marche-gourmande-SLA-du-26-04-2025-7.jpg\",\"contentUrl\":\"https:\/\/www.lavalaggloathle53.fr\/wp-content\/uploads\/2025\/04\/Marche-gourmande-SLA-du-26-04-2025-7.jpg\",\"width\":1130,\"height\":584},{\"@type\":\"BreadcrumbList\",\"@id\":\"https:\/\/www.lavalaggloathle53.fr\/index.php\/2025\/04\/28\/enorme-succes-de-la-3eme-edition-de-la-marche-gourmande-du-27-avril-organisee-par-les-benevoles-de-la-section-marche-nordique-du-stade-lavallois-sous-la-coordination-deva-stiver\/#breadcrumb\",\"itemListElement\":[{\"@type\":\"ListItem\",\"position\":1,\"name\":\"Accueil\",\"item\":\"https:\/\/www.lavalaggloathle53.fr\/\"},{\"@type\":\"ListItem\",\"position\":2,\"name\":\"Enorme succ\u00e8s de la 3\u00e8me \u00e9dition de la Marche Gourmande du 27 avril organis\u00e9e par les b\u00e9n\u00e9voles de la section Marche Nordique du Stade Lavallois sous la coordination d&rsquo;Eva STIVER !!!!\"}]},{\"@type\":\"WebSite\",\"@id\":\"https:\/\/www.lavalaggloathle53.fr\/#website\",\"url\":\"https:\/\/www.lavalaggloathle53.fr\/\",\"name\":\"Laval Agglo Athl\u00e9tisme\",\"description\":\"L&#039;athl\u00e9, un sport pour tous\",\"alternateName\":\"L2A53\",\"potentialAction\":[{\"@type\":\"SearchAction\",\"target\":{\"@type\":\"EntryPoint\",\"urlTemplate\":\"https:\/\/www.lavalaggloathle53.fr\/?s={search_term_string}\"},\"query-input\":{\"@type\":\"PropertyValueSpecification\",\"valueRequired\":true,\"valueName\":\"search_term_string\"}}],\"inLanguage\":\"fr-FR\"},{\"@type\":\"Person\",\"@id\":\"https:\/\/www.lavalaggloathle53.fr\/#\/schema\/person\/979647d1a9707730d91bfc766caadc0b\",\"name\":\"Pascal BISSON\",\"image\":{\"@type\":\"ImageObject\",\"inLanguage\":\"fr-FR\",\"@id\":\"https:\/\/secure.gravatar.com\/avatar\/59596d86ade6d559609912f789f6ddaf324a4bb824fbedeaf0ccebc5c1967658?s=96&d=mm&r=g\",\"url\":\"https:\/\/secure.gravatar.com\/avatar\/59596d86ade6d559609912f789f6ddaf324a4bb824fbedeaf0ccebc5c1967658?s=96&d=mm&r=g\",\"contentUrl\":\"https:\/\/secure.gravatar.com\/avatar\/59596d86ade6d559609912f789f6ddaf324a4bb824fbedeaf0ccebc5c1967658?s=96&d=mm&r=g\",\"caption\":\"Pascal BISSON\"},\"sameAs\":[\"https:\/\/www.lavalaggloathle53.fr\"],\"url\":\"https:\/\/www.lavalaggloathle53.fr\/index.php\/author\/bis53\/\"}]}<\/script>\n<!-- \/ Yoast SEO plugin. -->","yoast_head_json":{"title":"Enorme succ\u00e8s de la 3\u00e8me \u00e9dition de la Marche Gourmande du 27 avril organis\u00e9e par les b\u00e9n\u00e9voles de la section Marche Nordique du Stade Lavallois sous la coordination d'Eva STIVER !!!! - Laval Agglo Athl\u00e9tisme","robots":{"index":"index","follow":"follow","max-snippet":"max-snippet:-1","max-image-preview":"max-image-preview:large","max-video-preview":"max-video-preview:-1"},"canonical":"https:\/\/www.lavalaggloathle53.fr\/index.php\/2025\/04\/28\/enorme-succes-de-la-3eme-edition-de-la-marche-gourmande-du-27-avril-organisee-par-les-benevoles-de-la-section-marche-nordique-du-stade-lavallois-sous-la-coordination-deva-stiver\/","og_locale":"fr_FR","og_type":"article","og_title":"Enorme succ\u00e8s de la 3\u00e8me \u00e9dition de la Marche Gourmande du 27 avril organis\u00e9e par les b\u00e9n\u00e9voles de la section Marche Nordique du Stade Lavallois sous la coordination d'Eva STIVER !!!! - Laval Agglo Athl\u00e9tisme","og_description":"Coup de ma\u00eetre pour cette 3\u00e8me \u00e9dition de l&rsquo;\u00e9v\u00e9nement convivial \u00ab\u00a0MARCHE GOURMANDE\u00a0\u00bb organis\u00e9e par les b\u00e9n\u00e9voles de la section sous la coordination d&rsquo;Eva STIVER , Coach Athl\u00e9 Sant\u00e9 salari\u00e9e du Club. Avec quelques 170 inscrits quelques jours pr\u00e9c\u00e9dent cette manifestation, EVA STIVER et son \u00e9quipe de b\u00e9n\u00e9voles de la section Marche nordique s&rsquo;attendait \u00e0 passer la barre des 200 inscrits mais sans doute pas celle des 300 !!! Au d\u00e9part , ce dimanche matin au pied du Stade Manu\u00e9la MONTEBRUN , ils \u00e9taient en effet 310 \u00e0 s&rsquo;\u00e9lancer pour un petit p\u00e9riple d&rsquo;une dizaine de kilom\u00e8tres passant par Chang\u00e9 pour rallier ensuite l&rsquo;arriv\u00e9e \u00e0 LAVAL. De l&rsquo;avis unanime de nombreux participants , l&rsquo;alliance entre marche conviviale et d\u00e9gustation de produits locaux offerts l&rsquo;AMAP (Association pour le Maintien d&rsquo;une Agriculture Paysanne \u00ab\u00a0Les RESSES de la SEMAINE\u00a0\u00bb dans une ambiance d\u00e9tendue a \u00e9t\u00e9 une grande r\u00e9ussite. Un grand BRAVO \u00e0 tous de la part de tous les dirigeants du Stade Lavallois Athl\u00e9tisme &#8230; BRAVO \u00e0 tous &#8230;","og_url":"https:\/\/www.lavalaggloathle53.fr\/index.php\/2025\/04\/28\/enorme-succes-de-la-3eme-edition-de-la-marche-gourmande-du-27-avril-organisee-par-les-benevoles-de-la-section-marche-nordique-du-stade-lavallois-sous-la-coordination-deva-stiver\/","og_site_name":"Laval Agglo Athl\u00e9tisme","article_publisher":"https:\/\/www.facebook.com\/stadelavalloisathletisme","article_published_time":"2025-04-28T21:02:37+00:00","article_modified_time":"2025-04-28T21:04:08+00:00","og_image":[{"width":1130,"height":584,"url":"https:\/\/www.lavalaggloathle53.fr\/wp-content\/uploads\/2025\/04\/Marche-gourmande-SLA-du-26-04-2025-7.jpg","type":"image\/jpeg"}],"author":"Pascal BISSON","twitter_card":"summary_large_image","twitter_misc":{"\u00c9crit par":"Pascal BISSON","Dur\u00e9e de lecture estim\u00e9e":"4 minutes"},"schema":{"@context":"https:\/\/schema.org","@graph":[{"@type":"Article","@id":"https:\/\/www.lavalaggloathle53.fr\/index.php\/2025\/04\/28\/enorme-succes-de-la-3eme-edition-de-la-marche-gourmande-du-27-avril-organisee-par-les-benevoles-de-la-section-marche-nordique-du-stade-lavallois-sous-la-coordination-deva-stiver\/#article","isPartOf":{"@id":"https:\/\/www.lavalaggloathle53.fr\/index.php\/2025\/04\/28\/enorme-succes-de-la-3eme-edition-de-la-marche-gourmande-du-27-avril-organisee-par-les-benevoles-de-la-section-marche-nordique-du-stade-lavallois-sous-la-coordination-deva-stiver\/"},"author":{"name":"Pascal BISSON","@id":"https:\/\/www.lavalaggloathle53.fr\/#\/schema\/person\/979647d1a9707730d91bfc766caadc0b"},"headline":"Enorme succ\u00e8s de la 3\u00e8me \u00e9dition de la Marche Gourmande du 27 avril organis\u00e9e par les b\u00e9n\u00e9voles de la section Marche Nordique du Stade Lavallois sous la coordination d&rsquo;Eva STIVER !!!!","datePublished":"2025-04-28T21:02:37+00:00","dateModified":"2025-04-28T21:04:08+00:00","mainEntityOfPage":{"@id":"https:\/\/www.lavalaggloathle53.fr\/index.php\/2025\/04\/28\/enorme-succes-de-la-3eme-edition-de-la-marche-gourmande-du-27-avril-organisee-par-les-benevoles-de-la-section-marche-nordique-du-stade-lavallois-sous-la-coordination-deva-stiver\/"},"wordCount":212,"commentCount":0,"image":{"@id":"https:\/\/www.lavalaggloathle53.fr\/index.php\/2025\/04\/28\/enorme-succes-de-la-3eme-edition-de-la-marche-gourmande-du-27-avril-organisee-par-les-benevoles-de-la-section-marche-nordique-du-stade-lavallois-sous-la-coordination-deva-stiver\/#primaryimage"},"thumbnailUrl":"https:\/\/www.lavalaggloathle53.fr\/wp-content\/uploads\/2025\/04\/Marche-gourmande-SLA-du-26-04-2025-7.jpg","articleSection":["Actualit\u00e9s","Comp\u00e9tition","Loisirs","Marche nordique"],"inLanguage":"fr-FR","potentialAction":[{"@type":"CommentAction","name":"Comment","target":["https:\/\/www.lavalaggloathle53.fr\/index.php\/2025\/04\/28\/enorme-succes-de-la-3eme-edition-de-la-marche-gourmande-du-27-avril-organisee-par-les-benevoles-de-la-section-marche-nordique-du-stade-lavallois-sous-la-coordination-deva-stiver\/#respond"]}]},{"@type":"WebPage","@id":"https:\/\/www.lavalaggloathle53.fr\/index.php\/2025\/04\/28\/enorme-succes-de-la-3eme-edition-de-la-marche-gourmande-du-27-avril-organisee-par-les-benevoles-de-la-section-marche-nordique-du-stade-lavallois-sous-la-coordination-deva-stiver\/","url":"https:\/\/www.lavalaggloathle53.fr\/index.php\/2025\/04\/28\/enorme-succes-de-la-3eme-edition-de-la-marche-gourmande-du-27-avril-organisee-par-les-benevoles-de-la-section-marche-nordique-du-stade-lavallois-sous-la-coordination-deva-stiver\/","name":"Enorme succ\u00e8s de la 3\u00e8me \u00e9dition de la Marche Gourmande du 27 avril organis\u00e9e par les b\u00e9n\u00e9voles de la section Marche Nordique du Stade Lavallois sous la coordination d'Eva STIVER !!!! - Laval Agglo Athl\u00e9tisme","isPartOf":{"@id":"https:\/\/www.lavalaggloathle53.fr\/#website"},"primaryImageOfPage":{"@id":"https:\/\/www.lavalaggloathle53.fr\/index.php\/2025\/04\/28\/enorme-succes-de-la-3eme-edition-de-la-marche-gourmande-du-27-avril-organisee-par-les-benevoles-de-la-section-marche-nordique-du-stade-lavallois-sous-la-coordination-deva-stiver\/#primaryimage"},"image":{"@id":"https:\/\/www.lavalaggloathle53.fr\/index.php\/2025\/04\/28\/enorme-succes-de-la-3eme-edition-de-la-marche-gourmande-du-27-avril-organisee-par-les-benevoles-de-la-section-marche-nordique-du-stade-lavallois-sous-la-coordination-deva-stiver\/#primaryimage"},"thumbnailUrl":"https:\/\/www.lavalaggloathle53.fr\/wp-content\/uploads\/2025\/04\/Marche-gourmande-SLA-du-26-04-2025-7.jpg","datePublished":"2025-04-28T21:02:37+00:00","dateModified":"2025-04-28T21:04:08+00:00","author":{"@id":"https:\/\/www.lavalaggloathle53.fr\/#\/schema\/person\/979647d1a9707730d91bfc766caadc0b"},"breadcrumb":{"@id":"https:\/\/www.lavalaggloathle53.fr\/index.php\/2025\/04\/28\/enorme-succes-de-la-3eme-edition-de-la-marche-gourmande-du-27-avril-organisee-par-les-benevoles-de-la-section-marche-nordique-du-stade-lavallois-sous-la-coordination-deva-stiver\/#breadcrumb"},"inLanguage":"fr-FR","potentialAction":[{"@type":"ReadAction","target":["https:\/\/www.lavalaggloathle53.fr\/index.php\/2025\/04\/28\/enorme-succes-de-la-3eme-edition-de-la-marche-gourmande-du-27-avril-organisee-par-les-benevoles-de-la-section-marche-nordique-du-stade-lavallois-sous-la-coordination-deva-stiver\/"]}]},{"@type":"ImageObject","inLanguage":"fr-FR","@id":"https:\/\/www.lavalaggloathle53.fr\/index.php\/2025\/04\/28\/enorme-succes-de-la-3eme-edition-de-la-marche-gourmande-du-27-avril-organisee-par-les-benevoles-de-la-section-marche-nordique-du-stade-lavallois-sous-la-coordination-deva-stiver\/#primaryimage","url":"https:\/\/www.lavalaggloathle53.fr\/wp-content\/uploads\/2025\/04\/Marche-gourmande-SLA-du-26-04-2025-7.jpg","contentUrl":"https:\/\/www.lavalaggloathle53.fr\/wp-content\/uploads\/2025\/04\/Marche-gourmande-SLA-du-26-04-2025-7.jpg","width":1130,"height":584},{"@type":"BreadcrumbList","@id":"https:\/\/www.lavalaggloathle53.fr\/index.php\/2025\/04\/28\/enorme-succes-de-la-3eme-edition-de-la-marche-gourmande-du-27-avril-organisee-par-les-benevoles-de-la-section-marche-nordique-du-stade-lavallois-sous-la-coordination-deva-stiver\/#breadcrumb","itemListElement":[{"@type":"ListItem","position":1,"name":"Accueil","item":"https:\/\/www.lavalaggloathle53.fr\/"},{"@type":"ListItem","position":2,"name":"Enorme succ\u00e8s de la 3\u00e8me \u00e9dition de la Marche Gourmande du 27 avril organis\u00e9e par les b\u00e9n\u00e9voles de la section Marche Nordique du Stade Lavallois sous la coordination d&rsquo;Eva STIVER !!!!"}]},{"@type":"WebSite","@id":"https:\/\/www.lavalaggloathle53.fr\/#website","url":"https:\/\/www.lavalaggloathle53.fr\/","name":"Laval Agglo Athl\u00e9tisme","description":"L&#039;athl\u00e9, un sport pour tous","alternateName":"L2A53","potentialAction":[{"@type":"SearchAction","target":{"@type":"EntryPoint","urlTemplate":"https:\/\/www.lavalaggloathle53.fr\/?s={search_term_string}"},"query-input":{"@type":"PropertyValueSpecification","valueRequired":true,"valueName":"search_term_string"}}],"inLanguage":"fr-FR"},{"@type":"Person","@id":"https:\/\/www.lavalaggloathle53.fr\/#\/schema\/person\/979647d1a9707730d91bfc766caadc0b","name":"Pascal BISSON","image":{"@type":"ImageObject","inLanguage":"fr-FR","@id":"https:\/\/secure.gravatar.com\/avatar\/59596d86ade6d559609912f789f6ddaf324a4bb824fbedeaf0ccebc5c1967658?s=96&d=mm&r=g","url":"https:\/\/secure.gravatar.com\/avatar\/59596d86ade6d559609912f789f6ddaf324a4bb824fbedeaf0ccebc5c1967658?s=96&d=mm&r=g","contentUrl":"https:\/\/secure.gravatar.com\/avatar\/59596d86ade6d559609912f789f6ddaf324a4bb824fbedeaf0ccebc5c1967658?s=96&d=mm&r=g","caption":"Pascal BISSON"},"sameAs":["https:\/\/www.lavalaggloathle53.fr"],"url":"https:\/\/www.lavalaggloathle53.fr\/index.php\/author\/bis53\/"}]}},"_links":{"self":[{"href":"https:\/\/www.lavalaggloathle53.fr\/index.php\/wp-json\/wp\/v2\/posts\/7856","targetHints":{"allow":["GET"]}}],"collection":[{"href":"https:\/\/www.lavalaggloathle53.fr\/index.php\/wp-json\/wp\/v2\/posts"}],"about":[{"href":"https:\/\/www.lavalaggloathle53.fr\/index.php\/wp-json\/wp\/v2\/types\/post"}],"author":[{"embeddable":true,"href":"https:\/\/www.lavalaggloathle53.fr\/index.php\/wp-json\/wp\/v2\/users\/4"}],"replies":[{"embeddable":true,"href":"https:\/\/www.lavalaggloathle53.fr\/index.php\/wp-json\/wp\/v2\/comments?post=7856"}],"version-history":[{"count":2,"href":"https:\/\/www.lavalaggloathle53.fr\/index.php\/wp-json\/wp\/v2\/posts\/7856\/revisions"}],"predecessor-version":[{"id":7874,"href":"https:\/\/www.lavalaggloathle53.fr\/index.php\/wp-json\/wp\/v2\/posts\/7856\/revisions\/7874"}],"wp:featuredmedia":[{"embeddable":true,"href":"https:\/\/www.lavalaggloathle53.fr\/index.php\/wp-json\/wp\/v2\/media\/7857"}],"wp:attachment":[{"href":"https:\/\/www.lavalaggloathle53.fr\/index.php\/wp-json\/wp\/v2\/media?parent=7856"}],"wp:term":[{"taxonomy":"category","embeddable":true,"href":"https:\/\/www.lavalaggloathle53.fr\/index.php\/wp-json\/wp\/v2\/categories?post=7856"},{"taxonomy":"post_tag","embeddable":true,"href":"https:\/\/www.lavalaggloathle53.fr\/index.php\/wp-json\/wp\/v2\/tags?post=7856"}],"curies":[{"name":"wp","href":"https:\/\/api.w.org\/{rel}","templated":true}]}}