{"id":7813,"date":"2025-04-13T20:04:00","date_gmt":"2025-04-13T18:04:00","guid":{"rendered":"https:\/\/www.lavalaggloathle53.fr\/?p=7813"},"modified":"2025-04-21T20:17:59","modified_gmt":"2025-04-21T18:17:59","slug":"thierry-ripoche-sur-le-podium-du-trail-nature-des-coevrons","status":"publish","type":"post","link":"https:\/\/www.lavalaggloathle53.fr\/index.php\/2025\/04\/13\/thierry-ripoche-sur-le-podium-du-trail-nature-des-coevrons\/","title":{"rendered":"Thierry RIPOCHE sur le podium du TRAIL Nature des COEVRONS !"},"content":{"rendered":"\n<figure class=\"wp-block-image size-large\"><img fetchpriority=\"high\" decoding=\"async\" width=\"724\" height=\"1024\" src=\"https:\/\/www.lavalaggloathle53.fr\/wp-content\/uploads\/2025\/04\/a4-courses-nature-des-coevrons-724x1024.webp\" alt=\"\" class=\"wp-image-7814\" srcset=\"https:\/\/www.lavalaggloathle53.fr\/wp-content\/uploads\/2025\/04\/a4-courses-nature-des-coevrons-724x1024.webp 724w, https:\/\/www.lavalaggloathle53.fr\/wp-content\/uploads\/2025\/04\/a4-courses-nature-des-coevrons-212x300.webp 212w, https:\/\/www.lavalaggloathle53.fr\/wp-content\/uploads\/2025\/04\/a4-courses-nature-des-coevrons-768x1086.webp 768w, https:\/\/www.lavalaggloathle53.fr\/wp-content\/uploads\/2025\/04\/a4-courses-nature-des-coevrons-1086x1536.webp 1086w, https:\/\/www.lavalaggloathle53.fr\/wp-content\/uploads\/2025\/04\/a4-courses-nature-des-coevrons.webp 1131w\" sizes=\"(max-width: 724px) 100vw, 724px\" \/><\/figure>\n\n\n\n<figure class=\"wp-block-image size-full\"><img decoding=\"async\" width=\"122\" height=\"170\" src=\"https:\/\/www.lavalaggloathle53.fr\/wp-content\/uploads\/2025\/04\/Thierry-RIPOCHE.jpg\" alt=\"\" class=\"wp-image-7829\"\/><\/figure>\n\n\n\n<p>Sur la course des \u00ab\u00a02 monts\u00a0\u00bb sur la distance de  50 km (1000m de D+) , en parcourant la distance en 5h36&rsquo;39 , <strong>Thierry<\/strong> a pris la 124\u00e8me place au scratch et  <strong>seconde place dans sa cat\u00e9gorie M6.<\/strong> <\/p>\n\n\n\n<p>Sur la m\u00eame distance <strong>Charlie MARTEAU<\/strong> a pris la 20\u00e8me place au Scratch en 4h16&rsquo;28 (9\u00e8me senior), <strong>Guillaume LELIEVRE<\/strong> termine 152\u00e8me (37\u00e8me M2).<\/p>\n\n\n\n<p>Sur la course \u00ab\u00a0<strong>Le Montaigu<\/strong>\u00a0\u00bb sur une distance de 20km ((350m de D+), <strong>St\u00e9phane FILOCHE<\/strong> termine 161\u00e8me (12\u00e8me M4)<\/p>\n\n\n\n<p><\/p>\n","protected":false},"excerpt":{"rendered":"<p>Sur la course des \u00ab\u00a02 monts\u00a0\u00bb sur la distance de 50 km (1000m de D+) , en parcourant la distance en 5h36&rsquo;39 , Thierry a pris la 124\u00e8me place au scratch et seconde place dans sa cat\u00e9gorie M6. Sur la m\u00eame distance Charlie MARTEAU a pris la 20\u00e8me place au Scratch en 4h16&rsquo;28 (9\u00e8me senior), Guillaume LELIEVRE termine 152\u00e8me (37\u00e8me M2). Sur la course \u00ab\u00a0Le Montaigu\u00a0\u00bb sur une distance de 20km ((350m de D+), St\u00e9phane FILOCHE termine 161\u00e8me (12\u00e8me M4)<\/p>\n","protected":false},"author":4,"featured_media":7814,"comment_status":"open","ping_status":"closed","sticky":false,"template":"","format":"standard","meta":{"footnotes":""},"categories":[16],"tags":[],"class_list":["post-7813","post","type-post","status-publish","format-standard","has-post-thumbnail","hentry","category-loisirs"],"yoast_head":"<!-- This site is optimized with the Yoast SEO plugin v27.2 - https:\/\/yoast.com\/product\/yoast-seo-wordpress\/ -->\n<title>Thierry RIPOCHE sur le podium du TRAIL Nature des COEVRONS ! - Laval Agglo Athl\u00e9tisme<\/title>\n<meta name=\"robots\" content=\"index, follow, max-snippet:-1, max-image-preview:large, max-video-preview:-1\" \/>\n<link rel=\"canonical\" href=\"https:\/\/www.lavalaggloathle53.fr\/index.php\/2025\/04\/13\/thierry-ripoche-sur-le-podium-du-trail-nature-des-coevrons\/\" \/>\n<meta property=\"og:locale\" content=\"fr_FR\" \/>\n<meta property=\"og:type\" content=\"article\" \/>\n<meta property=\"og:title\" content=\"Thierry RIPOCHE sur le podium du TRAIL Nature des COEVRONS ! - Laval Agglo Athl\u00e9tisme\" \/>\n<meta property=\"og:description\" content=\"Sur la course des \u00ab\u00a02 monts\u00a0\u00bb sur la distance de 50 km (1000m de D+) , en parcourant la distance en 5h36&rsquo;39 , Thierry a pris la 124\u00e8me place au scratch et seconde place dans sa cat\u00e9gorie M6. Sur la m\u00eame distance Charlie MARTEAU a pris la 20\u00e8me place au Scratch en 4h16&rsquo;28 (9\u00e8me senior), Guillaume LELIEVRE termine 152\u00e8me (37\u00e8me M2). Sur la course \u00ab\u00a0Le Montaigu\u00a0\u00bb sur une distance de 20km ((350m de D+), St\u00e9phane FILOCHE termine 161\u00e8me (12\u00e8me M4)\" \/>\n<meta property=\"og:url\" content=\"https:\/\/www.lavalaggloathle53.fr\/index.php\/2025\/04\/13\/thierry-ripoche-sur-le-podium-du-trail-nature-des-coevrons\/\" \/>\n<meta property=\"og:site_name\" content=\"Laval Agglo Athl\u00e9tisme\" \/>\n<meta property=\"article:publisher\" content=\"https:\/\/www.facebook.com\/stadelavalloisathletisme\" \/>\n<meta property=\"article:published_time\" content=\"2025-04-13T18:04:00+00:00\" \/>\n<meta property=\"article:modified_time\" content=\"2025-04-21T18:17:59+00:00\" \/>\n<meta property=\"og:image\" content=\"https:\/\/www.lavalaggloathle53.fr\/wp-content\/uploads\/2025\/04\/a4-courses-nature-des-coevrons.webp\" \/>\n\t<meta property=\"og:image:width\" content=\"1131\" \/>\n\t<meta property=\"og:image:height\" content=\"1600\" \/>\n\t<meta property=\"og:image:type\" content=\"image\/webp\" \/>\n<meta name=\"author\" content=\"Pascal BISSON\" \/>\n<meta name=\"twitter:card\" content=\"summary_large_image\" \/>\n<meta name=\"twitter:label1\" content=\"\u00c9crit par\" \/>\n\t<meta name=\"twitter:data1\" content=\"Pascal BISSON\" \/>\n\t<meta name=\"twitter:label2\" content=\"Dur\u00e9e de lecture estim\u00e9e\" \/>\n\t<meta name=\"twitter:data2\" content=\"1 minute\" \/>\n<script type=\"application\/ld+json\" class=\"yoast-schema-graph\">{\"@context\":\"https:\/\/schema.org\",\"@graph\":[{\"@type\":\"Article\",\"@id\":\"https:\/\/www.lavalaggloathle53.fr\/index.php\/2025\/04\/13\/thierry-ripoche-sur-le-podium-du-trail-nature-des-coevrons\/#article\",\"isPartOf\":{\"@id\":\"https:\/\/www.lavalaggloathle53.fr\/index.php\/2025\/04\/13\/thierry-ripoche-sur-le-podium-du-trail-nature-des-coevrons\/\"},\"author\":{\"name\":\"Pascal BISSON\",\"@id\":\"https:\/\/www.lavalaggloathle53.fr\/#\/schema\/person\/979647d1a9707730d91bfc766caadc0b\"},\"headline\":\"Thierry RIPOCHE sur le podium du TRAIL Nature des COEVRONS !\",\"datePublished\":\"2025-04-13T18:04:00+00:00\",\"dateModified\":\"2025-04-21T18:17:59+00:00\",\"mainEntityOfPage\":{\"@id\":\"https:\/\/www.lavalaggloathle53.fr\/index.php\/2025\/04\/13\/thierry-ripoche-sur-le-podium-du-trail-nature-des-coevrons\/\"},\"wordCount\":89,\"commentCount\":0,\"image\":{\"@id\":\"https:\/\/www.lavalaggloathle53.fr\/index.php\/2025\/04\/13\/thierry-ripoche-sur-le-podium-du-trail-nature-des-coevrons\/#primaryimage\"},\"thumbnailUrl\":\"https:\/\/www.lavalaggloathle53.fr\/wp-content\/uploads\/2025\/04\/a4-courses-nature-des-coevrons.webp\",\"articleSection\":[\"Loisirs\"],\"inLanguage\":\"fr-FR\",\"potentialAction\":[{\"@type\":\"CommentAction\",\"name\":\"Comment\",\"target\":[\"https:\/\/www.lavalaggloathle53.fr\/index.php\/2025\/04\/13\/thierry-ripoche-sur-le-podium-du-trail-nature-des-coevrons\/#respond\"]}]},{\"@type\":\"WebPage\",\"@id\":\"https:\/\/www.lavalaggloathle53.fr\/index.php\/2025\/04\/13\/thierry-ripoche-sur-le-podium-du-trail-nature-des-coevrons\/\",\"url\":\"https:\/\/www.lavalaggloathle53.fr\/index.php\/2025\/04\/13\/thierry-ripoche-sur-le-podium-du-trail-nature-des-coevrons\/\",\"name\":\"Thierry RIPOCHE sur le podium du TRAIL Nature des COEVRONS ! - Laval Agglo Athl\u00e9tisme\",\"isPartOf\":{\"@id\":\"https:\/\/www.lavalaggloathle53.fr\/#website\"},\"primaryImageOfPage\":{\"@id\":\"https:\/\/www.lavalaggloathle53.fr\/index.php\/2025\/04\/13\/thierry-ripoche-sur-le-podium-du-trail-nature-des-coevrons\/#primaryimage\"},\"image\":{\"@id\":\"https:\/\/www.lavalaggloathle53.fr\/index.php\/2025\/04\/13\/thierry-ripoche-sur-le-podium-du-trail-nature-des-coevrons\/#primaryimage\"},\"thumbnailUrl\":\"https:\/\/www.lavalaggloathle53.fr\/wp-content\/uploads\/2025\/04\/a4-courses-nature-des-coevrons.webp\",\"datePublished\":\"2025-04-13T18:04:00+00:00\",\"dateModified\":\"2025-04-21T18:17:59+00:00\",\"author\":{\"@id\":\"https:\/\/www.lavalaggloathle53.fr\/#\/schema\/person\/979647d1a9707730d91bfc766caadc0b\"},\"breadcrumb\":{\"@id\":\"https:\/\/www.lavalaggloathle53.fr\/index.php\/2025\/04\/13\/thierry-ripoche-sur-le-podium-du-trail-nature-des-coevrons\/#breadcrumb\"},\"inLanguage\":\"fr-FR\",\"potentialAction\":[{\"@type\":\"ReadAction\",\"target\":[\"https:\/\/www.lavalaggloathle53.fr\/index.php\/2025\/04\/13\/thierry-ripoche-sur-le-podium-du-trail-nature-des-coevrons\/\"]}]},{\"@type\":\"ImageObject\",\"inLanguage\":\"fr-FR\",\"@id\":\"https:\/\/www.lavalaggloathle53.fr\/index.php\/2025\/04\/13\/thierry-ripoche-sur-le-podium-du-trail-nature-des-coevrons\/#primaryimage\",\"url\":\"https:\/\/www.lavalaggloathle53.fr\/wp-content\/uploads\/2025\/04\/a4-courses-nature-des-coevrons.webp\",\"contentUrl\":\"https:\/\/www.lavalaggloathle53.fr\/wp-content\/uploads\/2025\/04\/a4-courses-nature-des-coevrons.webp\",\"width\":1131,\"height\":1600},{\"@type\":\"BreadcrumbList\",\"@id\":\"https:\/\/www.lavalaggloathle53.fr\/index.php\/2025\/04\/13\/thierry-ripoche-sur-le-podium-du-trail-nature-des-coevrons\/#breadcrumb\",\"itemListElement\":[{\"@type\":\"ListItem\",\"position\":1,\"name\":\"Accueil\",\"item\":\"https:\/\/www.lavalaggloathle53.fr\/\"},{\"@type\":\"ListItem\",\"position\":2,\"name\":\"Thierry RIPOCHE sur le podium du TRAIL Nature des COEVRONS !\"}]},{\"@type\":\"WebSite\",\"@id\":\"https:\/\/www.lavalaggloathle53.fr\/#website\",\"url\":\"https:\/\/www.lavalaggloathle53.fr\/\",\"name\":\"Laval Agglo Athl\u00e9tisme\",\"description\":\"L&#039;athl\u00e9, un sport pour tous\",\"alternateName\":\"L2A53\",\"potentialAction\":[{\"@type\":\"SearchAction\",\"target\":{\"@type\":\"EntryPoint\",\"urlTemplate\":\"https:\/\/www.lavalaggloathle53.fr\/?s={search_term_string}\"},\"query-input\":{\"@type\":\"PropertyValueSpecification\",\"valueRequired\":true,\"valueName\":\"search_term_string\"}}],\"inLanguage\":\"fr-FR\"},{\"@type\":\"Person\",\"@id\":\"https:\/\/www.lavalaggloathle53.fr\/#\/schema\/person\/979647d1a9707730d91bfc766caadc0b\",\"name\":\"Pascal BISSON\",\"image\":{\"@type\":\"ImageObject\",\"inLanguage\":\"fr-FR\",\"@id\":\"https:\/\/secure.gravatar.com\/avatar\/59596d86ade6d559609912f789f6ddaf324a4bb824fbedeaf0ccebc5c1967658?s=96&d=mm&r=g\",\"url\":\"https:\/\/secure.gravatar.com\/avatar\/59596d86ade6d559609912f789f6ddaf324a4bb824fbedeaf0ccebc5c1967658?s=96&d=mm&r=g\",\"contentUrl\":\"https:\/\/secure.gravatar.com\/avatar\/59596d86ade6d559609912f789f6ddaf324a4bb824fbedeaf0ccebc5c1967658?s=96&d=mm&r=g\",\"caption\":\"Pascal BISSON\"},\"sameAs\":[\"https:\/\/www.lavalaggloathle53.fr\"],\"url\":\"https:\/\/www.lavalaggloathle53.fr\/index.php\/author\/bis53\/\"}]}<\/script>\n<!-- \/ Yoast SEO plugin. -->","yoast_head_json":{"title":"Thierry RIPOCHE sur le podium du TRAIL Nature des COEVRONS ! - Laval Agglo Athl\u00e9tisme","robots":{"index":"index","follow":"follow","max-snippet":"max-snippet:-1","max-image-preview":"max-image-preview:large","max-video-preview":"max-video-preview:-1"},"canonical":"https:\/\/www.lavalaggloathle53.fr\/index.php\/2025\/04\/13\/thierry-ripoche-sur-le-podium-du-trail-nature-des-coevrons\/","og_locale":"fr_FR","og_type":"article","og_title":"Thierry RIPOCHE sur le podium du TRAIL Nature des COEVRONS ! - Laval Agglo Athl\u00e9tisme","og_description":"Sur la course des \u00ab\u00a02 monts\u00a0\u00bb sur la distance de 50 km (1000m de D+) , en parcourant la distance en 5h36&rsquo;39 , Thierry a pris la 124\u00e8me place au scratch et seconde place dans sa cat\u00e9gorie M6. Sur la m\u00eame distance Charlie MARTEAU a pris la 20\u00e8me place au Scratch en 4h16&rsquo;28 (9\u00e8me senior), Guillaume LELIEVRE termine 152\u00e8me (37\u00e8me M2). Sur la course \u00ab\u00a0Le Montaigu\u00a0\u00bb sur une distance de 20km ((350m de D+), St\u00e9phane FILOCHE termine 161\u00e8me (12\u00e8me M4)","og_url":"https:\/\/www.lavalaggloathle53.fr\/index.php\/2025\/04\/13\/thierry-ripoche-sur-le-podium-du-trail-nature-des-coevrons\/","og_site_name":"Laval Agglo Athl\u00e9tisme","article_publisher":"https:\/\/www.facebook.com\/stadelavalloisathletisme","article_published_time":"2025-04-13T18:04:00+00:00","article_modified_time":"2025-04-21T18:17:59+00:00","og_image":[{"width":1131,"height":1600,"url":"https:\/\/www.lavalaggloathle53.fr\/wp-content\/uploads\/2025\/04\/a4-courses-nature-des-coevrons.webp","type":"image\/webp"}],"author":"Pascal BISSON","twitter_card":"summary_large_image","twitter_misc":{"\u00c9crit par":"Pascal BISSON","Dur\u00e9e de lecture estim\u00e9e":"1 minute"},"schema":{"@context":"https:\/\/schema.org","@graph":[{"@type":"Article","@id":"https:\/\/www.lavalaggloathle53.fr\/index.php\/2025\/04\/13\/thierry-ripoche-sur-le-podium-du-trail-nature-des-coevrons\/#article","isPartOf":{"@id":"https:\/\/www.lavalaggloathle53.fr\/index.php\/2025\/04\/13\/thierry-ripoche-sur-le-podium-du-trail-nature-des-coevrons\/"},"author":{"name":"Pascal BISSON","@id":"https:\/\/www.lavalaggloathle53.fr\/#\/schema\/person\/979647d1a9707730d91bfc766caadc0b"},"headline":"Thierry RIPOCHE sur le podium du TRAIL Nature des COEVRONS !","datePublished":"2025-04-13T18:04:00+00:00","dateModified":"2025-04-21T18:17:59+00:00","mainEntityOfPage":{"@id":"https:\/\/www.lavalaggloathle53.fr\/index.php\/2025\/04\/13\/thierry-ripoche-sur-le-podium-du-trail-nature-des-coevrons\/"},"wordCount":89,"commentCount":0,"image":{"@id":"https:\/\/www.lavalaggloathle53.fr\/index.php\/2025\/04\/13\/thierry-ripoche-sur-le-podium-du-trail-nature-des-coevrons\/#primaryimage"},"thumbnailUrl":"https:\/\/www.lavalaggloathle53.fr\/wp-content\/uploads\/2025\/04\/a4-courses-nature-des-coevrons.webp","articleSection":["Loisirs"],"inLanguage":"fr-FR","potentialAction":[{"@type":"CommentAction","name":"Comment","target":["https:\/\/www.lavalaggloathle53.fr\/index.php\/2025\/04\/13\/thierry-ripoche-sur-le-podium-du-trail-nature-des-coevrons\/#respond"]}]},{"@type":"WebPage","@id":"https:\/\/www.lavalaggloathle53.fr\/index.php\/2025\/04\/13\/thierry-ripoche-sur-le-podium-du-trail-nature-des-coevrons\/","url":"https:\/\/www.lavalaggloathle53.fr\/index.php\/2025\/04\/13\/thierry-ripoche-sur-le-podium-du-trail-nature-des-coevrons\/","name":"Thierry RIPOCHE sur le podium du TRAIL Nature des COEVRONS ! - Laval Agglo Athl\u00e9tisme","isPartOf":{"@id":"https:\/\/www.lavalaggloathle53.fr\/#website"},"primaryImageOfPage":{"@id":"https:\/\/www.lavalaggloathle53.fr\/index.php\/2025\/04\/13\/thierry-ripoche-sur-le-podium-du-trail-nature-des-coevrons\/#primaryimage"},"image":{"@id":"https:\/\/www.lavalaggloathle53.fr\/index.php\/2025\/04\/13\/thierry-ripoche-sur-le-podium-du-trail-nature-des-coevrons\/#primaryimage"},"thumbnailUrl":"https:\/\/www.lavalaggloathle53.fr\/wp-content\/uploads\/2025\/04\/a4-courses-nature-des-coevrons.webp","datePublished":"2025-04-13T18:04:00+00:00","dateModified":"2025-04-21T18:17:59+00:00","author":{"@id":"https:\/\/www.lavalaggloathle53.fr\/#\/schema\/person\/979647d1a9707730d91bfc766caadc0b"},"breadcrumb":{"@id":"https:\/\/www.lavalaggloathle53.fr\/index.php\/2025\/04\/13\/thierry-ripoche-sur-le-podium-du-trail-nature-des-coevrons\/#breadcrumb"},"inLanguage":"fr-FR","potentialAction":[{"@type":"ReadAction","target":["https:\/\/www.lavalaggloathle53.fr\/index.php\/2025\/04\/13\/thierry-ripoche-sur-le-podium-du-trail-nature-des-coevrons\/"]}]},{"@type":"ImageObject","inLanguage":"fr-FR","@id":"https:\/\/www.lavalaggloathle53.fr\/index.php\/2025\/04\/13\/thierry-ripoche-sur-le-podium-du-trail-nature-des-coevrons\/#primaryimage","url":"https:\/\/www.lavalaggloathle53.fr\/wp-content\/uploads\/2025\/04\/a4-courses-nature-des-coevrons.webp","contentUrl":"https:\/\/www.lavalaggloathle53.fr\/wp-content\/uploads\/2025\/04\/a4-courses-nature-des-coevrons.webp","width":1131,"height":1600},{"@type":"BreadcrumbList","@id":"https:\/\/www.lavalaggloathle53.fr\/index.php\/2025\/04\/13\/thierry-ripoche-sur-le-podium-du-trail-nature-des-coevrons\/#breadcrumb","itemListElement":[{"@type":"ListItem","position":1,"name":"Accueil","item":"https:\/\/www.lavalaggloathle53.fr\/"},{"@type":"ListItem","position":2,"name":"Thierry RIPOCHE sur le podium du TRAIL Nature des COEVRONS !"}]},{"@type":"WebSite","@id":"https:\/\/www.lavalaggloathle53.fr\/#website","url":"https:\/\/www.lavalaggloathle53.fr\/","name":"Laval Agglo Athl\u00e9tisme","description":"L&#039;athl\u00e9, un sport pour tous","alternateName":"L2A53","potentialAction":[{"@type":"SearchAction","target":{"@type":"EntryPoint","urlTemplate":"https:\/\/www.lavalaggloathle53.fr\/?s={search_term_string}"},"query-input":{"@type":"PropertyValueSpecification","valueRequired":true,"valueName":"search_term_string"}}],"inLanguage":"fr-FR"},{"@type":"Person","@id":"https:\/\/www.lavalaggloathle53.fr\/#\/schema\/person\/979647d1a9707730d91bfc766caadc0b","name":"Pascal BISSON","image":{"@type":"ImageObject","inLanguage":"fr-FR","@id":"https:\/\/secure.gravatar.com\/avatar\/59596d86ade6d559609912f789f6ddaf324a4bb824fbedeaf0ccebc5c1967658?s=96&d=mm&r=g","url":"https:\/\/secure.gravatar.com\/avatar\/59596d86ade6d559609912f789f6ddaf324a4bb824fbedeaf0ccebc5c1967658?s=96&d=mm&r=g","contentUrl":"https:\/\/secure.gravatar.com\/avatar\/59596d86ade6d559609912f789f6ddaf324a4bb824fbedeaf0ccebc5c1967658?s=96&d=mm&r=g","caption":"Pascal BISSON"},"sameAs":["https:\/\/www.lavalaggloathle53.fr"],"url":"https:\/\/www.lavalaggloathle53.fr\/index.php\/author\/bis53\/"}]}},"_links":{"self":[{"href":"https:\/\/www.lavalaggloathle53.fr\/index.php\/wp-json\/wp\/v2\/posts\/7813","targetHints":{"allow":["GET"]}}],"collection":[{"href":"https:\/\/www.lavalaggloathle53.fr\/index.php\/wp-json\/wp\/v2\/posts"}],"about":[{"href":"https:\/\/www.lavalaggloathle53.fr\/index.php\/wp-json\/wp\/v2\/types\/post"}],"author":[{"embeddable":true,"href":"https:\/\/www.lavalaggloathle53.fr\/index.php\/wp-json\/wp\/v2\/users\/4"}],"replies":[{"embeddable":true,"href":"https:\/\/www.lavalaggloathle53.fr\/index.php\/wp-json\/wp\/v2\/comments?post=7813"}],"version-history":[{"count":2,"href":"https:\/\/www.lavalaggloathle53.fr\/index.php\/wp-json\/wp\/v2\/posts\/7813\/revisions"}],"predecessor-version":[{"id":7831,"href":"https:\/\/www.lavalaggloathle53.fr\/index.php\/wp-json\/wp\/v2\/posts\/7813\/revisions\/7831"}],"wp:featuredmedia":[{"embeddable":true,"href":"https:\/\/www.lavalaggloathle53.fr\/index.php\/wp-json\/wp\/v2\/media\/7814"}],"wp:attachment":[{"href":"https:\/\/www.lavalaggloathle53.fr\/index.php\/wp-json\/wp\/v2\/media?parent=7813"}],"wp:term":[{"taxonomy":"category","embeddable":true,"href":"https:\/\/www.lavalaggloathle53.fr\/index.php\/wp-json\/wp\/v2\/categories?post=7813"},{"taxonomy":"post_tag","embeddable":true,"href":"https:\/\/www.lavalaggloathle53.fr\/index.php\/wp-json\/wp\/v2\/tags?post=7813"}],"curies":[{"name":"wp","href":"https:\/\/api.w.org\/{rel}","templated":true}]}}