{"id":7716,"date":"2025-03-24T20:40:44","date_gmt":"2025-03-24T19:40:44","guid":{"rendered":"https:\/\/www.lavalaggloathle53.fr\/?p=7716"},"modified":"2025-03-26T08:24:55","modified_gmt":"2025-03-26T07:24:55","slug":"sacha-morin-5eme-en-junior-dans-le-cadre-du-criterium-national-de-marche-sur-route-a-verneuil-sur-seine","status":"publish","type":"post","link":"https:\/\/www.lavalaggloathle53.fr\/index.php\/2025\/03\/24\/sacha-morin-5eme-en-junior-dans-le-cadre-du-criterium-national-de-marche-sur-route-a-verneuil-sur-seine\/","title":{"rendered":"Sacha MORIN 5\u00e8me en Junior dans le cadre du Crit\u00e9rium National  de marche sur route \u00e0 Verneuil sur Seine !"},"content":{"rendered":"\n<figure class=\"wp-block-image size-large\"><img fetchpriority=\"high\" decoding=\"async\" width=\"576\" height=\"1024\" src=\"https:\/\/www.lavalaggloathle53.fr\/wp-content\/uploads\/2025\/02\/WhatsApp-Image-2025-02-08-a-16.13.37_1b61ccfb-576x1024.jpg\" alt=\"\" class=\"wp-image-7421\" srcset=\"https:\/\/www.lavalaggloathle53.fr\/wp-content\/uploads\/2025\/02\/WhatsApp-Image-2025-02-08-a-16.13.37_1b61ccfb-576x1024.jpg 576w, https:\/\/www.lavalaggloathle53.fr\/wp-content\/uploads\/2025\/02\/WhatsApp-Image-2025-02-08-a-16.13.37_1b61ccfb-169x300.jpg 169w, https:\/\/www.lavalaggloathle53.fr\/wp-content\/uploads\/2025\/02\/WhatsApp-Image-2025-02-08-a-16.13.37_1b61ccfb-768x1366.jpg 768w, https:\/\/www.lavalaggloathle53.fr\/wp-content\/uploads\/2025\/02\/WhatsApp-Image-2025-02-08-a-16.13.37_1b61ccfb-864x1536.jpg 864w, https:\/\/www.lavalaggloathle53.fr\/wp-content\/uploads\/2025\/02\/WhatsApp-Image-2025-02-08-a-16.13.37_1b61ccfb.jpg 899w\" sizes=\"(max-width: 576px) 100vw, 576px\" \/><\/figure>\n\n\n\n<p>En pulv\u00e9risant son record perso de pr\u00e8s de 4 minutes, le junior <strong>SACHA MORIN <\/strong> coach\u00e9 par  <strong>Patrice BOUDESSEUL<\/strong> a r\u00e9ussi une nouvelle belle performance sur ce Crit\u00e9rium National en bouclant ce 10 Km marche en <strong>48&rsquo;46<\/strong> \u00e0 moins d&rsquo;une minute du Podium .<\/p>\n\n\n\n<figure class=\"wp-block-image size-large\"><img decoding=\"async\" width=\"324\" height=\"1024\" src=\"https:\/\/www.lavalaggloathle53.fr\/wp-content\/uploads\/2025\/03\/Art-Sacha-Avant-Criterium-Marche-Verneuil-sur-Seine-23-03-2025-324x1024.jpg\" alt=\"\" class=\"wp-image-7722\" srcset=\"https:\/\/www.lavalaggloathle53.fr\/wp-content\/uploads\/2025\/03\/Art-Sacha-Avant-Criterium-Marche-Verneuil-sur-Seine-23-03-2025-324x1024.jpg 324w, https:\/\/www.lavalaggloathle53.fr\/wp-content\/uploads\/2025\/03\/Art-Sacha-Avant-Criterium-Marche-Verneuil-sur-Seine-23-03-2025-95x300.jpg 95w, https:\/\/www.lavalaggloathle53.fr\/wp-content\/uploads\/2025\/03\/Art-Sacha-Avant-Criterium-Marche-Verneuil-sur-Seine-23-03-2025-768x2426.jpg 768w, https:\/\/www.lavalaggloathle53.fr\/wp-content\/uploads\/2025\/03\/Art-Sacha-Avant-Criterium-Marche-Verneuil-sur-Seine-23-03-2025-486x1536.jpg 486w, https:\/\/www.lavalaggloathle53.fr\/wp-content\/uploads\/2025\/03\/Art-Sacha-Avant-Criterium-Marche-Verneuil-sur-Seine-23-03-2025-648x2048.jpg 648w, https:\/\/www.lavalaggloathle53.fr\/wp-content\/uploads\/2025\/03\/Art-Sacha-Avant-Criterium-Marche-Verneuil-sur-Seine-23-03-2025-scaled.jpg 811w\" sizes=\"(max-width: 324px) 100vw, 324px\" \/><\/figure>\n\n\n\n<p><\/p>\n","protected":false},"excerpt":{"rendered":"<p>En pulv\u00e9risant son record perso de pr\u00e8s de 4 minutes, le junior SACHA MORIN coach\u00e9 par Patrice BOUDESSEUL a r\u00e9ussi une nouvelle belle performance sur ce Crit\u00e9rium National en bouclant ce 10 Km marche en 48&rsquo;46 \u00e0 moins d&rsquo;une minute du Podium .<\/p>\n","protected":false},"author":4,"featured_media":7717,"comment_status":"open","ping_status":"closed","sticky":false,"template":"","format":"standard","meta":{"footnotes":""},"categories":[14,15,18],"tags":[],"class_list":["post-7716","post","type-post","status-publish","format-standard","has-post-thumbnail","hentry","category-actualites","category-competition","category-marche_nordique"],"yoast_head":"<!-- This site is optimized with the Yoast SEO plugin v27.2 - https:\/\/yoast.com\/product\/yoast-seo-wordpress\/ -->\n<title>Sacha MORIN 5\u00e8me en Junior dans le cadre du Crit\u00e9rium National de marche sur route \u00e0 Verneuil sur Seine ! - Laval Agglo Athl\u00e9tisme<\/title>\n<meta name=\"robots\" content=\"index, follow, max-snippet:-1, max-image-preview:large, max-video-preview:-1\" \/>\n<link rel=\"canonical\" href=\"https:\/\/www.lavalaggloathle53.fr\/index.php\/2025\/03\/24\/sacha-morin-5eme-en-junior-dans-le-cadre-du-criterium-national-de-marche-sur-route-a-verneuil-sur-seine\/\" \/>\n<meta property=\"og:locale\" content=\"fr_FR\" \/>\n<meta property=\"og:type\" content=\"article\" \/>\n<meta property=\"og:title\" content=\"Sacha MORIN 5\u00e8me en Junior dans le cadre du Crit\u00e9rium National de marche sur route \u00e0 Verneuil sur Seine ! - Laval Agglo Athl\u00e9tisme\" \/>\n<meta property=\"og:description\" content=\"En pulv\u00e9risant son record perso de pr\u00e8s de 4 minutes, le junior SACHA MORIN coach\u00e9 par Patrice BOUDESSEUL a r\u00e9ussi une nouvelle belle performance sur ce Crit\u00e9rium National en bouclant ce 10 Km marche en 48&rsquo;46 \u00e0 moins d&rsquo;une minute du Podium .\" \/>\n<meta property=\"og:url\" content=\"https:\/\/www.lavalaggloathle53.fr\/index.php\/2025\/03\/24\/sacha-morin-5eme-en-junior-dans-le-cadre-du-criterium-national-de-marche-sur-route-a-verneuil-sur-seine\/\" \/>\n<meta property=\"og:site_name\" content=\"Laval Agglo Athl\u00e9tisme\" \/>\n<meta property=\"article:publisher\" content=\"https:\/\/www.facebook.com\/stadelavalloisathletisme\" \/>\n<meta property=\"article:published_time\" content=\"2025-03-24T19:40:44+00:00\" \/>\n<meta property=\"article:modified_time\" content=\"2025-03-26T07:24:55+00:00\" \/>\n<meta property=\"og:image\" content=\"https:\/\/www.lavalaggloathle53.fr\/wp-content\/uploads\/2025\/03\/FFA_MARCHE2025_40x60-683x1024.jpg\" \/>\n\t<meta property=\"og:image:width\" content=\"683\" \/>\n\t<meta property=\"og:image:height\" content=\"1024\" \/>\n\t<meta property=\"og:image:type\" content=\"image\/jpeg\" \/>\n<meta name=\"author\" content=\"Pascal BISSON\" \/>\n<meta name=\"twitter:card\" content=\"summary_large_image\" \/>\n<meta name=\"twitter:label1\" content=\"\u00c9crit par\" \/>\n\t<meta name=\"twitter:data1\" content=\"Pascal BISSON\" \/>\n\t<meta name=\"twitter:label2\" content=\"Dur\u00e9e de lecture estim\u00e9e\" \/>\n\t<meta name=\"twitter:data2\" content=\"1 minute\" \/>\n<script type=\"application\/ld+json\" class=\"yoast-schema-graph\">{\"@context\":\"https:\/\/schema.org\",\"@graph\":[{\"@type\":\"Article\",\"@id\":\"https:\/\/www.lavalaggloathle53.fr\/index.php\/2025\/03\/24\/sacha-morin-5eme-en-junior-dans-le-cadre-du-criterium-national-de-marche-sur-route-a-verneuil-sur-seine\/#article\",\"isPartOf\":{\"@id\":\"https:\/\/www.lavalaggloathle53.fr\/index.php\/2025\/03\/24\/sacha-morin-5eme-en-junior-dans-le-cadre-du-criterium-national-de-marche-sur-route-a-verneuil-sur-seine\/\"},\"author\":{\"name\":\"Pascal BISSON\",\"@id\":\"https:\/\/www.lavalaggloathle53.fr\/#\/schema\/person\/979647d1a9707730d91bfc766caadc0b\"},\"headline\":\"Sacha MORIN 5\u00e8me en Junior dans le cadre du Crit\u00e9rium National de marche sur route \u00e0 Verneuil sur Seine !\",\"datePublished\":\"2025-03-24T19:40:44+00:00\",\"dateModified\":\"2025-03-26T07:24:55+00:00\",\"mainEntityOfPage\":{\"@id\":\"https:\/\/www.lavalaggloathle53.fr\/index.php\/2025\/03\/24\/sacha-morin-5eme-en-junior-dans-le-cadre-du-criterium-national-de-marche-sur-route-a-verneuil-sur-seine\/\"},\"wordCount\":62,\"commentCount\":0,\"image\":{\"@id\":\"https:\/\/www.lavalaggloathle53.fr\/index.php\/2025\/03\/24\/sacha-morin-5eme-en-junior-dans-le-cadre-du-criterium-national-de-marche-sur-route-a-verneuil-sur-seine\/#primaryimage\"},\"thumbnailUrl\":\"https:\/\/www.lavalaggloathle53.fr\/wp-content\/uploads\/2025\/03\/FFA_MARCHE2025_40x60.jpg\",\"articleSection\":[\"Actualit\u00e9s\",\"Comp\u00e9tition\",\"Marche nordique\"],\"inLanguage\":\"fr-FR\",\"potentialAction\":[{\"@type\":\"CommentAction\",\"name\":\"Comment\",\"target\":[\"https:\/\/www.lavalaggloathle53.fr\/index.php\/2025\/03\/24\/sacha-morin-5eme-en-junior-dans-le-cadre-du-criterium-national-de-marche-sur-route-a-verneuil-sur-seine\/#respond\"]}]},{\"@type\":\"WebPage\",\"@id\":\"https:\/\/www.lavalaggloathle53.fr\/index.php\/2025\/03\/24\/sacha-morin-5eme-en-junior-dans-le-cadre-du-criterium-national-de-marche-sur-route-a-verneuil-sur-seine\/\",\"url\":\"https:\/\/www.lavalaggloathle53.fr\/index.php\/2025\/03\/24\/sacha-morin-5eme-en-junior-dans-le-cadre-du-criterium-national-de-marche-sur-route-a-verneuil-sur-seine\/\",\"name\":\"Sacha MORIN 5\u00e8me en Junior dans le cadre du Crit\u00e9rium National de marche sur route \u00e0 Verneuil sur Seine ! - Laval Agglo Athl\u00e9tisme\",\"isPartOf\":{\"@id\":\"https:\/\/www.lavalaggloathle53.fr\/#website\"},\"primaryImageOfPage\":{\"@id\":\"https:\/\/www.lavalaggloathle53.fr\/index.php\/2025\/03\/24\/sacha-morin-5eme-en-junior-dans-le-cadre-du-criterium-national-de-marche-sur-route-a-verneuil-sur-seine\/#primaryimage\"},\"image\":{\"@id\":\"https:\/\/www.lavalaggloathle53.fr\/index.php\/2025\/03\/24\/sacha-morin-5eme-en-junior-dans-le-cadre-du-criterium-national-de-marche-sur-route-a-verneuil-sur-seine\/#primaryimage\"},\"thumbnailUrl\":\"https:\/\/www.lavalaggloathle53.fr\/wp-content\/uploads\/2025\/03\/FFA_MARCHE2025_40x60.jpg\",\"datePublished\":\"2025-03-24T19:40:44+00:00\",\"dateModified\":\"2025-03-26T07:24:55+00:00\",\"author\":{\"@id\":\"https:\/\/www.lavalaggloathle53.fr\/#\/schema\/person\/979647d1a9707730d91bfc766caadc0b\"},\"breadcrumb\":{\"@id\":\"https:\/\/www.lavalaggloathle53.fr\/index.php\/2025\/03\/24\/sacha-morin-5eme-en-junior-dans-le-cadre-du-criterium-national-de-marche-sur-route-a-verneuil-sur-seine\/#breadcrumb\"},\"inLanguage\":\"fr-FR\",\"potentialAction\":[{\"@type\":\"ReadAction\",\"target\":[\"https:\/\/www.lavalaggloathle53.fr\/index.php\/2025\/03\/24\/sacha-morin-5eme-en-junior-dans-le-cadre-du-criterium-national-de-marche-sur-route-a-verneuil-sur-seine\/\"]}]},{\"@type\":\"ImageObject\",\"inLanguage\":\"fr-FR\",\"@id\":\"https:\/\/www.lavalaggloathle53.fr\/index.php\/2025\/03\/24\/sacha-morin-5eme-en-junior-dans-le-cadre-du-criterium-national-de-marche-sur-route-a-verneuil-sur-seine\/#primaryimage\",\"url\":\"https:\/\/www.lavalaggloathle53.fr\/wp-content\/uploads\/2025\/03\/FFA_MARCHE2025_40x60.jpg\",\"contentUrl\":\"https:\/\/www.lavalaggloathle53.fr\/wp-content\/uploads\/2025\/03\/FFA_MARCHE2025_40x60.jpg\",\"width\":1575,\"height\":2362},{\"@type\":\"BreadcrumbList\",\"@id\":\"https:\/\/www.lavalaggloathle53.fr\/index.php\/2025\/03\/24\/sacha-morin-5eme-en-junior-dans-le-cadre-du-criterium-national-de-marche-sur-route-a-verneuil-sur-seine\/#breadcrumb\",\"itemListElement\":[{\"@type\":\"ListItem\",\"position\":1,\"name\":\"Accueil\",\"item\":\"https:\/\/www.lavalaggloathle53.fr\/\"},{\"@type\":\"ListItem\",\"position\":2,\"name\":\"Sacha MORIN 5\u00e8me en Junior dans le cadre du Crit\u00e9rium National de marche sur route \u00e0 Verneuil sur Seine !\"}]},{\"@type\":\"WebSite\",\"@id\":\"https:\/\/www.lavalaggloathle53.fr\/#website\",\"url\":\"https:\/\/www.lavalaggloathle53.fr\/\",\"name\":\"Laval Agglo Athl\u00e9tisme\",\"description\":\"L&#039;athl\u00e9, un sport pour tous\",\"alternateName\":\"L2A53\",\"potentialAction\":[{\"@type\":\"SearchAction\",\"target\":{\"@type\":\"EntryPoint\",\"urlTemplate\":\"https:\/\/www.lavalaggloathle53.fr\/?s={search_term_string}\"},\"query-input\":{\"@type\":\"PropertyValueSpecification\",\"valueRequired\":true,\"valueName\":\"search_term_string\"}}],\"inLanguage\":\"fr-FR\"},{\"@type\":\"Person\",\"@id\":\"https:\/\/www.lavalaggloathle53.fr\/#\/schema\/person\/979647d1a9707730d91bfc766caadc0b\",\"name\":\"Pascal BISSON\",\"image\":{\"@type\":\"ImageObject\",\"inLanguage\":\"fr-FR\",\"@id\":\"https:\/\/secure.gravatar.com\/avatar\/59596d86ade6d559609912f789f6ddaf324a4bb824fbedeaf0ccebc5c1967658?s=96&d=mm&r=g\",\"url\":\"https:\/\/secure.gravatar.com\/avatar\/59596d86ade6d559609912f789f6ddaf324a4bb824fbedeaf0ccebc5c1967658?s=96&d=mm&r=g\",\"contentUrl\":\"https:\/\/secure.gravatar.com\/avatar\/59596d86ade6d559609912f789f6ddaf324a4bb824fbedeaf0ccebc5c1967658?s=96&d=mm&r=g\",\"caption\":\"Pascal BISSON\"},\"sameAs\":[\"https:\/\/www.lavalaggloathle53.fr\"],\"url\":\"https:\/\/www.lavalaggloathle53.fr\/index.php\/author\/bis53\/\"}]}<\/script>\n<!-- \/ Yoast SEO plugin. -->","yoast_head_json":{"title":"Sacha MORIN 5\u00e8me en Junior dans le cadre du Crit\u00e9rium National de marche sur route \u00e0 Verneuil sur Seine ! - Laval Agglo Athl\u00e9tisme","robots":{"index":"index","follow":"follow","max-snippet":"max-snippet:-1","max-image-preview":"max-image-preview:large","max-video-preview":"max-video-preview:-1"},"canonical":"https:\/\/www.lavalaggloathle53.fr\/index.php\/2025\/03\/24\/sacha-morin-5eme-en-junior-dans-le-cadre-du-criterium-national-de-marche-sur-route-a-verneuil-sur-seine\/","og_locale":"fr_FR","og_type":"article","og_title":"Sacha MORIN 5\u00e8me en Junior dans le cadre du Crit\u00e9rium National de marche sur route \u00e0 Verneuil sur Seine ! - Laval Agglo Athl\u00e9tisme","og_description":"En pulv\u00e9risant son record perso de pr\u00e8s de 4 minutes, le junior SACHA MORIN coach\u00e9 par Patrice BOUDESSEUL a r\u00e9ussi une nouvelle belle performance sur ce Crit\u00e9rium National en bouclant ce 10 Km marche en 48&rsquo;46 \u00e0 moins d&rsquo;une minute du Podium .","og_url":"https:\/\/www.lavalaggloathle53.fr\/index.php\/2025\/03\/24\/sacha-morin-5eme-en-junior-dans-le-cadre-du-criterium-national-de-marche-sur-route-a-verneuil-sur-seine\/","og_site_name":"Laval Agglo Athl\u00e9tisme","article_publisher":"https:\/\/www.facebook.com\/stadelavalloisathletisme","article_published_time":"2025-03-24T19:40:44+00:00","article_modified_time":"2025-03-26T07:24:55+00:00","og_image":[{"width":683,"height":1024,"url":"https:\/\/www.lavalaggloathle53.fr\/wp-content\/uploads\/2025\/03\/FFA_MARCHE2025_40x60-683x1024.jpg","type":"image\/jpeg"}],"author":"Pascal BISSON","twitter_card":"summary_large_image","twitter_misc":{"\u00c9crit par":"Pascal BISSON","Dur\u00e9e de lecture estim\u00e9e":"1 minute"},"schema":{"@context":"https:\/\/schema.org","@graph":[{"@type":"Article","@id":"https:\/\/www.lavalaggloathle53.fr\/index.php\/2025\/03\/24\/sacha-morin-5eme-en-junior-dans-le-cadre-du-criterium-national-de-marche-sur-route-a-verneuil-sur-seine\/#article","isPartOf":{"@id":"https:\/\/www.lavalaggloathle53.fr\/index.php\/2025\/03\/24\/sacha-morin-5eme-en-junior-dans-le-cadre-du-criterium-national-de-marche-sur-route-a-verneuil-sur-seine\/"},"author":{"name":"Pascal BISSON","@id":"https:\/\/www.lavalaggloathle53.fr\/#\/schema\/person\/979647d1a9707730d91bfc766caadc0b"},"headline":"Sacha MORIN 5\u00e8me en Junior dans le cadre du Crit\u00e9rium National de marche sur route \u00e0 Verneuil sur Seine !","datePublished":"2025-03-24T19:40:44+00:00","dateModified":"2025-03-26T07:24:55+00:00","mainEntityOfPage":{"@id":"https:\/\/www.lavalaggloathle53.fr\/index.php\/2025\/03\/24\/sacha-morin-5eme-en-junior-dans-le-cadre-du-criterium-national-de-marche-sur-route-a-verneuil-sur-seine\/"},"wordCount":62,"commentCount":0,"image":{"@id":"https:\/\/www.lavalaggloathle53.fr\/index.php\/2025\/03\/24\/sacha-morin-5eme-en-junior-dans-le-cadre-du-criterium-national-de-marche-sur-route-a-verneuil-sur-seine\/#primaryimage"},"thumbnailUrl":"https:\/\/www.lavalaggloathle53.fr\/wp-content\/uploads\/2025\/03\/FFA_MARCHE2025_40x60.jpg","articleSection":["Actualit\u00e9s","Comp\u00e9tition","Marche nordique"],"inLanguage":"fr-FR","potentialAction":[{"@type":"CommentAction","name":"Comment","target":["https:\/\/www.lavalaggloathle53.fr\/index.php\/2025\/03\/24\/sacha-morin-5eme-en-junior-dans-le-cadre-du-criterium-national-de-marche-sur-route-a-verneuil-sur-seine\/#respond"]}]},{"@type":"WebPage","@id":"https:\/\/www.lavalaggloathle53.fr\/index.php\/2025\/03\/24\/sacha-morin-5eme-en-junior-dans-le-cadre-du-criterium-national-de-marche-sur-route-a-verneuil-sur-seine\/","url":"https:\/\/www.lavalaggloathle53.fr\/index.php\/2025\/03\/24\/sacha-morin-5eme-en-junior-dans-le-cadre-du-criterium-national-de-marche-sur-route-a-verneuil-sur-seine\/","name":"Sacha MORIN 5\u00e8me en Junior dans le cadre du Crit\u00e9rium National de marche sur route \u00e0 Verneuil sur Seine ! - Laval Agglo Athl\u00e9tisme","isPartOf":{"@id":"https:\/\/www.lavalaggloathle53.fr\/#website"},"primaryImageOfPage":{"@id":"https:\/\/www.lavalaggloathle53.fr\/index.php\/2025\/03\/24\/sacha-morin-5eme-en-junior-dans-le-cadre-du-criterium-national-de-marche-sur-route-a-verneuil-sur-seine\/#primaryimage"},"image":{"@id":"https:\/\/www.lavalaggloathle53.fr\/index.php\/2025\/03\/24\/sacha-morin-5eme-en-junior-dans-le-cadre-du-criterium-national-de-marche-sur-route-a-verneuil-sur-seine\/#primaryimage"},"thumbnailUrl":"https:\/\/www.lavalaggloathle53.fr\/wp-content\/uploads\/2025\/03\/FFA_MARCHE2025_40x60.jpg","datePublished":"2025-03-24T19:40:44+00:00","dateModified":"2025-03-26T07:24:55+00:00","author":{"@id":"https:\/\/www.lavalaggloathle53.fr\/#\/schema\/person\/979647d1a9707730d91bfc766caadc0b"},"breadcrumb":{"@id":"https:\/\/www.lavalaggloathle53.fr\/index.php\/2025\/03\/24\/sacha-morin-5eme-en-junior-dans-le-cadre-du-criterium-national-de-marche-sur-route-a-verneuil-sur-seine\/#breadcrumb"},"inLanguage":"fr-FR","potentialAction":[{"@type":"ReadAction","target":["https:\/\/www.lavalaggloathle53.fr\/index.php\/2025\/03\/24\/sacha-morin-5eme-en-junior-dans-le-cadre-du-criterium-national-de-marche-sur-route-a-verneuil-sur-seine\/"]}]},{"@type":"ImageObject","inLanguage":"fr-FR","@id":"https:\/\/www.lavalaggloathle53.fr\/index.php\/2025\/03\/24\/sacha-morin-5eme-en-junior-dans-le-cadre-du-criterium-national-de-marche-sur-route-a-verneuil-sur-seine\/#primaryimage","url":"https:\/\/www.lavalaggloathle53.fr\/wp-content\/uploads\/2025\/03\/FFA_MARCHE2025_40x60.jpg","contentUrl":"https:\/\/www.lavalaggloathle53.fr\/wp-content\/uploads\/2025\/03\/FFA_MARCHE2025_40x60.jpg","width":1575,"height":2362},{"@type":"BreadcrumbList","@id":"https:\/\/www.lavalaggloathle53.fr\/index.php\/2025\/03\/24\/sacha-morin-5eme-en-junior-dans-le-cadre-du-criterium-national-de-marche-sur-route-a-verneuil-sur-seine\/#breadcrumb","itemListElement":[{"@type":"ListItem","position":1,"name":"Accueil","item":"https:\/\/www.lavalaggloathle53.fr\/"},{"@type":"ListItem","position":2,"name":"Sacha MORIN 5\u00e8me en Junior dans le cadre du Crit\u00e9rium National de marche sur route \u00e0 Verneuil sur Seine !"}]},{"@type":"WebSite","@id":"https:\/\/www.lavalaggloathle53.fr\/#website","url":"https:\/\/www.lavalaggloathle53.fr\/","name":"Laval Agglo Athl\u00e9tisme","description":"L&#039;athl\u00e9, un sport pour tous","alternateName":"L2A53","potentialAction":[{"@type":"SearchAction","target":{"@type":"EntryPoint","urlTemplate":"https:\/\/www.lavalaggloathle53.fr\/?s={search_term_string}"},"query-input":{"@type":"PropertyValueSpecification","valueRequired":true,"valueName":"search_term_string"}}],"inLanguage":"fr-FR"},{"@type":"Person","@id":"https:\/\/www.lavalaggloathle53.fr\/#\/schema\/person\/979647d1a9707730d91bfc766caadc0b","name":"Pascal BISSON","image":{"@type":"ImageObject","inLanguage":"fr-FR","@id":"https:\/\/secure.gravatar.com\/avatar\/59596d86ade6d559609912f789f6ddaf324a4bb824fbedeaf0ccebc5c1967658?s=96&d=mm&r=g","url":"https:\/\/secure.gravatar.com\/avatar\/59596d86ade6d559609912f789f6ddaf324a4bb824fbedeaf0ccebc5c1967658?s=96&d=mm&r=g","contentUrl":"https:\/\/secure.gravatar.com\/avatar\/59596d86ade6d559609912f789f6ddaf324a4bb824fbedeaf0ccebc5c1967658?s=96&d=mm&r=g","caption":"Pascal BISSON"},"sameAs":["https:\/\/www.lavalaggloathle53.fr"],"url":"https:\/\/www.lavalaggloathle53.fr\/index.php\/author\/bis53\/"}]}},"_links":{"self":[{"href":"https:\/\/www.lavalaggloathle53.fr\/index.php\/wp-json\/wp\/v2\/posts\/7716","targetHints":{"allow":["GET"]}}],"collection":[{"href":"https:\/\/www.lavalaggloathle53.fr\/index.php\/wp-json\/wp\/v2\/posts"}],"about":[{"href":"https:\/\/www.lavalaggloathle53.fr\/index.php\/wp-json\/wp\/v2\/types\/post"}],"author":[{"embeddable":true,"href":"https:\/\/www.lavalaggloathle53.fr\/index.php\/wp-json\/wp\/v2\/users\/4"}],"replies":[{"embeddable":true,"href":"https:\/\/www.lavalaggloathle53.fr\/index.php\/wp-json\/wp\/v2\/comments?post=7716"}],"version-history":[{"count":3,"href":"https:\/\/www.lavalaggloathle53.fr\/index.php\/wp-json\/wp\/v2\/posts\/7716\/revisions"}],"predecessor-version":[{"id":7723,"href":"https:\/\/www.lavalaggloathle53.fr\/index.php\/wp-json\/wp\/v2\/posts\/7716\/revisions\/7723"}],"wp:featuredmedia":[{"embeddable":true,"href":"https:\/\/www.lavalaggloathle53.fr\/index.php\/wp-json\/wp\/v2\/media\/7717"}],"wp:attachment":[{"href":"https:\/\/www.lavalaggloathle53.fr\/index.php\/wp-json\/wp\/v2\/media?parent=7716"}],"wp:term":[{"taxonomy":"category","embeddable":true,"href":"https:\/\/www.lavalaggloathle53.fr\/index.php\/wp-json\/wp\/v2\/categories?post=7716"},{"taxonomy":"post_tag","embeddable":true,"href":"https:\/\/www.lavalaggloathle53.fr\/index.php\/wp-json\/wp\/v2\/tags?post=7716"}],"curies":[{"name":"wp","href":"https:\/\/api.w.org\/{rel}","templated":true}]}}