{"id":7170,"date":"2025-01-20T13:51:35","date_gmt":"2025-01-20T12:51:35","guid":{"rendered":"https:\/\/www.lavalaggloathle53.fr\/?p=7170"},"modified":"2025-01-21T21:31:36","modified_gmt":"2025-01-21T20:31:36","slug":"lequipe-senior-de-cross-country-en-relais-mixte-vice-championne-regionale-au-mans","status":"publish","type":"post","link":"https:\/\/www.lavalaggloathle53.fr\/index.php\/2025\/01\/20\/lequipe-senior-de-cross-country-en-relais-mixte-vice-championne-regionale-au-mans\/","title":{"rendered":"L&rsquo;\u00e9quipe senior de Cross-country en RELAIS MIXTE vice Championne R\u00e9gionale au MANS !"},"content":{"rendered":"\n<figure class=\"wp-block-image size-large\"><img fetchpriority=\"high\" decoding=\"async\" width=\"1024\" height=\"872\" src=\"https:\/\/www.lavalaggloathle53.fr\/wp-content\/uploads\/2025\/01\/WhatsApp-Image-2025-01-19-a-18.50.58_cd240226-1024x872.jpg\" alt=\"\" class=\"wp-image-7173\" srcset=\"https:\/\/www.lavalaggloathle53.fr\/wp-content\/uploads\/2025\/01\/WhatsApp-Image-2025-01-19-a-18.50.58_cd240226-1024x872.jpg 1024w, https:\/\/www.lavalaggloathle53.fr\/wp-content\/uploads\/2025\/01\/WhatsApp-Image-2025-01-19-a-18.50.58_cd240226-300x256.jpg 300w, https:\/\/www.lavalaggloathle53.fr\/wp-content\/uploads\/2025\/01\/WhatsApp-Image-2025-01-19-a-18.50.58_cd240226-768x654.jpg 768w, https:\/\/www.lavalaggloathle53.fr\/wp-content\/uploads\/2025\/01\/WhatsApp-Image-2025-01-19-a-18.50.58_cd240226.jpg 1189w\" sizes=\"(max-width: 1024px) 100vw, 1024px\" \/><\/figure>\n\n\n\n<p><strong>L&rsquo;\u00e9quipe du L2A53\/SLA<\/strong> compos\u00e9e de <strong>Laurine BEUCHER<\/strong>, <strong>Laurine TOUTIN<\/strong> , <strong>Gwendal POUSSEREAU<\/strong> et <strong>No\u00e9 ROUTHIAU<\/strong> s&rsquo;est adjug\u00e9e la seconde place du <strong>Championnat R\u00e9gional de Relais Mixte<\/strong> en Toutes cat\u00e9gories dans le cadre du Cross Ouest-France au MANS. Partis prudemment, ce relais (4X2000m) n&rsquo;a cess\u00e9 de remonter pour terminer <strong>2\u00e8me en 26&rsquo;04<\/strong> juste derri\u00e8re l&rsquo;\u00e9quipe de l&rsquo;UPAC en 25&rsquo;54 assurant sa <strong>qualification<\/strong> pour les <strong>CHAMPIONNATS de FRANCE<\/strong> de cross-country en relais mixte qui se disputeront \u00e0 <strong>CHALLANS le samedi 1er MARS <\/strong>\u00e0 partir de 17h45<\/p>\n\n\n\n<p><strong>R\u00e9actions du capitaine de l&rsquo;\u00e9quipe, No\u00e9 ROUTHIAU :<\/strong><\/p>\n\n\n\n<p>\u00ab\u00a0<em>On savait que certaines \u00e9quipes \u00e9taient tr\u00e8s fortes mais aussi moins homog\u00e8nes que la n\u00f4tre ce qui nous \u00e0 permis de toujours rester au contact de la qualification et de remonter sur la fin<\/em> ! \u00ab\u00a0<\/p>\n\n\n\n<p>A noter la victoire de la minime 1\u00e8re ann\u00e9e de Fanny LEGENDRE sur la course des minimes au Cross r\u00e9gional Ouest France du MANS <\/p>\n\n\n\n<figure class=\"wp-block-image size-large\"><img decoding=\"async\" width=\"768\" height=\"1024\" src=\"https:\/\/www.lavalaggloathle53.fr\/wp-content\/uploads\/2025\/01\/WhatsApp-Image-2025-01-19-a-14.02.32_283eee56-768x1024.jpg\" alt=\"\" class=\"wp-image-7217\" srcset=\"https:\/\/www.lavalaggloathle53.fr\/wp-content\/uploads\/2025\/01\/WhatsApp-Image-2025-01-19-a-14.02.32_283eee56-768x1024.jpg 768w, https:\/\/www.lavalaggloathle53.fr\/wp-content\/uploads\/2025\/01\/WhatsApp-Image-2025-01-19-a-14.02.32_283eee56-225x300.jpg 225w, https:\/\/www.lavalaggloathle53.fr\/wp-content\/uploads\/2025\/01\/WhatsApp-Image-2025-01-19-a-14.02.32_283eee56-1152x1536.jpg 1152w, https:\/\/www.lavalaggloathle53.fr\/wp-content\/uploads\/2025\/01\/WhatsApp-Image-2025-01-19-a-14.02.32_283eee56.jpg 1536w\" sizes=\"(max-width: 768px) 100vw, 768px\" \/><\/figure>\n\n\n\n<figure class=\"wp-block-image size-large\"><img decoding=\"async\" width=\"1024\" height=\"544\" src=\"https:\/\/www.lavalaggloathle53.fr\/wp-content\/uploads\/2025\/01\/Art-LAC-La-Roche-sur-Yon-laisse-tout-le-monde-sur-place-O-F-20-01-202-1024x544.jpg\" alt=\"\" class=\"wp-image-7225\" srcset=\"https:\/\/www.lavalaggloathle53.fr\/wp-content\/uploads\/2025\/01\/Art-LAC-La-Roche-sur-Yon-laisse-tout-le-monde-sur-place-O-F-20-01-202-1024x544.jpg 1024w, https:\/\/www.lavalaggloathle53.fr\/wp-content\/uploads\/2025\/01\/Art-LAC-La-Roche-sur-Yon-laisse-tout-le-monde-sur-place-O-F-20-01-202-300x159.jpg 300w, https:\/\/www.lavalaggloathle53.fr\/wp-content\/uploads\/2025\/01\/Art-LAC-La-Roche-sur-Yon-laisse-tout-le-monde-sur-place-O-F-20-01-202-768x408.jpg 768w, https:\/\/www.lavalaggloathle53.fr\/wp-content\/uploads\/2025\/01\/Art-LAC-La-Roche-sur-Yon-laisse-tout-le-monde-sur-place-O-F-20-01-202-1536x817.jpg 1536w, https:\/\/www.lavalaggloathle53.fr\/wp-content\/uploads\/2025\/01\/Art-LAC-La-Roche-sur-Yon-laisse-tout-le-monde-sur-place-O-F-20-01-202.jpg 1789w\" sizes=\"(max-width: 1024px) 100vw, 1024px\" \/><\/figure>\n","protected":false},"excerpt":{"rendered":"<p>L&rsquo;\u00e9quipe du L2A53\/SLA compos\u00e9e de Laurine BEUCHER, Laurine TOUTIN , Gwendal POUSSEREAU et No\u00e9 ROUTHIAU s&rsquo;est adjug\u00e9e la seconde place du Championnat R\u00e9gional de Relais Mixte en Toutes cat\u00e9gories dans le cadre du Cross Ouest-France au MANS. Partis prudemment, ce relais (4X2000m) n&rsquo;a cess\u00e9 de remonter pour terminer 2\u00e8me en 26&rsquo;04 juste derri\u00e8re l&rsquo;\u00e9quipe de l&rsquo;UPAC en 25&rsquo;54 assurant sa qualification pour les CHAMPIONNATS de FRANCE de cross-country en relais mixte qui se disputeront \u00e0 CHALLANS le samedi 1er MARS \u00e0 partir de 17h45 R\u00e9actions du capitaine de l&rsquo;\u00e9quipe, No\u00e9 ROUTHIAU : \u00ab\u00a0On savait que certaines \u00e9quipes \u00e9taient tr\u00e8s fortes mais aussi moins homog\u00e8nes que la n\u00f4tre ce qui nous \u00e0 permis de toujours rester au contact de la qualification et de remonter sur la fin ! \u00ab\u00a0 A noter la victoire de la minime 1\u00e8re ann\u00e9e de Fanny LEGENDRE sur la course des minimes au Cross r\u00e9gional Ouest France du MANS<\/p>\n","protected":false},"author":4,"featured_media":7172,"comment_status":"open","ping_status":"closed","sticky":false,"template":"","format":"standard","meta":{"footnotes":""},"categories":[14,15],"tags":[],"class_list":["post-7170","post","type-post","status-publish","format-standard","has-post-thumbnail","hentry","category-actualites","category-competition"],"yoast_head":"<!-- This site is optimized with the Yoast SEO plugin v27.2 - https:\/\/yoast.com\/product\/yoast-seo-wordpress\/ -->\n<title>L&#039;\u00e9quipe senior de Cross-country en RELAIS MIXTE vice Championne R\u00e9gionale au MANS ! - Laval Agglo Athl\u00e9tisme<\/title>\n<meta name=\"robots\" content=\"index, follow, max-snippet:-1, max-image-preview:large, max-video-preview:-1\" \/>\n<link rel=\"canonical\" href=\"https:\/\/www.lavalaggloathle53.fr\/index.php\/2025\/01\/20\/lequipe-senior-de-cross-country-en-relais-mixte-vice-championne-regionale-au-mans\/\" \/>\n<meta property=\"og:locale\" content=\"fr_FR\" \/>\n<meta property=\"og:type\" content=\"article\" \/>\n<meta property=\"og:title\" content=\"L&#039;\u00e9quipe senior de Cross-country en RELAIS MIXTE vice Championne R\u00e9gionale au MANS ! - Laval Agglo Athl\u00e9tisme\" \/>\n<meta property=\"og:description\" content=\"L&rsquo;\u00e9quipe du L2A53\/SLA compos\u00e9e de Laurine BEUCHER, Laurine TOUTIN , Gwendal POUSSEREAU et No\u00e9 ROUTHIAU s&rsquo;est adjug\u00e9e la seconde place du Championnat R\u00e9gional de Relais Mixte en Toutes cat\u00e9gories dans le cadre du Cross Ouest-France au MANS. Partis prudemment, ce relais (4X2000m) n&rsquo;a cess\u00e9 de remonter pour terminer 2\u00e8me en 26&rsquo;04 juste derri\u00e8re l&rsquo;\u00e9quipe de l&rsquo;UPAC en 25&rsquo;54 assurant sa qualification pour les CHAMPIONNATS de FRANCE de cross-country en relais mixte qui se disputeront \u00e0 CHALLANS le samedi 1er MARS \u00e0 partir de 17h45 R\u00e9actions du capitaine de l&rsquo;\u00e9quipe, No\u00e9 ROUTHIAU : \u00ab\u00a0On savait que certaines \u00e9quipes \u00e9taient tr\u00e8s fortes mais aussi moins homog\u00e8nes que la n\u00f4tre ce qui nous \u00e0 permis de toujours rester au contact de la qualification et de remonter sur la fin ! \u00ab\u00a0 A noter la victoire de la minime 1\u00e8re ann\u00e9e de Fanny LEGENDRE sur la course des minimes au Cross r\u00e9gional Ouest France du MANS\" \/>\n<meta property=\"og:url\" content=\"https:\/\/www.lavalaggloathle53.fr\/index.php\/2025\/01\/20\/lequipe-senior-de-cross-country-en-relais-mixte-vice-championne-regionale-au-mans\/\" \/>\n<meta property=\"og:site_name\" content=\"Laval Agglo Athl\u00e9tisme\" \/>\n<meta property=\"article:publisher\" content=\"https:\/\/www.facebook.com\/stadelavalloisathletisme\" \/>\n<meta property=\"article:published_time\" content=\"2025-01-20T12:51:35+00:00\" \/>\n<meta property=\"article:modified_time\" content=\"2025-01-21T20:31:36+00:00\" \/>\n<meta property=\"og:image\" content=\"https:\/\/www.lavalaggloathle53.fr\/wp-content\/uploads\/2025\/01\/WhatsApp-Image-2025-01-19-a-18.50.59_40a36781.jpg\" \/>\n\t<meta property=\"og:image:width\" content=\"1191\" \/>\n\t<meta property=\"og:image:height\" content=\"791\" \/>\n\t<meta property=\"og:image:type\" content=\"image\/jpeg\" \/>\n<meta name=\"author\" content=\"Pascal BISSON\" \/>\n<meta name=\"twitter:card\" content=\"summary_large_image\" \/>\n<meta name=\"twitter:label1\" content=\"\u00c9crit par\" \/>\n\t<meta name=\"twitter:data1\" content=\"Pascal BISSON\" \/>\n\t<meta name=\"twitter:label2\" content=\"Dur\u00e9e de lecture estim\u00e9e\" \/>\n\t<meta name=\"twitter:data2\" content=\"2 minutes\" \/>\n<script type=\"application\/ld+json\" class=\"yoast-schema-graph\">{\"@context\":\"https:\/\/schema.org\",\"@graph\":[{\"@type\":\"Article\",\"@id\":\"https:\/\/www.lavalaggloathle53.fr\/index.php\/2025\/01\/20\/lequipe-senior-de-cross-country-en-relais-mixte-vice-championne-regionale-au-mans\/#article\",\"isPartOf\":{\"@id\":\"https:\/\/www.lavalaggloathle53.fr\/index.php\/2025\/01\/20\/lequipe-senior-de-cross-country-en-relais-mixte-vice-championne-regionale-au-mans\/\"},\"author\":{\"name\":\"Pascal BISSON\",\"@id\":\"https:\/\/www.lavalaggloathle53.fr\/#\/schema\/person\/979647d1a9707730d91bfc766caadc0b\"},\"headline\":\"L&rsquo;\u00e9quipe senior de Cross-country en RELAIS MIXTE vice Championne R\u00e9gionale au MANS !\",\"datePublished\":\"2025-01-20T12:51:35+00:00\",\"dateModified\":\"2025-01-21T20:31:36+00:00\",\"mainEntityOfPage\":{\"@id\":\"https:\/\/www.lavalaggloathle53.fr\/index.php\/2025\/01\/20\/lequipe-senior-de-cross-country-en-relais-mixte-vice-championne-regionale-au-mans\/\"},\"wordCount\":177,\"commentCount\":0,\"image\":{\"@id\":\"https:\/\/www.lavalaggloathle53.fr\/index.php\/2025\/01\/20\/lequipe-senior-de-cross-country-en-relais-mixte-vice-championne-regionale-au-mans\/#primaryimage\"},\"thumbnailUrl\":\"https:\/\/www.lavalaggloathle53.fr\/wp-content\/uploads\/2025\/01\/WhatsApp-Image-2025-01-19-a-18.50.59_40a36781.jpg\",\"articleSection\":[\"Actualit\u00e9s\",\"Comp\u00e9tition\"],\"inLanguage\":\"fr-FR\",\"potentialAction\":[{\"@type\":\"CommentAction\",\"name\":\"Comment\",\"target\":[\"https:\/\/www.lavalaggloathle53.fr\/index.php\/2025\/01\/20\/lequipe-senior-de-cross-country-en-relais-mixte-vice-championne-regionale-au-mans\/#respond\"]}]},{\"@type\":\"WebPage\",\"@id\":\"https:\/\/www.lavalaggloathle53.fr\/index.php\/2025\/01\/20\/lequipe-senior-de-cross-country-en-relais-mixte-vice-championne-regionale-au-mans\/\",\"url\":\"https:\/\/www.lavalaggloathle53.fr\/index.php\/2025\/01\/20\/lequipe-senior-de-cross-country-en-relais-mixte-vice-championne-regionale-au-mans\/\",\"name\":\"L'\u00e9quipe senior de Cross-country en RELAIS MIXTE vice Championne R\u00e9gionale au MANS ! - Laval Agglo Athl\u00e9tisme\",\"isPartOf\":{\"@id\":\"https:\/\/www.lavalaggloathle53.fr\/#website\"},\"primaryImageOfPage\":{\"@id\":\"https:\/\/www.lavalaggloathle53.fr\/index.php\/2025\/01\/20\/lequipe-senior-de-cross-country-en-relais-mixte-vice-championne-regionale-au-mans\/#primaryimage\"},\"image\":{\"@id\":\"https:\/\/www.lavalaggloathle53.fr\/index.php\/2025\/01\/20\/lequipe-senior-de-cross-country-en-relais-mixte-vice-championne-regionale-au-mans\/#primaryimage\"},\"thumbnailUrl\":\"https:\/\/www.lavalaggloathle53.fr\/wp-content\/uploads\/2025\/01\/WhatsApp-Image-2025-01-19-a-18.50.59_40a36781.jpg\",\"datePublished\":\"2025-01-20T12:51:35+00:00\",\"dateModified\":\"2025-01-21T20:31:36+00:00\",\"author\":{\"@id\":\"https:\/\/www.lavalaggloathle53.fr\/#\/schema\/person\/979647d1a9707730d91bfc766caadc0b\"},\"breadcrumb\":{\"@id\":\"https:\/\/www.lavalaggloathle53.fr\/index.php\/2025\/01\/20\/lequipe-senior-de-cross-country-en-relais-mixte-vice-championne-regionale-au-mans\/#breadcrumb\"},\"inLanguage\":\"fr-FR\",\"potentialAction\":[{\"@type\":\"ReadAction\",\"target\":[\"https:\/\/www.lavalaggloathle53.fr\/index.php\/2025\/01\/20\/lequipe-senior-de-cross-country-en-relais-mixte-vice-championne-regionale-au-mans\/\"]}]},{\"@type\":\"ImageObject\",\"inLanguage\":\"fr-FR\",\"@id\":\"https:\/\/www.lavalaggloathle53.fr\/index.php\/2025\/01\/20\/lequipe-senior-de-cross-country-en-relais-mixte-vice-championne-regionale-au-mans\/#primaryimage\",\"url\":\"https:\/\/www.lavalaggloathle53.fr\/wp-content\/uploads\/2025\/01\/WhatsApp-Image-2025-01-19-a-18.50.59_40a36781.jpg\",\"contentUrl\":\"https:\/\/www.lavalaggloathle53.fr\/wp-content\/uploads\/2025\/01\/WhatsApp-Image-2025-01-19-a-18.50.59_40a36781.jpg\",\"width\":1191,\"height\":791},{\"@type\":\"BreadcrumbList\",\"@id\":\"https:\/\/www.lavalaggloathle53.fr\/index.php\/2025\/01\/20\/lequipe-senior-de-cross-country-en-relais-mixte-vice-championne-regionale-au-mans\/#breadcrumb\",\"itemListElement\":[{\"@type\":\"ListItem\",\"position\":1,\"name\":\"Accueil\",\"item\":\"https:\/\/www.lavalaggloathle53.fr\/\"},{\"@type\":\"ListItem\",\"position\":2,\"name\":\"L&rsquo;\u00e9quipe senior de Cross-country en RELAIS MIXTE vice Championne R\u00e9gionale au MANS !\"}]},{\"@type\":\"WebSite\",\"@id\":\"https:\/\/www.lavalaggloathle53.fr\/#website\",\"url\":\"https:\/\/www.lavalaggloathle53.fr\/\",\"name\":\"Laval Agglo Athl\u00e9tisme\",\"description\":\"L&#039;athl\u00e9, un sport pour tous\",\"alternateName\":\"L2A53\",\"potentialAction\":[{\"@type\":\"SearchAction\",\"target\":{\"@type\":\"EntryPoint\",\"urlTemplate\":\"https:\/\/www.lavalaggloathle53.fr\/?s={search_term_string}\"},\"query-input\":{\"@type\":\"PropertyValueSpecification\",\"valueRequired\":true,\"valueName\":\"search_term_string\"}}],\"inLanguage\":\"fr-FR\"},{\"@type\":\"Person\",\"@id\":\"https:\/\/www.lavalaggloathle53.fr\/#\/schema\/person\/979647d1a9707730d91bfc766caadc0b\",\"name\":\"Pascal BISSON\",\"image\":{\"@type\":\"ImageObject\",\"inLanguage\":\"fr-FR\",\"@id\":\"https:\/\/secure.gravatar.com\/avatar\/59596d86ade6d559609912f789f6ddaf324a4bb824fbedeaf0ccebc5c1967658?s=96&d=mm&r=g\",\"url\":\"https:\/\/secure.gravatar.com\/avatar\/59596d86ade6d559609912f789f6ddaf324a4bb824fbedeaf0ccebc5c1967658?s=96&d=mm&r=g\",\"contentUrl\":\"https:\/\/secure.gravatar.com\/avatar\/59596d86ade6d559609912f789f6ddaf324a4bb824fbedeaf0ccebc5c1967658?s=96&d=mm&r=g\",\"caption\":\"Pascal BISSON\"},\"sameAs\":[\"https:\/\/www.lavalaggloathle53.fr\"],\"url\":\"https:\/\/www.lavalaggloathle53.fr\/index.php\/author\/bis53\/\"}]}<\/script>\n<!-- \/ Yoast SEO plugin. -->","yoast_head_json":{"title":"L'\u00e9quipe senior de Cross-country en RELAIS MIXTE vice Championne R\u00e9gionale au MANS ! - Laval Agglo Athl\u00e9tisme","robots":{"index":"index","follow":"follow","max-snippet":"max-snippet:-1","max-image-preview":"max-image-preview:large","max-video-preview":"max-video-preview:-1"},"canonical":"https:\/\/www.lavalaggloathle53.fr\/index.php\/2025\/01\/20\/lequipe-senior-de-cross-country-en-relais-mixte-vice-championne-regionale-au-mans\/","og_locale":"fr_FR","og_type":"article","og_title":"L'\u00e9quipe senior de Cross-country en RELAIS MIXTE vice Championne R\u00e9gionale au MANS ! - Laval Agglo Athl\u00e9tisme","og_description":"L&rsquo;\u00e9quipe du L2A53\/SLA compos\u00e9e de Laurine BEUCHER, Laurine TOUTIN , Gwendal POUSSEREAU et No\u00e9 ROUTHIAU s&rsquo;est adjug\u00e9e la seconde place du Championnat R\u00e9gional de Relais Mixte en Toutes cat\u00e9gories dans le cadre du Cross Ouest-France au MANS. Partis prudemment, ce relais (4X2000m) n&rsquo;a cess\u00e9 de remonter pour terminer 2\u00e8me en 26&rsquo;04 juste derri\u00e8re l&rsquo;\u00e9quipe de l&rsquo;UPAC en 25&rsquo;54 assurant sa qualification pour les CHAMPIONNATS de FRANCE de cross-country en relais mixte qui se disputeront \u00e0 CHALLANS le samedi 1er MARS \u00e0 partir de 17h45 R\u00e9actions du capitaine de l&rsquo;\u00e9quipe, No\u00e9 ROUTHIAU : \u00ab\u00a0On savait que certaines \u00e9quipes \u00e9taient tr\u00e8s fortes mais aussi moins homog\u00e8nes que la n\u00f4tre ce qui nous \u00e0 permis de toujours rester au contact de la qualification et de remonter sur la fin ! \u00ab\u00a0 A noter la victoire de la minime 1\u00e8re ann\u00e9e de Fanny LEGENDRE sur la course des minimes au Cross r\u00e9gional Ouest France du MANS","og_url":"https:\/\/www.lavalaggloathle53.fr\/index.php\/2025\/01\/20\/lequipe-senior-de-cross-country-en-relais-mixte-vice-championne-regionale-au-mans\/","og_site_name":"Laval Agglo Athl\u00e9tisme","article_publisher":"https:\/\/www.facebook.com\/stadelavalloisathletisme","article_published_time":"2025-01-20T12:51:35+00:00","article_modified_time":"2025-01-21T20:31:36+00:00","og_image":[{"width":1191,"height":791,"url":"https:\/\/www.lavalaggloathle53.fr\/wp-content\/uploads\/2025\/01\/WhatsApp-Image-2025-01-19-a-18.50.59_40a36781.jpg","type":"image\/jpeg"}],"author":"Pascal BISSON","twitter_card":"summary_large_image","twitter_misc":{"\u00c9crit par":"Pascal BISSON","Dur\u00e9e de lecture estim\u00e9e":"2 minutes"},"schema":{"@context":"https:\/\/schema.org","@graph":[{"@type":"Article","@id":"https:\/\/www.lavalaggloathle53.fr\/index.php\/2025\/01\/20\/lequipe-senior-de-cross-country-en-relais-mixte-vice-championne-regionale-au-mans\/#article","isPartOf":{"@id":"https:\/\/www.lavalaggloathle53.fr\/index.php\/2025\/01\/20\/lequipe-senior-de-cross-country-en-relais-mixte-vice-championne-regionale-au-mans\/"},"author":{"name":"Pascal BISSON","@id":"https:\/\/www.lavalaggloathle53.fr\/#\/schema\/person\/979647d1a9707730d91bfc766caadc0b"},"headline":"L&rsquo;\u00e9quipe senior de Cross-country en RELAIS MIXTE vice Championne R\u00e9gionale au MANS !","datePublished":"2025-01-20T12:51:35+00:00","dateModified":"2025-01-21T20:31:36+00:00","mainEntityOfPage":{"@id":"https:\/\/www.lavalaggloathle53.fr\/index.php\/2025\/01\/20\/lequipe-senior-de-cross-country-en-relais-mixte-vice-championne-regionale-au-mans\/"},"wordCount":177,"commentCount":0,"image":{"@id":"https:\/\/www.lavalaggloathle53.fr\/index.php\/2025\/01\/20\/lequipe-senior-de-cross-country-en-relais-mixte-vice-championne-regionale-au-mans\/#primaryimage"},"thumbnailUrl":"https:\/\/www.lavalaggloathle53.fr\/wp-content\/uploads\/2025\/01\/WhatsApp-Image-2025-01-19-a-18.50.59_40a36781.jpg","articleSection":["Actualit\u00e9s","Comp\u00e9tition"],"inLanguage":"fr-FR","potentialAction":[{"@type":"CommentAction","name":"Comment","target":["https:\/\/www.lavalaggloathle53.fr\/index.php\/2025\/01\/20\/lequipe-senior-de-cross-country-en-relais-mixte-vice-championne-regionale-au-mans\/#respond"]}]},{"@type":"WebPage","@id":"https:\/\/www.lavalaggloathle53.fr\/index.php\/2025\/01\/20\/lequipe-senior-de-cross-country-en-relais-mixte-vice-championne-regionale-au-mans\/","url":"https:\/\/www.lavalaggloathle53.fr\/index.php\/2025\/01\/20\/lequipe-senior-de-cross-country-en-relais-mixte-vice-championne-regionale-au-mans\/","name":"L'\u00e9quipe senior de Cross-country en RELAIS MIXTE vice Championne R\u00e9gionale au MANS ! - Laval Agglo Athl\u00e9tisme","isPartOf":{"@id":"https:\/\/www.lavalaggloathle53.fr\/#website"},"primaryImageOfPage":{"@id":"https:\/\/www.lavalaggloathle53.fr\/index.php\/2025\/01\/20\/lequipe-senior-de-cross-country-en-relais-mixte-vice-championne-regionale-au-mans\/#primaryimage"},"image":{"@id":"https:\/\/www.lavalaggloathle53.fr\/index.php\/2025\/01\/20\/lequipe-senior-de-cross-country-en-relais-mixte-vice-championne-regionale-au-mans\/#primaryimage"},"thumbnailUrl":"https:\/\/www.lavalaggloathle53.fr\/wp-content\/uploads\/2025\/01\/WhatsApp-Image-2025-01-19-a-18.50.59_40a36781.jpg","datePublished":"2025-01-20T12:51:35+00:00","dateModified":"2025-01-21T20:31:36+00:00","author":{"@id":"https:\/\/www.lavalaggloathle53.fr\/#\/schema\/person\/979647d1a9707730d91bfc766caadc0b"},"breadcrumb":{"@id":"https:\/\/www.lavalaggloathle53.fr\/index.php\/2025\/01\/20\/lequipe-senior-de-cross-country-en-relais-mixte-vice-championne-regionale-au-mans\/#breadcrumb"},"inLanguage":"fr-FR","potentialAction":[{"@type":"ReadAction","target":["https:\/\/www.lavalaggloathle53.fr\/index.php\/2025\/01\/20\/lequipe-senior-de-cross-country-en-relais-mixte-vice-championne-regionale-au-mans\/"]}]},{"@type":"ImageObject","inLanguage":"fr-FR","@id":"https:\/\/www.lavalaggloathle53.fr\/index.php\/2025\/01\/20\/lequipe-senior-de-cross-country-en-relais-mixte-vice-championne-regionale-au-mans\/#primaryimage","url":"https:\/\/www.lavalaggloathle53.fr\/wp-content\/uploads\/2025\/01\/WhatsApp-Image-2025-01-19-a-18.50.59_40a36781.jpg","contentUrl":"https:\/\/www.lavalaggloathle53.fr\/wp-content\/uploads\/2025\/01\/WhatsApp-Image-2025-01-19-a-18.50.59_40a36781.jpg","width":1191,"height":791},{"@type":"BreadcrumbList","@id":"https:\/\/www.lavalaggloathle53.fr\/index.php\/2025\/01\/20\/lequipe-senior-de-cross-country-en-relais-mixte-vice-championne-regionale-au-mans\/#breadcrumb","itemListElement":[{"@type":"ListItem","position":1,"name":"Accueil","item":"https:\/\/www.lavalaggloathle53.fr\/"},{"@type":"ListItem","position":2,"name":"L&rsquo;\u00e9quipe senior de Cross-country en RELAIS MIXTE vice Championne R\u00e9gionale au MANS !"}]},{"@type":"WebSite","@id":"https:\/\/www.lavalaggloathle53.fr\/#website","url":"https:\/\/www.lavalaggloathle53.fr\/","name":"Laval Agglo Athl\u00e9tisme","description":"L&#039;athl\u00e9, un sport pour tous","alternateName":"L2A53","potentialAction":[{"@type":"SearchAction","target":{"@type":"EntryPoint","urlTemplate":"https:\/\/www.lavalaggloathle53.fr\/?s={search_term_string}"},"query-input":{"@type":"PropertyValueSpecification","valueRequired":true,"valueName":"search_term_string"}}],"inLanguage":"fr-FR"},{"@type":"Person","@id":"https:\/\/www.lavalaggloathle53.fr\/#\/schema\/person\/979647d1a9707730d91bfc766caadc0b","name":"Pascal BISSON","image":{"@type":"ImageObject","inLanguage":"fr-FR","@id":"https:\/\/secure.gravatar.com\/avatar\/59596d86ade6d559609912f789f6ddaf324a4bb824fbedeaf0ccebc5c1967658?s=96&d=mm&r=g","url":"https:\/\/secure.gravatar.com\/avatar\/59596d86ade6d559609912f789f6ddaf324a4bb824fbedeaf0ccebc5c1967658?s=96&d=mm&r=g","contentUrl":"https:\/\/secure.gravatar.com\/avatar\/59596d86ade6d559609912f789f6ddaf324a4bb824fbedeaf0ccebc5c1967658?s=96&d=mm&r=g","caption":"Pascal BISSON"},"sameAs":["https:\/\/www.lavalaggloathle53.fr"],"url":"https:\/\/www.lavalaggloathle53.fr\/index.php\/author\/bis53\/"}]}},"_links":{"self":[{"href":"https:\/\/www.lavalaggloathle53.fr\/index.php\/wp-json\/wp\/v2\/posts\/7170","targetHints":{"allow":["GET"]}}],"collection":[{"href":"https:\/\/www.lavalaggloathle53.fr\/index.php\/wp-json\/wp\/v2\/posts"}],"about":[{"href":"https:\/\/www.lavalaggloathle53.fr\/index.php\/wp-json\/wp\/v2\/types\/post"}],"author":[{"embeddable":true,"href":"https:\/\/www.lavalaggloathle53.fr\/index.php\/wp-json\/wp\/v2\/users\/4"}],"replies":[{"embeddable":true,"href":"https:\/\/www.lavalaggloathle53.fr\/index.php\/wp-json\/wp\/v2\/comments?post=7170"}],"version-history":[{"count":4,"href":"https:\/\/www.lavalaggloathle53.fr\/index.php\/wp-json\/wp\/v2\/posts\/7170\/revisions"}],"predecessor-version":[{"id":7227,"href":"https:\/\/www.lavalaggloathle53.fr\/index.php\/wp-json\/wp\/v2\/posts\/7170\/revisions\/7227"}],"wp:featuredmedia":[{"embeddable":true,"href":"https:\/\/www.lavalaggloathle53.fr\/index.php\/wp-json\/wp\/v2\/media\/7172"}],"wp:attachment":[{"href":"https:\/\/www.lavalaggloathle53.fr\/index.php\/wp-json\/wp\/v2\/media?parent=7170"}],"wp:term":[{"taxonomy":"category","embeddable":true,"href":"https:\/\/www.lavalaggloathle53.fr\/index.php\/wp-json\/wp\/v2\/categories?post=7170"},{"taxonomy":"post_tag","embeddable":true,"href":"https:\/\/www.lavalaggloathle53.fr\/index.php\/wp-json\/wp\/v2\/tags?post=7170"}],"curies":[{"name":"wp","href":"https:\/\/api.w.org\/{rel}","templated":true}]}}