{"id":6804,"date":"2024-12-16T16:54:10","date_gmt":"2024-12-16T15:54:10","guid":{"rendered":"https:\/\/www.lavalaggloathle53.fr\/?p=6804"},"modified":"2024-12-16T20:23:38","modified_gmt":"2024-12-16T19:23:38","slug":"les-resultats-du-week-end-pour-le-l2a53-sur-de-nombreux-fronts-athletiques","status":"publish","type":"post","link":"https:\/\/www.lavalaggloathle53.fr\/index.php\/2024\/12\/16\/les-resultats-du-week-end-pour-le-l2a53-sur-de-nombreux-fronts-athletiques\/","title":{"rendered":"Les r\u00e9sultats du Week-end pour le L2A53 sur de nombreux fronts athl\u00e9tiques !"},"content":{"rendered":"\n<figure class=\"wp-block-image size-large is-resized\"><img fetchpriority=\"high\" decoding=\"async\" width=\"682\" height=\"1024\" src=\"https:\/\/www.lavalaggloathle53.fr\/wp-content\/uploads\/2024\/12\/IMG-20241215-WA0043-682x1024.jpg\" alt=\"\" class=\"wp-image-6809\" style=\"width:840px;height:auto\" srcset=\"https:\/\/www.lavalaggloathle53.fr\/wp-content\/uploads\/2024\/12\/IMG-20241215-WA0043-682x1024.jpg 682w, https:\/\/www.lavalaggloathle53.fr\/wp-content\/uploads\/2024\/12\/IMG-20241215-WA0043-200x300.jpg 200w, https:\/\/www.lavalaggloathle53.fr\/wp-content\/uploads\/2024\/12\/IMG-20241215-WA0043-768x1153.jpg 768w, https:\/\/www.lavalaggloathle53.fr\/wp-content\/uploads\/2024\/12\/IMG-20241215-WA0043-1023x1536.jpg 1023w, https:\/\/www.lavalaggloathle53.fr\/wp-content\/uploads\/2024\/12\/IMG-20241215-WA0043.jpg 1066w\" sizes=\"(max-width: 682px) 100vw, 682px\" \/><\/figure>\n\n\n\n<blockquote class=\"wp-block-quote is-layout-flow wp-block-quote-is-layout-flow\">\n<p><strong>Sur le Meeting R\u00e9gional de REDON<\/strong>, les jeunes Lavallois du L2A3 se sont illustr\u00e9s avec de belles promesses enregistr\u00e9e avec la mont\u00e9e en puissance d&rsquo;une nouvelle g\u00e9n\u00e9ration de sprinteurs illustr\u00e9e par la constitution de relais prometteurs &#8230;<\/p>\n\n\n\n<p>Chez les f\u00e9minines , c&rsquo;est la jeune cheffe de file <strong>No\u00e9mie KIEFFER<\/strong> qui s&rsquo;est le plus illustr\u00e9e en remportant la finale du 60m haies en 9\u00a0\u00bb29 , en r\u00e9alisant le second chrono des cadettes sur 60m plat en 8\u00a0\u00bb18 (2\u00e8me) et en prenant la 4\u00e8me place sur le concours de longueur avec un essai mesur\u00e9 \u00e0 4m94. <strong>Emy TRIQUET<\/strong> (cadette) r\u00e9alise \u00e9galement d&rsquo;excellentes perfs alors qu&rsquo;elle n&rsquo;est que d\u00e9butante en athl\u00e9tisme avec un chrono de 8\u00a0\u00bb33 (7\u00e8me)  sur 60m et 27\u00a0\u00bb27 (5\u00e8me) sur 200m .Sur la m\u00eame distance  , la junior <strong>Lalie LE GALLIOT<\/strong> prend la 7\u00e8me place en cat\u00e9gorie junior  en 28\u00a0\u00bb43. Apr\u00e8s avoir battu son record perso en salle sur le Meeting de St Brieuc fin novembre avec un saut \u00e0 3m10, <strong>Cassandre BOUVET<\/strong> l&rsquo;a emport\u00e9 chez les juniors avec un saut \u00e0 3m01 sur le concours de perche. Belle perf du jeune relais compos\u00e9 de 2 cadettes et 2 juniors de <strong>No\u00e9mie KIEFFER, Lalie LE GALLOT, Lola CHIPAUX et Emy TRIQUET <\/strong>qui l&#8217;emporte en toutes cat\u00e9gories en 1&rsquo;55\u00a0\u00bb23 !<\/p>\n<\/blockquote>\n\n\n\n<p><\/p>\n\n\n\n<figure class=\"wp-block-image size-large is-resized\"><img decoding=\"async\" width=\"682\" height=\"1024\" src=\"https:\/\/www.lavalaggloathle53.fr\/wp-content\/uploads\/2024\/12\/IMG-20241215-WA0045-682x1024.jpg\" alt=\"\" class=\"wp-image-6810\" style=\"width:840px;height:auto\" srcset=\"https:\/\/www.lavalaggloathle53.fr\/wp-content\/uploads\/2024\/12\/IMG-20241215-WA0045-682x1024.jpg 682w, https:\/\/www.lavalaggloathle53.fr\/wp-content\/uploads\/2024\/12\/IMG-20241215-WA0045-200x300.jpg 200w, https:\/\/www.lavalaggloathle53.fr\/wp-content\/uploads\/2024\/12\/IMG-20241215-WA0045-768x1153.jpg 768w, https:\/\/www.lavalaggloathle53.fr\/wp-content\/uploads\/2024\/12\/IMG-20241215-WA0045-1023x1536.jpg 1023w, https:\/\/www.lavalaggloathle53.fr\/wp-content\/uploads\/2024\/12\/IMG-20241215-WA0045.jpg 1066w\" sizes=\"(max-width: 682px) 100vw, 682px\" \/><\/figure>\n\n\n\n<figure class=\"wp-block-image size-large\"><img decoding=\"async\" width=\"682\" height=\"1024\" src=\"https:\/\/www.lavalaggloathle53.fr\/wp-content\/uploads\/2024\/12\/IMG-20241215-WA0054-682x1024.jpg\" alt=\"\" class=\"wp-image-6811\" srcset=\"https:\/\/www.lavalaggloathle53.fr\/wp-content\/uploads\/2024\/12\/IMG-20241215-WA0054-682x1024.jpg 682w, https:\/\/www.lavalaggloathle53.fr\/wp-content\/uploads\/2024\/12\/IMG-20241215-WA0054-200x300.jpg 200w, https:\/\/www.lavalaggloathle53.fr\/wp-content\/uploads\/2024\/12\/IMG-20241215-WA0054-768x1153.jpg 768w, https:\/\/www.lavalaggloathle53.fr\/wp-content\/uploads\/2024\/12\/IMG-20241215-WA0054-1023x1536.jpg 1023w, https:\/\/www.lavalaggloathle53.fr\/wp-content\/uploads\/2024\/12\/IMG-20241215-WA0054.jpg 1066w\" sizes=\"(max-width: 682px) 100vw, 682px\" \/><\/figure>\n\n\n\n<figure class=\"wp-block-image size-large\"><img loading=\"lazy\" decoding=\"async\" width=\"768\" height=\"1024\" src=\"https:\/\/www.lavalaggloathle53.fr\/wp-content\/uploads\/2024\/12\/P1170915_edited-768x1024.jpg\" alt=\"\" class=\"wp-image-6812\" srcset=\"https:\/\/www.lavalaggloathle53.fr\/wp-content\/uploads\/2024\/12\/P1170915_edited-768x1024.jpg 768w, https:\/\/www.lavalaggloathle53.fr\/wp-content\/uploads\/2024\/12\/P1170915_edited-225x300.jpg 225w, https:\/\/www.lavalaggloathle53.fr\/wp-content\/uploads\/2024\/12\/P1170915_edited-1152x1536.jpg 1152w, https:\/\/www.lavalaggloathle53.fr\/wp-content\/uploads\/2024\/12\/P1170915_edited-1536x2048.jpg 1536w, https:\/\/www.lavalaggloathle53.fr\/wp-content\/uploads\/2024\/12\/P1170915_edited-scaled.jpg 1920w\" sizes=\"(max-width: 768px) 100vw, 768px\" \/><\/figure>\n\n\n\n<blockquote class=\"wp-block-quote is-layout-flow wp-block-quote-is-layout-flow\">\n<p>Chez les gar\u00e7ons, c&rsquo;est le junior n\u00e9o-stadiste (Ex Athl\u00e9tics Coaching Club Ramonville)  <strong>Louis BARTHE <\/strong>qui pour sa rentr\u00e9e sur le 60m plat a r\u00e9alis\u00e9 la meilleure perf du Club en l&#8217;emportant dans sa cat\u00e9gorie en 7&rsquo;24 (Record perso) alors que sur le concours de longueur, il a pris la 3\u00e8me place (TTC)  avec un saut \u00e0 6m48. Le cadet prometteur <strong>Paul TROPEAU-HEISSEREUR<\/strong>,  de retour de blessure a r\u00e9alis\u00e9 7&Prime;50 sur 60m plat et 4m93 \u00e0 la longueur devanc\u00e9 par son partenaire de club <strong>Maxime COLAS <\/strong>chronom\u00e9tr\u00e9 en 7\u00a0\u00bb44 dans la m\u00eame cat\u00e9gorie. Sur le concours de perche, le senior F\u00e9lix ROUSSEAU a r\u00e9alis\u00e9 le meilleur saut du club avec 4m21, K\u00e9vin MAILLARD 3m71 et Lorenzo GODARD-LOISY 3m76.<\/p>\n\n\n\n<p>Sur un relais 4X1tour compos\u00e9 de Paul TROPPEAU-HEISSEREUR, Thomas GOUGEON, Maxime COLLAS et COACH Master Guillaume BOLLAERT  , 3\u00e8me place en 1&rsquo;36\u00a0\u00bb53<\/p>\n<\/blockquote>\n\n\n\n<figure class=\"wp-block-image size-large is-resized\"><img loading=\"lazy\" decoding=\"async\" width=\"742\" height=\"1024\" src=\"https:\/\/www.lavalaggloathle53.fr\/wp-content\/uploads\/2024\/12\/IMG-20241215-WA0003_edited-742x1024.jpg\" alt=\"\" class=\"wp-image-6813\" style=\"width:835px;height:auto\" srcset=\"https:\/\/www.lavalaggloathle53.fr\/wp-content\/uploads\/2024\/12\/IMG-20241215-WA0003_edited-742x1024.jpg 742w, https:\/\/www.lavalaggloathle53.fr\/wp-content\/uploads\/2024\/12\/IMG-20241215-WA0003_edited-217x300.jpg 217w, https:\/\/www.lavalaggloathle53.fr\/wp-content\/uploads\/2024\/12\/IMG-20241215-WA0003_edited-768x1060.jpg 768w, https:\/\/www.lavalaggloathle53.fr\/wp-content\/uploads\/2024\/12\/IMG-20241215-WA0003_edited.jpg 899w\" sizes=\"(max-width: 742px) 100vw, 742px\" \/><\/figure>\n\n\n\n<figure class=\"wp-block-image size-large\"><img loading=\"lazy\" decoding=\"async\" width=\"682\" height=\"1024\" src=\"https:\/\/www.lavalaggloathle53.fr\/wp-content\/uploads\/2024\/12\/IMG-20241215-WA0049-682x1024.jpg\" alt=\"\" class=\"wp-image-6815\" srcset=\"https:\/\/www.lavalaggloathle53.fr\/wp-content\/uploads\/2024\/12\/IMG-20241215-WA0049-682x1024.jpg 682w, https:\/\/www.lavalaggloathle53.fr\/wp-content\/uploads\/2024\/12\/IMG-20241215-WA0049-200x300.jpg 200w, https:\/\/www.lavalaggloathle53.fr\/wp-content\/uploads\/2024\/12\/IMG-20241215-WA0049-768x1153.jpg 768w, https:\/\/www.lavalaggloathle53.fr\/wp-content\/uploads\/2024\/12\/IMG-20241215-WA0049-1023x1536.jpg 1023w, https:\/\/www.lavalaggloathle53.fr\/wp-content\/uploads\/2024\/12\/IMG-20241215-WA0049.jpg 1066w\" sizes=\"(max-width: 682px) 100vw, 682px\" \/><\/figure>\n\n\n\n<figure class=\"wp-block-image size-large is-resized\"><img loading=\"lazy\" decoding=\"async\" width=\"768\" height=\"1024\" src=\"https:\/\/www.lavalaggloathle53.fr\/wp-content\/uploads\/2024\/12\/P1180012_edited-768x1024.jpg\" alt=\"\" class=\"wp-image-6816\" style=\"width:840px;height:auto\" srcset=\"https:\/\/www.lavalaggloathle53.fr\/wp-content\/uploads\/2024\/12\/P1180012_edited-768x1024.jpg 768w, https:\/\/www.lavalaggloathle53.fr\/wp-content\/uploads\/2024\/12\/P1180012_edited-225x300.jpg 225w, https:\/\/www.lavalaggloathle53.fr\/wp-content\/uploads\/2024\/12\/P1180012_edited-1152x1536.jpg 1152w, https:\/\/www.lavalaggloathle53.fr\/wp-content\/uploads\/2024\/12\/P1180012_edited-1536x2048.jpg 1536w, https:\/\/www.lavalaggloathle53.fr\/wp-content\/uploads\/2024\/12\/P1180012_edited-scaled.jpg 1920w\" sizes=\"(max-width: 768px) 100vw, 768px\" \/><\/figure>\n\n\n\n<figure class=\"wp-block-image size-large\"><img loading=\"lazy\" decoding=\"async\" width=\"682\" height=\"1024\" src=\"https:\/\/www.lavalaggloathle53.fr\/wp-content\/uploads\/2024\/12\/IMG-20241215-WA0044-1-682x1024.jpg\" alt=\"\" class=\"wp-image-6818\" srcset=\"https:\/\/www.lavalaggloathle53.fr\/wp-content\/uploads\/2024\/12\/IMG-20241215-WA0044-1-682x1024.jpg 682w, https:\/\/www.lavalaggloathle53.fr\/wp-content\/uploads\/2024\/12\/IMG-20241215-WA0044-1-200x300.jpg 200w, https:\/\/www.lavalaggloathle53.fr\/wp-content\/uploads\/2024\/12\/IMG-20241215-WA0044-1-768x1153.jpg 768w, https:\/\/www.lavalaggloathle53.fr\/wp-content\/uploads\/2024\/12\/IMG-20241215-WA0044-1-1023x1536.jpg 1023w, https:\/\/www.lavalaggloathle53.fr\/wp-content\/uploads\/2024\/12\/IMG-20241215-WA0044-1.jpg 1066w\" sizes=\"(max-width: 682px) 100vw, 682px\" \/><\/figure>\n\n\n\n<blockquote class=\"wp-block-quote is-layout-flow wp-block-quote-is-layout-flow\">\n<p>Nos marcheurs se sont donn\u00e9s rendez-vous au traditionnel <strong>Challenge Mario GATTI<\/strong>, ce dimanche 14\/12 sur la piste indoor de RENNES avec des fortunes diverses &#8230; Le jeune Antonin LE BARS pour sa rentr\u00e9e en minime est mont\u00e9 sur le podium avec une 3\u00e8me place sur le 3000m marche en 19&rsquo;48\u00a0\u00bb61 , V\u00e9ronique PIEUX , apr\u00e8s quelques mois d&rsquo;interruption a r\u00e9alis\u00e9e 18&rsquo;2\u00a0\u00bb92. La jeune minime Man\u00e9a VAJOU a d\u00fb interrompre son 3000m suite \u00e0 des soucis de genou.<\/p>\n<\/blockquote>\n\n\n\n<figure class=\"wp-block-image size-large is-resized\"><img loading=\"lazy\" decoding=\"async\" width=\"682\" height=\"1024\" src=\"https:\/\/www.lavalaggloathle53.fr\/wp-content\/uploads\/2024\/12\/IMG-20241215-WA0038-682x1024.jpg\" alt=\"\" class=\"wp-image-6807\" style=\"width:682px;height:auto\" srcset=\"https:\/\/www.lavalaggloathle53.fr\/wp-content\/uploads\/2024\/12\/IMG-20241215-WA0038-682x1024.jpg 682w, https:\/\/www.lavalaggloathle53.fr\/wp-content\/uploads\/2024\/12\/IMG-20241215-WA0038-200x300.jpg 200w, https:\/\/www.lavalaggloathle53.fr\/wp-content\/uploads\/2024\/12\/IMG-20241215-WA0038-768x1153.jpg 768w, https:\/\/www.lavalaggloathle53.fr\/wp-content\/uploads\/2024\/12\/IMG-20241215-WA0038-1023x1536.jpg 1023w, https:\/\/www.lavalaggloathle53.fr\/wp-content\/uploads\/2024\/12\/IMG-20241215-WA0038.jpg 1066w\" sizes=\"(max-width: 682px) 100vw, 682px\" \/><\/figure>\n\n\n\n<figure class=\"wp-block-image size-large\"><img loading=\"lazy\" decoding=\"async\" width=\"576\" height=\"1024\" src=\"https:\/\/www.lavalaggloathle53.fr\/wp-content\/uploads\/2024\/12\/WhatsApp-Image-2024-12-15-a-13.48.25_ea938d0d-576x1024.jpg\" alt=\"\" class=\"wp-image-6823\" srcset=\"https:\/\/www.lavalaggloathle53.fr\/wp-content\/uploads\/2024\/12\/WhatsApp-Image-2024-12-15-a-13.48.25_ea938d0d-576x1024.jpg 576w, https:\/\/www.lavalaggloathle53.fr\/wp-content\/uploads\/2024\/12\/WhatsApp-Image-2024-12-15-a-13.48.25_ea938d0d-169x300.jpg 169w, https:\/\/www.lavalaggloathle53.fr\/wp-content\/uploads\/2024\/12\/WhatsApp-Image-2024-12-15-a-13.48.25_ea938d0d-768x1366.jpg 768w, https:\/\/www.lavalaggloathle53.fr\/wp-content\/uploads\/2024\/12\/WhatsApp-Image-2024-12-15-a-13.48.25_ea938d0d-864x1536.jpg 864w, https:\/\/www.lavalaggloathle53.fr\/wp-content\/uploads\/2024\/12\/WhatsApp-Image-2024-12-15-a-13.48.25_ea938d0d.jpg 899w\" sizes=\"(max-width: 576px) 100vw, 576px\" \/><\/figure>\n\n\n\n<figure class=\"wp-block-image size-large is-resized\"><img loading=\"lazy\" decoding=\"async\" width=\"768\" height=\"1024\" src=\"https:\/\/www.lavalaggloathle53.fr\/wp-content\/uploads\/2024\/12\/P1170839_edited-768x1024.jpg\" alt=\"\" class=\"wp-image-6805\" style=\"width:840px;height:auto\" srcset=\"https:\/\/www.lavalaggloathle53.fr\/wp-content\/uploads\/2024\/12\/P1170839_edited-768x1024.jpg 768w, https:\/\/www.lavalaggloathle53.fr\/wp-content\/uploads\/2024\/12\/P1170839_edited-225x300.jpg 225w, https:\/\/www.lavalaggloathle53.fr\/wp-content\/uploads\/2024\/12\/P1170839_edited-1152x1536.jpg 1152w, https:\/\/www.lavalaggloathle53.fr\/wp-content\/uploads\/2024\/12\/P1170839_edited-1536x2048.jpg 1536w, https:\/\/www.lavalaggloathle53.fr\/wp-content\/uploads\/2024\/12\/P1170839_edited-scaled.jpg 1920w\" sizes=\"(max-width: 768px) 100vw, 768px\" \/><\/figure>\n\n\n\n<figure class=\"wp-block-image size-large\"><img loading=\"lazy\" decoding=\"async\" width=\"682\" height=\"1024\" src=\"https:\/\/www.lavalaggloathle53.fr\/wp-content\/uploads\/2024\/12\/IMG-20241215-WA0039-682x1024.jpg\" alt=\"\" class=\"wp-image-6808\" srcset=\"https:\/\/www.lavalaggloathle53.fr\/wp-content\/uploads\/2024\/12\/IMG-20241215-WA0039-682x1024.jpg 682w, https:\/\/www.lavalaggloathle53.fr\/wp-content\/uploads\/2024\/12\/IMG-20241215-WA0039-200x300.jpg 200w, https:\/\/www.lavalaggloathle53.fr\/wp-content\/uploads\/2024\/12\/IMG-20241215-WA0039-768x1153.jpg 768w, https:\/\/www.lavalaggloathle53.fr\/wp-content\/uploads\/2024\/12\/IMG-20241215-WA0039-1023x1536.jpg 1023w, https:\/\/www.lavalaggloathle53.fr\/wp-content\/uploads\/2024\/12\/IMG-20241215-WA0039.jpg 1066w\" sizes=\"(max-width: 682px) 100vw, 682px\" \/><\/figure>\n\n\n\n<p>Lors des <strong>D\u00e9partementaux U14 et U16<\/strong> organis\u00e9 par le <strong>L2A53<\/strong> et l&rsquo;<strong>US St Berthevin<\/strong> le 14\/12  au Palindrome de LAVAL, nos jeunes pousses se sont distingu\u00e9s avec les titres de la benjamine <strong>Anouk VALLIN (L2A53\/USL) <\/strong>qui a survol\u00e9e cette comp\u00e9tition sur 50m en 7\u00a0\u00bb30 (7\u00a0\u00bb27 en s\u00e9rie) , sur 50m haies en 8\u00a0\u00bb56 (8\u00a0\u00bb46 en s\u00e9rie) en saut en hauteur avec 1m30, en longueur avec 4m31 et un score fleuve sur le triathlon avec <strong>118 points <\/strong>!<\/p>\n\n\n\n<p><strong>En minime fille<\/strong> , <strong>Man\u00e9a VAJOU<\/strong> est titr\u00e9e en hauteur avec un saut \u00e01m32, <strong>Inaya SERI <\/strong>remporte le titre en longueur avec un saut mesur\u00e9 \u00e0 4m24 (3\u00e8me du Triathlon avec 93 points) , <strong>H\u00e9lo\u00efse FABRE <\/strong>(L2A53\/USL) termine seconde avec  4m20. <strong>Manon MORVAN<\/strong> termine seconde sur 50m en 7\u00a0\u00bb49 (7\u00a0\u00bb54 en s\u00e9rie) , 3\u00e8me sur 50m haies en 9\u00a0\u00bb14  (9\u00a0\u00bb16 en s\u00e9rie) et 3\u00e8me du Triathlon avec 90 points. <strong>S\u00e9ri INAYA<\/strong> avec un chrono de 9\u00a0\u00bb00  meilleur temps sur 50 m haies en s\u00e9rie termine 4\u00e8me en finale en 9\u00a0\u00bb22. <\/p>\n\n\n\n<p>Chez les benjamins gar\u00e7ons <strong>Nolan DUFRESNE<\/strong> a r\u00e9alis\u00e9 un tripl\u00e9 en remportant le titre sur <strong>50m <\/strong>en 7\u00a0\u00bb34 (7\u00a0\u00bb52 en s\u00e9rie) , en <strong>hauteur<\/strong> avec un saut \u00e0 1m45  et sur le concours de longueur avec 4m70 (2\u00e8me au poids avec 9m33). Il termine second du triathlon avec 106 points . <strong>Jean Bensley MEZIERE<\/strong> (L2A53\/USL) termine 3\u00e8me (7\u00a0\u00bb61 en s\u00e9rie). <strong>Ma\u00ebl GODARD<\/strong> prend la seconde place sur le concour s de hauteur avec 1m30. Sur 50m haies , <strong>Ma\u00ebl LEBRETON<\/strong> (L2A53\/USL) est champion d\u00e9partemental en 8\u00a0\u00bb65 (8\u00a0\u00bb81 en s\u00e9rie) et second sur le concours de triple saut avec 9m33 (2\u00e8me du triathlon avec 102 points). <\/p>\n\n\n\n<p>Chez les minimes gar\u00e7ons, <strong>Ronan RIVON <\/strong>r\u00e9alise lui aussi un <strong>TRIPLE<\/strong> en \u00e9tant  titr\u00e9 sur le concours de hauteur avec 1m65, sur le concours de triple saut avec 11m32 et sur le concours de poids avec 10m46. Il remporte le Triathlon minime avec 103 points <strong>Paul VERDON<\/strong> est 3\u00e8me avec 1m40 \u00e0 la hauteur et <strong>Flavien TAROT<\/strong> 3\u00e8me au triple saut. <\/p>\n\n\n\n<figure class=\"wp-block-image size-large\"><img loading=\"lazy\" decoding=\"async\" width=\"768\" height=\"1024\" src=\"https:\/\/www.lavalaggloathle53.fr\/wp-content\/uploads\/2024\/12\/WhatsApp-Image-2024-12-16-a-14.13.33_fc64bee5-768x1024.jpg\" alt=\"\" class=\"wp-image-6826\" srcset=\"https:\/\/www.lavalaggloathle53.fr\/wp-content\/uploads\/2024\/12\/WhatsApp-Image-2024-12-16-a-14.13.33_fc64bee5-768x1024.jpg 768w, https:\/\/www.lavalaggloathle53.fr\/wp-content\/uploads\/2024\/12\/WhatsApp-Image-2024-12-16-a-14.13.33_fc64bee5-225x300.jpg 225w, https:\/\/www.lavalaggloathle53.fr\/wp-content\/uploads\/2024\/12\/WhatsApp-Image-2024-12-16-a-14.13.33_fc64bee5-1152x1536.jpg 1152w, https:\/\/www.lavalaggloathle53.fr\/wp-content\/uploads\/2024\/12\/WhatsApp-Image-2024-12-16-a-14.13.33_fc64bee5.jpg 1200w\" sizes=\"(max-width: 768px) 100vw, 768px\" \/><\/figure>\n\n\n\n<figure class=\"wp-block-image size-large\"><img loading=\"lazy\" decoding=\"async\" width=\"768\" height=\"1024\" src=\"https:\/\/www.lavalaggloathle53.fr\/wp-content\/uploads\/2024\/12\/WhatsApp-Image-2024-12-16-a-14.13.33_7ea28dd7-768x1024.jpg\" alt=\"\" class=\"wp-image-6827\" srcset=\"https:\/\/www.lavalaggloathle53.fr\/wp-content\/uploads\/2024\/12\/WhatsApp-Image-2024-12-16-a-14.13.33_7ea28dd7-768x1024.jpg 768w, https:\/\/www.lavalaggloathle53.fr\/wp-content\/uploads\/2024\/12\/WhatsApp-Image-2024-12-16-a-14.13.33_7ea28dd7-225x300.jpg 225w, https:\/\/www.lavalaggloathle53.fr\/wp-content\/uploads\/2024\/12\/WhatsApp-Image-2024-12-16-a-14.13.33_7ea28dd7-1152x1536.jpg 1152w, https:\/\/www.lavalaggloathle53.fr\/wp-content\/uploads\/2024\/12\/WhatsApp-Image-2024-12-16-a-14.13.33_7ea28dd7.jpg 1200w\" sizes=\"(max-width: 768px) 100vw, 768px\" \/><\/figure>\n\n\n\n<figure class=\"wp-block-image size-large\"><img loading=\"lazy\" decoding=\"async\" width=\"1024\" height=\"717\" src=\"https:\/\/www.lavalaggloathle53.fr\/wp-content\/uploads\/2024\/12\/WhatsApp-Image-2024-12-16-a-14.14.04_39c5cb33-1024x717.jpg\" alt=\"\" class=\"wp-image-6828\" srcset=\"https:\/\/www.lavalaggloathle53.fr\/wp-content\/uploads\/2024\/12\/WhatsApp-Image-2024-12-16-a-14.14.04_39c5cb33-1024x717.jpg 1024w, https:\/\/www.lavalaggloathle53.fr\/wp-content\/uploads\/2024\/12\/WhatsApp-Image-2024-12-16-a-14.14.04_39c5cb33-300x210.jpg 300w, https:\/\/www.lavalaggloathle53.fr\/wp-content\/uploads\/2024\/12\/WhatsApp-Image-2024-12-16-a-14.14.04_39c5cb33-768x538.jpg 768w, https:\/\/www.lavalaggloathle53.fr\/wp-content\/uploads\/2024\/12\/WhatsApp-Image-2024-12-16-a-14.14.04_39c5cb33.jpg 1387w\" sizes=\"(max-width: 1024px) 100vw, 1024px\" \/><\/figure>\n\n\n\n<p><strong>Au  Meeting de lancers longs \u00e0 RENNES<\/strong>, <strong>Cl\u00e9ment TAFFIN<\/strong>,  espoir 1ere ann\u00e9e propulse le marteau de 7kg260 \u00e0 <strong>34m75<\/strong>.<\/p>\n\n\n\n<p>Sur le concours de  disque, la junior 1ere ann\u00e9e <strong>Valentine LEMONNIER <\/strong>r\u00e9alise 34m48, en exp\u00e9diant l&rsquo;engin d&rsquo;1kg deux fois \u00e0 plus de 33m50 terminant 4\u00e8me du concours et seconde junior en r\u00e9alisant un essai \u00e0 <strong>34m48<\/strong>.<br>Merci \u00e0 <strong>Loevan VAJOU<\/strong> d&rsquo;avoir offici\u00e9 en tant que jeune  juge.<\/p>\n\n\n\n<figure class=\"wp-block-image size-large\"><img loading=\"lazy\" decoding=\"async\" width=\"654\" height=\"1024\" src=\"https:\/\/www.lavalaggloathle53.fr\/wp-content\/uploads\/2024\/12\/IMG-20241215-WA0019-654x1024.jpg\" alt=\"\" class=\"wp-image-6845\" srcset=\"https:\/\/www.lavalaggloathle53.fr\/wp-content\/uploads\/2024\/12\/IMG-20241215-WA0019-654x1024.jpg 654w, https:\/\/www.lavalaggloathle53.fr\/wp-content\/uploads\/2024\/12\/IMG-20241215-WA0019-192x300.jpg 192w, https:\/\/www.lavalaggloathle53.fr\/wp-content\/uploads\/2024\/12\/IMG-20241215-WA0019-768x1202.jpg 768w, https:\/\/www.lavalaggloathle53.fr\/wp-content\/uploads\/2024\/12\/IMG-20241215-WA0019.jpg 885w\" sizes=\"(max-width: 654px) 100vw, 654px\" \/><\/figure>\n\n\n\n<p><\/p>\n\n\n\n<figure class=\"wp-block-image size-full\"><img loading=\"lazy\" decoding=\"async\" width=\"729\" height=\"875\" src=\"https:\/\/www.lavalaggloathle53.fr\/wp-content\/uploads\/2024\/12\/IMG-20241215-WA0018.jpg\" alt=\"\" class=\"wp-image-6846\" srcset=\"https:\/\/www.lavalaggloathle53.fr\/wp-content\/uploads\/2024\/12\/IMG-20241215-WA0018.jpg 729w, https:\/\/www.lavalaggloathle53.fr\/wp-content\/uploads\/2024\/12\/IMG-20241215-WA0018-250x300.jpg 250w\" sizes=\"(max-width: 729px) 100vw, 729px\" \/><\/figure>\n\n\n\n<p>Sacha et Sandrine MORIN  ont  particip\u00e9 au 10km de la tour Eiffel. Sacha a  boucl\u00e9 le circuit en 36&rsquo;40 terminant 12\u00e8me de sa cat\u00e9gorie junior <\/p>\n\n\n\n<figure class=\"wp-block-image size-large\"><img loading=\"lazy\" decoding=\"async\" width=\"785\" height=\"1024\" src=\"https:\/\/www.lavalaggloathle53.fr\/wp-content\/uploads\/2024\/12\/WhatsApp-Image-2024-12-15-a-16.01.02_3a2a5f17-785x1024.jpg\" alt=\"\" class=\"wp-image-6848\" srcset=\"https:\/\/www.lavalaggloathle53.fr\/wp-content\/uploads\/2024\/12\/WhatsApp-Image-2024-12-15-a-16.01.02_3a2a5f17-785x1024.jpg 785w, https:\/\/www.lavalaggloathle53.fr\/wp-content\/uploads\/2024\/12\/WhatsApp-Image-2024-12-15-a-16.01.02_3a2a5f17-230x300.jpg 230w, https:\/\/www.lavalaggloathle53.fr\/wp-content\/uploads\/2024\/12\/WhatsApp-Image-2024-12-15-a-16.01.02_3a2a5f17-768x1002.jpg 768w, https:\/\/www.lavalaggloathle53.fr\/wp-content\/uploads\/2024\/12\/WhatsApp-Image-2024-12-15-a-16.01.02_3a2a5f17-1177x1536.jpg 1177w, https:\/\/www.lavalaggloathle53.fr\/wp-content\/uploads\/2024\/12\/WhatsApp-Image-2024-12-15-a-16.01.02_3a2a5f17.jpg 1422w\" sizes=\"(max-width: 785px) 100vw, 785px\" \/><\/figure>\n","protected":false},"excerpt":{"rendered":"<p>Sur le Meeting R\u00e9gional de REDON, les jeunes Lavallois du L2A3 se sont illustr\u00e9s avec de belles promesses enregistr\u00e9e avec la mont\u00e9e en puissance d&rsquo;une nouvelle g\u00e9n\u00e9ration de sprinteurs illustr\u00e9e par la constitution de relais prometteurs &#8230; Chez les f\u00e9minines , c&rsquo;est la jeune cheffe de file No\u00e9mie KIEFFER qui s&rsquo;est le plus illustr\u00e9e en remportant la finale du 60m haies en 9\u00a0\u00bb29 , en r\u00e9alisant le second chrono des cadettes sur 60m plat en 8\u00a0\u00bb18 (2\u00e8me) et en prenant la 4\u00e8me place sur le concours de longueur avec un essai mesur\u00e9 \u00e0 4m94. Emy TRIQUET (cadette) r\u00e9alise \u00e9galement d&rsquo;excellentes perfs alors qu&rsquo;elle n&rsquo;est que d\u00e9butante en athl\u00e9tisme avec un chrono de 8\u00a0\u00bb33 (7\u00e8me) sur 60m et 27\u00a0\u00bb27 (5\u00e8me) sur 200m .Sur la m\u00eame distance , la junior Lalie LE GALLIOT prend la 7\u00e8me place en cat\u00e9gorie junior en 28\u00a0\u00bb43. Apr\u00e8s avoir battu son record perso en salle sur le Meeting de St Brieuc fin novembre avec un saut \u00e0 3m10, Cassandre BOUVET l&rsquo;a emport\u00e9 chez les juniors avec un saut \u00e0 3m01 sur le concours de perche. Belle perf du jeune relais compos\u00e9 de 2 cadettes et 2 juniors de No\u00e9mie KIEFFER, Lalie LE GALLOT, Lola CHIPAUX et Emy TRIQUET qui l&#8217;emporte en toutes cat\u00e9gories en 1&rsquo;55\u00a0\u00bb23 ! Chez les gar\u00e7ons, c&rsquo;est le junior n\u00e9o-stadiste (Ex Athl\u00e9tics Coaching Club Ramonville) Louis BARTHE qui pour sa rentr\u00e9e sur le 60m plat a r\u00e9alis\u00e9 la meilleure perf du Club en l&#8217;emportant dans sa cat\u00e9gorie en 7&rsquo;24 (Record perso) alors que sur le concours de longueur, il a pris la 3\u00e8me place (TTC) avec un saut \u00e0 6m48. Le cadet prometteur Paul TROPEAU-HEISSEREUR, de retour de blessure a r\u00e9alis\u00e9 7&Prime;50 sur 60m plat et 4m93 \u00e0 la longueur devanc\u00e9 par son partenaire de club Maxime COLAS chronom\u00e9tr\u00e9 en 7\u00a0\u00bb44 dans la m\u00eame cat\u00e9gorie. Sur le concours de perche, le senior F\u00e9lix ROUSSEAU a r\u00e9alis\u00e9 le meilleur saut du club avec 4m21, K\u00e9vin MAILLARD 3m71 et Lorenzo GODARD-LOISY 3m76. Sur un relais 4X1tour compos\u00e9 de Paul TROPPEAU-HEISSEREUR, Thomas GOUGEON, Maxime COLLAS et COACH Master Guillaume BOLLAERT , 3\u00e8me place en 1&rsquo;36\u00a0\u00bb53 Nos marcheurs se sont donn\u00e9s rendez-vous au traditionnel Challenge Mario GATTI, ce dimanche 14\/12 sur la piste indoor de RENNES avec des fortunes diverses &#8230; Le jeune Antonin LE BARS pour sa rentr\u00e9e en minime est mont\u00e9 sur le podium avec une 3\u00e8me place sur le 3000m marche en 19&rsquo;48\u00a0\u00bb61 , V\u00e9ronique PIEUX , apr\u00e8s quelques mois d&rsquo;interruption a r\u00e9alis\u00e9e 18&rsquo;2\u00a0\u00bb92. La jeune minime Man\u00e9a VAJOU a d\u00fb interrompre son 3000m suite \u00e0 des soucis de genou. Lors des D\u00e9partementaux U14 et U16 organis\u00e9 par le L2A53 et l&rsquo;US St Berthevin le 14\/12 au Palindrome de LAVAL, nos jeunes pousses se sont distingu\u00e9s avec les titres de la benjamine Anouk VALLIN (L2A53\/USL) qui a survol\u00e9e cette comp\u00e9tition sur 50m en 7\u00a0\u00bb30 (7\u00a0\u00bb27 en s\u00e9rie) , sur 50m haies en 8\u00a0\u00bb56 (8\u00a0\u00bb46 en s\u00e9rie) en saut en hauteur avec 1m30, en longueur avec 4m31 et un score fleuve sur le triathlon avec 118 points ! En minime fille , Man\u00e9a VAJOU est titr\u00e9e en hauteur avec un saut \u00e01m32, Inaya SERI remporte le titre en longueur avec un saut mesur\u00e9 \u00e0 4m24 (3\u00e8me du Triathlon avec 93 points) , H\u00e9lo\u00efse FABRE (L2A53\/USL) termine seconde avec 4m20. Manon MORVAN termine seconde sur 50m en 7\u00a0\u00bb49 (7\u00a0\u00bb54 en s\u00e9rie) , 3\u00e8me sur 50m haies en 9\u00a0\u00bb14 (9\u00a0\u00bb16 en s\u00e9rie) et 3\u00e8me du Triathlon avec 90 points. S\u00e9ri INAYA avec un chrono de 9\u00a0\u00bb00 meilleur temps sur 50 m haies en s\u00e9rie termine 4\u00e8me en finale en 9\u00a0\u00bb22. Chez les benjamins gar\u00e7ons Nolan DUFRESNE a r\u00e9alis\u00e9 un tripl\u00e9 en remportant le titre sur 50m en 7\u00a0\u00bb34 (7\u00a0\u00bb52 en s\u00e9rie) , en hauteur avec un saut \u00e0 1m45 et sur le concours de longueur avec 4m70 (2\u00e8me au poids avec 9m33). Il termine second du triathlon avec 106 points . Jean Bensley MEZIERE (L2A53\/USL) termine 3\u00e8me (7\u00a0\u00bb61 en s\u00e9rie). Ma\u00ebl GODARD prend la seconde place sur le concour s de hauteur avec 1m30. Sur 50m haies , Ma\u00ebl LEBRETON (L2A53\/USL) est champion d\u00e9partemental en 8\u00a0\u00bb65 (8\u00a0\u00bb81 en s\u00e9rie) et second sur le concours de triple saut avec 9m33 (2\u00e8me du triathlon avec 102 points). Chez les minimes gar\u00e7ons, Ronan RIVON r\u00e9alise lui aussi un TRIPLE en \u00e9tant titr\u00e9 sur le concours de hauteur avec 1m65, sur le concours de triple saut avec 11m32 et sur le concours de poids avec 10m46. Il remporte le Triathlon minime avec 103 points Paul VERDON est 3\u00e8me avec 1m40 \u00e0 la hauteur et Flavien TAROT 3\u00e8me au triple saut. Au Meeting de lancers longs \u00e0 RENNES, Cl\u00e9ment TAFFIN, espoir 1ere ann\u00e9e propulse le marteau de 7kg260 \u00e0 34m75. Sur le concours de disque, la junior 1ere ann\u00e9e Valentine LEMONNIER r\u00e9alise 34m48, en exp\u00e9diant l&rsquo;engin d&rsquo;1kg deux fois \u00e0 plus de 33m50 terminant 4\u00e8me du concours et seconde junior en r\u00e9alisant un essai \u00e0 34m48.Merci \u00e0 Loevan VAJOU d&rsquo;avoir offici\u00e9 en tant que jeune juge. Sacha et Sandrine MORIN ont particip\u00e9 au 10km de la tour Eiffel. Sacha a boucl\u00e9 le circuit en 36&rsquo;40 terminant 12\u00e8me de sa cat\u00e9gorie junior<\/p>\n","protected":false},"author":4,"featured_media":6806,"comment_status":"open","ping_status":"closed","sticky":false,"template":"","format":"standard","meta":{"footnotes":""},"categories":[14,15,16],"tags":[],"class_list":["post-6804","post","type-post","status-publish","format-standard","has-post-thumbnail","hentry","category-actualites","category-competition","category-loisirs"],"yoast_head":"<!-- This site is optimized with the Yoast SEO plugin v27.2 - https:\/\/yoast.com\/product\/yoast-seo-wordpress\/ -->\n<title>Les r\u00e9sultats du Week-end pour le L2A53 sur de nombreux fronts athl\u00e9tiques ! - Laval Agglo Athl\u00e9tisme<\/title>\n<meta name=\"robots\" content=\"index, follow, max-snippet:-1, max-image-preview:large, max-video-preview:-1\" \/>\n<link rel=\"canonical\" href=\"https:\/\/www.lavalaggloathle53.fr\/index.php\/2024\/12\/16\/les-resultats-du-week-end-pour-le-l2a53-sur-de-nombreux-fronts-athletiques\/\" \/>\n<meta property=\"og:locale\" content=\"fr_FR\" \/>\n<meta property=\"og:type\" content=\"article\" \/>\n<meta property=\"og:title\" content=\"Les r\u00e9sultats du Week-end pour le L2A53 sur de nombreux fronts athl\u00e9tiques ! - Laval Agglo Athl\u00e9tisme\" \/>\n<meta property=\"og:description\" content=\"Sur le Meeting R\u00e9gional de REDON, les jeunes Lavallois du L2A3 se sont illustr\u00e9s avec de belles promesses enregistr\u00e9e avec la mont\u00e9e en puissance d&rsquo;une nouvelle g\u00e9n\u00e9ration de sprinteurs illustr\u00e9e par la constitution de relais prometteurs &#8230; Chez les f\u00e9minines , c&rsquo;est la jeune cheffe de file No\u00e9mie KIEFFER qui s&rsquo;est le plus illustr\u00e9e en remportant la finale du 60m haies en 9\u00a0\u00bb29 , en r\u00e9alisant le second chrono des cadettes sur 60m plat en 8\u00a0\u00bb18 (2\u00e8me) et en prenant la 4\u00e8me place sur le concours de longueur avec un essai mesur\u00e9 \u00e0 4m94. Emy TRIQUET (cadette) r\u00e9alise \u00e9galement d&rsquo;excellentes perfs alors qu&rsquo;elle n&rsquo;est que d\u00e9butante en athl\u00e9tisme avec un chrono de 8\u00a0\u00bb33 (7\u00e8me) sur 60m et 27\u00a0\u00bb27 (5\u00e8me) sur 200m .Sur la m\u00eame distance , la junior Lalie LE GALLIOT prend la 7\u00e8me place en cat\u00e9gorie junior en 28\u00a0\u00bb43. Apr\u00e8s avoir battu son record perso en salle sur le Meeting de St Brieuc fin novembre avec un saut \u00e0 3m10, Cassandre BOUVET l&rsquo;a emport\u00e9 chez les juniors avec un saut \u00e0 3m01 sur le concours de perche. Belle perf du jeune relais compos\u00e9 de 2 cadettes et 2 juniors de No\u00e9mie KIEFFER, Lalie LE GALLOT, Lola CHIPAUX et Emy TRIQUET qui l&#8217;emporte en toutes cat\u00e9gories en 1&rsquo;55\u00a0\u00bb23 ! Chez les gar\u00e7ons, c&rsquo;est le junior n\u00e9o-stadiste (Ex Athl\u00e9tics Coaching Club Ramonville) Louis BARTHE qui pour sa rentr\u00e9e sur le 60m plat a r\u00e9alis\u00e9 la meilleure perf du Club en l&#8217;emportant dans sa cat\u00e9gorie en 7&rsquo;24 (Record perso) alors que sur le concours de longueur, il a pris la 3\u00e8me place (TTC) avec un saut \u00e0 6m48. Le cadet prometteur Paul TROPEAU-HEISSEREUR, de retour de blessure a r\u00e9alis\u00e9 7&Prime;50 sur 60m plat et 4m93 \u00e0 la longueur devanc\u00e9 par son partenaire de club Maxime COLAS chronom\u00e9tr\u00e9 en 7\u00a0\u00bb44 dans la m\u00eame cat\u00e9gorie. Sur le concours de perche, le senior F\u00e9lix ROUSSEAU a r\u00e9alis\u00e9 le meilleur saut du club avec 4m21, K\u00e9vin MAILLARD 3m71 et Lorenzo GODARD-LOISY 3m76. Sur un relais 4X1tour compos\u00e9 de Paul TROPPEAU-HEISSEREUR, Thomas GOUGEON, Maxime COLLAS et COACH Master Guillaume BOLLAERT , 3\u00e8me place en 1&rsquo;36\u00a0\u00bb53 Nos marcheurs se sont donn\u00e9s rendez-vous au traditionnel Challenge Mario GATTI, ce dimanche 14\/12 sur la piste indoor de RENNES avec des fortunes diverses &#8230; Le jeune Antonin LE BARS pour sa rentr\u00e9e en minime est mont\u00e9 sur le podium avec une 3\u00e8me place sur le 3000m marche en 19&rsquo;48\u00a0\u00bb61 , V\u00e9ronique PIEUX , apr\u00e8s quelques mois d&rsquo;interruption a r\u00e9alis\u00e9e 18&rsquo;2\u00a0\u00bb92. La jeune minime Man\u00e9a VAJOU a d\u00fb interrompre son 3000m suite \u00e0 des soucis de genou. Lors des D\u00e9partementaux U14 et U16 organis\u00e9 par le L2A53 et l&rsquo;US St Berthevin le 14\/12 au Palindrome de LAVAL, nos jeunes pousses se sont distingu\u00e9s avec les titres de la benjamine Anouk VALLIN (L2A53\/USL) qui a survol\u00e9e cette comp\u00e9tition sur 50m en 7\u00a0\u00bb30 (7\u00a0\u00bb27 en s\u00e9rie) , sur 50m haies en 8\u00a0\u00bb56 (8\u00a0\u00bb46 en s\u00e9rie) en saut en hauteur avec 1m30, en longueur avec 4m31 et un score fleuve sur le triathlon avec 118 points ! En minime fille , Man\u00e9a VAJOU est titr\u00e9e en hauteur avec un saut \u00e01m32, Inaya SERI remporte le titre en longueur avec un saut mesur\u00e9 \u00e0 4m24 (3\u00e8me du Triathlon avec 93 points) , H\u00e9lo\u00efse FABRE (L2A53\/USL) termine seconde avec 4m20. Manon MORVAN termine seconde sur 50m en 7\u00a0\u00bb49 (7\u00a0\u00bb54 en s\u00e9rie) , 3\u00e8me sur 50m haies en 9\u00a0\u00bb14 (9\u00a0\u00bb16 en s\u00e9rie) et 3\u00e8me du Triathlon avec 90 points. S\u00e9ri INAYA avec un chrono de 9\u00a0\u00bb00 meilleur temps sur 50 m haies en s\u00e9rie termine 4\u00e8me en finale en 9\u00a0\u00bb22. Chez les benjamins gar\u00e7ons Nolan DUFRESNE a r\u00e9alis\u00e9 un tripl\u00e9 en remportant le titre sur 50m en 7\u00a0\u00bb34 (7\u00a0\u00bb52 en s\u00e9rie) , en hauteur avec un saut \u00e0 1m45 et sur le concours de longueur avec 4m70 (2\u00e8me au poids avec 9m33). Il termine second du triathlon avec 106 points . Jean Bensley MEZIERE (L2A53\/USL) termine 3\u00e8me (7\u00a0\u00bb61 en s\u00e9rie). Ma\u00ebl GODARD prend la seconde place sur le concour s de hauteur avec 1m30. Sur 50m haies , Ma\u00ebl LEBRETON (L2A53\/USL) est champion d\u00e9partemental en 8\u00a0\u00bb65 (8\u00a0\u00bb81 en s\u00e9rie) et second sur le concours de triple saut avec 9m33 (2\u00e8me du triathlon avec 102 points). Chez les minimes gar\u00e7ons, Ronan RIVON r\u00e9alise lui aussi un TRIPLE en \u00e9tant titr\u00e9 sur le concours de hauteur avec 1m65, sur le concours de triple saut avec 11m32 et sur le concours de poids avec 10m46. Il remporte le Triathlon minime avec 103 points Paul VERDON est 3\u00e8me avec 1m40 \u00e0 la hauteur et Flavien TAROT 3\u00e8me au triple saut. Au Meeting de lancers longs \u00e0 RENNES, Cl\u00e9ment TAFFIN, espoir 1ere ann\u00e9e propulse le marteau de 7kg260 \u00e0 34m75. Sur le concours de disque, la junior 1ere ann\u00e9e Valentine LEMONNIER r\u00e9alise 34m48, en exp\u00e9diant l&rsquo;engin d&rsquo;1kg deux fois \u00e0 plus de 33m50 terminant 4\u00e8me du concours et seconde junior en r\u00e9alisant un essai \u00e0 34m48.Merci \u00e0 Loevan VAJOU d&rsquo;avoir offici\u00e9 en tant que jeune juge. Sacha et Sandrine MORIN ont particip\u00e9 au 10km de la tour Eiffel. Sacha a boucl\u00e9 le circuit en 36&rsquo;40 terminant 12\u00e8me de sa cat\u00e9gorie junior\" \/>\n<meta property=\"og:url\" content=\"https:\/\/www.lavalaggloathle53.fr\/index.php\/2024\/12\/16\/les-resultats-du-week-end-pour-le-l2a53-sur-de-nombreux-fronts-athletiques\/\" \/>\n<meta property=\"og:site_name\" content=\"Laval Agglo Athl\u00e9tisme\" \/>\n<meta property=\"article:publisher\" content=\"https:\/\/www.facebook.com\/stadelavalloisathletisme\" \/>\n<meta property=\"article:published_time\" content=\"2024-12-16T15:54:10+00:00\" \/>\n<meta property=\"article:modified_time\" content=\"2024-12-16T19:23:38+00:00\" \/>\n<meta property=\"og:image\" content=\"https:\/\/www.lavalaggloathle53.fr\/wp-content\/uploads\/2024\/12\/IMG-20241215-WA0002_edited.jpg\" \/>\n\t<meta property=\"og:image:width\" content=\"899\" \/>\n\t<meta property=\"og:image:height\" content=\"1599\" \/>\n\t<meta property=\"og:image:type\" content=\"image\/jpeg\" \/>\n<meta name=\"author\" content=\"Pascal BISSON\" \/>\n<meta name=\"twitter:card\" content=\"summary_large_image\" \/>\n<meta name=\"twitter:label1\" content=\"\u00c9crit par\" \/>\n\t<meta name=\"twitter:data1\" content=\"Pascal BISSON\" \/>\n\t<meta name=\"twitter:label2\" content=\"Dur\u00e9e de lecture estim\u00e9e\" \/>\n\t<meta name=\"twitter:data2\" content=\"6 minutes\" \/>\n<script type=\"application\/ld+json\" class=\"yoast-schema-graph\">{\"@context\":\"https:\/\/schema.org\",\"@graph\":[{\"@type\":\"Article\",\"@id\":\"https:\/\/www.lavalaggloathle53.fr\/index.php\/2024\/12\/16\/les-resultats-du-week-end-pour-le-l2a53-sur-de-nombreux-fronts-athletiques\/#article\",\"isPartOf\":{\"@id\":\"https:\/\/www.lavalaggloathle53.fr\/index.php\/2024\/12\/16\/les-resultats-du-week-end-pour-le-l2a53-sur-de-nombreux-fronts-athletiques\/\"},\"author\":{\"name\":\"Pascal BISSON\",\"@id\":\"https:\/\/www.lavalaggloathle53.fr\/#\/schema\/person\/979647d1a9707730d91bfc766caadc0b\"},\"headline\":\"Les r\u00e9sultats du Week-end pour le L2A53 sur de nombreux fronts athl\u00e9tiques !\",\"datePublished\":\"2024-12-16T15:54:10+00:00\",\"dateModified\":\"2024-12-16T19:23:38+00:00\",\"mainEntityOfPage\":{\"@id\":\"https:\/\/www.lavalaggloathle53.fr\/index.php\/2024\/12\/16\/les-resultats-du-week-end-pour-le-l2a53-sur-de-nombreux-fronts-athletiques\/\"},\"wordCount\":890,\"commentCount\":0,\"image\":{\"@id\":\"https:\/\/www.lavalaggloathle53.fr\/index.php\/2024\/12\/16\/les-resultats-du-week-end-pour-le-l2a53-sur-de-nombreux-fronts-athletiques\/#primaryimage\"},\"thumbnailUrl\":\"https:\/\/www.lavalaggloathle53.fr\/wp-content\/uploads\/2024\/12\/IMG-20241215-WA0002_edited.jpg\",\"articleSection\":[\"Actualit\u00e9s\",\"Comp\u00e9tition\",\"Loisirs\"],\"inLanguage\":\"fr-FR\",\"potentialAction\":[{\"@type\":\"CommentAction\",\"name\":\"Comment\",\"target\":[\"https:\/\/www.lavalaggloathle53.fr\/index.php\/2024\/12\/16\/les-resultats-du-week-end-pour-le-l2a53-sur-de-nombreux-fronts-athletiques\/#respond\"]}]},{\"@type\":\"WebPage\",\"@id\":\"https:\/\/www.lavalaggloathle53.fr\/index.php\/2024\/12\/16\/les-resultats-du-week-end-pour-le-l2a53-sur-de-nombreux-fronts-athletiques\/\",\"url\":\"https:\/\/www.lavalaggloathle53.fr\/index.php\/2024\/12\/16\/les-resultats-du-week-end-pour-le-l2a53-sur-de-nombreux-fronts-athletiques\/\",\"name\":\"Les r\u00e9sultats du Week-end pour le L2A53 sur de nombreux fronts athl\u00e9tiques ! - Laval Agglo Athl\u00e9tisme\",\"isPartOf\":{\"@id\":\"https:\/\/www.lavalaggloathle53.fr\/#website\"},\"primaryImageOfPage\":{\"@id\":\"https:\/\/www.lavalaggloathle53.fr\/index.php\/2024\/12\/16\/les-resultats-du-week-end-pour-le-l2a53-sur-de-nombreux-fronts-athletiques\/#primaryimage\"},\"image\":{\"@id\":\"https:\/\/www.lavalaggloathle53.fr\/index.php\/2024\/12\/16\/les-resultats-du-week-end-pour-le-l2a53-sur-de-nombreux-fronts-athletiques\/#primaryimage\"},\"thumbnailUrl\":\"https:\/\/www.lavalaggloathle53.fr\/wp-content\/uploads\/2024\/12\/IMG-20241215-WA0002_edited.jpg\",\"datePublished\":\"2024-12-16T15:54:10+00:00\",\"dateModified\":\"2024-12-16T19:23:38+00:00\",\"author\":{\"@id\":\"https:\/\/www.lavalaggloathle53.fr\/#\/schema\/person\/979647d1a9707730d91bfc766caadc0b\"},\"breadcrumb\":{\"@id\":\"https:\/\/www.lavalaggloathle53.fr\/index.php\/2024\/12\/16\/les-resultats-du-week-end-pour-le-l2a53-sur-de-nombreux-fronts-athletiques\/#breadcrumb\"},\"inLanguage\":\"fr-FR\",\"potentialAction\":[{\"@type\":\"ReadAction\",\"target\":[\"https:\/\/www.lavalaggloathle53.fr\/index.php\/2024\/12\/16\/les-resultats-du-week-end-pour-le-l2a53-sur-de-nombreux-fronts-athletiques\/\"]}]},{\"@type\":\"ImageObject\",\"inLanguage\":\"fr-FR\",\"@id\":\"https:\/\/www.lavalaggloathle53.fr\/index.php\/2024\/12\/16\/les-resultats-du-week-end-pour-le-l2a53-sur-de-nombreux-fronts-athletiques\/#primaryimage\",\"url\":\"https:\/\/www.lavalaggloathle53.fr\/wp-content\/uploads\/2024\/12\/IMG-20241215-WA0002_edited.jpg\",\"contentUrl\":\"https:\/\/www.lavalaggloathle53.fr\/wp-content\/uploads\/2024\/12\/IMG-20241215-WA0002_edited.jpg\",\"width\":899,\"height\":1599},{\"@type\":\"BreadcrumbList\",\"@id\":\"https:\/\/www.lavalaggloathle53.fr\/index.php\/2024\/12\/16\/les-resultats-du-week-end-pour-le-l2a53-sur-de-nombreux-fronts-athletiques\/#breadcrumb\",\"itemListElement\":[{\"@type\":\"ListItem\",\"position\":1,\"name\":\"Accueil\",\"item\":\"https:\/\/www.lavalaggloathle53.fr\/\"},{\"@type\":\"ListItem\",\"position\":2,\"name\":\"Les r\u00e9sultats du Week-end pour le L2A53 sur de nombreux fronts athl\u00e9tiques !\"}]},{\"@type\":\"WebSite\",\"@id\":\"https:\/\/www.lavalaggloathle53.fr\/#website\",\"url\":\"https:\/\/www.lavalaggloathle53.fr\/\",\"name\":\"Laval Agglo Athl\u00e9tisme\",\"description\":\"L&#039;athl\u00e9, un sport pour tous\",\"alternateName\":\"L2A53\",\"potentialAction\":[{\"@type\":\"SearchAction\",\"target\":{\"@type\":\"EntryPoint\",\"urlTemplate\":\"https:\/\/www.lavalaggloathle53.fr\/?s={search_term_string}\"},\"query-input\":{\"@type\":\"PropertyValueSpecification\",\"valueRequired\":true,\"valueName\":\"search_term_string\"}}],\"inLanguage\":\"fr-FR\"},{\"@type\":\"Person\",\"@id\":\"https:\/\/www.lavalaggloathle53.fr\/#\/schema\/person\/979647d1a9707730d91bfc766caadc0b\",\"name\":\"Pascal BISSON\",\"image\":{\"@type\":\"ImageObject\",\"inLanguage\":\"fr-FR\",\"@id\":\"https:\/\/secure.gravatar.com\/avatar\/59596d86ade6d559609912f789f6ddaf324a4bb824fbedeaf0ccebc5c1967658?s=96&d=mm&r=g\",\"url\":\"https:\/\/secure.gravatar.com\/avatar\/59596d86ade6d559609912f789f6ddaf324a4bb824fbedeaf0ccebc5c1967658?s=96&d=mm&r=g\",\"contentUrl\":\"https:\/\/secure.gravatar.com\/avatar\/59596d86ade6d559609912f789f6ddaf324a4bb824fbedeaf0ccebc5c1967658?s=96&d=mm&r=g\",\"caption\":\"Pascal BISSON\"},\"sameAs\":[\"https:\/\/www.lavalaggloathle53.fr\"],\"url\":\"https:\/\/www.lavalaggloathle53.fr\/index.php\/author\/bis53\/\"}]}<\/script>\n<!-- \/ Yoast SEO plugin. -->","yoast_head_json":{"title":"Les r\u00e9sultats du Week-end pour le L2A53 sur de nombreux fronts athl\u00e9tiques ! - Laval Agglo Athl\u00e9tisme","robots":{"index":"index","follow":"follow","max-snippet":"max-snippet:-1","max-image-preview":"max-image-preview:large","max-video-preview":"max-video-preview:-1"},"canonical":"https:\/\/www.lavalaggloathle53.fr\/index.php\/2024\/12\/16\/les-resultats-du-week-end-pour-le-l2a53-sur-de-nombreux-fronts-athletiques\/","og_locale":"fr_FR","og_type":"article","og_title":"Les r\u00e9sultats du Week-end pour le L2A53 sur de nombreux fronts athl\u00e9tiques ! - Laval Agglo Athl\u00e9tisme","og_description":"Sur le Meeting R\u00e9gional de REDON, les jeunes Lavallois du L2A3 se sont illustr\u00e9s avec de belles promesses enregistr\u00e9e avec la mont\u00e9e en puissance d&rsquo;une nouvelle g\u00e9n\u00e9ration de sprinteurs illustr\u00e9e par la constitution de relais prometteurs &#8230; Chez les f\u00e9minines , c&rsquo;est la jeune cheffe de file No\u00e9mie KIEFFER qui s&rsquo;est le plus illustr\u00e9e en remportant la finale du 60m haies en 9\u00a0\u00bb29 , en r\u00e9alisant le second chrono des cadettes sur 60m plat en 8\u00a0\u00bb18 (2\u00e8me) et en prenant la 4\u00e8me place sur le concours de longueur avec un essai mesur\u00e9 \u00e0 4m94. Emy TRIQUET (cadette) r\u00e9alise \u00e9galement d&rsquo;excellentes perfs alors qu&rsquo;elle n&rsquo;est que d\u00e9butante en athl\u00e9tisme avec un chrono de 8\u00a0\u00bb33 (7\u00e8me) sur 60m et 27\u00a0\u00bb27 (5\u00e8me) sur 200m .Sur la m\u00eame distance , la junior Lalie LE GALLIOT prend la 7\u00e8me place en cat\u00e9gorie junior en 28\u00a0\u00bb43. Apr\u00e8s avoir battu son record perso en salle sur le Meeting de St Brieuc fin novembre avec un saut \u00e0 3m10, Cassandre BOUVET l&rsquo;a emport\u00e9 chez les juniors avec un saut \u00e0 3m01 sur le concours de perche. Belle perf du jeune relais compos\u00e9 de 2 cadettes et 2 juniors de No\u00e9mie KIEFFER, Lalie LE GALLOT, Lola CHIPAUX et Emy TRIQUET qui l&#8217;emporte en toutes cat\u00e9gories en 1&rsquo;55\u00a0\u00bb23 ! Chez les gar\u00e7ons, c&rsquo;est le junior n\u00e9o-stadiste (Ex Athl\u00e9tics Coaching Club Ramonville) Louis BARTHE qui pour sa rentr\u00e9e sur le 60m plat a r\u00e9alis\u00e9 la meilleure perf du Club en l&#8217;emportant dans sa cat\u00e9gorie en 7&rsquo;24 (Record perso) alors que sur le concours de longueur, il a pris la 3\u00e8me place (TTC) avec un saut \u00e0 6m48. Le cadet prometteur Paul TROPEAU-HEISSEREUR, de retour de blessure a r\u00e9alis\u00e9 7&Prime;50 sur 60m plat et 4m93 \u00e0 la longueur devanc\u00e9 par son partenaire de club Maxime COLAS chronom\u00e9tr\u00e9 en 7\u00a0\u00bb44 dans la m\u00eame cat\u00e9gorie. Sur le concours de perche, le senior F\u00e9lix ROUSSEAU a r\u00e9alis\u00e9 le meilleur saut du club avec 4m21, K\u00e9vin MAILLARD 3m71 et Lorenzo GODARD-LOISY 3m76. Sur un relais 4X1tour compos\u00e9 de Paul TROPPEAU-HEISSEREUR, Thomas GOUGEON, Maxime COLLAS et COACH Master Guillaume BOLLAERT , 3\u00e8me place en 1&rsquo;36\u00a0\u00bb53 Nos marcheurs se sont donn\u00e9s rendez-vous au traditionnel Challenge Mario GATTI, ce dimanche 14\/12 sur la piste indoor de RENNES avec des fortunes diverses &#8230; Le jeune Antonin LE BARS pour sa rentr\u00e9e en minime est mont\u00e9 sur le podium avec une 3\u00e8me place sur le 3000m marche en 19&rsquo;48\u00a0\u00bb61 , V\u00e9ronique PIEUX , apr\u00e8s quelques mois d&rsquo;interruption a r\u00e9alis\u00e9e 18&rsquo;2\u00a0\u00bb92. La jeune minime Man\u00e9a VAJOU a d\u00fb interrompre son 3000m suite \u00e0 des soucis de genou. Lors des D\u00e9partementaux U14 et U16 organis\u00e9 par le L2A53 et l&rsquo;US St Berthevin le 14\/12 au Palindrome de LAVAL, nos jeunes pousses se sont distingu\u00e9s avec les titres de la benjamine Anouk VALLIN (L2A53\/USL) qui a survol\u00e9e cette comp\u00e9tition sur 50m en 7\u00a0\u00bb30 (7\u00a0\u00bb27 en s\u00e9rie) , sur 50m haies en 8\u00a0\u00bb56 (8\u00a0\u00bb46 en s\u00e9rie) en saut en hauteur avec 1m30, en longueur avec 4m31 et un score fleuve sur le triathlon avec 118 points ! En minime fille , Man\u00e9a VAJOU est titr\u00e9e en hauteur avec un saut \u00e01m32, Inaya SERI remporte le titre en longueur avec un saut mesur\u00e9 \u00e0 4m24 (3\u00e8me du Triathlon avec 93 points) , H\u00e9lo\u00efse FABRE (L2A53\/USL) termine seconde avec 4m20. Manon MORVAN termine seconde sur 50m en 7\u00a0\u00bb49 (7\u00a0\u00bb54 en s\u00e9rie) , 3\u00e8me sur 50m haies en 9\u00a0\u00bb14 (9\u00a0\u00bb16 en s\u00e9rie) et 3\u00e8me du Triathlon avec 90 points. S\u00e9ri INAYA avec un chrono de 9\u00a0\u00bb00 meilleur temps sur 50 m haies en s\u00e9rie termine 4\u00e8me en finale en 9\u00a0\u00bb22. Chez les benjamins gar\u00e7ons Nolan DUFRESNE a r\u00e9alis\u00e9 un tripl\u00e9 en remportant le titre sur 50m en 7\u00a0\u00bb34 (7\u00a0\u00bb52 en s\u00e9rie) , en hauteur avec un saut \u00e0 1m45 et sur le concours de longueur avec 4m70 (2\u00e8me au poids avec 9m33). Il termine second du triathlon avec 106 points . Jean Bensley MEZIERE (L2A53\/USL) termine 3\u00e8me (7\u00a0\u00bb61 en s\u00e9rie). Ma\u00ebl GODARD prend la seconde place sur le concour s de hauteur avec 1m30. Sur 50m haies , Ma\u00ebl LEBRETON (L2A53\/USL) est champion d\u00e9partemental en 8\u00a0\u00bb65 (8\u00a0\u00bb81 en s\u00e9rie) et second sur le concours de triple saut avec 9m33 (2\u00e8me du triathlon avec 102 points). Chez les minimes gar\u00e7ons, Ronan RIVON r\u00e9alise lui aussi un TRIPLE en \u00e9tant titr\u00e9 sur le concours de hauteur avec 1m65, sur le concours de triple saut avec 11m32 et sur le concours de poids avec 10m46. Il remporte le Triathlon minime avec 103 points Paul VERDON est 3\u00e8me avec 1m40 \u00e0 la hauteur et Flavien TAROT 3\u00e8me au triple saut. Au Meeting de lancers longs \u00e0 RENNES, Cl\u00e9ment TAFFIN, espoir 1ere ann\u00e9e propulse le marteau de 7kg260 \u00e0 34m75. Sur le concours de disque, la junior 1ere ann\u00e9e Valentine LEMONNIER r\u00e9alise 34m48, en exp\u00e9diant l&rsquo;engin d&rsquo;1kg deux fois \u00e0 plus de 33m50 terminant 4\u00e8me du concours et seconde junior en r\u00e9alisant un essai \u00e0 34m48.Merci \u00e0 Loevan VAJOU d&rsquo;avoir offici\u00e9 en tant que jeune juge. Sacha et Sandrine MORIN ont particip\u00e9 au 10km de la tour Eiffel. Sacha a boucl\u00e9 le circuit en 36&rsquo;40 terminant 12\u00e8me de sa cat\u00e9gorie junior","og_url":"https:\/\/www.lavalaggloathle53.fr\/index.php\/2024\/12\/16\/les-resultats-du-week-end-pour-le-l2a53-sur-de-nombreux-fronts-athletiques\/","og_site_name":"Laval Agglo Athl\u00e9tisme","article_publisher":"https:\/\/www.facebook.com\/stadelavalloisathletisme","article_published_time":"2024-12-16T15:54:10+00:00","article_modified_time":"2024-12-16T19:23:38+00:00","og_image":[{"width":899,"height":1599,"url":"https:\/\/www.lavalaggloathle53.fr\/wp-content\/uploads\/2024\/12\/IMG-20241215-WA0002_edited.jpg","type":"image\/jpeg"}],"author":"Pascal BISSON","twitter_card":"summary_large_image","twitter_misc":{"\u00c9crit par":"Pascal BISSON","Dur\u00e9e de lecture estim\u00e9e":"6 minutes"},"schema":{"@context":"https:\/\/schema.org","@graph":[{"@type":"Article","@id":"https:\/\/www.lavalaggloathle53.fr\/index.php\/2024\/12\/16\/les-resultats-du-week-end-pour-le-l2a53-sur-de-nombreux-fronts-athletiques\/#article","isPartOf":{"@id":"https:\/\/www.lavalaggloathle53.fr\/index.php\/2024\/12\/16\/les-resultats-du-week-end-pour-le-l2a53-sur-de-nombreux-fronts-athletiques\/"},"author":{"name":"Pascal BISSON","@id":"https:\/\/www.lavalaggloathle53.fr\/#\/schema\/person\/979647d1a9707730d91bfc766caadc0b"},"headline":"Les r\u00e9sultats du Week-end pour le L2A53 sur de nombreux fronts athl\u00e9tiques !","datePublished":"2024-12-16T15:54:10+00:00","dateModified":"2024-12-16T19:23:38+00:00","mainEntityOfPage":{"@id":"https:\/\/www.lavalaggloathle53.fr\/index.php\/2024\/12\/16\/les-resultats-du-week-end-pour-le-l2a53-sur-de-nombreux-fronts-athletiques\/"},"wordCount":890,"commentCount":0,"image":{"@id":"https:\/\/www.lavalaggloathle53.fr\/index.php\/2024\/12\/16\/les-resultats-du-week-end-pour-le-l2a53-sur-de-nombreux-fronts-athletiques\/#primaryimage"},"thumbnailUrl":"https:\/\/www.lavalaggloathle53.fr\/wp-content\/uploads\/2024\/12\/IMG-20241215-WA0002_edited.jpg","articleSection":["Actualit\u00e9s","Comp\u00e9tition","Loisirs"],"inLanguage":"fr-FR","potentialAction":[{"@type":"CommentAction","name":"Comment","target":["https:\/\/www.lavalaggloathle53.fr\/index.php\/2024\/12\/16\/les-resultats-du-week-end-pour-le-l2a53-sur-de-nombreux-fronts-athletiques\/#respond"]}]},{"@type":"WebPage","@id":"https:\/\/www.lavalaggloathle53.fr\/index.php\/2024\/12\/16\/les-resultats-du-week-end-pour-le-l2a53-sur-de-nombreux-fronts-athletiques\/","url":"https:\/\/www.lavalaggloathle53.fr\/index.php\/2024\/12\/16\/les-resultats-du-week-end-pour-le-l2a53-sur-de-nombreux-fronts-athletiques\/","name":"Les r\u00e9sultats du Week-end pour le L2A53 sur de nombreux fronts athl\u00e9tiques ! - Laval Agglo Athl\u00e9tisme","isPartOf":{"@id":"https:\/\/www.lavalaggloathle53.fr\/#website"},"primaryImageOfPage":{"@id":"https:\/\/www.lavalaggloathle53.fr\/index.php\/2024\/12\/16\/les-resultats-du-week-end-pour-le-l2a53-sur-de-nombreux-fronts-athletiques\/#primaryimage"},"image":{"@id":"https:\/\/www.lavalaggloathle53.fr\/index.php\/2024\/12\/16\/les-resultats-du-week-end-pour-le-l2a53-sur-de-nombreux-fronts-athletiques\/#primaryimage"},"thumbnailUrl":"https:\/\/www.lavalaggloathle53.fr\/wp-content\/uploads\/2024\/12\/IMG-20241215-WA0002_edited.jpg","datePublished":"2024-12-16T15:54:10+00:00","dateModified":"2024-12-16T19:23:38+00:00","author":{"@id":"https:\/\/www.lavalaggloathle53.fr\/#\/schema\/person\/979647d1a9707730d91bfc766caadc0b"},"breadcrumb":{"@id":"https:\/\/www.lavalaggloathle53.fr\/index.php\/2024\/12\/16\/les-resultats-du-week-end-pour-le-l2a53-sur-de-nombreux-fronts-athletiques\/#breadcrumb"},"inLanguage":"fr-FR","potentialAction":[{"@type":"ReadAction","target":["https:\/\/www.lavalaggloathle53.fr\/index.php\/2024\/12\/16\/les-resultats-du-week-end-pour-le-l2a53-sur-de-nombreux-fronts-athletiques\/"]}]},{"@type":"ImageObject","inLanguage":"fr-FR","@id":"https:\/\/www.lavalaggloathle53.fr\/index.php\/2024\/12\/16\/les-resultats-du-week-end-pour-le-l2a53-sur-de-nombreux-fronts-athletiques\/#primaryimage","url":"https:\/\/www.lavalaggloathle53.fr\/wp-content\/uploads\/2024\/12\/IMG-20241215-WA0002_edited.jpg","contentUrl":"https:\/\/www.lavalaggloathle53.fr\/wp-content\/uploads\/2024\/12\/IMG-20241215-WA0002_edited.jpg","width":899,"height":1599},{"@type":"BreadcrumbList","@id":"https:\/\/www.lavalaggloathle53.fr\/index.php\/2024\/12\/16\/les-resultats-du-week-end-pour-le-l2a53-sur-de-nombreux-fronts-athletiques\/#breadcrumb","itemListElement":[{"@type":"ListItem","position":1,"name":"Accueil","item":"https:\/\/www.lavalaggloathle53.fr\/"},{"@type":"ListItem","position":2,"name":"Les r\u00e9sultats du Week-end pour le L2A53 sur de nombreux fronts athl\u00e9tiques !"}]},{"@type":"WebSite","@id":"https:\/\/www.lavalaggloathle53.fr\/#website","url":"https:\/\/www.lavalaggloathle53.fr\/","name":"Laval Agglo Athl\u00e9tisme","description":"L&#039;athl\u00e9, un sport pour tous","alternateName":"L2A53","potentialAction":[{"@type":"SearchAction","target":{"@type":"EntryPoint","urlTemplate":"https:\/\/www.lavalaggloathle53.fr\/?s={search_term_string}"},"query-input":{"@type":"PropertyValueSpecification","valueRequired":true,"valueName":"search_term_string"}}],"inLanguage":"fr-FR"},{"@type":"Person","@id":"https:\/\/www.lavalaggloathle53.fr\/#\/schema\/person\/979647d1a9707730d91bfc766caadc0b","name":"Pascal BISSON","image":{"@type":"ImageObject","inLanguage":"fr-FR","@id":"https:\/\/secure.gravatar.com\/avatar\/59596d86ade6d559609912f789f6ddaf324a4bb824fbedeaf0ccebc5c1967658?s=96&d=mm&r=g","url":"https:\/\/secure.gravatar.com\/avatar\/59596d86ade6d559609912f789f6ddaf324a4bb824fbedeaf0ccebc5c1967658?s=96&d=mm&r=g","contentUrl":"https:\/\/secure.gravatar.com\/avatar\/59596d86ade6d559609912f789f6ddaf324a4bb824fbedeaf0ccebc5c1967658?s=96&d=mm&r=g","caption":"Pascal BISSON"},"sameAs":["https:\/\/www.lavalaggloathle53.fr"],"url":"https:\/\/www.lavalaggloathle53.fr\/index.php\/author\/bis53\/"}]}},"_links":{"self":[{"href":"https:\/\/www.lavalaggloathle53.fr\/index.php\/wp-json\/wp\/v2\/posts\/6804","targetHints":{"allow":["GET"]}}],"collection":[{"href":"https:\/\/www.lavalaggloathle53.fr\/index.php\/wp-json\/wp\/v2\/posts"}],"about":[{"href":"https:\/\/www.lavalaggloathle53.fr\/index.php\/wp-json\/wp\/v2\/types\/post"}],"author":[{"embeddable":true,"href":"https:\/\/www.lavalaggloathle53.fr\/index.php\/wp-json\/wp\/v2\/users\/4"}],"replies":[{"embeddable":true,"href":"https:\/\/www.lavalaggloathle53.fr\/index.php\/wp-json\/wp\/v2\/comments?post=6804"}],"version-history":[{"count":6,"href":"https:\/\/www.lavalaggloathle53.fr\/index.php\/wp-json\/wp\/v2\/posts\/6804\/revisions"}],"predecessor-version":[{"id":6850,"href":"https:\/\/www.lavalaggloathle53.fr\/index.php\/wp-json\/wp\/v2\/posts\/6804\/revisions\/6850"}],"wp:featuredmedia":[{"embeddable":true,"href":"https:\/\/www.lavalaggloathle53.fr\/index.php\/wp-json\/wp\/v2\/media\/6806"}],"wp:attachment":[{"href":"https:\/\/www.lavalaggloathle53.fr\/index.php\/wp-json\/wp\/v2\/media?parent=6804"}],"wp:term":[{"taxonomy":"category","embeddable":true,"href":"https:\/\/www.lavalaggloathle53.fr\/index.php\/wp-json\/wp\/v2\/categories?post=6804"},{"taxonomy":"post_tag","embeddable":true,"href":"https:\/\/www.lavalaggloathle53.fr\/index.php\/wp-json\/wp\/v2\/tags?post=6804"}],"curies":[{"name":"wp","href":"https:\/\/api.w.org\/{rel}","templated":true}]}}