{"id":6797,"date":"2024-12-13T15:16:38","date_gmt":"2024-12-13T14:16:38","guid":{"rendered":"https:\/\/www.lavalaggloathle53.fr\/?p=6797"},"modified":"2024-12-13T15:21:44","modified_gmt":"2024-12-13T14:21:44","slug":"les","status":"publish","type":"post","link":"https:\/\/www.lavalaggloathle53.fr\/index.php\/2024\/12\/13\/les\/","title":{"rendered":"Les Championnats D\u00e9partementaux U14-U16"},"content":{"rendered":"\t\t<div data-elementor-type=\"wp-post\" data-elementor-id=\"6797\" class=\"elementor elementor-6797\">\n\t\t\t\t\t\t<section class=\"elementor-section elementor-top-section elementor-element elementor-element-33dab1d elementor-section-boxed elementor-section-height-default elementor-section-height-default wpr-particle-no wpr-jarallax-no wpr-parallax-no wpr-sticky-section-no wpr-equal-height-no\" data-id=\"33dab1d\" data-element_type=\"section\" data-e-type=\"section\">\n\t\t\t\t\t\t<div class=\"elementor-container elementor-column-gap-default\">\n\t\t\t\t\t<div class=\"elementor-column elementor-col-100 elementor-top-column elementor-element elementor-element-83bf78a\" data-id=\"83bf78a\" data-element_type=\"column\" data-e-type=\"column\">\n\t\t\t<div class=\"elementor-widget-wrap elementor-element-populated\">\n\t\t\t\t\t\t<div class=\"elementor-element elementor-element-499ae61 elementor-widget elementor-widget-heading\" data-id=\"499ae61\" data-element_type=\"widget\" data-e-type=\"widget\" data-widget_type=\"heading.default\">\n\t\t\t\t<div class=\"elementor-widget-container\">\n\t\t\t\t\t<h2 class=\"elementor-heading-title elementor-size-default\">Les Championnats D\u00e9partementaux U14-U16<\/h2>\t\t\t\t<\/div>\n\t\t\t\t<\/div>\n\t\t\t\t\t<\/div>\n\t\t<\/div>\n\t\t\t\t\t<\/div>\n\t\t<\/section>\n\t\t\t\t<section class=\"elementor-section elementor-top-section elementor-element elementor-element-69a3199 elementor-section-boxed elementor-section-height-default elementor-section-height-default wpr-particle-no wpr-jarallax-no wpr-parallax-no wpr-sticky-section-no wpr-equal-height-no\" data-id=\"69a3199\" data-element_type=\"section\" data-e-type=\"section\">\n\t\t\t\t\t\t<div class=\"elementor-container elementor-column-gap-default\">\n\t\t\t\t\t<div class=\"elementor-column elementor-col-100 elementor-top-column elementor-element elementor-element-6924379\" data-id=\"6924379\" data-element_type=\"column\" data-e-type=\"column\">\n\t\t\t<div class=\"elementor-widget-wrap elementor-element-populated\">\n\t\t\t\t\t\t<div class=\"elementor-element elementor-element-abf3017 elementor-widget elementor-widget-text-editor\" data-id=\"abf3017\" data-element_type=\"widget\" data-e-type=\"widget\" data-widget_type=\"text-editor.default\">\n\t\t\t\t<div class=\"elementor-widget-container\">\n\t\t\t\t\t\t\t\t\t<p>\u00c0 l&rsquo;approche des Championnats D\u00e9partementaux U14-U16, un article du journal local se penche sur les principaux favoris dans les diff\u00e9rentes \u00e9preuves. Qui sont les athl\u00e8tes \u00e0 suivre et quelles sont les surprises possibles ? Le journal analyse les forces en pr\u00e9sence, et parmi elles, les membres du L2A53 qui comptent bien d\u00e9fier les pronostics.<br \/>Avec une d\u00e9termination sans faille, nos athl\u00e8tes sont pr\u00eats \u00e0 <strong>tout donner<\/strong> pour viser la victoire. D\u00e9couvrez cet article et plongez au c\u0153ur des enjeux de cette comp\u00e9tition cruciale pour notre club !<\/p>\t\t\t\t\t\t\t\t<\/div>\n\t\t\t\t<\/div>\n\t\t\t\t\t<\/div>\n\t\t<\/div>\n\t\t\t\t\t<\/div>\n\t\t<\/section>\n\t\t\t\t<section class=\"elementor-section elementor-top-section elementor-element elementor-element-b00f248 elementor-section-boxed elementor-section-height-default elementor-section-height-default wpr-particle-no wpr-jarallax-no wpr-parallax-no wpr-sticky-section-no wpr-equal-height-no\" data-id=\"b00f248\" data-element_type=\"section\" data-e-type=\"section\">\n\t\t\t\t\t\t<div class=\"elementor-container elementor-column-gap-default\">\n\t\t\t\t\t<div class=\"elementor-column elementor-col-100 elementor-top-column elementor-element elementor-element-161ab41\" data-id=\"161ab41\" data-element_type=\"column\" data-e-type=\"column\">\n\t\t\t<div class=\"elementor-widget-wrap elementor-element-populated\">\n\t\t\t\t\t\t<div class=\"elementor-element elementor-element-b5151c6 elementor-widget elementor-widget-image\" data-id=\"b5151c6\" data-element_type=\"widget\" data-e-type=\"widget\" data-widget_type=\"image.default\">\n\t\t\t\t<div class=\"elementor-widget-container\">\n\t\t\t\t\t\t\t\t\t\t\t\t\t\t\t<img fetchpriority=\"high\" decoding=\"async\" width=\"1016\" height=\"1024\" src=\"https:\/\/www.lavalaggloathle53.fr\/wp-content\/uploads\/2024\/12\/CM-12.12.2024-Dept-salle-BE-MI-1016x1024.jpg\" class=\"attachment-large size-large wp-image-6798\" alt=\"\" srcset=\"https:\/\/www.lavalaggloathle53.fr\/wp-content\/uploads\/2024\/12\/CM-12.12.2024-Dept-salle-BE-MI-1016x1024.jpg 1016w, https:\/\/www.lavalaggloathle53.fr\/wp-content\/uploads\/2024\/12\/CM-12.12.2024-Dept-salle-BE-MI-298x300.jpg 298w, https:\/\/www.lavalaggloathle53.fr\/wp-content\/uploads\/2024\/12\/CM-12.12.2024-Dept-salle-BE-MI-150x150.jpg 150w, https:\/\/www.lavalaggloathle53.fr\/wp-content\/uploads\/2024\/12\/CM-12.12.2024-Dept-salle-BE-MI-768x774.jpg 768w, https:\/\/www.lavalaggloathle53.fr\/wp-content\/uploads\/2024\/12\/CM-12.12.2024-Dept-salle-BE-MI-1525x1536.jpg 1525w, https:\/\/www.lavalaggloathle53.fr\/wp-content\/uploads\/2024\/12\/CM-12.12.2024-Dept-salle-BE-MI.jpg 1883w\" sizes=\"(max-width: 1016px) 100vw, 1016px\" \/>\t\t\t\t\t\t\t\t\t\t\t\t\t\t\t<\/div>\n\t\t\t\t<\/div>\n\t\t\t\t\t<\/div>\n\t\t<\/div>\n\t\t\t\t\t<\/div>\n\t\t<\/section>\n\t\t\t\t<\/div>\n\t\t","protected":false},"excerpt":{"rendered":"<p>Les Championnats D\u00e9partementaux U14-U16 \u00c0 l&rsquo;approche des Championnats D\u00e9partementaux U14-U16, un article du journal local se penche sur les principaux favoris dans les diff\u00e9rentes \u00e9preuves. Qui sont les athl\u00e8tes \u00e0 suivre et quelles sont les surprises possibles ? Le journal analyse les forces en pr\u00e9sence, et parmi elles, les membres du L2A53 qui comptent bien d\u00e9fier les pronostics.Avec une d\u00e9termination sans faille, nos athl\u00e8tes sont pr\u00eats \u00e0 tout donner pour viser la victoire. D\u00e9couvrez cet article et plongez au c\u0153ur des enjeux de cette comp\u00e9tition cruciale pour notre club !<\/p>\n","protected":false},"author":8,"featured_media":6798,"comment_status":"open","ping_status":"closed","sticky":false,"template":"","format":"standard","meta":{"footnotes":""},"categories":[14,15],"tags":[],"class_list":["post-6797","post","type-post","status-publish","format-standard","has-post-thumbnail","hentry","category-actualites","category-competition"],"yoast_head":"<!-- This site is optimized with the Yoast SEO plugin v27.2 - https:\/\/yoast.com\/product\/yoast-seo-wordpress\/ -->\n<title>Les Championnats D\u00e9partementaux U14-U16 - Laval Agglo Athl\u00e9tisme<\/title>\n<meta name=\"robots\" content=\"index, follow, max-snippet:-1, max-image-preview:large, max-video-preview:-1\" \/>\n<link rel=\"canonical\" href=\"https:\/\/www.lavalaggloathle53.fr\/index.php\/2024\/12\/13\/les\/\" \/>\n<meta property=\"og:locale\" content=\"fr_FR\" \/>\n<meta property=\"og:type\" content=\"article\" \/>\n<meta property=\"og:title\" content=\"Les Championnats D\u00e9partementaux U14-U16 - Laval Agglo Athl\u00e9tisme\" \/>\n<meta property=\"og:description\" content=\"Les Championnats D\u00e9partementaux U14-U16 \u00c0 l&rsquo;approche des Championnats D\u00e9partementaux U14-U16, un article du journal local se penche sur les principaux favoris dans les diff\u00e9rentes \u00e9preuves. Qui sont les athl\u00e8tes \u00e0 suivre et quelles sont les surprises possibles ? Le journal analyse les forces en pr\u00e9sence, et parmi elles, les membres du L2A53 qui comptent bien d\u00e9fier les pronostics.Avec une d\u00e9termination sans faille, nos athl\u00e8tes sont pr\u00eats \u00e0 tout donner pour viser la victoire. D\u00e9couvrez cet article et plongez au c\u0153ur des enjeux de cette comp\u00e9tition cruciale pour notre club !\" \/>\n<meta property=\"og:url\" content=\"https:\/\/www.lavalaggloathle53.fr\/index.php\/2024\/12\/13\/les\/\" \/>\n<meta property=\"og:site_name\" content=\"Laval Agglo Athl\u00e9tisme\" \/>\n<meta property=\"article:publisher\" content=\"https:\/\/www.facebook.com\/stadelavalloisathletisme\" \/>\n<meta property=\"article:published_time\" content=\"2024-12-13T14:16:38+00:00\" \/>\n<meta property=\"article:modified_time\" content=\"2024-12-13T14:21:44+00:00\" \/>\n<meta property=\"og:image\" content=\"https:\/\/www.lavalaggloathle53.fr\/wp-content\/uploads\/2024\/12\/CM-12.12.2024-Dept-salle-BE-MI.jpg\" \/>\n\t<meta property=\"og:image:width\" content=\"1883\" \/>\n\t<meta property=\"og:image:height\" content=\"1897\" \/>\n\t<meta property=\"og:image:type\" content=\"image\/jpeg\" \/>\n<meta name=\"author\" content=\"Camille GALIVEL\" \/>\n<meta name=\"twitter:card\" content=\"summary_large_image\" \/>\n<meta name=\"twitter:label1\" content=\"\u00c9crit par\" \/>\n\t<meta name=\"twitter:data1\" content=\"Camille GALIVEL\" \/>\n\t<meta name=\"twitter:label2\" content=\"Dur\u00e9e de lecture estim\u00e9e\" \/>\n\t<meta name=\"twitter:data2\" content=\"1 minute\" \/>\n<script type=\"application\/ld+json\" class=\"yoast-schema-graph\">{\"@context\":\"https:\/\/schema.org\",\"@graph\":[{\"@type\":\"Article\",\"@id\":\"https:\/\/www.lavalaggloathle53.fr\/index.php\/2024\/12\/13\/les\/#article\",\"isPartOf\":{\"@id\":\"https:\/\/www.lavalaggloathle53.fr\/index.php\/2024\/12\/13\/les\/\"},\"author\":{\"name\":\"Camille GALIVEL\",\"@id\":\"https:\/\/www.lavalaggloathle53.fr\/#\/schema\/person\/ea03532061644a36510fe6d42809611d\"},\"headline\":\"Les Championnats D\u00e9partementaux U14-U16\",\"datePublished\":\"2024-12-13T14:16:38+00:00\",\"dateModified\":\"2024-12-13T14:21:44+00:00\",\"mainEntityOfPage\":{\"@id\":\"https:\/\/www.lavalaggloathle53.fr\/index.php\/2024\/12\/13\/les\/\"},\"wordCount\":108,\"commentCount\":0,\"image\":{\"@id\":\"https:\/\/www.lavalaggloathle53.fr\/index.php\/2024\/12\/13\/les\/#primaryimage\"},\"thumbnailUrl\":\"https:\/\/www.lavalaggloathle53.fr\/wp-content\/uploads\/2024\/12\/CM-12.12.2024-Dept-salle-BE-MI.jpg\",\"articleSection\":[\"Actualit\u00e9s\",\"Comp\u00e9tition\"],\"inLanguage\":\"fr-FR\",\"potentialAction\":[{\"@type\":\"CommentAction\",\"name\":\"Comment\",\"target\":[\"https:\/\/www.lavalaggloathle53.fr\/index.php\/2024\/12\/13\/les\/#respond\"]}]},{\"@type\":\"WebPage\",\"@id\":\"https:\/\/www.lavalaggloathle53.fr\/index.php\/2024\/12\/13\/les\/\",\"url\":\"https:\/\/www.lavalaggloathle53.fr\/index.php\/2024\/12\/13\/les\/\",\"name\":\"Les Championnats D\u00e9partementaux U14-U16 - Laval Agglo Athl\u00e9tisme\",\"isPartOf\":{\"@id\":\"https:\/\/www.lavalaggloathle53.fr\/#website\"},\"primaryImageOfPage\":{\"@id\":\"https:\/\/www.lavalaggloathle53.fr\/index.php\/2024\/12\/13\/les\/#primaryimage\"},\"image\":{\"@id\":\"https:\/\/www.lavalaggloathle53.fr\/index.php\/2024\/12\/13\/les\/#primaryimage\"},\"thumbnailUrl\":\"https:\/\/www.lavalaggloathle53.fr\/wp-content\/uploads\/2024\/12\/CM-12.12.2024-Dept-salle-BE-MI.jpg\",\"datePublished\":\"2024-12-13T14:16:38+00:00\",\"dateModified\":\"2024-12-13T14:21:44+00:00\",\"author\":{\"@id\":\"https:\/\/www.lavalaggloathle53.fr\/#\/schema\/person\/ea03532061644a36510fe6d42809611d\"},\"breadcrumb\":{\"@id\":\"https:\/\/www.lavalaggloathle53.fr\/index.php\/2024\/12\/13\/les\/#breadcrumb\"},\"inLanguage\":\"fr-FR\",\"potentialAction\":[{\"@type\":\"ReadAction\",\"target\":[\"https:\/\/www.lavalaggloathle53.fr\/index.php\/2024\/12\/13\/les\/\"]}]},{\"@type\":\"ImageObject\",\"inLanguage\":\"fr-FR\",\"@id\":\"https:\/\/www.lavalaggloathle53.fr\/index.php\/2024\/12\/13\/les\/#primaryimage\",\"url\":\"https:\/\/www.lavalaggloathle53.fr\/wp-content\/uploads\/2024\/12\/CM-12.12.2024-Dept-salle-BE-MI.jpg\",\"contentUrl\":\"https:\/\/www.lavalaggloathle53.fr\/wp-content\/uploads\/2024\/12\/CM-12.12.2024-Dept-salle-BE-MI.jpg\",\"width\":1883,\"height\":1897},{\"@type\":\"BreadcrumbList\",\"@id\":\"https:\/\/www.lavalaggloathle53.fr\/index.php\/2024\/12\/13\/les\/#breadcrumb\",\"itemListElement\":[{\"@type\":\"ListItem\",\"position\":1,\"name\":\"Accueil\",\"item\":\"https:\/\/www.lavalaggloathle53.fr\/\"},{\"@type\":\"ListItem\",\"position\":2,\"name\":\"Les Championnats D\u00e9partementaux U14-U16\"}]},{\"@type\":\"WebSite\",\"@id\":\"https:\/\/www.lavalaggloathle53.fr\/#website\",\"url\":\"https:\/\/www.lavalaggloathle53.fr\/\",\"name\":\"Laval Agglo Athl\u00e9tisme\",\"description\":\"L&#039;athl\u00e9, un sport pour tous\",\"alternateName\":\"L2A53\",\"potentialAction\":[{\"@type\":\"SearchAction\",\"target\":{\"@type\":\"EntryPoint\",\"urlTemplate\":\"https:\/\/www.lavalaggloathle53.fr\/?s={search_term_string}\"},\"query-input\":{\"@type\":\"PropertyValueSpecification\",\"valueRequired\":true,\"valueName\":\"search_term_string\"}}],\"inLanguage\":\"fr-FR\"},{\"@type\":\"Person\",\"@id\":\"https:\/\/www.lavalaggloathle53.fr\/#\/schema\/person\/ea03532061644a36510fe6d42809611d\",\"name\":\"Camille GALIVEL\",\"image\":{\"@type\":\"ImageObject\",\"inLanguage\":\"fr-FR\",\"@id\":\"https:\/\/secure.gravatar.com\/avatar\/7ecf494fbcf21ecdc486d5f4eac36f3c4191cb92e215e24d31685b27a9cf8651?s=96&d=mm&r=g\",\"url\":\"https:\/\/secure.gravatar.com\/avatar\/7ecf494fbcf21ecdc486d5f4eac36f3c4191cb92e215e24d31685b27a9cf8651?s=96&d=mm&r=g\",\"contentUrl\":\"https:\/\/secure.gravatar.com\/avatar\/7ecf494fbcf21ecdc486d5f4eac36f3c4191cb92e215e24d31685b27a9cf8651?s=96&d=mm&r=g\",\"caption\":\"Camille GALIVEL\"},\"url\":\"https:\/\/www.lavalaggloathle53.fr\/index.php\/author\/camille_adm\/\"}]}<\/script>\n<!-- \/ Yoast SEO plugin. -->","yoast_head_json":{"title":"Les Championnats D\u00e9partementaux U14-U16 - Laval Agglo Athl\u00e9tisme","robots":{"index":"index","follow":"follow","max-snippet":"max-snippet:-1","max-image-preview":"max-image-preview:large","max-video-preview":"max-video-preview:-1"},"canonical":"https:\/\/www.lavalaggloathle53.fr\/index.php\/2024\/12\/13\/les\/","og_locale":"fr_FR","og_type":"article","og_title":"Les Championnats D\u00e9partementaux U14-U16 - Laval Agglo Athl\u00e9tisme","og_description":"Les Championnats D\u00e9partementaux U14-U16 \u00c0 l&rsquo;approche des Championnats D\u00e9partementaux U14-U16, un article du journal local se penche sur les principaux favoris dans les diff\u00e9rentes \u00e9preuves. Qui sont les athl\u00e8tes \u00e0 suivre et quelles sont les surprises possibles ? Le journal analyse les forces en pr\u00e9sence, et parmi elles, les membres du L2A53 qui comptent bien d\u00e9fier les pronostics.Avec une d\u00e9termination sans faille, nos athl\u00e8tes sont pr\u00eats \u00e0 tout donner pour viser la victoire. D\u00e9couvrez cet article et plongez au c\u0153ur des enjeux de cette comp\u00e9tition cruciale pour notre club !","og_url":"https:\/\/www.lavalaggloathle53.fr\/index.php\/2024\/12\/13\/les\/","og_site_name":"Laval Agglo Athl\u00e9tisme","article_publisher":"https:\/\/www.facebook.com\/stadelavalloisathletisme","article_published_time":"2024-12-13T14:16:38+00:00","article_modified_time":"2024-12-13T14:21:44+00:00","og_image":[{"width":1883,"height":1897,"url":"https:\/\/www.lavalaggloathle53.fr\/wp-content\/uploads\/2024\/12\/CM-12.12.2024-Dept-salle-BE-MI.jpg","type":"image\/jpeg"}],"author":"Camille GALIVEL","twitter_card":"summary_large_image","twitter_misc":{"\u00c9crit par":"Camille GALIVEL","Dur\u00e9e de lecture estim\u00e9e":"1 minute"},"schema":{"@context":"https:\/\/schema.org","@graph":[{"@type":"Article","@id":"https:\/\/www.lavalaggloathle53.fr\/index.php\/2024\/12\/13\/les\/#article","isPartOf":{"@id":"https:\/\/www.lavalaggloathle53.fr\/index.php\/2024\/12\/13\/les\/"},"author":{"name":"Camille GALIVEL","@id":"https:\/\/www.lavalaggloathle53.fr\/#\/schema\/person\/ea03532061644a36510fe6d42809611d"},"headline":"Les Championnats D\u00e9partementaux U14-U16","datePublished":"2024-12-13T14:16:38+00:00","dateModified":"2024-12-13T14:21:44+00:00","mainEntityOfPage":{"@id":"https:\/\/www.lavalaggloathle53.fr\/index.php\/2024\/12\/13\/les\/"},"wordCount":108,"commentCount":0,"image":{"@id":"https:\/\/www.lavalaggloathle53.fr\/index.php\/2024\/12\/13\/les\/#primaryimage"},"thumbnailUrl":"https:\/\/www.lavalaggloathle53.fr\/wp-content\/uploads\/2024\/12\/CM-12.12.2024-Dept-salle-BE-MI.jpg","articleSection":["Actualit\u00e9s","Comp\u00e9tition"],"inLanguage":"fr-FR","potentialAction":[{"@type":"CommentAction","name":"Comment","target":["https:\/\/www.lavalaggloathle53.fr\/index.php\/2024\/12\/13\/les\/#respond"]}]},{"@type":"WebPage","@id":"https:\/\/www.lavalaggloathle53.fr\/index.php\/2024\/12\/13\/les\/","url":"https:\/\/www.lavalaggloathle53.fr\/index.php\/2024\/12\/13\/les\/","name":"Les Championnats D\u00e9partementaux U14-U16 - Laval Agglo Athl\u00e9tisme","isPartOf":{"@id":"https:\/\/www.lavalaggloathle53.fr\/#website"},"primaryImageOfPage":{"@id":"https:\/\/www.lavalaggloathle53.fr\/index.php\/2024\/12\/13\/les\/#primaryimage"},"image":{"@id":"https:\/\/www.lavalaggloathle53.fr\/index.php\/2024\/12\/13\/les\/#primaryimage"},"thumbnailUrl":"https:\/\/www.lavalaggloathle53.fr\/wp-content\/uploads\/2024\/12\/CM-12.12.2024-Dept-salle-BE-MI.jpg","datePublished":"2024-12-13T14:16:38+00:00","dateModified":"2024-12-13T14:21:44+00:00","author":{"@id":"https:\/\/www.lavalaggloathle53.fr\/#\/schema\/person\/ea03532061644a36510fe6d42809611d"},"breadcrumb":{"@id":"https:\/\/www.lavalaggloathle53.fr\/index.php\/2024\/12\/13\/les\/#breadcrumb"},"inLanguage":"fr-FR","potentialAction":[{"@type":"ReadAction","target":["https:\/\/www.lavalaggloathle53.fr\/index.php\/2024\/12\/13\/les\/"]}]},{"@type":"ImageObject","inLanguage":"fr-FR","@id":"https:\/\/www.lavalaggloathle53.fr\/index.php\/2024\/12\/13\/les\/#primaryimage","url":"https:\/\/www.lavalaggloathle53.fr\/wp-content\/uploads\/2024\/12\/CM-12.12.2024-Dept-salle-BE-MI.jpg","contentUrl":"https:\/\/www.lavalaggloathle53.fr\/wp-content\/uploads\/2024\/12\/CM-12.12.2024-Dept-salle-BE-MI.jpg","width":1883,"height":1897},{"@type":"BreadcrumbList","@id":"https:\/\/www.lavalaggloathle53.fr\/index.php\/2024\/12\/13\/les\/#breadcrumb","itemListElement":[{"@type":"ListItem","position":1,"name":"Accueil","item":"https:\/\/www.lavalaggloathle53.fr\/"},{"@type":"ListItem","position":2,"name":"Les Championnats D\u00e9partementaux U14-U16"}]},{"@type":"WebSite","@id":"https:\/\/www.lavalaggloathle53.fr\/#website","url":"https:\/\/www.lavalaggloathle53.fr\/","name":"Laval Agglo Athl\u00e9tisme","description":"L&#039;athl\u00e9, un sport pour tous","alternateName":"L2A53","potentialAction":[{"@type":"SearchAction","target":{"@type":"EntryPoint","urlTemplate":"https:\/\/www.lavalaggloathle53.fr\/?s={search_term_string}"},"query-input":{"@type":"PropertyValueSpecification","valueRequired":true,"valueName":"search_term_string"}}],"inLanguage":"fr-FR"},{"@type":"Person","@id":"https:\/\/www.lavalaggloathle53.fr\/#\/schema\/person\/ea03532061644a36510fe6d42809611d","name":"Camille GALIVEL","image":{"@type":"ImageObject","inLanguage":"fr-FR","@id":"https:\/\/secure.gravatar.com\/avatar\/7ecf494fbcf21ecdc486d5f4eac36f3c4191cb92e215e24d31685b27a9cf8651?s=96&d=mm&r=g","url":"https:\/\/secure.gravatar.com\/avatar\/7ecf494fbcf21ecdc486d5f4eac36f3c4191cb92e215e24d31685b27a9cf8651?s=96&d=mm&r=g","contentUrl":"https:\/\/secure.gravatar.com\/avatar\/7ecf494fbcf21ecdc486d5f4eac36f3c4191cb92e215e24d31685b27a9cf8651?s=96&d=mm&r=g","caption":"Camille GALIVEL"},"url":"https:\/\/www.lavalaggloathle53.fr\/index.php\/author\/camille_adm\/"}]}},"_links":{"self":[{"href":"https:\/\/www.lavalaggloathle53.fr\/index.php\/wp-json\/wp\/v2\/posts\/6797","targetHints":{"allow":["GET"]}}],"collection":[{"href":"https:\/\/www.lavalaggloathle53.fr\/index.php\/wp-json\/wp\/v2\/posts"}],"about":[{"href":"https:\/\/www.lavalaggloathle53.fr\/index.php\/wp-json\/wp\/v2\/types\/post"}],"author":[{"embeddable":true,"href":"https:\/\/www.lavalaggloathle53.fr\/index.php\/wp-json\/wp\/v2\/users\/8"}],"replies":[{"embeddable":true,"href":"https:\/\/www.lavalaggloathle53.fr\/index.php\/wp-json\/wp\/v2\/comments?post=6797"}],"version-history":[{"count":4,"href":"https:\/\/www.lavalaggloathle53.fr\/index.php\/wp-json\/wp\/v2\/posts\/6797\/revisions"}],"predecessor-version":[{"id":6802,"href":"https:\/\/www.lavalaggloathle53.fr\/index.php\/wp-json\/wp\/v2\/posts\/6797\/revisions\/6802"}],"wp:featuredmedia":[{"embeddable":true,"href":"https:\/\/www.lavalaggloathle53.fr\/index.php\/wp-json\/wp\/v2\/media\/6798"}],"wp:attachment":[{"href":"https:\/\/www.lavalaggloathle53.fr\/index.php\/wp-json\/wp\/v2\/media?parent=6797"}],"wp:term":[{"taxonomy":"category","embeddable":true,"href":"https:\/\/www.lavalaggloathle53.fr\/index.php\/wp-json\/wp\/v2\/categories?post=6797"},{"taxonomy":"post_tag","embeddable":true,"href":"https:\/\/www.lavalaggloathle53.fr\/index.php\/wp-json\/wp\/v2\/tags?post=6797"}],"curies":[{"name":"wp","href":"https:\/\/api.w.org\/{rel}","templated":true}]}}