{"id":6655,"date":"2024-12-01T18:50:30","date_gmt":"2024-12-01T17:50:30","guid":{"rendered":"https:\/\/www.lavalaggloathle53.fr\/?p=6655"},"modified":"2024-12-06T07:01:14","modified_gmt":"2024-12-06T06:01:14","slug":"triple-pour-le-l2a53-sla-sur-les-championnats-de-relais-mixte-et-de-cross-court-ce-week-end","status":"publish","type":"post","link":"https:\/\/www.lavalaggloathle53.fr\/index.php\/2024\/12\/01\/triple-pour-le-l2a53-sla-sur-les-championnats-de-relais-mixte-et-de-cross-court-ce-week-end\/","title":{"rendered":"TRIPLE pour le L2A53\/SLA sur les championnats de relais Mixte et de cross court ce week-end !!!"},"content":{"rendered":"\n<figure class=\"wp-block-image size-large is-resized\"><img fetchpriority=\"high\" decoding=\"async\" width=\"1024\" height=\"673\" src=\"https:\/\/www.lavalaggloathle53.fr\/wp-content\/uploads\/2024\/12\/Chpt-Cross-relais-mixte-01-12-2024-LAVAL-3-1-1024x673.jpg\" alt=\"\" class=\"wp-image-6659\" style=\"width:840px;height:auto\" srcset=\"https:\/\/www.lavalaggloathle53.fr\/wp-content\/uploads\/2024\/12\/Chpt-Cross-relais-mixte-01-12-2024-LAVAL-3-1-1024x673.jpg 1024w, https:\/\/www.lavalaggloathle53.fr\/wp-content\/uploads\/2024\/12\/Chpt-Cross-relais-mixte-01-12-2024-LAVAL-3-1-300x197.jpg 300w, https:\/\/www.lavalaggloathle53.fr\/wp-content\/uploads\/2024\/12\/Chpt-Cross-relais-mixte-01-12-2024-LAVAL-3-1-768x505.jpg 768w, https:\/\/www.lavalaggloathle53.fr\/wp-content\/uploads\/2024\/12\/Chpt-Cross-relais-mixte-01-12-2024-LAVAL-3-1.jpg 1301w\" sizes=\"(max-width: 1024px) 100vw, 1024px\" \/><\/figure>\n\n\n\n<p>Week-end tr\u00e8s prolifique pour les athl\u00e8tes du L2A53\/SLA qui l&rsquo;ont emport\u00e9 sur toutes les courses majeures lors du <strong>Championnat de la MAYENNE  de RELAIS  MIXTE<\/strong> avec la victoire en 27&rsquo;30 sur les 7700m du parcours samedi de l&rsquo;\u00e9quipe emmen\u00e9e par <strong>B\u00e9renger CHAUVIN <\/strong>accompagn\u00e9 de  <strong>Laurine TOUTIN<\/strong> , <strong>Quentin GEHAN<\/strong> et <strong>B\u00e9r\u00e9nice LERIOUX<\/strong> devant l&rsquo;\u00e9quipe de <strong>No\u00e9 ROUTHIAU<\/strong> accompagn\u00e9 par <strong>Laurine BEUCHER<\/strong>, <strong>Gwendal POUSSEREAU<\/strong> et <strong>Camille LEON<\/strong> en 27&rsquo;51, l&rsquo;EANM terminant en 3\u00e8me position.<\/p>\n\n\n\n<p>Chez les U14\/U16 , c&rsquo;est l&rsquo;\u00e9quipe de l&rsquo;UPAC emmen\u00e9e par Elies LAMY qui l&rsquo;a emport\u00e9 devant celle du <strong>L2A53 <\/strong>de <strong>Valentin BALOCHE<\/strong> , <strong>Manon MORVAN<\/strong>, <strong>Cl\u00e9ment MOLTON<\/strong> et <strong>Ana\u00eblle LE STUNFF<\/strong>.<\/p>\n\n\n\n<p>Chez les U18\/U20, c&rsquo;est l&rsquo;\u00e9quipe de l&rsquo;EANM emmen\u00e9e par Jules CAILLERE qui l&#8217;emporte devant une \u00e9quipe du L2A53 compos\u00e9e de <strong>Rose ANSQUER<\/strong>, <strong>Gaspard HUNAULT,<\/strong> <strong>Lilou CHAPELLE<\/strong> et <strong>Luc BUFFART<\/strong><\/p>\n\n\n\n<figure class=\"wp-block-image size-large\"><img decoding=\"async\" width=\"870\" height=\"1024\" src=\"https:\/\/www.lavalaggloathle53.fr\/wp-content\/uploads\/2024\/12\/Chpt-Cross-Court-01-12-2024-LAVAL-11-1-870x1024.jpg\" alt=\"\" class=\"wp-image-6661\" srcset=\"https:\/\/www.lavalaggloathle53.fr\/wp-content\/uploads\/2024\/12\/Chpt-Cross-Court-01-12-2024-LAVAL-11-1-870x1024.jpg 870w, https:\/\/www.lavalaggloathle53.fr\/wp-content\/uploads\/2024\/12\/Chpt-Cross-Court-01-12-2024-LAVAL-11-1-255x300.jpg 255w, https:\/\/www.lavalaggloathle53.fr\/wp-content\/uploads\/2024\/12\/Chpt-Cross-Court-01-12-2024-LAVAL-11-1-768x904.jpg 768w, https:\/\/www.lavalaggloathle53.fr\/wp-content\/uploads\/2024\/12\/Chpt-Cross-Court-01-12-2024-LAVAL-11-1.jpg 1019w\" sizes=\"(max-width: 870px) 100vw, 870px\" \/><\/figure>\n\n\n\n<figure class=\"wp-block-image size-large is-resized\"><img decoding=\"async\" width=\"682\" height=\"1024\" src=\"https:\/\/www.lavalaggloathle53.fr\/wp-content\/uploads\/2024\/12\/Chpt-Cross-Court-01-12-2024-LAVAL-15-682x1024.jpg\" alt=\"\" class=\"wp-image-6663\" style=\"width:840px;height:auto\" srcset=\"https:\/\/www.lavalaggloathle53.fr\/wp-content\/uploads\/2024\/12\/Chpt-Cross-Court-01-12-2024-LAVAL-15-682x1024.jpg 682w, https:\/\/www.lavalaggloathle53.fr\/wp-content\/uploads\/2024\/12\/Chpt-Cross-Court-01-12-2024-LAVAL-15-200x300.jpg 200w, https:\/\/www.lavalaggloathle53.fr\/wp-content\/uploads\/2024\/12\/Chpt-Cross-Court-01-12-2024-LAVAL-15-768x1153.jpg 768w, https:\/\/www.lavalaggloathle53.fr\/wp-content\/uploads\/2024\/12\/Chpt-Cross-Court-01-12-2024-LAVAL-15-1023x1536.jpg 1023w, https:\/\/www.lavalaggloathle53.fr\/wp-content\/uploads\/2024\/12\/Chpt-Cross-Court-01-12-2024-LAVAL-15.jpg 1066w\" sizes=\"(max-width: 682px) 100vw, 682px\" \/><\/figure>\n\n\n\n<figure class=\"wp-block-image size-large\"><img loading=\"lazy\" decoding=\"async\" width=\"1024\" height=\"833\" src=\"https:\/\/www.lavalaggloathle53.fr\/wp-content\/uploads\/2024\/12\/Chpt-Cross-Court-01-12-2024-LAVAL-10-1024x833.jpg\" alt=\"\" class=\"wp-image-6668\" srcset=\"https:\/\/www.lavalaggloathle53.fr\/wp-content\/uploads\/2024\/12\/Chpt-Cross-Court-01-12-2024-LAVAL-10-1024x833.jpg 1024w, https:\/\/www.lavalaggloathle53.fr\/wp-content\/uploads\/2024\/12\/Chpt-Cross-Court-01-12-2024-LAVAL-10-300x244.jpg 300w, https:\/\/www.lavalaggloathle53.fr\/wp-content\/uploads\/2024\/12\/Chpt-Cross-Court-01-12-2024-LAVAL-10-768x624.jpg 768w, https:\/\/www.lavalaggloathle53.fr\/wp-content\/uploads\/2024\/12\/Chpt-Cross-Court-01-12-2024-LAVAL-10.jpg 1027w\" sizes=\"(max-width: 1024px) 100vw, 1024px\" \/><\/figure>\n\n\n\n<figure class=\"wp-block-image size-large\"><img loading=\"lazy\" decoding=\"async\" width=\"1024\" height=\"720\" src=\"https:\/\/www.lavalaggloathle53.fr\/wp-content\/uploads\/2024\/12\/Art-Laval-Agglo-domine-les-relais-mixte-O-F-30-11-2024-1024x720.jpg\" alt=\"\" class=\"wp-image-6723\" srcset=\"https:\/\/www.lavalaggloathle53.fr\/wp-content\/uploads\/2024\/12\/Art-Laval-Agglo-domine-les-relais-mixte-O-F-30-11-2024-1024x720.jpg 1024w, https:\/\/www.lavalaggloathle53.fr\/wp-content\/uploads\/2024\/12\/Art-Laval-Agglo-domine-les-relais-mixte-O-F-30-11-2024-300x211.jpg 300w, https:\/\/www.lavalaggloathle53.fr\/wp-content\/uploads\/2024\/12\/Art-Laval-Agglo-domine-les-relais-mixte-O-F-30-11-2024-768x540.jpg 768w, https:\/\/www.lavalaggloathle53.fr\/wp-content\/uploads\/2024\/12\/Art-Laval-Agglo-domine-les-relais-mixte-O-F-30-11-2024-1536x1080.jpg 1536w, https:\/\/www.lavalaggloathle53.fr\/wp-content\/uploads\/2024\/12\/Art-Laval-Agglo-domine-les-relais-mixte-O-F-30-11-2024.jpg 1771w\" sizes=\"(max-width: 1024px) 100vw, 1024px\" \/><\/figure>\n\n\n\n<p>Superbes Mano \u00e0 mano dans les 2 courses du <strong>CHAMPIONNAT de la MAYENNE de CROSS COURT<\/strong> avec tout d&rsquo;abord chez les f\u00e9minines une course ind\u00e9cise jusqu&rsquo;au bout avec sur la bosse finale du parcours de 3850m , une belle victoire au sprint de la n\u00e9o stadiste Laurine TOUTIN (Ex Stade Brestois) devant l&rsquo;espoir de l&rsquo;EANM No\u00e9mie GERAULT et sa soeur M\u00e9linda.<\/p>\n\n\n\n<p>Par \u00e9quipe c&rsquo;est l&rsquo;EANM qui l&#8217;emporte avec 25 points devant  l&rsquo;\u00e9quipe du L2A53 avec Laurine TOUTIN, Laurine BEUCHER 6\u00e8me au scratch , Ninon COLLIER 13\u00e8me et Floria MASSIRE 15\u00e8me.<\/p>\n\n\n\n<figure class=\"wp-block-image size-large is-resized\"><img loading=\"lazy\" decoding=\"async\" width=\"833\" height=\"1024\" src=\"https:\/\/www.lavalaggloathle53.fr\/wp-content\/uploads\/2024\/12\/Chpt-Cross-Court-01-12-2024-LAVAL-13-833x1024.jpg\" alt=\"\" class=\"wp-image-6662\" style=\"width:834px;height:auto\" srcset=\"https:\/\/www.lavalaggloathle53.fr\/wp-content\/uploads\/2024\/12\/Chpt-Cross-Court-01-12-2024-LAVAL-13-833x1024.jpg 833w, https:\/\/www.lavalaggloathle53.fr\/wp-content\/uploads\/2024\/12\/Chpt-Cross-Court-01-12-2024-LAVAL-13-244x300.jpg 244w, https:\/\/www.lavalaggloathle53.fr\/wp-content\/uploads\/2024\/12\/Chpt-Cross-Court-01-12-2024-LAVAL-13-768x944.jpg 768w, https:\/\/www.lavalaggloathle53.fr\/wp-content\/uploads\/2024\/12\/Chpt-Cross-Court-01-12-2024-LAVAL-13.jpg 941w\" sizes=\"(max-width: 833px) 100vw, 833px\" \/><\/figure>\n\n\n\n<figure class=\"wp-block-image size-large\"><img loading=\"lazy\" decoding=\"async\" width=\"713\" height=\"1024\" src=\"https:\/\/www.lavalaggloathle53.fr\/wp-content\/uploads\/2024\/12\/Chpt-Cross-Court-01-12-2024-LAVAL-12-713x1024.jpg\" alt=\"\" class=\"wp-image-6660\" srcset=\"https:\/\/www.lavalaggloathle53.fr\/wp-content\/uploads\/2024\/12\/Chpt-Cross-Court-01-12-2024-LAVAL-12-713x1024.jpg 713w, https:\/\/www.lavalaggloathle53.fr\/wp-content\/uploads\/2024\/12\/Chpt-Cross-Court-01-12-2024-LAVAL-12-209x300.jpg 209w, https:\/\/www.lavalaggloathle53.fr\/wp-content\/uploads\/2024\/12\/Chpt-Cross-Court-01-12-2024-LAVAL-12-768x1103.jpg 768w, https:\/\/www.lavalaggloathle53.fr\/wp-content\/uploads\/2024\/12\/Chpt-Cross-Court-01-12-2024-LAVAL-12.jpg 945w\" sizes=\"(max-width: 713px) 100vw, 713px\" \/><\/figure>\n\n\n\n<p>Sur le championnat de la Mayenne en cat\u00e9gorie Espoir\/senior\/Master , la bataille a \u00e9t\u00e9 intense entre les deux athl\u00e8tes du L2A53\/SLA <strong>B\u00e9renger CHAUVIN<\/strong> , <strong>No\u00e9 ROUTHIAU<\/strong> et Quentin CORNU de l&rsquo;IPP. Si Quentin CORNU a l\u00e2ch\u00e9 \u00e0 mi course, le duo de t\u00eate compos\u00e9 du champion de la Mayenne en titre B\u00e9renger CHAUVIN et du pr\u00e9tendant en titre No\u00e9 ROUTHIAU a tenu ses promesses jusqu&rsquo;au bout de ce parcours roulant mais rendu boueux avec la succession de courses. L\u00e0 aussi, la course se sera jou\u00e9e sur l&#8217;emballage final avec une acc\u00e9l\u00e9ration fatale de No\u00e9 ROUTHIAU dans les 300 derniers m\u00e8tres pour d\u00e9crocher son camarade de Club B\u00e9renger CHAUVIN qui, apr\u00e8s l&rsquo;arriv\u00e9e s&rsquo;avouait vaincu avec beaucoup de Fair-play, mettant en avant la pointe de vitesse de No\u00e9 sur le final ! Ce premier titre d\u00e9partemental pour <strong>No\u00e9 ROUTHIAU<\/strong> r\u00e9compense la r\u00e9gularit\u00e9 de cet athl\u00e8te tout au long de la saison notamment sur 5000m piste (14&rsquo;31 en Juillet 2024). Avec une \u00e9quipe qui avait fi\u00e8re allure au d\u00e9part , le L2A53 avec plusieurs athl\u00e8tes plut\u00f4t sp\u00e9cialistes des distances courtes dont <strong>Gwendal POUSSEREAU<\/strong> et <strong>Quentin GEHAN<\/strong> respectivement 4\u00e8me et 7\u00e8me au scratch l&rsquo;a emport\u00e9 assez facilement sur l&rsquo;EANM avec un total de 14 pts. L&rsquo;\u00e9quipe 2 du L2A53 termine 3\u00e8me avec Henri GUILLON (N\u00e9o-stadiste), Guillaume STASSE, Gw\u00e9na\u00ebl TALOUR et Adrien LEFEVRE.<\/p>\n\n\n\n<figure class=\"wp-block-image size-large\"><img loading=\"lazy\" decoding=\"async\" width=\"935\" height=\"1024\" src=\"https:\/\/www.lavalaggloathle53.fr\/wp-content\/uploads\/2024\/12\/Chpt-Cross-Court-01-12-2024-LAVAL-7-935x1024.jpg\" alt=\"\" class=\"wp-image-6664\" srcset=\"https:\/\/www.lavalaggloathle53.fr\/wp-content\/uploads\/2024\/12\/Chpt-Cross-Court-01-12-2024-LAVAL-7-935x1024.jpg 935w, https:\/\/www.lavalaggloathle53.fr\/wp-content\/uploads\/2024\/12\/Chpt-Cross-Court-01-12-2024-LAVAL-7-274x300.jpg 274w, https:\/\/www.lavalaggloathle53.fr\/wp-content\/uploads\/2024\/12\/Chpt-Cross-Court-01-12-2024-LAVAL-7-768x841.jpg 768w, https:\/\/www.lavalaggloathle53.fr\/wp-content\/uploads\/2024\/12\/Chpt-Cross-Court-01-12-2024-LAVAL-7.jpg 1035w\" sizes=\"(max-width: 935px) 100vw, 935px\" \/><\/figure>\n\n\n\n<figure class=\"wp-block-image size-large\"><img loading=\"lazy\" decoding=\"async\" width=\"1024\" height=\"682\" src=\"https:\/\/www.lavalaggloathle53.fr\/wp-content\/uploads\/2024\/12\/Chpt-Cross-Court-01-12-2024-LAVAL-8-1024x682.jpg\" alt=\"\" class=\"wp-image-6665\" srcset=\"https:\/\/www.lavalaggloathle53.fr\/wp-content\/uploads\/2024\/12\/Chpt-Cross-Court-01-12-2024-LAVAL-8-1024x682.jpg 1024w, https:\/\/www.lavalaggloathle53.fr\/wp-content\/uploads\/2024\/12\/Chpt-Cross-Court-01-12-2024-LAVAL-8-300x200.jpg 300w, https:\/\/www.lavalaggloathle53.fr\/wp-content\/uploads\/2024\/12\/Chpt-Cross-Court-01-12-2024-LAVAL-8-768x512.jpg 768w, https:\/\/www.lavalaggloathle53.fr\/wp-content\/uploads\/2024\/12\/Chpt-Cross-Court-01-12-2024-LAVAL-8-1536x1023.jpg 1536w, https:\/\/www.lavalaggloathle53.fr\/wp-content\/uploads\/2024\/12\/Chpt-Cross-Court-01-12-2024-LAVAL-8.jpg 1600w\" sizes=\"(max-width: 1024px) 100vw, 1024px\" \/><\/figure>\n\n\n\n<figure class=\"wp-block-image size-large\"><img loading=\"lazy\" decoding=\"async\" width=\"682\" height=\"1024\" src=\"https:\/\/www.lavalaggloathle53.fr\/wp-content\/uploads\/2024\/12\/Chpt-Cross-Court-01-12-2024-LAVAL-14-682x1024.jpg\" alt=\"\" class=\"wp-image-6666\" srcset=\"https:\/\/www.lavalaggloathle53.fr\/wp-content\/uploads\/2024\/12\/Chpt-Cross-Court-01-12-2024-LAVAL-14-682x1024.jpg 682w, https:\/\/www.lavalaggloathle53.fr\/wp-content\/uploads\/2024\/12\/Chpt-Cross-Court-01-12-2024-LAVAL-14-200x300.jpg 200w, https:\/\/www.lavalaggloathle53.fr\/wp-content\/uploads\/2024\/12\/Chpt-Cross-Court-01-12-2024-LAVAL-14-768x1153.jpg 768w, https:\/\/www.lavalaggloathle53.fr\/wp-content\/uploads\/2024\/12\/Chpt-Cross-Court-01-12-2024-LAVAL-14-1023x1536.jpg 1023w, https:\/\/www.lavalaggloathle53.fr\/wp-content\/uploads\/2024\/12\/Chpt-Cross-Court-01-12-2024-LAVAL-14.jpg 1066w\" sizes=\"(max-width: 682px) 100vw, 682px\" \/><\/figure>\n\n\n\n<figure class=\"wp-block-image size-large\"><img loading=\"lazy\" decoding=\"async\" width=\"701\" height=\"1024\" src=\"https:\/\/www.lavalaggloathle53.fr\/wp-content\/uploads\/2024\/12\/Art-Beau-double-du-L2A53-comme-prevu-O-F-01-12-2024-701x1024.jpg\" alt=\"\" class=\"wp-image-6710\" srcset=\"https:\/\/www.lavalaggloathle53.fr\/wp-content\/uploads\/2024\/12\/Art-Beau-double-du-L2A53-comme-prevu-O-F-01-12-2024-701x1024.jpg 701w, https:\/\/www.lavalaggloathle53.fr\/wp-content\/uploads\/2024\/12\/Art-Beau-double-du-L2A53-comme-prevu-O-F-01-12-2024-205x300.jpg 205w, https:\/\/www.lavalaggloathle53.fr\/wp-content\/uploads\/2024\/12\/Art-Beau-double-du-L2A53-comme-prevu-O-F-01-12-2024-768x1122.jpg 768w, https:\/\/www.lavalaggloathle53.fr\/wp-content\/uploads\/2024\/12\/Art-Beau-double-du-L2A53-comme-prevu-O-F-01-12-2024.jpg 889w\" sizes=\"(max-width: 701px) 100vw, 701px\" \/><\/figure>\n\n\n\n<figure class=\"wp-block-image size-large\"><img loading=\"lazy\" decoding=\"async\" width=\"1024\" height=\"709\" src=\"https:\/\/www.lavalaggloathle53.fr\/wp-content\/uploads\/2024\/12\/Cross-court-Lot-Cliche-2-5-1024x709.jpg\" alt=\"\" class=\"wp-image-6673\" srcset=\"https:\/\/www.lavalaggloathle53.fr\/wp-content\/uploads\/2024\/12\/Cross-court-Lot-Cliche-2-5-1024x709.jpg 1024w, https:\/\/www.lavalaggloathle53.fr\/wp-content\/uploads\/2024\/12\/Cross-court-Lot-Cliche-2-5-300x208.jpg 300w, https:\/\/www.lavalaggloathle53.fr\/wp-content\/uploads\/2024\/12\/Cross-court-Lot-Cliche-2-5-768x532.jpg 768w, https:\/\/www.lavalaggloathle53.fr\/wp-content\/uploads\/2024\/12\/Cross-court-Lot-Cliche-2-5-1536x1063.jpg 1536w, https:\/\/www.lavalaggloathle53.fr\/wp-content\/uploads\/2024\/12\/Cross-court-Lot-Cliche-2-5.jpg 1579w\" sizes=\"(max-width: 1024px) 100vw, 1024px\" \/><\/figure>\n\n\n\n<p><em><strong>Grand MERCI<\/strong> \u00e0 toute l&rsquo;\u00e9quipe des BENEVOLES du CLUB et plus particuli\u00e8rement aux nouveaux venus sur cette saison 2023\/2024 en ce qui concerne la famille VAJOU de Meslay du Maine et \u00e0 son jeune photographe Lo\u00ebvan auteur de quasiment tous les clich\u00e9s ci-dessus &#8230; <\/em><strong><em>Prochainement,  une s\u00e9lection des meilleurs clich\u00e9s sur la galerie <\/em><\/strong><em><strong>de ce site<\/strong> et sur la plateforme du CLUB \u00ab\u00a0<strong>SPORTS REGIONS<\/strong>\u00a0\u00bb <\/em><\/p>\n\n\n\n<p><\/p>\n","protected":false},"excerpt":{"rendered":"<p>Week-end tr\u00e8s prolifique pour les athl\u00e8tes du L2A53\/SLA qui l&rsquo;ont emport\u00e9 sur toutes les courses majeures lors du Championnat de la MAYENNE de RELAIS MIXTE avec la victoire en 27&rsquo;30 sur les 7700m du parcours samedi de l&rsquo;\u00e9quipe emmen\u00e9e par B\u00e9renger CHAUVIN accompagn\u00e9 de Laurine TOUTIN , Quentin GEHAN et B\u00e9r\u00e9nice LERIOUX devant l&rsquo;\u00e9quipe de No\u00e9 ROUTHIAU accompagn\u00e9 par Laurine BEUCHER, Gwendal POUSSEREAU et Camille LEON en 27&rsquo;51, l&rsquo;EANM terminant en 3\u00e8me position. Chez les U14\/U16 , c&rsquo;est l&rsquo;\u00e9quipe de l&rsquo;UPAC emmen\u00e9e par Elies LAMY qui l&rsquo;a emport\u00e9 devant celle du L2A53 de Valentin BALOCHE , Manon MORVAN, Cl\u00e9ment MOLTON et Ana\u00eblle LE STUNFF. Chez les U18\/U20, c&rsquo;est l&rsquo;\u00e9quipe de l&rsquo;EANM emmen\u00e9e par Jules CAILLERE qui l&#8217;emporte devant une \u00e9quipe du L2A53 compos\u00e9e de Rose ANSQUER, Gaspard HUNAULT, Lilou CHAPELLE et Luc BUFFART Superbes Mano \u00e0 mano dans les 2 courses du CHAMPIONNAT de la MAYENNE de CROSS COURT avec tout d&rsquo;abord chez les f\u00e9minines une course ind\u00e9cise jusqu&rsquo;au bout avec sur la bosse finale du parcours de 3850m , une belle victoire au sprint de la n\u00e9o stadiste Laurine TOUTIN (Ex Stade Brestois) devant l&rsquo;espoir de l&rsquo;EANM No\u00e9mie GERAULT et sa soeur M\u00e9linda. Par \u00e9quipe c&rsquo;est l&rsquo;EANM qui l&#8217;emporte avec 25 points devant l&rsquo;\u00e9quipe du L2A53 avec Laurine TOUTIN, Laurine BEUCHER 6\u00e8me au scratch , Ninon COLLIER 13\u00e8me et Floria MASSIRE 15\u00e8me. Sur le championnat de la Mayenne en cat\u00e9gorie Espoir\/senior\/Master , la bataille a \u00e9t\u00e9 intense entre les deux athl\u00e8tes du L2A53\/SLA B\u00e9renger CHAUVIN , No\u00e9 ROUTHIAU et Quentin CORNU de l&rsquo;IPP. Si Quentin CORNU a l\u00e2ch\u00e9 \u00e0 mi course, le duo de t\u00eate compos\u00e9 du champion de la Mayenne en titre B\u00e9renger CHAUVIN et du pr\u00e9tendant en titre No\u00e9 ROUTHIAU a tenu ses promesses jusqu&rsquo;au bout de ce parcours roulant mais rendu boueux avec la succession de courses. L\u00e0 aussi, la course se sera jou\u00e9e sur l&#8217;emballage final avec une acc\u00e9l\u00e9ration fatale de No\u00e9 ROUTHIAU dans les 300 derniers m\u00e8tres pour d\u00e9crocher son camarade de Club B\u00e9renger CHAUVIN qui, apr\u00e8s l&rsquo;arriv\u00e9e s&rsquo;avouait vaincu avec beaucoup de Fair-play, mettant en avant la pointe de vitesse de No\u00e9 sur le final ! Ce premier titre d\u00e9partemental pour No\u00e9 ROUTHIAU r\u00e9compense la r\u00e9gularit\u00e9 de cet athl\u00e8te tout au long de la saison notamment sur 5000m piste (14&rsquo;31 en Juillet 2024). Avec une \u00e9quipe qui avait fi\u00e8re allure au d\u00e9part , le L2A53 avec plusieurs athl\u00e8tes plut\u00f4t sp\u00e9cialistes des distances courtes dont Gwendal POUSSEREAU et Quentin GEHAN respectivement 4\u00e8me et 7\u00e8me au scratch l&rsquo;a emport\u00e9 assez facilement sur l&rsquo;EANM avec un total de 14 pts. L&rsquo;\u00e9quipe 2 du L2A53 termine 3\u00e8me avec Henri GUILLON (N\u00e9o-stadiste), Guillaume STASSE, Gw\u00e9na\u00ebl TALOUR et Adrien LEFEVRE. Grand MERCI \u00e0 toute l&rsquo;\u00e9quipe des BENEVOLES du CLUB et plus particuli\u00e8rement aux nouveaux venus sur cette saison 2023\/2024 en ce qui concerne la famille VAJOU de Meslay du Maine et \u00e0 son jeune photographe Lo\u00ebvan auteur de quasiment tous les clich\u00e9s ci-dessus &#8230; Prochainement, une s\u00e9lection des meilleurs clich\u00e9s sur la galerie de ce site et sur la plateforme du CLUB \u00ab\u00a0SPORTS REGIONS\u00a0\u00bb<\/p>\n","protected":false},"author":4,"featured_media":6660,"comment_status":"open","ping_status":"closed","sticky":false,"template":"","format":"standard","meta":{"footnotes":""},"categories":[14,15,16],"tags":[],"class_list":["post-6655","post","type-post","status-publish","format-standard","has-post-thumbnail","hentry","category-actualites","category-competition","category-loisirs"],"yoast_head":"<!-- This site is optimized with the Yoast SEO plugin v27.2 - https:\/\/yoast.com\/product\/yoast-seo-wordpress\/ -->\n<title>TRIPLE pour le L2A53\/SLA sur les championnats de relais Mixte et de cross court ce week-end !!! - Laval Agglo Athl\u00e9tisme<\/title>\n<meta name=\"robots\" content=\"index, follow, max-snippet:-1, max-image-preview:large, max-video-preview:-1\" \/>\n<link rel=\"canonical\" href=\"https:\/\/www.lavalaggloathle53.fr\/index.php\/2024\/12\/01\/triple-pour-le-l2a53-sla-sur-les-championnats-de-relais-mixte-et-de-cross-court-ce-week-end\/\" \/>\n<meta property=\"og:locale\" content=\"fr_FR\" \/>\n<meta property=\"og:type\" content=\"article\" \/>\n<meta property=\"og:title\" content=\"TRIPLE pour le L2A53\/SLA sur les championnats de relais Mixte et de cross court ce week-end !!! - Laval Agglo Athl\u00e9tisme\" \/>\n<meta property=\"og:description\" content=\"Week-end tr\u00e8s prolifique pour les athl\u00e8tes du L2A53\/SLA qui l&rsquo;ont emport\u00e9 sur toutes les courses majeures lors du Championnat de la MAYENNE de RELAIS MIXTE avec la victoire en 27&rsquo;30 sur les 7700m du parcours samedi de l&rsquo;\u00e9quipe emmen\u00e9e par B\u00e9renger CHAUVIN accompagn\u00e9 de Laurine TOUTIN , Quentin GEHAN et B\u00e9r\u00e9nice LERIOUX devant l&rsquo;\u00e9quipe de No\u00e9 ROUTHIAU accompagn\u00e9 par Laurine BEUCHER, Gwendal POUSSEREAU et Camille LEON en 27&rsquo;51, l&rsquo;EANM terminant en 3\u00e8me position. Chez les U14\/U16 , c&rsquo;est l&rsquo;\u00e9quipe de l&rsquo;UPAC emmen\u00e9e par Elies LAMY qui l&rsquo;a emport\u00e9 devant celle du L2A53 de Valentin BALOCHE , Manon MORVAN, Cl\u00e9ment MOLTON et Ana\u00eblle LE STUNFF. Chez les U18\/U20, c&rsquo;est l&rsquo;\u00e9quipe de l&rsquo;EANM emmen\u00e9e par Jules CAILLERE qui l&#8217;emporte devant une \u00e9quipe du L2A53 compos\u00e9e de Rose ANSQUER, Gaspard HUNAULT, Lilou CHAPELLE et Luc BUFFART Superbes Mano \u00e0 mano dans les 2 courses du CHAMPIONNAT de la MAYENNE de CROSS COURT avec tout d&rsquo;abord chez les f\u00e9minines une course ind\u00e9cise jusqu&rsquo;au bout avec sur la bosse finale du parcours de 3850m , une belle victoire au sprint de la n\u00e9o stadiste Laurine TOUTIN (Ex Stade Brestois) devant l&rsquo;espoir de l&rsquo;EANM No\u00e9mie GERAULT et sa soeur M\u00e9linda. Par \u00e9quipe c&rsquo;est l&rsquo;EANM qui l&#8217;emporte avec 25 points devant l&rsquo;\u00e9quipe du L2A53 avec Laurine TOUTIN, Laurine BEUCHER 6\u00e8me au scratch , Ninon COLLIER 13\u00e8me et Floria MASSIRE 15\u00e8me. Sur le championnat de la Mayenne en cat\u00e9gorie Espoir\/senior\/Master , la bataille a \u00e9t\u00e9 intense entre les deux athl\u00e8tes du L2A53\/SLA B\u00e9renger CHAUVIN , No\u00e9 ROUTHIAU et Quentin CORNU de l&rsquo;IPP. Si Quentin CORNU a l\u00e2ch\u00e9 \u00e0 mi course, le duo de t\u00eate compos\u00e9 du champion de la Mayenne en titre B\u00e9renger CHAUVIN et du pr\u00e9tendant en titre No\u00e9 ROUTHIAU a tenu ses promesses jusqu&rsquo;au bout de ce parcours roulant mais rendu boueux avec la succession de courses. L\u00e0 aussi, la course se sera jou\u00e9e sur l&#8217;emballage final avec une acc\u00e9l\u00e9ration fatale de No\u00e9 ROUTHIAU dans les 300 derniers m\u00e8tres pour d\u00e9crocher son camarade de Club B\u00e9renger CHAUVIN qui, apr\u00e8s l&rsquo;arriv\u00e9e s&rsquo;avouait vaincu avec beaucoup de Fair-play, mettant en avant la pointe de vitesse de No\u00e9 sur le final ! Ce premier titre d\u00e9partemental pour No\u00e9 ROUTHIAU r\u00e9compense la r\u00e9gularit\u00e9 de cet athl\u00e8te tout au long de la saison notamment sur 5000m piste (14&rsquo;31 en Juillet 2024). Avec une \u00e9quipe qui avait fi\u00e8re allure au d\u00e9part , le L2A53 avec plusieurs athl\u00e8tes plut\u00f4t sp\u00e9cialistes des distances courtes dont Gwendal POUSSEREAU et Quentin GEHAN respectivement 4\u00e8me et 7\u00e8me au scratch l&rsquo;a emport\u00e9 assez facilement sur l&rsquo;EANM avec un total de 14 pts. L&rsquo;\u00e9quipe 2 du L2A53 termine 3\u00e8me avec Henri GUILLON (N\u00e9o-stadiste), Guillaume STASSE, Gw\u00e9na\u00ebl TALOUR et Adrien LEFEVRE. Grand MERCI \u00e0 toute l&rsquo;\u00e9quipe des BENEVOLES du CLUB et plus particuli\u00e8rement aux nouveaux venus sur cette saison 2023\/2024 en ce qui concerne la famille VAJOU de Meslay du Maine et \u00e0 son jeune photographe Lo\u00ebvan auteur de quasiment tous les clich\u00e9s ci-dessus &#8230; Prochainement, une s\u00e9lection des meilleurs clich\u00e9s sur la galerie de ce site et sur la plateforme du CLUB \u00ab\u00a0SPORTS REGIONS\u00a0\u00bb\" \/>\n<meta property=\"og:url\" content=\"https:\/\/www.lavalaggloathle53.fr\/index.php\/2024\/12\/01\/triple-pour-le-l2a53-sla-sur-les-championnats-de-relais-mixte-et-de-cross-court-ce-week-end\/\" \/>\n<meta property=\"og:site_name\" content=\"Laval Agglo Athl\u00e9tisme\" \/>\n<meta property=\"article:publisher\" content=\"https:\/\/www.facebook.com\/stadelavalloisathletisme\" \/>\n<meta property=\"article:published_time\" content=\"2024-12-01T17:50:30+00:00\" \/>\n<meta property=\"article:modified_time\" content=\"2024-12-06T06:01:14+00:00\" \/>\n<meta property=\"og:image\" content=\"https:\/\/www.lavalaggloathle53.fr\/wp-content\/uploads\/2024\/12\/Chpt-Cross-Court-01-12-2024-LAVAL-12.jpg\" \/>\n\t<meta property=\"og:image:width\" content=\"945\" \/>\n\t<meta property=\"og:image:height\" content=\"1357\" \/>\n\t<meta property=\"og:image:type\" content=\"image\/jpeg\" \/>\n<meta name=\"author\" content=\"Pascal BISSON\" \/>\n<meta name=\"twitter:card\" content=\"summary_large_image\" \/>\n<meta name=\"twitter:label1\" content=\"\u00c9crit par\" \/>\n\t<meta name=\"twitter:data1\" content=\"Pascal BISSON\" \/>\n\t<meta name=\"twitter:label2\" content=\"Dur\u00e9e de lecture estim\u00e9e\" \/>\n\t<meta name=\"twitter:data2\" content=\"6 minutes\" \/>\n<script type=\"application\/ld+json\" class=\"yoast-schema-graph\">{\"@context\":\"https:\/\/schema.org\",\"@graph\":[{\"@type\":\"Article\",\"@id\":\"https:\/\/www.lavalaggloathle53.fr\/index.php\/2024\/12\/01\/triple-pour-le-l2a53-sla-sur-les-championnats-de-relais-mixte-et-de-cross-court-ce-week-end\/#article\",\"isPartOf\":{\"@id\":\"https:\/\/www.lavalaggloathle53.fr\/index.php\/2024\/12\/01\/triple-pour-le-l2a53-sla-sur-les-championnats-de-relais-mixte-et-de-cross-court-ce-week-end\/\"},\"author\":{\"name\":\"Pascal BISSON\",\"@id\":\"https:\/\/www.lavalaggloathle53.fr\/#\/schema\/person\/979647d1a9707730d91bfc766caadc0b\"},\"headline\":\"TRIPLE pour le L2A53\/SLA sur les championnats de relais Mixte et de cross court ce week-end !!!\",\"datePublished\":\"2024-12-01T17:50:30+00:00\",\"dateModified\":\"2024-12-06T06:01:14+00:00\",\"mainEntityOfPage\":{\"@id\":\"https:\/\/www.lavalaggloathle53.fr\/index.php\/2024\/12\/01\/triple-pour-le-l2a53-sla-sur-les-championnats-de-relais-mixte-et-de-cross-court-ce-week-end\/\"},\"wordCount\":589,\"commentCount\":0,\"image\":{\"@id\":\"https:\/\/www.lavalaggloathle53.fr\/index.php\/2024\/12\/01\/triple-pour-le-l2a53-sla-sur-les-championnats-de-relais-mixte-et-de-cross-court-ce-week-end\/#primaryimage\"},\"thumbnailUrl\":\"https:\/\/www.lavalaggloathle53.fr\/wp-content\/uploads\/2024\/12\/Chpt-Cross-Court-01-12-2024-LAVAL-12.jpg\",\"articleSection\":[\"Actualit\u00e9s\",\"Comp\u00e9tition\",\"Loisirs\"],\"inLanguage\":\"fr-FR\",\"potentialAction\":[{\"@type\":\"CommentAction\",\"name\":\"Comment\",\"target\":[\"https:\/\/www.lavalaggloathle53.fr\/index.php\/2024\/12\/01\/triple-pour-le-l2a53-sla-sur-les-championnats-de-relais-mixte-et-de-cross-court-ce-week-end\/#respond\"]}]},{\"@type\":\"WebPage\",\"@id\":\"https:\/\/www.lavalaggloathle53.fr\/index.php\/2024\/12\/01\/triple-pour-le-l2a53-sla-sur-les-championnats-de-relais-mixte-et-de-cross-court-ce-week-end\/\",\"url\":\"https:\/\/www.lavalaggloathle53.fr\/index.php\/2024\/12\/01\/triple-pour-le-l2a53-sla-sur-les-championnats-de-relais-mixte-et-de-cross-court-ce-week-end\/\",\"name\":\"TRIPLE pour le L2A53\/SLA sur les championnats de relais Mixte et de cross court ce week-end !!! - Laval Agglo Athl\u00e9tisme\",\"isPartOf\":{\"@id\":\"https:\/\/www.lavalaggloathle53.fr\/#website\"},\"primaryImageOfPage\":{\"@id\":\"https:\/\/www.lavalaggloathle53.fr\/index.php\/2024\/12\/01\/triple-pour-le-l2a53-sla-sur-les-championnats-de-relais-mixte-et-de-cross-court-ce-week-end\/#primaryimage\"},\"image\":{\"@id\":\"https:\/\/www.lavalaggloathle53.fr\/index.php\/2024\/12\/01\/triple-pour-le-l2a53-sla-sur-les-championnats-de-relais-mixte-et-de-cross-court-ce-week-end\/#primaryimage\"},\"thumbnailUrl\":\"https:\/\/www.lavalaggloathle53.fr\/wp-content\/uploads\/2024\/12\/Chpt-Cross-Court-01-12-2024-LAVAL-12.jpg\",\"datePublished\":\"2024-12-01T17:50:30+00:00\",\"dateModified\":\"2024-12-06T06:01:14+00:00\",\"author\":{\"@id\":\"https:\/\/www.lavalaggloathle53.fr\/#\/schema\/person\/979647d1a9707730d91bfc766caadc0b\"},\"breadcrumb\":{\"@id\":\"https:\/\/www.lavalaggloathle53.fr\/index.php\/2024\/12\/01\/triple-pour-le-l2a53-sla-sur-les-championnats-de-relais-mixte-et-de-cross-court-ce-week-end\/#breadcrumb\"},\"inLanguage\":\"fr-FR\",\"potentialAction\":[{\"@type\":\"ReadAction\",\"target\":[\"https:\/\/www.lavalaggloathle53.fr\/index.php\/2024\/12\/01\/triple-pour-le-l2a53-sla-sur-les-championnats-de-relais-mixte-et-de-cross-court-ce-week-end\/\"]}]},{\"@type\":\"ImageObject\",\"inLanguage\":\"fr-FR\",\"@id\":\"https:\/\/www.lavalaggloathle53.fr\/index.php\/2024\/12\/01\/triple-pour-le-l2a53-sla-sur-les-championnats-de-relais-mixte-et-de-cross-court-ce-week-end\/#primaryimage\",\"url\":\"https:\/\/www.lavalaggloathle53.fr\/wp-content\/uploads\/2024\/12\/Chpt-Cross-Court-01-12-2024-LAVAL-12.jpg\",\"contentUrl\":\"https:\/\/www.lavalaggloathle53.fr\/wp-content\/uploads\/2024\/12\/Chpt-Cross-Court-01-12-2024-LAVAL-12.jpg\",\"width\":945,\"height\":1357},{\"@type\":\"BreadcrumbList\",\"@id\":\"https:\/\/www.lavalaggloathle53.fr\/index.php\/2024\/12\/01\/triple-pour-le-l2a53-sla-sur-les-championnats-de-relais-mixte-et-de-cross-court-ce-week-end\/#breadcrumb\",\"itemListElement\":[{\"@type\":\"ListItem\",\"position\":1,\"name\":\"Accueil\",\"item\":\"https:\/\/www.lavalaggloathle53.fr\/\"},{\"@type\":\"ListItem\",\"position\":2,\"name\":\"TRIPLE pour le L2A53\/SLA sur les championnats de relais Mixte et de cross court ce week-end !!!\"}]},{\"@type\":\"WebSite\",\"@id\":\"https:\/\/www.lavalaggloathle53.fr\/#website\",\"url\":\"https:\/\/www.lavalaggloathle53.fr\/\",\"name\":\"Laval Agglo Athl\u00e9tisme\",\"description\":\"L&#039;athl\u00e9, un sport pour tous\",\"alternateName\":\"L2A53\",\"potentialAction\":[{\"@type\":\"SearchAction\",\"target\":{\"@type\":\"EntryPoint\",\"urlTemplate\":\"https:\/\/www.lavalaggloathle53.fr\/?s={search_term_string}\"},\"query-input\":{\"@type\":\"PropertyValueSpecification\",\"valueRequired\":true,\"valueName\":\"search_term_string\"}}],\"inLanguage\":\"fr-FR\"},{\"@type\":\"Person\",\"@id\":\"https:\/\/www.lavalaggloathle53.fr\/#\/schema\/person\/979647d1a9707730d91bfc766caadc0b\",\"name\":\"Pascal BISSON\",\"image\":{\"@type\":\"ImageObject\",\"inLanguage\":\"fr-FR\",\"@id\":\"https:\/\/secure.gravatar.com\/avatar\/59596d86ade6d559609912f789f6ddaf324a4bb824fbedeaf0ccebc5c1967658?s=96&d=mm&r=g\",\"url\":\"https:\/\/secure.gravatar.com\/avatar\/59596d86ade6d559609912f789f6ddaf324a4bb824fbedeaf0ccebc5c1967658?s=96&d=mm&r=g\",\"contentUrl\":\"https:\/\/secure.gravatar.com\/avatar\/59596d86ade6d559609912f789f6ddaf324a4bb824fbedeaf0ccebc5c1967658?s=96&d=mm&r=g\",\"caption\":\"Pascal BISSON\"},\"sameAs\":[\"https:\/\/www.lavalaggloathle53.fr\"],\"url\":\"https:\/\/www.lavalaggloathle53.fr\/index.php\/author\/bis53\/\"}]}<\/script>\n<!-- \/ Yoast SEO plugin. -->","yoast_head_json":{"title":"TRIPLE pour le L2A53\/SLA sur les championnats de relais Mixte et de cross court ce week-end !!! - Laval Agglo Athl\u00e9tisme","robots":{"index":"index","follow":"follow","max-snippet":"max-snippet:-1","max-image-preview":"max-image-preview:large","max-video-preview":"max-video-preview:-1"},"canonical":"https:\/\/www.lavalaggloathle53.fr\/index.php\/2024\/12\/01\/triple-pour-le-l2a53-sla-sur-les-championnats-de-relais-mixte-et-de-cross-court-ce-week-end\/","og_locale":"fr_FR","og_type":"article","og_title":"TRIPLE pour le L2A53\/SLA sur les championnats de relais Mixte et de cross court ce week-end !!! - Laval Agglo Athl\u00e9tisme","og_description":"Week-end tr\u00e8s prolifique pour les athl\u00e8tes du L2A53\/SLA qui l&rsquo;ont emport\u00e9 sur toutes les courses majeures lors du Championnat de la MAYENNE de RELAIS MIXTE avec la victoire en 27&rsquo;30 sur les 7700m du parcours samedi de l&rsquo;\u00e9quipe emmen\u00e9e par B\u00e9renger CHAUVIN accompagn\u00e9 de Laurine TOUTIN , Quentin GEHAN et B\u00e9r\u00e9nice LERIOUX devant l&rsquo;\u00e9quipe de No\u00e9 ROUTHIAU accompagn\u00e9 par Laurine BEUCHER, Gwendal POUSSEREAU et Camille LEON en 27&rsquo;51, l&rsquo;EANM terminant en 3\u00e8me position. Chez les U14\/U16 , c&rsquo;est l&rsquo;\u00e9quipe de l&rsquo;UPAC emmen\u00e9e par Elies LAMY qui l&rsquo;a emport\u00e9 devant celle du L2A53 de Valentin BALOCHE , Manon MORVAN, Cl\u00e9ment MOLTON et Ana\u00eblle LE STUNFF. Chez les U18\/U20, c&rsquo;est l&rsquo;\u00e9quipe de l&rsquo;EANM emmen\u00e9e par Jules CAILLERE qui l&#8217;emporte devant une \u00e9quipe du L2A53 compos\u00e9e de Rose ANSQUER, Gaspard HUNAULT, Lilou CHAPELLE et Luc BUFFART Superbes Mano \u00e0 mano dans les 2 courses du CHAMPIONNAT de la MAYENNE de CROSS COURT avec tout d&rsquo;abord chez les f\u00e9minines une course ind\u00e9cise jusqu&rsquo;au bout avec sur la bosse finale du parcours de 3850m , une belle victoire au sprint de la n\u00e9o stadiste Laurine TOUTIN (Ex Stade Brestois) devant l&rsquo;espoir de l&rsquo;EANM No\u00e9mie GERAULT et sa soeur M\u00e9linda. Par \u00e9quipe c&rsquo;est l&rsquo;EANM qui l&#8217;emporte avec 25 points devant l&rsquo;\u00e9quipe du L2A53 avec Laurine TOUTIN, Laurine BEUCHER 6\u00e8me au scratch , Ninon COLLIER 13\u00e8me et Floria MASSIRE 15\u00e8me. Sur le championnat de la Mayenne en cat\u00e9gorie Espoir\/senior\/Master , la bataille a \u00e9t\u00e9 intense entre les deux athl\u00e8tes du L2A53\/SLA B\u00e9renger CHAUVIN , No\u00e9 ROUTHIAU et Quentin CORNU de l&rsquo;IPP. Si Quentin CORNU a l\u00e2ch\u00e9 \u00e0 mi course, le duo de t\u00eate compos\u00e9 du champion de la Mayenne en titre B\u00e9renger CHAUVIN et du pr\u00e9tendant en titre No\u00e9 ROUTHIAU a tenu ses promesses jusqu&rsquo;au bout de ce parcours roulant mais rendu boueux avec la succession de courses. L\u00e0 aussi, la course se sera jou\u00e9e sur l&#8217;emballage final avec une acc\u00e9l\u00e9ration fatale de No\u00e9 ROUTHIAU dans les 300 derniers m\u00e8tres pour d\u00e9crocher son camarade de Club B\u00e9renger CHAUVIN qui, apr\u00e8s l&rsquo;arriv\u00e9e s&rsquo;avouait vaincu avec beaucoup de Fair-play, mettant en avant la pointe de vitesse de No\u00e9 sur le final ! Ce premier titre d\u00e9partemental pour No\u00e9 ROUTHIAU r\u00e9compense la r\u00e9gularit\u00e9 de cet athl\u00e8te tout au long de la saison notamment sur 5000m piste (14&rsquo;31 en Juillet 2024). Avec une \u00e9quipe qui avait fi\u00e8re allure au d\u00e9part , le L2A53 avec plusieurs athl\u00e8tes plut\u00f4t sp\u00e9cialistes des distances courtes dont Gwendal POUSSEREAU et Quentin GEHAN respectivement 4\u00e8me et 7\u00e8me au scratch l&rsquo;a emport\u00e9 assez facilement sur l&rsquo;EANM avec un total de 14 pts. L&rsquo;\u00e9quipe 2 du L2A53 termine 3\u00e8me avec Henri GUILLON (N\u00e9o-stadiste), Guillaume STASSE, Gw\u00e9na\u00ebl TALOUR et Adrien LEFEVRE. Grand MERCI \u00e0 toute l&rsquo;\u00e9quipe des BENEVOLES du CLUB et plus particuli\u00e8rement aux nouveaux venus sur cette saison 2023\/2024 en ce qui concerne la famille VAJOU de Meslay du Maine et \u00e0 son jeune photographe Lo\u00ebvan auteur de quasiment tous les clich\u00e9s ci-dessus &#8230; Prochainement, une s\u00e9lection des meilleurs clich\u00e9s sur la galerie de ce site et sur la plateforme du CLUB \u00ab\u00a0SPORTS REGIONS\u00a0\u00bb","og_url":"https:\/\/www.lavalaggloathle53.fr\/index.php\/2024\/12\/01\/triple-pour-le-l2a53-sla-sur-les-championnats-de-relais-mixte-et-de-cross-court-ce-week-end\/","og_site_name":"Laval Agglo Athl\u00e9tisme","article_publisher":"https:\/\/www.facebook.com\/stadelavalloisathletisme","article_published_time":"2024-12-01T17:50:30+00:00","article_modified_time":"2024-12-06T06:01:14+00:00","og_image":[{"width":945,"height":1357,"url":"https:\/\/www.lavalaggloathle53.fr\/wp-content\/uploads\/2024\/12\/Chpt-Cross-Court-01-12-2024-LAVAL-12.jpg","type":"image\/jpeg"}],"author":"Pascal BISSON","twitter_card":"summary_large_image","twitter_misc":{"\u00c9crit par":"Pascal BISSON","Dur\u00e9e de lecture estim\u00e9e":"6 minutes"},"schema":{"@context":"https:\/\/schema.org","@graph":[{"@type":"Article","@id":"https:\/\/www.lavalaggloathle53.fr\/index.php\/2024\/12\/01\/triple-pour-le-l2a53-sla-sur-les-championnats-de-relais-mixte-et-de-cross-court-ce-week-end\/#article","isPartOf":{"@id":"https:\/\/www.lavalaggloathle53.fr\/index.php\/2024\/12\/01\/triple-pour-le-l2a53-sla-sur-les-championnats-de-relais-mixte-et-de-cross-court-ce-week-end\/"},"author":{"name":"Pascal BISSON","@id":"https:\/\/www.lavalaggloathle53.fr\/#\/schema\/person\/979647d1a9707730d91bfc766caadc0b"},"headline":"TRIPLE pour le L2A53\/SLA sur les championnats de relais Mixte et de cross court ce week-end !!!","datePublished":"2024-12-01T17:50:30+00:00","dateModified":"2024-12-06T06:01:14+00:00","mainEntityOfPage":{"@id":"https:\/\/www.lavalaggloathle53.fr\/index.php\/2024\/12\/01\/triple-pour-le-l2a53-sla-sur-les-championnats-de-relais-mixte-et-de-cross-court-ce-week-end\/"},"wordCount":589,"commentCount":0,"image":{"@id":"https:\/\/www.lavalaggloathle53.fr\/index.php\/2024\/12\/01\/triple-pour-le-l2a53-sla-sur-les-championnats-de-relais-mixte-et-de-cross-court-ce-week-end\/#primaryimage"},"thumbnailUrl":"https:\/\/www.lavalaggloathle53.fr\/wp-content\/uploads\/2024\/12\/Chpt-Cross-Court-01-12-2024-LAVAL-12.jpg","articleSection":["Actualit\u00e9s","Comp\u00e9tition","Loisirs"],"inLanguage":"fr-FR","potentialAction":[{"@type":"CommentAction","name":"Comment","target":["https:\/\/www.lavalaggloathle53.fr\/index.php\/2024\/12\/01\/triple-pour-le-l2a53-sla-sur-les-championnats-de-relais-mixte-et-de-cross-court-ce-week-end\/#respond"]}]},{"@type":"WebPage","@id":"https:\/\/www.lavalaggloathle53.fr\/index.php\/2024\/12\/01\/triple-pour-le-l2a53-sla-sur-les-championnats-de-relais-mixte-et-de-cross-court-ce-week-end\/","url":"https:\/\/www.lavalaggloathle53.fr\/index.php\/2024\/12\/01\/triple-pour-le-l2a53-sla-sur-les-championnats-de-relais-mixte-et-de-cross-court-ce-week-end\/","name":"TRIPLE pour le L2A53\/SLA sur les championnats de relais Mixte et de cross court ce week-end !!! - Laval Agglo Athl\u00e9tisme","isPartOf":{"@id":"https:\/\/www.lavalaggloathle53.fr\/#website"},"primaryImageOfPage":{"@id":"https:\/\/www.lavalaggloathle53.fr\/index.php\/2024\/12\/01\/triple-pour-le-l2a53-sla-sur-les-championnats-de-relais-mixte-et-de-cross-court-ce-week-end\/#primaryimage"},"image":{"@id":"https:\/\/www.lavalaggloathle53.fr\/index.php\/2024\/12\/01\/triple-pour-le-l2a53-sla-sur-les-championnats-de-relais-mixte-et-de-cross-court-ce-week-end\/#primaryimage"},"thumbnailUrl":"https:\/\/www.lavalaggloathle53.fr\/wp-content\/uploads\/2024\/12\/Chpt-Cross-Court-01-12-2024-LAVAL-12.jpg","datePublished":"2024-12-01T17:50:30+00:00","dateModified":"2024-12-06T06:01:14+00:00","author":{"@id":"https:\/\/www.lavalaggloathle53.fr\/#\/schema\/person\/979647d1a9707730d91bfc766caadc0b"},"breadcrumb":{"@id":"https:\/\/www.lavalaggloathle53.fr\/index.php\/2024\/12\/01\/triple-pour-le-l2a53-sla-sur-les-championnats-de-relais-mixte-et-de-cross-court-ce-week-end\/#breadcrumb"},"inLanguage":"fr-FR","potentialAction":[{"@type":"ReadAction","target":["https:\/\/www.lavalaggloathle53.fr\/index.php\/2024\/12\/01\/triple-pour-le-l2a53-sla-sur-les-championnats-de-relais-mixte-et-de-cross-court-ce-week-end\/"]}]},{"@type":"ImageObject","inLanguage":"fr-FR","@id":"https:\/\/www.lavalaggloathle53.fr\/index.php\/2024\/12\/01\/triple-pour-le-l2a53-sla-sur-les-championnats-de-relais-mixte-et-de-cross-court-ce-week-end\/#primaryimage","url":"https:\/\/www.lavalaggloathle53.fr\/wp-content\/uploads\/2024\/12\/Chpt-Cross-Court-01-12-2024-LAVAL-12.jpg","contentUrl":"https:\/\/www.lavalaggloathle53.fr\/wp-content\/uploads\/2024\/12\/Chpt-Cross-Court-01-12-2024-LAVAL-12.jpg","width":945,"height":1357},{"@type":"BreadcrumbList","@id":"https:\/\/www.lavalaggloathle53.fr\/index.php\/2024\/12\/01\/triple-pour-le-l2a53-sla-sur-les-championnats-de-relais-mixte-et-de-cross-court-ce-week-end\/#breadcrumb","itemListElement":[{"@type":"ListItem","position":1,"name":"Accueil","item":"https:\/\/www.lavalaggloathle53.fr\/"},{"@type":"ListItem","position":2,"name":"TRIPLE pour le L2A53\/SLA sur les championnats de relais Mixte et de cross court ce week-end !!!"}]},{"@type":"WebSite","@id":"https:\/\/www.lavalaggloathle53.fr\/#website","url":"https:\/\/www.lavalaggloathle53.fr\/","name":"Laval Agglo Athl\u00e9tisme","description":"L&#039;athl\u00e9, un sport pour tous","alternateName":"L2A53","potentialAction":[{"@type":"SearchAction","target":{"@type":"EntryPoint","urlTemplate":"https:\/\/www.lavalaggloathle53.fr\/?s={search_term_string}"},"query-input":{"@type":"PropertyValueSpecification","valueRequired":true,"valueName":"search_term_string"}}],"inLanguage":"fr-FR"},{"@type":"Person","@id":"https:\/\/www.lavalaggloathle53.fr\/#\/schema\/person\/979647d1a9707730d91bfc766caadc0b","name":"Pascal BISSON","image":{"@type":"ImageObject","inLanguage":"fr-FR","@id":"https:\/\/secure.gravatar.com\/avatar\/59596d86ade6d559609912f789f6ddaf324a4bb824fbedeaf0ccebc5c1967658?s=96&d=mm&r=g","url":"https:\/\/secure.gravatar.com\/avatar\/59596d86ade6d559609912f789f6ddaf324a4bb824fbedeaf0ccebc5c1967658?s=96&d=mm&r=g","contentUrl":"https:\/\/secure.gravatar.com\/avatar\/59596d86ade6d559609912f789f6ddaf324a4bb824fbedeaf0ccebc5c1967658?s=96&d=mm&r=g","caption":"Pascal BISSON"},"sameAs":["https:\/\/www.lavalaggloathle53.fr"],"url":"https:\/\/www.lavalaggloathle53.fr\/index.php\/author\/bis53\/"}]}},"_links":{"self":[{"href":"https:\/\/www.lavalaggloathle53.fr\/index.php\/wp-json\/wp\/v2\/posts\/6655","targetHints":{"allow":["GET"]}}],"collection":[{"href":"https:\/\/www.lavalaggloathle53.fr\/index.php\/wp-json\/wp\/v2\/posts"}],"about":[{"href":"https:\/\/www.lavalaggloathle53.fr\/index.php\/wp-json\/wp\/v2\/types\/post"}],"author":[{"embeddable":true,"href":"https:\/\/www.lavalaggloathle53.fr\/index.php\/wp-json\/wp\/v2\/users\/4"}],"replies":[{"embeddable":true,"href":"https:\/\/www.lavalaggloathle53.fr\/index.php\/wp-json\/wp\/v2\/comments?post=6655"}],"version-history":[{"count":6,"href":"https:\/\/www.lavalaggloathle53.fr\/index.php\/wp-json\/wp\/v2\/posts\/6655\/revisions"}],"predecessor-version":[{"id":6724,"href":"https:\/\/www.lavalaggloathle53.fr\/index.php\/wp-json\/wp\/v2\/posts\/6655\/revisions\/6724"}],"wp:featuredmedia":[{"embeddable":true,"href":"https:\/\/www.lavalaggloathle53.fr\/index.php\/wp-json\/wp\/v2\/media\/6660"}],"wp:attachment":[{"href":"https:\/\/www.lavalaggloathle53.fr\/index.php\/wp-json\/wp\/v2\/media?parent=6655"}],"wp:term":[{"taxonomy":"category","embeddable":true,"href":"https:\/\/www.lavalaggloathle53.fr\/index.php\/wp-json\/wp\/v2\/categories?post=6655"},{"taxonomy":"post_tag","embeddable":true,"href":"https:\/\/www.lavalaggloathle53.fr\/index.php\/wp-json\/wp\/v2\/tags?post=6655"}],"curies":[{"name":"wp","href":"https:\/\/api.w.org\/{rel}","templated":true}]}}