{"id":6585,"date":"2024-11-22T00:33:35","date_gmt":"2024-11-21T23:33:35","guid":{"rendered":"https:\/\/www.lavalaggloathle53.fr\/?p=6585"},"modified":"2024-11-27T13:20:46","modified_gmt":"2024-11-27T12:20:46","slug":"sounkamba-sylla-a-la-une-de-la-presse-locale","status":"publish","type":"post","link":"https:\/\/www.lavalaggloathle53.fr\/index.php\/2024\/11\/22\/sounkamba-sylla-a-la-une-de-la-presse-locale\/","title":{"rendered":"Sounkamba Sylla et des membres du L2A53\/SLA \u00e0 la une de la presse locale !"},"content":{"rendered":"\n<p>Apr\u00e8s avoir connu les honneurs et les f\u00e9licitations de son CLUB ainsi que de ses partenaires locaux et r\u00e9gionaux lors de la c\u00e9r\u00e9monie des athl\u00e8tes mayennais OLYMPIENS par le Conseil d\u00e9partemental de la Mayenne et la r\u00e9gion Pays de la Loire , Sounkamba continue \u00e0 faire parler d&rsquo;elle dans la presse locale &#8230;<\/p>\n\n\n\n<figure class=\"wp-block-image size-large\"><img fetchpriority=\"high\" decoding=\"async\" width=\"1024\" height=\"819\" src=\"https:\/\/www.lavalaggloathle53.fr\/wp-content\/uploads\/2024\/11\/IMG-20241021-WA0013-1024x819.jpg\" alt=\"\" class=\"wp-image-6587\" srcset=\"https:\/\/www.lavalaggloathle53.fr\/wp-content\/uploads\/2024\/11\/IMG-20241021-WA0013-1024x819.jpg 1024w, https:\/\/www.lavalaggloathle53.fr\/wp-content\/uploads\/2024\/11\/IMG-20241021-WA0013-300x240.jpg 300w, https:\/\/www.lavalaggloathle53.fr\/wp-content\/uploads\/2024\/11\/IMG-20241021-WA0013-768x614.jpg 768w, https:\/\/www.lavalaggloathle53.fr\/wp-content\/uploads\/2024\/11\/IMG-20241021-WA0013-1536x1228.jpg 1536w, https:\/\/www.lavalaggloathle53.fr\/wp-content\/uploads\/2024\/11\/IMG-20241021-WA0013.jpg 1815w\" sizes=\"(max-width: 1024px) 100vw, 1024px\" \/><\/figure>\n\n\n\n<figure class=\"wp-block-image size-large\"><img decoding=\"async\" width=\"810\" height=\"1024\" src=\"https:\/\/www.lavalaggloathle53.fr\/wp-content\/uploads\/2024\/11\/IMG-20241021-WA0016-810x1024.jpg\" alt=\"\" class=\"wp-image-6588\" srcset=\"https:\/\/www.lavalaggloathle53.fr\/wp-content\/uploads\/2024\/11\/IMG-20241021-WA0016-810x1024.jpg 810w, https:\/\/www.lavalaggloathle53.fr\/wp-content\/uploads\/2024\/11\/IMG-20241021-WA0016-237x300.jpg 237w, https:\/\/www.lavalaggloathle53.fr\/wp-content\/uploads\/2024\/11\/IMG-20241021-WA0016-768x971.jpg 768w, https:\/\/www.lavalaggloathle53.fr\/wp-content\/uploads\/2024\/11\/IMG-20241021-WA0016-1215x1536.jpg 1215w, https:\/\/www.lavalaggloathle53.fr\/wp-content\/uploads\/2024\/11\/IMG-20241021-WA0016.jpg 1285w\" sizes=\"(max-width: 810px) 100vw, 810px\" \/><\/figure>\n\n\n\n<figure class=\"wp-block-image size-full is-resized\"><img decoding=\"async\" width=\"344\" height=\"250\" src=\"https:\/\/www.lavalaggloathle53.fr\/wp-content\/uploads\/2024\/11\/349859_small.jpg\" alt=\"\" class=\"wp-image-6630\" style=\"width:839px;height:auto\" srcset=\"https:\/\/www.lavalaggloathle53.fr\/wp-content\/uploads\/2024\/11\/349859_small.jpg 344w, https:\/\/www.lavalaggloathle53.fr\/wp-content\/uploads\/2024\/11\/349859_small-300x218.jpg 300w\" sizes=\"(max-width: 344px) 100vw, 344px\" \/><\/figure>\n\n\n\n<p>Sounkamba SYLLA et Gabriel BORDIER ont \u00e9t\u00e9 r\u00e9compens\u00e9s pour leur belle saison Olympique lors de la soir\u00e9e de la Ligue des Pays de Loire ainsi que Micka\u00ebl MOTTIER pr\u00e9sent suite \u00e0 son implication lors des JO en temps que juge &#8230;<\/p>\n\n\n\n<figure class=\"wp-block-image size-large\"><img loading=\"lazy\" decoding=\"async\" width=\"1024\" height=\"948\" src=\"https:\/\/www.lavalaggloathle53.fr\/wp-content\/uploads\/2024\/11\/Art-Sounkamba-Sylla-un-record-savoure-qui-donne-faim-O-F-21-11-2024-1024x948.jpg\" alt=\"\" class=\"wp-image-6586\" srcset=\"https:\/\/www.lavalaggloathle53.fr\/wp-content\/uploads\/2024\/11\/Art-Sounkamba-Sylla-un-record-savoure-qui-donne-faim-O-F-21-11-2024-1024x948.jpg 1024w, https:\/\/www.lavalaggloathle53.fr\/wp-content\/uploads\/2024\/11\/Art-Sounkamba-Sylla-un-record-savoure-qui-donne-faim-O-F-21-11-2024-300x278.jpg 300w, https:\/\/www.lavalaggloathle53.fr\/wp-content\/uploads\/2024\/11\/Art-Sounkamba-Sylla-un-record-savoure-qui-donne-faim-O-F-21-11-2024-768x711.jpg 768w, https:\/\/www.lavalaggloathle53.fr\/wp-content\/uploads\/2024\/11\/Art-Sounkamba-Sylla-un-record-savoure-qui-donne-faim-O-F-21-11-2024.jpg 1345w\" sizes=\"(max-width: 1024px) 100vw, 1024px\" \/><\/figure>\n","protected":false},"excerpt":{"rendered":"<p>Apr\u00e8s avoir connu les honneurs et les f\u00e9licitations de son CLUB ainsi que de ses partenaires locaux et r\u00e9gionaux lors de la c\u00e9r\u00e9monie des athl\u00e8tes mayennais OLYMPIENS par le Conseil d\u00e9partemental de la Mayenne et la r\u00e9gion Pays de la Loire , Sounkamba continue \u00e0 faire parler d&rsquo;elle dans la presse locale &#8230; Sounkamba SYLLA et Gabriel BORDIER ont \u00e9t\u00e9 r\u00e9compens\u00e9s pour leur belle saison Olympique lors de la soir\u00e9e de la Ligue des Pays de Loire ainsi que Micka\u00ebl MOTTIER pr\u00e9sent suite \u00e0 son implication lors des JO en temps que juge &#8230;<\/p>\n","protected":false},"author":4,"featured_media":6587,"comment_status":"open","ping_status":"closed","sticky":false,"template":"","format":"standard","meta":{"footnotes":""},"categories":[14,15],"tags":[],"class_list":["post-6585","post","type-post","status-publish","format-standard","has-post-thumbnail","hentry","category-actualites","category-competition"],"yoast_head":"<!-- This site is optimized with the Yoast SEO plugin v27.2 - https:\/\/yoast.com\/product\/yoast-seo-wordpress\/ -->\n<title>Sounkamba Sylla et des membres du L2A53\/SLA \u00e0 la une de la presse locale ! - Laval Agglo Athl\u00e9tisme<\/title>\n<meta name=\"robots\" content=\"index, follow, max-snippet:-1, max-image-preview:large, max-video-preview:-1\" \/>\n<link rel=\"canonical\" href=\"https:\/\/www.lavalaggloathle53.fr\/index.php\/2024\/11\/22\/sounkamba-sylla-a-la-une-de-la-presse-locale\/\" \/>\n<meta property=\"og:locale\" content=\"fr_FR\" \/>\n<meta property=\"og:type\" content=\"article\" \/>\n<meta property=\"og:title\" content=\"Sounkamba Sylla et des membres du L2A53\/SLA \u00e0 la une de la presse locale ! - Laval Agglo Athl\u00e9tisme\" \/>\n<meta property=\"og:description\" content=\"Apr\u00e8s avoir connu les honneurs et les f\u00e9licitations de son CLUB ainsi que de ses partenaires locaux et r\u00e9gionaux lors de la c\u00e9r\u00e9monie des athl\u00e8tes mayennais OLYMPIENS par le Conseil d\u00e9partemental de la Mayenne et la r\u00e9gion Pays de la Loire , Sounkamba continue \u00e0 faire parler d&rsquo;elle dans la presse locale &#8230; Sounkamba SYLLA et Gabriel BORDIER ont \u00e9t\u00e9 r\u00e9compens\u00e9s pour leur belle saison Olympique lors de la soir\u00e9e de la Ligue des Pays de Loire ainsi que Micka\u00ebl MOTTIER pr\u00e9sent suite \u00e0 son implication lors des JO en temps que juge &#8230;\" \/>\n<meta property=\"og:url\" content=\"https:\/\/www.lavalaggloathle53.fr\/index.php\/2024\/11\/22\/sounkamba-sylla-a-la-une-de-la-presse-locale\/\" \/>\n<meta property=\"og:site_name\" content=\"Laval Agglo Athl\u00e9tisme\" \/>\n<meta property=\"article:publisher\" content=\"https:\/\/www.facebook.com\/stadelavalloisathletisme\" \/>\n<meta property=\"article:published_time\" content=\"2024-11-21T23:33:35+00:00\" \/>\n<meta property=\"article:modified_time\" content=\"2024-11-27T12:20:46+00:00\" \/>\n<meta property=\"og:image\" content=\"https:\/\/www.lavalaggloathle53.fr\/wp-content\/uploads\/2024\/11\/IMG-20241021-WA0013.jpg\" \/>\n\t<meta property=\"og:image:width\" content=\"1815\" \/>\n\t<meta property=\"og:image:height\" content=\"1451\" \/>\n\t<meta property=\"og:image:type\" content=\"image\/jpeg\" \/>\n<meta name=\"author\" content=\"Pascal BISSON\" \/>\n<meta name=\"twitter:card\" content=\"summary_large_image\" \/>\n<meta name=\"twitter:label1\" content=\"\u00c9crit par\" \/>\n\t<meta name=\"twitter:data1\" content=\"Pascal BISSON\" \/>\n\t<meta name=\"twitter:label2\" content=\"Dur\u00e9e de lecture estim\u00e9e\" \/>\n\t<meta name=\"twitter:data2\" content=\"2 minutes\" \/>\n<script type=\"application\/ld+json\" class=\"yoast-schema-graph\">{\"@context\":\"https:\/\/schema.org\",\"@graph\":[{\"@type\":\"Article\",\"@id\":\"https:\/\/www.lavalaggloathle53.fr\/index.php\/2024\/11\/22\/sounkamba-sylla-a-la-une-de-la-presse-locale\/#article\",\"isPartOf\":{\"@id\":\"https:\/\/www.lavalaggloathle53.fr\/index.php\/2024\/11\/22\/sounkamba-sylla-a-la-une-de-la-presse-locale\/\"},\"author\":{\"name\":\"Pascal BISSON\",\"@id\":\"https:\/\/www.lavalaggloathle53.fr\/#\/schema\/person\/979647d1a9707730d91bfc766caadc0b\"},\"headline\":\"Sounkamba Sylla et des membres du L2A53\/SLA \u00e0 la une de la presse locale !\",\"datePublished\":\"2024-11-21T23:33:35+00:00\",\"dateModified\":\"2024-11-27T12:20:46+00:00\",\"mainEntityOfPage\":{\"@id\":\"https:\/\/www.lavalaggloathle53.fr\/index.php\/2024\/11\/22\/sounkamba-sylla-a-la-une-de-la-presse-locale\/\"},\"wordCount\":118,\"commentCount\":0,\"image\":{\"@id\":\"https:\/\/www.lavalaggloathle53.fr\/index.php\/2024\/11\/22\/sounkamba-sylla-a-la-une-de-la-presse-locale\/#primaryimage\"},\"thumbnailUrl\":\"https:\/\/www.lavalaggloathle53.fr\/wp-content\/uploads\/2024\/11\/IMG-20241021-WA0013.jpg\",\"articleSection\":[\"Actualit\u00e9s\",\"Comp\u00e9tition\"],\"inLanguage\":\"fr-FR\",\"potentialAction\":[{\"@type\":\"CommentAction\",\"name\":\"Comment\",\"target\":[\"https:\/\/www.lavalaggloathle53.fr\/index.php\/2024\/11\/22\/sounkamba-sylla-a-la-une-de-la-presse-locale\/#respond\"]}]},{\"@type\":\"WebPage\",\"@id\":\"https:\/\/www.lavalaggloathle53.fr\/index.php\/2024\/11\/22\/sounkamba-sylla-a-la-une-de-la-presse-locale\/\",\"url\":\"https:\/\/www.lavalaggloathle53.fr\/index.php\/2024\/11\/22\/sounkamba-sylla-a-la-une-de-la-presse-locale\/\",\"name\":\"Sounkamba Sylla et des membres du L2A53\/SLA \u00e0 la une de la presse locale ! - Laval Agglo Athl\u00e9tisme\",\"isPartOf\":{\"@id\":\"https:\/\/www.lavalaggloathle53.fr\/#website\"},\"primaryImageOfPage\":{\"@id\":\"https:\/\/www.lavalaggloathle53.fr\/index.php\/2024\/11\/22\/sounkamba-sylla-a-la-une-de-la-presse-locale\/#primaryimage\"},\"image\":{\"@id\":\"https:\/\/www.lavalaggloathle53.fr\/index.php\/2024\/11\/22\/sounkamba-sylla-a-la-une-de-la-presse-locale\/#primaryimage\"},\"thumbnailUrl\":\"https:\/\/www.lavalaggloathle53.fr\/wp-content\/uploads\/2024\/11\/IMG-20241021-WA0013.jpg\",\"datePublished\":\"2024-11-21T23:33:35+00:00\",\"dateModified\":\"2024-11-27T12:20:46+00:00\",\"author\":{\"@id\":\"https:\/\/www.lavalaggloathle53.fr\/#\/schema\/person\/979647d1a9707730d91bfc766caadc0b\"},\"breadcrumb\":{\"@id\":\"https:\/\/www.lavalaggloathle53.fr\/index.php\/2024\/11\/22\/sounkamba-sylla-a-la-une-de-la-presse-locale\/#breadcrumb\"},\"inLanguage\":\"fr-FR\",\"potentialAction\":[{\"@type\":\"ReadAction\",\"target\":[\"https:\/\/www.lavalaggloathle53.fr\/index.php\/2024\/11\/22\/sounkamba-sylla-a-la-une-de-la-presse-locale\/\"]}]},{\"@type\":\"ImageObject\",\"inLanguage\":\"fr-FR\",\"@id\":\"https:\/\/www.lavalaggloathle53.fr\/index.php\/2024\/11\/22\/sounkamba-sylla-a-la-une-de-la-presse-locale\/#primaryimage\",\"url\":\"https:\/\/www.lavalaggloathle53.fr\/wp-content\/uploads\/2024\/11\/IMG-20241021-WA0013.jpg\",\"contentUrl\":\"https:\/\/www.lavalaggloathle53.fr\/wp-content\/uploads\/2024\/11\/IMG-20241021-WA0013.jpg\",\"width\":1815,\"height\":1451},{\"@type\":\"BreadcrumbList\",\"@id\":\"https:\/\/www.lavalaggloathle53.fr\/index.php\/2024\/11\/22\/sounkamba-sylla-a-la-une-de-la-presse-locale\/#breadcrumb\",\"itemListElement\":[{\"@type\":\"ListItem\",\"position\":1,\"name\":\"Accueil\",\"item\":\"https:\/\/www.lavalaggloathle53.fr\/\"},{\"@type\":\"ListItem\",\"position\":2,\"name\":\"Sounkamba Sylla et des membres du L2A53\/SLA \u00e0 la une de la presse locale !\"}]},{\"@type\":\"WebSite\",\"@id\":\"https:\/\/www.lavalaggloathle53.fr\/#website\",\"url\":\"https:\/\/www.lavalaggloathle53.fr\/\",\"name\":\"Laval Agglo Athl\u00e9tisme\",\"description\":\"L&#039;athl\u00e9, un sport pour tous\",\"alternateName\":\"L2A53\",\"potentialAction\":[{\"@type\":\"SearchAction\",\"target\":{\"@type\":\"EntryPoint\",\"urlTemplate\":\"https:\/\/www.lavalaggloathle53.fr\/?s={search_term_string}\"},\"query-input\":{\"@type\":\"PropertyValueSpecification\",\"valueRequired\":true,\"valueName\":\"search_term_string\"}}],\"inLanguage\":\"fr-FR\"},{\"@type\":\"Person\",\"@id\":\"https:\/\/www.lavalaggloathle53.fr\/#\/schema\/person\/979647d1a9707730d91bfc766caadc0b\",\"name\":\"Pascal BISSON\",\"image\":{\"@type\":\"ImageObject\",\"inLanguage\":\"fr-FR\",\"@id\":\"https:\/\/secure.gravatar.com\/avatar\/59596d86ade6d559609912f789f6ddaf324a4bb824fbedeaf0ccebc5c1967658?s=96&d=mm&r=g\",\"url\":\"https:\/\/secure.gravatar.com\/avatar\/59596d86ade6d559609912f789f6ddaf324a4bb824fbedeaf0ccebc5c1967658?s=96&d=mm&r=g\",\"contentUrl\":\"https:\/\/secure.gravatar.com\/avatar\/59596d86ade6d559609912f789f6ddaf324a4bb824fbedeaf0ccebc5c1967658?s=96&d=mm&r=g\",\"caption\":\"Pascal BISSON\"},\"sameAs\":[\"https:\/\/www.lavalaggloathle53.fr\"],\"url\":\"https:\/\/www.lavalaggloathle53.fr\/index.php\/author\/bis53\/\"}]}<\/script>\n<!-- \/ Yoast SEO plugin. -->","yoast_head_json":{"title":"Sounkamba Sylla et des membres du L2A53\/SLA \u00e0 la une de la presse locale ! - Laval Agglo Athl\u00e9tisme","robots":{"index":"index","follow":"follow","max-snippet":"max-snippet:-1","max-image-preview":"max-image-preview:large","max-video-preview":"max-video-preview:-1"},"canonical":"https:\/\/www.lavalaggloathle53.fr\/index.php\/2024\/11\/22\/sounkamba-sylla-a-la-une-de-la-presse-locale\/","og_locale":"fr_FR","og_type":"article","og_title":"Sounkamba Sylla et des membres du L2A53\/SLA \u00e0 la une de la presse locale ! - Laval Agglo Athl\u00e9tisme","og_description":"Apr\u00e8s avoir connu les honneurs et les f\u00e9licitations de son CLUB ainsi que de ses partenaires locaux et r\u00e9gionaux lors de la c\u00e9r\u00e9monie des athl\u00e8tes mayennais OLYMPIENS par le Conseil d\u00e9partemental de la Mayenne et la r\u00e9gion Pays de la Loire , Sounkamba continue \u00e0 faire parler d&rsquo;elle dans la presse locale &#8230; Sounkamba SYLLA et Gabriel BORDIER ont \u00e9t\u00e9 r\u00e9compens\u00e9s pour leur belle saison Olympique lors de la soir\u00e9e de la Ligue des Pays de Loire ainsi que Micka\u00ebl MOTTIER pr\u00e9sent suite \u00e0 son implication lors des JO en temps que juge &#8230;","og_url":"https:\/\/www.lavalaggloathle53.fr\/index.php\/2024\/11\/22\/sounkamba-sylla-a-la-une-de-la-presse-locale\/","og_site_name":"Laval Agglo Athl\u00e9tisme","article_publisher":"https:\/\/www.facebook.com\/stadelavalloisathletisme","article_published_time":"2024-11-21T23:33:35+00:00","article_modified_time":"2024-11-27T12:20:46+00:00","og_image":[{"width":1815,"height":1451,"url":"https:\/\/www.lavalaggloathle53.fr\/wp-content\/uploads\/2024\/11\/IMG-20241021-WA0013.jpg","type":"image\/jpeg"}],"author":"Pascal BISSON","twitter_card":"summary_large_image","twitter_misc":{"\u00c9crit par":"Pascal BISSON","Dur\u00e9e de lecture estim\u00e9e":"2 minutes"},"schema":{"@context":"https:\/\/schema.org","@graph":[{"@type":"Article","@id":"https:\/\/www.lavalaggloathle53.fr\/index.php\/2024\/11\/22\/sounkamba-sylla-a-la-une-de-la-presse-locale\/#article","isPartOf":{"@id":"https:\/\/www.lavalaggloathle53.fr\/index.php\/2024\/11\/22\/sounkamba-sylla-a-la-une-de-la-presse-locale\/"},"author":{"name":"Pascal BISSON","@id":"https:\/\/www.lavalaggloathle53.fr\/#\/schema\/person\/979647d1a9707730d91bfc766caadc0b"},"headline":"Sounkamba Sylla et des membres du L2A53\/SLA \u00e0 la une de la presse locale !","datePublished":"2024-11-21T23:33:35+00:00","dateModified":"2024-11-27T12:20:46+00:00","mainEntityOfPage":{"@id":"https:\/\/www.lavalaggloathle53.fr\/index.php\/2024\/11\/22\/sounkamba-sylla-a-la-une-de-la-presse-locale\/"},"wordCount":118,"commentCount":0,"image":{"@id":"https:\/\/www.lavalaggloathle53.fr\/index.php\/2024\/11\/22\/sounkamba-sylla-a-la-une-de-la-presse-locale\/#primaryimage"},"thumbnailUrl":"https:\/\/www.lavalaggloathle53.fr\/wp-content\/uploads\/2024\/11\/IMG-20241021-WA0013.jpg","articleSection":["Actualit\u00e9s","Comp\u00e9tition"],"inLanguage":"fr-FR","potentialAction":[{"@type":"CommentAction","name":"Comment","target":["https:\/\/www.lavalaggloathle53.fr\/index.php\/2024\/11\/22\/sounkamba-sylla-a-la-une-de-la-presse-locale\/#respond"]}]},{"@type":"WebPage","@id":"https:\/\/www.lavalaggloathle53.fr\/index.php\/2024\/11\/22\/sounkamba-sylla-a-la-une-de-la-presse-locale\/","url":"https:\/\/www.lavalaggloathle53.fr\/index.php\/2024\/11\/22\/sounkamba-sylla-a-la-une-de-la-presse-locale\/","name":"Sounkamba Sylla et des membres du L2A53\/SLA \u00e0 la une de la presse locale ! - Laval Agglo Athl\u00e9tisme","isPartOf":{"@id":"https:\/\/www.lavalaggloathle53.fr\/#website"},"primaryImageOfPage":{"@id":"https:\/\/www.lavalaggloathle53.fr\/index.php\/2024\/11\/22\/sounkamba-sylla-a-la-une-de-la-presse-locale\/#primaryimage"},"image":{"@id":"https:\/\/www.lavalaggloathle53.fr\/index.php\/2024\/11\/22\/sounkamba-sylla-a-la-une-de-la-presse-locale\/#primaryimage"},"thumbnailUrl":"https:\/\/www.lavalaggloathle53.fr\/wp-content\/uploads\/2024\/11\/IMG-20241021-WA0013.jpg","datePublished":"2024-11-21T23:33:35+00:00","dateModified":"2024-11-27T12:20:46+00:00","author":{"@id":"https:\/\/www.lavalaggloathle53.fr\/#\/schema\/person\/979647d1a9707730d91bfc766caadc0b"},"breadcrumb":{"@id":"https:\/\/www.lavalaggloathle53.fr\/index.php\/2024\/11\/22\/sounkamba-sylla-a-la-une-de-la-presse-locale\/#breadcrumb"},"inLanguage":"fr-FR","potentialAction":[{"@type":"ReadAction","target":["https:\/\/www.lavalaggloathle53.fr\/index.php\/2024\/11\/22\/sounkamba-sylla-a-la-une-de-la-presse-locale\/"]}]},{"@type":"ImageObject","inLanguage":"fr-FR","@id":"https:\/\/www.lavalaggloathle53.fr\/index.php\/2024\/11\/22\/sounkamba-sylla-a-la-une-de-la-presse-locale\/#primaryimage","url":"https:\/\/www.lavalaggloathle53.fr\/wp-content\/uploads\/2024\/11\/IMG-20241021-WA0013.jpg","contentUrl":"https:\/\/www.lavalaggloathle53.fr\/wp-content\/uploads\/2024\/11\/IMG-20241021-WA0013.jpg","width":1815,"height":1451},{"@type":"BreadcrumbList","@id":"https:\/\/www.lavalaggloathle53.fr\/index.php\/2024\/11\/22\/sounkamba-sylla-a-la-une-de-la-presse-locale\/#breadcrumb","itemListElement":[{"@type":"ListItem","position":1,"name":"Accueil","item":"https:\/\/www.lavalaggloathle53.fr\/"},{"@type":"ListItem","position":2,"name":"Sounkamba Sylla et des membres du L2A53\/SLA \u00e0 la une de la presse locale !"}]},{"@type":"WebSite","@id":"https:\/\/www.lavalaggloathle53.fr\/#website","url":"https:\/\/www.lavalaggloathle53.fr\/","name":"Laval Agglo Athl\u00e9tisme","description":"L&#039;athl\u00e9, un sport pour tous","alternateName":"L2A53","potentialAction":[{"@type":"SearchAction","target":{"@type":"EntryPoint","urlTemplate":"https:\/\/www.lavalaggloathle53.fr\/?s={search_term_string}"},"query-input":{"@type":"PropertyValueSpecification","valueRequired":true,"valueName":"search_term_string"}}],"inLanguage":"fr-FR"},{"@type":"Person","@id":"https:\/\/www.lavalaggloathle53.fr\/#\/schema\/person\/979647d1a9707730d91bfc766caadc0b","name":"Pascal BISSON","image":{"@type":"ImageObject","inLanguage":"fr-FR","@id":"https:\/\/secure.gravatar.com\/avatar\/59596d86ade6d559609912f789f6ddaf324a4bb824fbedeaf0ccebc5c1967658?s=96&d=mm&r=g","url":"https:\/\/secure.gravatar.com\/avatar\/59596d86ade6d559609912f789f6ddaf324a4bb824fbedeaf0ccebc5c1967658?s=96&d=mm&r=g","contentUrl":"https:\/\/secure.gravatar.com\/avatar\/59596d86ade6d559609912f789f6ddaf324a4bb824fbedeaf0ccebc5c1967658?s=96&d=mm&r=g","caption":"Pascal BISSON"},"sameAs":["https:\/\/www.lavalaggloathle53.fr"],"url":"https:\/\/www.lavalaggloathle53.fr\/index.php\/author\/bis53\/"}]}},"_links":{"self":[{"href":"https:\/\/www.lavalaggloathle53.fr\/index.php\/wp-json\/wp\/v2\/posts\/6585","targetHints":{"allow":["GET"]}}],"collection":[{"href":"https:\/\/www.lavalaggloathle53.fr\/index.php\/wp-json\/wp\/v2\/posts"}],"about":[{"href":"https:\/\/www.lavalaggloathle53.fr\/index.php\/wp-json\/wp\/v2\/types\/post"}],"author":[{"embeddable":true,"href":"https:\/\/www.lavalaggloathle53.fr\/index.php\/wp-json\/wp\/v2\/users\/4"}],"replies":[{"embeddable":true,"href":"https:\/\/www.lavalaggloathle53.fr\/index.php\/wp-json\/wp\/v2\/comments?post=6585"}],"version-history":[{"count":3,"href":"https:\/\/www.lavalaggloathle53.fr\/index.php\/wp-json\/wp\/v2\/posts\/6585\/revisions"}],"predecessor-version":[{"id":6634,"href":"https:\/\/www.lavalaggloathle53.fr\/index.php\/wp-json\/wp\/v2\/posts\/6585\/revisions\/6634"}],"wp:featuredmedia":[{"embeddable":true,"href":"https:\/\/www.lavalaggloathle53.fr\/index.php\/wp-json\/wp\/v2\/media\/6587"}],"wp:attachment":[{"href":"https:\/\/www.lavalaggloathle53.fr\/index.php\/wp-json\/wp\/v2\/media?parent=6585"}],"wp:term":[{"taxonomy":"category","embeddable":true,"href":"https:\/\/www.lavalaggloathle53.fr\/index.php\/wp-json\/wp\/v2\/categories?post=6585"},{"taxonomy":"post_tag","embeddable":true,"href":"https:\/\/www.lavalaggloathle53.fr\/index.php\/wp-json\/wp\/v2\/tags?post=6585"}],"curies":[{"name":"wp","href":"https:\/\/api.w.org\/{rel}","templated":true}]}}