{"id":5983,"date":"2024-07-12T21:39:51","date_gmt":"2024-07-12T19:39:51","guid":{"rendered":"https:\/\/www.lavalaggloathle53.fr\/?p=5983"},"modified":"2024-07-13T21:37:02","modified_gmt":"2024-07-13T19:37:02","slug":"le-junior-clement-taffin-entrouvre-les-portes-du-championnat-de-france-junior","status":"publish","type":"post","link":"https:\/\/www.lavalaggloathle53.fr\/index.php\/2024\/07\/12\/le-junior-clement-taffin-entrouvre-les-portes-du-championnat-de-france-junior\/","title":{"rendered":"Le junior Cl\u00e9ment TAFFIN entrouvre les portes du Championnat de France junior &#8230;"},"content":{"rendered":"\n<figure class=\"wp-block-image size-large\"><img fetchpriority=\"high\" decoding=\"async\" width=\"768\" height=\"1024\" src=\"https:\/\/www.lavalaggloathle53.fr\/wp-content\/uploads\/2024\/07\/IMG-20240623-WA00001-768x1024.jpg\" alt=\"\" class=\"wp-image-5989\" srcset=\"https:\/\/www.lavalaggloathle53.fr\/wp-content\/uploads\/2024\/07\/IMG-20240623-WA00001-768x1024.jpg 768w, https:\/\/www.lavalaggloathle53.fr\/wp-content\/uploads\/2024\/07\/IMG-20240623-WA00001-225x300.jpg 225w, https:\/\/www.lavalaggloathle53.fr\/wp-content\/uploads\/2024\/07\/IMG-20240623-WA00001-1152x1536.jpg 1152w, https:\/\/www.lavalaggloathle53.fr\/wp-content\/uploads\/2024\/07\/IMG-20240623-WA00001.jpg 1200w\" sizes=\"(max-width: 768px) 100vw, 768px\" \/><\/figure>\n\n\n\n<p>En r\u00e9alisant un jet \u00e0 <strong>44m36<\/strong> au Meeting de BEAUVAIS , le junior <strong>Cl\u00e9ment TAFFIN <\/strong>a pos\u00e9 une option pour participer au championnat de France qui se d\u00e9roulera \u00e0 ALBI du 18 au 21 juillet prochain en \u00e9tant \u00e0 la 27\u00e8me place au bilan provisoire fran\u00e7ais dans sa cat\u00e9gorie<\/p>\n","protected":false},"excerpt":{"rendered":"<p>En r\u00e9alisant un jet \u00e0 44m36 au Meeting de BEAUVAIS , le junior Cl\u00e9ment TAFFIN a pos\u00e9 une option pour participer au championnat de France qui se d\u00e9roulera \u00e0 ALBI du 18 au 21 juillet prochain en \u00e9tant \u00e0 la 27\u00e8me place au bilan provisoire fran\u00e7ais dans sa cat\u00e9gorie<\/p>\n","protected":false},"author":4,"featured_media":0,"comment_status":"open","ping_status":"closed","sticky":false,"template":"","format":"standard","meta":{"footnotes":""},"categories":[14,15,16],"tags":[],"class_list":["post-5983","post","type-post","status-publish","format-standard","hentry","category-actualites","category-competition","category-loisirs"],"yoast_head":"<!-- This site is optimized with the Yoast SEO plugin v27.2 - https:\/\/yoast.com\/product\/yoast-seo-wordpress\/ -->\n<title>Le junior Cl\u00e9ment TAFFIN entrouvre les portes du Championnat de France junior ... - Laval Agglo Athl\u00e9tisme<\/title>\n<meta name=\"robots\" content=\"index, follow, max-snippet:-1, max-image-preview:large, max-video-preview:-1\" \/>\n<link rel=\"canonical\" href=\"https:\/\/www.lavalaggloathle53.fr\/index.php\/2024\/07\/12\/le-junior-clement-taffin-entrouvre-les-portes-du-championnat-de-france-junior\/\" \/>\n<meta property=\"og:locale\" content=\"fr_FR\" \/>\n<meta property=\"og:type\" content=\"article\" \/>\n<meta property=\"og:title\" content=\"Le junior Cl\u00e9ment TAFFIN entrouvre les portes du Championnat de France junior ... - Laval Agglo Athl\u00e9tisme\" \/>\n<meta property=\"og:description\" content=\"En r\u00e9alisant un jet \u00e0 44m36 au Meeting de BEAUVAIS , le junior Cl\u00e9ment TAFFIN a pos\u00e9 une option pour participer au championnat de France qui se d\u00e9roulera \u00e0 ALBI du 18 au 21 juillet prochain en \u00e9tant \u00e0 la 27\u00e8me place au bilan provisoire fran\u00e7ais dans sa cat\u00e9gorie\" \/>\n<meta property=\"og:url\" content=\"https:\/\/www.lavalaggloathle53.fr\/index.php\/2024\/07\/12\/le-junior-clement-taffin-entrouvre-les-portes-du-championnat-de-france-junior\/\" \/>\n<meta property=\"og:site_name\" content=\"Laval Agglo Athl\u00e9tisme\" \/>\n<meta property=\"article:publisher\" content=\"https:\/\/www.facebook.com\/stadelavalloisathletisme\" \/>\n<meta property=\"article:published_time\" content=\"2024-07-12T19:39:51+00:00\" \/>\n<meta property=\"article:modified_time\" content=\"2024-07-13T19:37:02+00:00\" \/>\n<meta property=\"og:image\" content=\"https:\/\/www.lavalaggloathle53.fr\/wp-content\/uploads\/2024\/07\/IMG-20240623-WA00001-768x1024.jpg\" \/>\n<meta name=\"author\" content=\"Pascal BISSON\" \/>\n<meta name=\"twitter:card\" content=\"summary_large_image\" \/>\n<meta name=\"twitter:label1\" content=\"\u00c9crit par\" \/>\n\t<meta name=\"twitter:data1\" content=\"Pascal BISSON\" \/>\n\t<meta name=\"twitter:label2\" content=\"Dur\u00e9e de lecture estim\u00e9e\" \/>\n\t<meta name=\"twitter:data2\" content=\"1 minute\" \/>\n<script type=\"application\/ld+json\" class=\"yoast-schema-graph\">{\"@context\":\"https:\/\/schema.org\",\"@graph\":[{\"@type\":\"Article\",\"@id\":\"https:\/\/www.lavalaggloathle53.fr\/index.php\/2024\/07\/12\/le-junior-clement-taffin-entrouvre-les-portes-du-championnat-de-france-junior\/#article\",\"isPartOf\":{\"@id\":\"https:\/\/www.lavalaggloathle53.fr\/index.php\/2024\/07\/12\/le-junior-clement-taffin-entrouvre-les-portes-du-championnat-de-france-junior\/\"},\"author\":{\"name\":\"Pascal BISSON\",\"@id\":\"https:\/\/www.lavalaggloathle53.fr\/#\/schema\/person\/979647d1a9707730d91bfc766caadc0b\"},\"headline\":\"Le junior Cl\u00e9ment TAFFIN entrouvre les portes du Championnat de France junior &#8230;\",\"datePublished\":\"2024-07-12T19:39:51+00:00\",\"dateModified\":\"2024-07-13T19:37:02+00:00\",\"mainEntityOfPage\":{\"@id\":\"https:\/\/www.lavalaggloathle53.fr\/index.php\/2024\/07\/12\/le-junior-clement-taffin-entrouvre-les-portes-du-championnat-de-france-junior\/\"},\"wordCount\":61,\"commentCount\":0,\"image\":{\"@id\":\"https:\/\/www.lavalaggloathle53.fr\/index.php\/2024\/07\/12\/le-junior-clement-taffin-entrouvre-les-portes-du-championnat-de-france-junior\/#primaryimage\"},\"thumbnailUrl\":\"https:\/\/www.lavalaggloathle53.fr\/wp-content\/uploads\/2024\/07\/IMG-20240623-WA00001-768x1024.jpg\",\"articleSection\":[\"Actualit\u00e9s\",\"Comp\u00e9tition\",\"Loisirs\"],\"inLanguage\":\"fr-FR\",\"potentialAction\":[{\"@type\":\"CommentAction\",\"name\":\"Comment\",\"target\":[\"https:\/\/www.lavalaggloathle53.fr\/index.php\/2024\/07\/12\/le-junior-clement-taffin-entrouvre-les-portes-du-championnat-de-france-junior\/#respond\"]}]},{\"@type\":\"WebPage\",\"@id\":\"https:\/\/www.lavalaggloathle53.fr\/index.php\/2024\/07\/12\/le-junior-clement-taffin-entrouvre-les-portes-du-championnat-de-france-junior\/\",\"url\":\"https:\/\/www.lavalaggloathle53.fr\/index.php\/2024\/07\/12\/le-junior-clement-taffin-entrouvre-les-portes-du-championnat-de-france-junior\/\",\"name\":\"Le junior Cl\u00e9ment TAFFIN entrouvre les portes du Championnat de France junior ... - Laval Agglo Athl\u00e9tisme\",\"isPartOf\":{\"@id\":\"https:\/\/www.lavalaggloathle53.fr\/#website\"},\"primaryImageOfPage\":{\"@id\":\"https:\/\/www.lavalaggloathle53.fr\/index.php\/2024\/07\/12\/le-junior-clement-taffin-entrouvre-les-portes-du-championnat-de-france-junior\/#primaryimage\"},\"image\":{\"@id\":\"https:\/\/www.lavalaggloathle53.fr\/index.php\/2024\/07\/12\/le-junior-clement-taffin-entrouvre-les-portes-du-championnat-de-france-junior\/#primaryimage\"},\"thumbnailUrl\":\"https:\/\/www.lavalaggloathle53.fr\/wp-content\/uploads\/2024\/07\/IMG-20240623-WA00001-768x1024.jpg\",\"datePublished\":\"2024-07-12T19:39:51+00:00\",\"dateModified\":\"2024-07-13T19:37:02+00:00\",\"author\":{\"@id\":\"https:\/\/www.lavalaggloathle53.fr\/#\/schema\/person\/979647d1a9707730d91bfc766caadc0b\"},\"breadcrumb\":{\"@id\":\"https:\/\/www.lavalaggloathle53.fr\/index.php\/2024\/07\/12\/le-junior-clement-taffin-entrouvre-les-portes-du-championnat-de-france-junior\/#breadcrumb\"},\"inLanguage\":\"fr-FR\",\"potentialAction\":[{\"@type\":\"ReadAction\",\"target\":[\"https:\/\/www.lavalaggloathle53.fr\/index.php\/2024\/07\/12\/le-junior-clement-taffin-entrouvre-les-portes-du-championnat-de-france-junior\/\"]}]},{\"@type\":\"ImageObject\",\"inLanguage\":\"fr-FR\",\"@id\":\"https:\/\/www.lavalaggloathle53.fr\/index.php\/2024\/07\/12\/le-junior-clement-taffin-entrouvre-les-portes-du-championnat-de-france-junior\/#primaryimage\",\"url\":\"https:\/\/www.lavalaggloathle53.fr\/wp-content\/uploads\/2024\/07\/IMG-20240623-WA00001.jpg\",\"contentUrl\":\"https:\/\/www.lavalaggloathle53.fr\/wp-content\/uploads\/2024\/07\/IMG-20240623-WA00001.jpg\",\"width\":1200,\"height\":1600},{\"@type\":\"BreadcrumbList\",\"@id\":\"https:\/\/www.lavalaggloathle53.fr\/index.php\/2024\/07\/12\/le-junior-clement-taffin-entrouvre-les-portes-du-championnat-de-france-junior\/#breadcrumb\",\"itemListElement\":[{\"@type\":\"ListItem\",\"position\":1,\"name\":\"Accueil\",\"item\":\"https:\/\/www.lavalaggloathle53.fr\/\"},{\"@type\":\"ListItem\",\"position\":2,\"name\":\"Le junior Cl\u00e9ment TAFFIN entrouvre les portes du Championnat de France junior &#8230;\"}]},{\"@type\":\"WebSite\",\"@id\":\"https:\/\/www.lavalaggloathle53.fr\/#website\",\"url\":\"https:\/\/www.lavalaggloathle53.fr\/\",\"name\":\"Laval Agglo Athl\u00e9tisme\",\"description\":\"L&#039;athl\u00e9, un sport pour tous\",\"alternateName\":\"L2A53\",\"potentialAction\":[{\"@type\":\"SearchAction\",\"target\":{\"@type\":\"EntryPoint\",\"urlTemplate\":\"https:\/\/www.lavalaggloathle53.fr\/?s={search_term_string}\"},\"query-input\":{\"@type\":\"PropertyValueSpecification\",\"valueRequired\":true,\"valueName\":\"search_term_string\"}}],\"inLanguage\":\"fr-FR\"},{\"@type\":\"Person\",\"@id\":\"https:\/\/www.lavalaggloathle53.fr\/#\/schema\/person\/979647d1a9707730d91bfc766caadc0b\",\"name\":\"Pascal BISSON\",\"image\":{\"@type\":\"ImageObject\",\"inLanguage\":\"fr-FR\",\"@id\":\"https:\/\/secure.gravatar.com\/avatar\/59596d86ade6d559609912f789f6ddaf324a4bb824fbedeaf0ccebc5c1967658?s=96&d=mm&r=g\",\"url\":\"https:\/\/secure.gravatar.com\/avatar\/59596d86ade6d559609912f789f6ddaf324a4bb824fbedeaf0ccebc5c1967658?s=96&d=mm&r=g\",\"contentUrl\":\"https:\/\/secure.gravatar.com\/avatar\/59596d86ade6d559609912f789f6ddaf324a4bb824fbedeaf0ccebc5c1967658?s=96&d=mm&r=g\",\"caption\":\"Pascal BISSON\"},\"sameAs\":[\"https:\/\/www.lavalaggloathle53.fr\"],\"url\":\"https:\/\/www.lavalaggloathle53.fr\/index.php\/author\/bis53\/\"}]}<\/script>\n<!-- \/ Yoast SEO plugin. -->","yoast_head_json":{"title":"Le junior Cl\u00e9ment TAFFIN entrouvre les portes du Championnat de France junior ... - Laval Agglo Athl\u00e9tisme","robots":{"index":"index","follow":"follow","max-snippet":"max-snippet:-1","max-image-preview":"max-image-preview:large","max-video-preview":"max-video-preview:-1"},"canonical":"https:\/\/www.lavalaggloathle53.fr\/index.php\/2024\/07\/12\/le-junior-clement-taffin-entrouvre-les-portes-du-championnat-de-france-junior\/","og_locale":"fr_FR","og_type":"article","og_title":"Le junior Cl\u00e9ment TAFFIN entrouvre les portes du Championnat de France junior ... - Laval Agglo Athl\u00e9tisme","og_description":"En r\u00e9alisant un jet \u00e0 44m36 au Meeting de BEAUVAIS , le junior Cl\u00e9ment TAFFIN a pos\u00e9 une option pour participer au championnat de France qui se d\u00e9roulera \u00e0 ALBI du 18 au 21 juillet prochain en \u00e9tant \u00e0 la 27\u00e8me place au bilan provisoire fran\u00e7ais dans sa cat\u00e9gorie","og_url":"https:\/\/www.lavalaggloathle53.fr\/index.php\/2024\/07\/12\/le-junior-clement-taffin-entrouvre-les-portes-du-championnat-de-france-junior\/","og_site_name":"Laval Agglo Athl\u00e9tisme","article_publisher":"https:\/\/www.facebook.com\/stadelavalloisathletisme","article_published_time":"2024-07-12T19:39:51+00:00","article_modified_time":"2024-07-13T19:37:02+00:00","og_image":[{"url":"https:\/\/www.lavalaggloathle53.fr\/wp-content\/uploads\/2024\/07\/IMG-20240623-WA00001-768x1024.jpg","type":"","width":"","height":""}],"author":"Pascal BISSON","twitter_card":"summary_large_image","twitter_misc":{"\u00c9crit par":"Pascal BISSON","Dur\u00e9e de lecture estim\u00e9e":"1 minute"},"schema":{"@context":"https:\/\/schema.org","@graph":[{"@type":"Article","@id":"https:\/\/www.lavalaggloathle53.fr\/index.php\/2024\/07\/12\/le-junior-clement-taffin-entrouvre-les-portes-du-championnat-de-france-junior\/#article","isPartOf":{"@id":"https:\/\/www.lavalaggloathle53.fr\/index.php\/2024\/07\/12\/le-junior-clement-taffin-entrouvre-les-portes-du-championnat-de-france-junior\/"},"author":{"name":"Pascal BISSON","@id":"https:\/\/www.lavalaggloathle53.fr\/#\/schema\/person\/979647d1a9707730d91bfc766caadc0b"},"headline":"Le junior Cl\u00e9ment TAFFIN entrouvre les portes du Championnat de France junior &#8230;","datePublished":"2024-07-12T19:39:51+00:00","dateModified":"2024-07-13T19:37:02+00:00","mainEntityOfPage":{"@id":"https:\/\/www.lavalaggloathle53.fr\/index.php\/2024\/07\/12\/le-junior-clement-taffin-entrouvre-les-portes-du-championnat-de-france-junior\/"},"wordCount":61,"commentCount":0,"image":{"@id":"https:\/\/www.lavalaggloathle53.fr\/index.php\/2024\/07\/12\/le-junior-clement-taffin-entrouvre-les-portes-du-championnat-de-france-junior\/#primaryimage"},"thumbnailUrl":"https:\/\/www.lavalaggloathle53.fr\/wp-content\/uploads\/2024\/07\/IMG-20240623-WA00001-768x1024.jpg","articleSection":["Actualit\u00e9s","Comp\u00e9tition","Loisirs"],"inLanguage":"fr-FR","potentialAction":[{"@type":"CommentAction","name":"Comment","target":["https:\/\/www.lavalaggloathle53.fr\/index.php\/2024\/07\/12\/le-junior-clement-taffin-entrouvre-les-portes-du-championnat-de-france-junior\/#respond"]}]},{"@type":"WebPage","@id":"https:\/\/www.lavalaggloathle53.fr\/index.php\/2024\/07\/12\/le-junior-clement-taffin-entrouvre-les-portes-du-championnat-de-france-junior\/","url":"https:\/\/www.lavalaggloathle53.fr\/index.php\/2024\/07\/12\/le-junior-clement-taffin-entrouvre-les-portes-du-championnat-de-france-junior\/","name":"Le junior Cl\u00e9ment TAFFIN entrouvre les portes du Championnat de France junior ... - Laval Agglo Athl\u00e9tisme","isPartOf":{"@id":"https:\/\/www.lavalaggloathle53.fr\/#website"},"primaryImageOfPage":{"@id":"https:\/\/www.lavalaggloathle53.fr\/index.php\/2024\/07\/12\/le-junior-clement-taffin-entrouvre-les-portes-du-championnat-de-france-junior\/#primaryimage"},"image":{"@id":"https:\/\/www.lavalaggloathle53.fr\/index.php\/2024\/07\/12\/le-junior-clement-taffin-entrouvre-les-portes-du-championnat-de-france-junior\/#primaryimage"},"thumbnailUrl":"https:\/\/www.lavalaggloathle53.fr\/wp-content\/uploads\/2024\/07\/IMG-20240623-WA00001-768x1024.jpg","datePublished":"2024-07-12T19:39:51+00:00","dateModified":"2024-07-13T19:37:02+00:00","author":{"@id":"https:\/\/www.lavalaggloathle53.fr\/#\/schema\/person\/979647d1a9707730d91bfc766caadc0b"},"breadcrumb":{"@id":"https:\/\/www.lavalaggloathle53.fr\/index.php\/2024\/07\/12\/le-junior-clement-taffin-entrouvre-les-portes-du-championnat-de-france-junior\/#breadcrumb"},"inLanguage":"fr-FR","potentialAction":[{"@type":"ReadAction","target":["https:\/\/www.lavalaggloathle53.fr\/index.php\/2024\/07\/12\/le-junior-clement-taffin-entrouvre-les-portes-du-championnat-de-france-junior\/"]}]},{"@type":"ImageObject","inLanguage":"fr-FR","@id":"https:\/\/www.lavalaggloathle53.fr\/index.php\/2024\/07\/12\/le-junior-clement-taffin-entrouvre-les-portes-du-championnat-de-france-junior\/#primaryimage","url":"https:\/\/www.lavalaggloathle53.fr\/wp-content\/uploads\/2024\/07\/IMG-20240623-WA00001.jpg","contentUrl":"https:\/\/www.lavalaggloathle53.fr\/wp-content\/uploads\/2024\/07\/IMG-20240623-WA00001.jpg","width":1200,"height":1600},{"@type":"BreadcrumbList","@id":"https:\/\/www.lavalaggloathle53.fr\/index.php\/2024\/07\/12\/le-junior-clement-taffin-entrouvre-les-portes-du-championnat-de-france-junior\/#breadcrumb","itemListElement":[{"@type":"ListItem","position":1,"name":"Accueil","item":"https:\/\/www.lavalaggloathle53.fr\/"},{"@type":"ListItem","position":2,"name":"Le junior Cl\u00e9ment TAFFIN entrouvre les portes du Championnat de France junior &#8230;"}]},{"@type":"WebSite","@id":"https:\/\/www.lavalaggloathle53.fr\/#website","url":"https:\/\/www.lavalaggloathle53.fr\/","name":"Laval Agglo Athl\u00e9tisme","description":"L&#039;athl\u00e9, un sport pour tous","alternateName":"L2A53","potentialAction":[{"@type":"SearchAction","target":{"@type":"EntryPoint","urlTemplate":"https:\/\/www.lavalaggloathle53.fr\/?s={search_term_string}"},"query-input":{"@type":"PropertyValueSpecification","valueRequired":true,"valueName":"search_term_string"}}],"inLanguage":"fr-FR"},{"@type":"Person","@id":"https:\/\/www.lavalaggloathle53.fr\/#\/schema\/person\/979647d1a9707730d91bfc766caadc0b","name":"Pascal BISSON","image":{"@type":"ImageObject","inLanguage":"fr-FR","@id":"https:\/\/secure.gravatar.com\/avatar\/59596d86ade6d559609912f789f6ddaf324a4bb824fbedeaf0ccebc5c1967658?s=96&d=mm&r=g","url":"https:\/\/secure.gravatar.com\/avatar\/59596d86ade6d559609912f789f6ddaf324a4bb824fbedeaf0ccebc5c1967658?s=96&d=mm&r=g","contentUrl":"https:\/\/secure.gravatar.com\/avatar\/59596d86ade6d559609912f789f6ddaf324a4bb824fbedeaf0ccebc5c1967658?s=96&d=mm&r=g","caption":"Pascal BISSON"},"sameAs":["https:\/\/www.lavalaggloathle53.fr"],"url":"https:\/\/www.lavalaggloathle53.fr\/index.php\/author\/bis53\/"}]}},"_links":{"self":[{"href":"https:\/\/www.lavalaggloathle53.fr\/index.php\/wp-json\/wp\/v2\/posts\/5983","targetHints":{"allow":["GET"]}}],"collection":[{"href":"https:\/\/www.lavalaggloathle53.fr\/index.php\/wp-json\/wp\/v2\/posts"}],"about":[{"href":"https:\/\/www.lavalaggloathle53.fr\/index.php\/wp-json\/wp\/v2\/types\/post"}],"author":[{"embeddable":true,"href":"https:\/\/www.lavalaggloathle53.fr\/index.php\/wp-json\/wp\/v2\/users\/4"}],"replies":[{"embeddable":true,"href":"https:\/\/www.lavalaggloathle53.fr\/index.php\/wp-json\/wp\/v2\/comments?post=5983"}],"version-history":[{"count":2,"href":"https:\/\/www.lavalaggloathle53.fr\/index.php\/wp-json\/wp\/v2\/posts\/5983\/revisions"}],"predecessor-version":[{"id":5990,"href":"https:\/\/www.lavalaggloathle53.fr\/index.php\/wp-json\/wp\/v2\/posts\/5983\/revisions\/5990"}],"wp:attachment":[{"href":"https:\/\/www.lavalaggloathle53.fr\/index.php\/wp-json\/wp\/v2\/media?parent=5983"}],"wp:term":[{"taxonomy":"category","embeddable":true,"href":"https:\/\/www.lavalaggloathle53.fr\/index.php\/wp-json\/wp\/v2\/categories?post=5983"},{"taxonomy":"post_tag","embeddable":true,"href":"https:\/\/www.lavalaggloathle53.fr\/index.php\/wp-json\/wp\/v2\/tags?post=5983"}],"curies":[{"name":"wp","href":"https:\/\/api.w.org\/{rel}","templated":true}]}}