{"id":5948,"date":"2024-07-07T16:15:16","date_gmt":"2024-07-07T14:15:16","guid":{"rendered":"https:\/\/www.lavalaggloathle53.fr\/?p=5948"},"modified":"2024-07-08T00:24:44","modified_gmt":"2024-07-07T22:24:44","slug":"les-jeunes-du-l2a53-aux-pre-france-a-caen","status":"publish","type":"post","link":"https:\/\/www.lavalaggloathle53.fr\/index.php\/2024\/07\/07\/les-jeunes-du-l2a53-aux-pre-france-a-caen\/","title":{"rendered":"Les jeunes du  L2A53 aux Pr\u00e9-France \u00e0 CAEN &#8230;"},"content":{"rendered":"\n<figure class=\"wp-block-image size-large is-resized\"><img fetchpriority=\"high\" decoding=\"async\" width=\"819\" height=\"1024\" src=\"https:\/\/www.lavalaggloathle53.fr\/wp-content\/uploads\/2024\/07\/6687bc8143080_PrfranceCAEn2024-819x1024.png\" alt=\"\" class=\"wp-image-5950\" style=\"width:840px;height:auto\" srcset=\"https:\/\/www.lavalaggloathle53.fr\/wp-content\/uploads\/2024\/07\/6687bc8143080_PrfranceCAEn2024-819x1024.png 819w, https:\/\/www.lavalaggloathle53.fr\/wp-content\/uploads\/2024\/07\/6687bc8143080_PrfranceCAEn2024-240x300.png 240w, https:\/\/www.lavalaggloathle53.fr\/wp-content\/uploads\/2024\/07\/6687bc8143080_PrfranceCAEn2024-768x960.png 768w, https:\/\/www.lavalaggloathle53.fr\/wp-content\/uploads\/2024\/07\/6687bc8143080_PrfranceCAEn2024.png 960w\" sizes=\"(max-width: 819px) 100vw, 819px\" \/><\/figure>\n\n\n\n<figure class=\"wp-block-image size-large\"><img decoding=\"async\" width=\"1024\" height=\"992\" src=\"https:\/\/www.lavalaggloathle53.fr\/wp-content\/uploads\/2024\/07\/Valentine-LEMONNIER-2-1024x992.jpg\" alt=\"\" class=\"wp-image-5965\" srcset=\"https:\/\/www.lavalaggloathle53.fr\/wp-content\/uploads\/2024\/07\/Valentine-LEMONNIER-2-1024x992.jpg 1024w, https:\/\/www.lavalaggloathle53.fr\/wp-content\/uploads\/2024\/07\/Valentine-LEMONNIER-2-300x291.jpg 300w, https:\/\/www.lavalaggloathle53.fr\/wp-content\/uploads\/2024\/07\/Valentine-LEMONNIER-2-768x744.jpg 768w, https:\/\/www.lavalaggloathle53.fr\/wp-content\/uploads\/2024\/07\/Valentine-LEMONNIER-2.jpg 1080w\" sizes=\"(max-width: 1024px) 100vw, 1024px\" \/><\/figure>\n\n\n\n<p>Sur les demi-finales de championnat de France qui se sont disput\u00e9es \u00e0 CAEN ce W-E , la cadette <strong>Valentine LEMONNIER  <\/strong>avec un jet mesur\u00e9 \u00e0 <strong>31m82<\/strong> n&rsquo;a pas r\u00e9ussie \u00e0 am\u00e9liorer sa meilleure perf de la saison mais reste qualifi\u00e9e provisoirement pour les championnats de France qui vont se d\u00e9rouler \u00e0 ALBI le week-end du 19 au 21 juillet  avec sa perf de d\u00e9but juin \u00e0 34m57 r\u00e9alis\u00e9e \u00e0 Ch\u00e2teau-Gontier qui la classe \u00e0 la <strong>16\u00e8me place au plan National.<\/strong><\/p>\n\n\n\n<p>Le cadet <strong>Tom Morvan<\/strong>, sur le concours de perche n&rsquo;a pas r\u00e9ussi \u00e0 r\u00e9\u00e9diter ses performances habituelles mais reste positionn\u00e9 \u00e0 la <strong>13 \u00e8me place au Bilan national<\/strong> synonyme de qualification pour les prochains championnats de France Jeunes \u00e0 ALBI.<\/p>\n\n\n\n<p>Belle surprise avec la progression du jeune cadet <strong>L\u00e9o RICHARD<\/strong> entra\u00een\u00e9 par le toujours jeune Joseph AUBIN avec une barre pass\u00e9e \u00e0 <strong>1,90m<\/strong> qui pourrait, en entrant dans le <strong>TOP 30 au bilan national<\/strong>,  lui ouvrir les portes du Championnat de France Jeunes \u00e0 ALBI !<\/p>\n\n\n\n<figure class=\"wp-block-image size-large\"><img decoding=\"async\" width=\"685\" height=\"1024\" src=\"https:\/\/www.lavalaggloathle53.fr\/wp-content\/uploads\/2024\/07\/IMG-20240707-WA0015-685x1024.jpg\" alt=\"\" class=\"wp-image-5973\" srcset=\"https:\/\/www.lavalaggloathle53.fr\/wp-content\/uploads\/2024\/07\/IMG-20240707-WA0015-685x1024.jpg 685w, https:\/\/www.lavalaggloathle53.fr\/wp-content\/uploads\/2024\/07\/IMG-20240707-WA0015-201x300.jpg 201w, https:\/\/www.lavalaggloathle53.fr\/wp-content\/uploads\/2024\/07\/IMG-20240707-WA0015.jpg 720w\" sizes=\"(max-width: 685px) 100vw, 685px\" \/><\/figure>\n\n\n\n<p>Tous les r\u00e9sultats :<\/p>\n\n\n\n<figure class=\"wp-block-table\"><table><tbody><tr><td colspan=\"17\"><strong>L2A53 &#8211; S\/L STADE LAVALLOIS<\/strong><\/td><\/tr><tr><td colspan=\"17\">Femmes<\/td><\/tr><tr><td>LEMONNIER Valentine<\/td><td><\/td><td>Poids (3 kg) \/ CAF<\/td><td><\/td><td>Finale<\/td><td><\/td><td>15<\/td><td><\/td><td><strong>9m77<\/strong><\/td><td><\/td><td>572<\/td><td><\/td><td>&nbsp;<\/td><td><\/td><td>CAF\/07<\/td><td><\/td><td>06\/07<\/td><\/tr><tr><td>LEMONNIER Valentine<\/td><td><\/td><td>Disque (1.0 kg) \/ CAF<\/td><td><\/td><td>Finale<\/td><td><\/td><td>5<\/td><td><\/td><td><strong>31m82<\/strong><\/td><td><\/td><td>555<\/td><td><\/td><td>&nbsp;<\/td><td><\/td><td>CAF\/07<\/td><td><\/td><td><\/td><\/tr><tr><td colspan=\"17\">Hommes<\/td><\/tr><tr><td>LE BARS Hugo<\/td><td><\/td><td>Javelot (700 g) \/ CAM<\/td><td><\/td><td>Finale<\/td><td><\/td><td>9<\/td><td><\/td><td><strong>41m83<\/strong><\/td><td><\/td><td>562<\/td><td><\/td><td>&nbsp;<\/td><td><\/td><td>CAM\/08<\/td><\/tr><\/tbody><\/table><\/figure>\n\n\n\n<figure class=\"wp-block-table\"><table><tbody><tr><td><a href=\"javascript:bddThrowAthlete('resultats', 11369267, 0)\">MORVAN Tom<\/a><\/td><td><\/td><td>Disque (1.5 kg) \/ CAM<\/td><td><\/td><td>Finale<\/td><td><\/td><td>7<\/td><td><\/td><td><strong>33m55<\/strong><\/td><td><\/td><td>577<\/td><td><\/td><td>R6<\/td><td><\/td><td>CAM\/07<\/td><td><\/td><td>07\/07<\/td><\/tr><tr><td><a href=\"javascript:bddThrowAthlete('resultats', 11369267, 0)\">MORVAN Tom<\/a><\/td><td><\/td><td>Perche \/ TCM<\/td><td><\/td><td>Finale 1<\/td><td><\/td><td>&#8211;<\/td><td><\/td><td><strong>NC<\/strong><\/td><td><\/td><td>&nbsp;<\/td><td><\/td><td>&nbsp;<\/td><td><\/td><td>CAM\/07<\/td><td><\/td><td>07\/07<\/td><\/tr><tr><td><a href=\"javascript:bddThrowAthlete('resultats', 28461997, 0)\">RICHARD Leo<\/a><\/td><td><\/td><td>Hauteur \/ TCM<\/td><td><\/td><td>Finale 1<\/td><td><\/td><td>1<\/td><td><\/td><td><strong>1m90<\/strong><\/td><td><\/td><td>827<\/td><td><\/td><td>IR3<\/td><td><\/td><td>CAM\/07<\/td><\/tr><\/tbody><\/table><\/figure>\n","protected":false},"excerpt":{"rendered":"<p>Sur les demi-finales de championnat de France qui se sont disput\u00e9es \u00e0 CAEN ce W-E , la cadette Valentine LEMONNIER avec un jet mesur\u00e9 \u00e0 31m82 n&rsquo;a pas r\u00e9ussie \u00e0 am\u00e9liorer sa meilleure perf de la saison mais reste qualifi\u00e9e provisoirement pour les championnats de France qui vont se d\u00e9rouler \u00e0 ALBI le week-end du 19 au 21 juillet avec sa perf de d\u00e9but juin \u00e0 34m57 r\u00e9alis\u00e9e \u00e0 Ch\u00e2teau-Gontier qui la classe \u00e0 la 16\u00e8me place au plan National. Le cadet Tom Morvan, sur le concours de perche n&rsquo;a pas r\u00e9ussi \u00e0 r\u00e9\u00e9diter ses performances habituelles mais reste positionn\u00e9 \u00e0 la 13 \u00e8me place au Bilan national synonyme de qualification pour les prochains championnats de France Jeunes \u00e0 ALBI. Belle surprise avec la progression du jeune cadet L\u00e9o RICHARD entra\u00een\u00e9 par le toujours jeune Joseph AUBIN avec une barre pass\u00e9e \u00e0 1,90m qui pourrait, en entrant dans le TOP 30 au bilan national, lui ouvrir les portes du Championnat de France Jeunes \u00e0 ALBI ! Tous les r\u00e9sultats : L2A53 &#8211; S\/L STADE LAVALLOIS Femmes LEMONNIER Valentine Poids (3 kg) \/ CAF Finale 15 9m77 572 &nbsp; CAF\/07 06\/07 LEMONNIER Valentine Disque (1.0 kg) \/ CAF Finale 5 31m82 555 &nbsp; CAF\/07 Hommes LE BARS Hugo Javelot (700 g) \/ CAM Finale 9 41m83 562 &nbsp; CAM\/08 MORVAN Tom Disque (1.5 kg) \/ CAM Finale 7 33m55 577 R6 CAM\/07 07\/07 MORVAN Tom Perche \/ TCM Finale 1 &#8211; NC &nbsp; &nbsp; CAM\/07 07\/07 RICHARD Leo Hauteur \/ TCM Finale 1 1 1m90 827 IR3 CAM\/07<\/p>\n","protected":false},"author":4,"featured_media":5973,"comment_status":"open","ping_status":"closed","sticky":false,"template":"","format":"standard","meta":{"footnotes":""},"categories":[14,15],"tags":[],"class_list":["post-5948","post","type-post","status-publish","format-standard","has-post-thumbnail","hentry","category-actualites","category-competition"],"yoast_head":"<!-- This site is optimized with the Yoast SEO plugin v27.2 - https:\/\/yoast.com\/product\/yoast-seo-wordpress\/ -->\n<title>Les jeunes du L2A53 aux Pr\u00e9-France \u00e0 CAEN ... - Laval Agglo Athl\u00e9tisme<\/title>\n<meta name=\"robots\" content=\"index, follow, max-snippet:-1, max-image-preview:large, max-video-preview:-1\" \/>\n<link rel=\"canonical\" href=\"https:\/\/www.lavalaggloathle53.fr\/index.php\/2024\/07\/07\/les-jeunes-du-l2a53-aux-pre-france-a-caen\/\" \/>\n<meta property=\"og:locale\" content=\"fr_FR\" \/>\n<meta property=\"og:type\" content=\"article\" \/>\n<meta property=\"og:title\" content=\"Les jeunes du L2A53 aux Pr\u00e9-France \u00e0 CAEN ... - Laval Agglo Athl\u00e9tisme\" \/>\n<meta property=\"og:description\" content=\"Sur les demi-finales de championnat de France qui se sont disput\u00e9es \u00e0 CAEN ce W-E , la cadette Valentine LEMONNIER avec un jet mesur\u00e9 \u00e0 31m82 n&rsquo;a pas r\u00e9ussie \u00e0 am\u00e9liorer sa meilleure perf de la saison mais reste qualifi\u00e9e provisoirement pour les championnats de France qui vont se d\u00e9rouler \u00e0 ALBI le week-end du 19 au 21 juillet avec sa perf de d\u00e9but juin \u00e0 34m57 r\u00e9alis\u00e9e \u00e0 Ch\u00e2teau-Gontier qui la classe \u00e0 la 16\u00e8me place au plan National. Le cadet Tom Morvan, sur le concours de perche n&rsquo;a pas r\u00e9ussi \u00e0 r\u00e9\u00e9diter ses performances habituelles mais reste positionn\u00e9 \u00e0 la 13 \u00e8me place au Bilan national synonyme de qualification pour les prochains championnats de France Jeunes \u00e0 ALBI. Belle surprise avec la progression du jeune cadet L\u00e9o RICHARD entra\u00een\u00e9 par le toujours jeune Joseph AUBIN avec une barre pass\u00e9e \u00e0 1,90m qui pourrait, en entrant dans le TOP 30 au bilan national, lui ouvrir les portes du Championnat de France Jeunes \u00e0 ALBI ! Tous les r\u00e9sultats : L2A53 &#8211; S\/L STADE LAVALLOIS Femmes LEMONNIER Valentine Poids (3 kg) \/ CAF Finale 15 9m77 572 &nbsp; CAF\/07 06\/07 LEMONNIER Valentine Disque (1.0 kg) \/ CAF Finale 5 31m82 555 &nbsp; CAF\/07 Hommes LE BARS Hugo Javelot (700 g) \/ CAM Finale 9 41m83 562 &nbsp; CAM\/08 MORVAN Tom Disque (1.5 kg) \/ CAM Finale 7 33m55 577 R6 CAM\/07 07\/07 MORVAN Tom Perche \/ TCM Finale 1 &#8211; NC &nbsp; &nbsp; CAM\/07 07\/07 RICHARD Leo Hauteur \/ TCM Finale 1 1 1m90 827 IR3 CAM\/07\" \/>\n<meta property=\"og:url\" content=\"https:\/\/www.lavalaggloathle53.fr\/index.php\/2024\/07\/07\/les-jeunes-du-l2a53-aux-pre-france-a-caen\/\" \/>\n<meta property=\"og:site_name\" content=\"Laval Agglo Athl\u00e9tisme\" \/>\n<meta property=\"article:publisher\" content=\"https:\/\/www.facebook.com\/stadelavalloisathletisme\" \/>\n<meta property=\"article:published_time\" content=\"2024-07-07T14:15:16+00:00\" \/>\n<meta property=\"article:modified_time\" content=\"2024-07-07T22:24:44+00:00\" \/>\n<meta property=\"og:image\" content=\"https:\/\/www.lavalaggloathle53.fr\/wp-content\/uploads\/2024\/07\/IMG-20240707-WA0015.jpg\" \/>\n\t<meta property=\"og:image:width\" content=\"720\" \/>\n\t<meta property=\"og:image:height\" content=\"1077\" \/>\n\t<meta property=\"og:image:type\" content=\"image\/jpeg\" \/>\n<meta name=\"author\" content=\"Pascal BISSON\" \/>\n<meta name=\"twitter:card\" content=\"summary_large_image\" \/>\n<meta name=\"twitter:label1\" content=\"\u00c9crit par\" \/>\n\t<meta name=\"twitter:data1\" content=\"Pascal BISSON\" \/>\n\t<meta name=\"twitter:label2\" content=\"Dur\u00e9e de lecture estim\u00e9e\" \/>\n\t<meta name=\"twitter:data2\" content=\"3 minutes\" \/>\n<script type=\"application\/ld+json\" class=\"yoast-schema-graph\">{\"@context\":\"https:\/\/schema.org\",\"@graph\":[{\"@type\":\"Article\",\"@id\":\"https:\/\/www.lavalaggloathle53.fr\/index.php\/2024\/07\/07\/les-jeunes-du-l2a53-aux-pre-france-a-caen\/#article\",\"isPartOf\":{\"@id\":\"https:\/\/www.lavalaggloathle53.fr\/index.php\/2024\/07\/07\/les-jeunes-du-l2a53-aux-pre-france-a-caen\/\"},\"author\":{\"name\":\"Pascal BISSON\",\"@id\":\"https:\/\/www.lavalaggloathle53.fr\/#\/schema\/person\/979647d1a9707730d91bfc766caadc0b\"},\"headline\":\"Les jeunes du L2A53 aux Pr\u00e9-France \u00e0 CAEN &#8230;\",\"datePublished\":\"2024-07-07T14:15:16+00:00\",\"dateModified\":\"2024-07-07T22:24:44+00:00\",\"mainEntityOfPage\":{\"@id\":\"https:\/\/www.lavalaggloathle53.fr\/index.php\/2024\/07\/07\/les-jeunes-du-l2a53-aux-pre-france-a-caen\/\"},\"wordCount\":241,\"commentCount\":0,\"image\":{\"@id\":\"https:\/\/www.lavalaggloathle53.fr\/index.php\/2024\/07\/07\/les-jeunes-du-l2a53-aux-pre-france-a-caen\/#primaryimage\"},\"thumbnailUrl\":\"https:\/\/www.lavalaggloathle53.fr\/wp-content\/uploads\/2024\/07\/IMG-20240707-WA0015.jpg\",\"articleSection\":[\"Actualit\u00e9s\",\"Comp\u00e9tition\"],\"inLanguage\":\"fr-FR\",\"potentialAction\":[{\"@type\":\"CommentAction\",\"name\":\"Comment\",\"target\":[\"https:\/\/www.lavalaggloathle53.fr\/index.php\/2024\/07\/07\/les-jeunes-du-l2a53-aux-pre-france-a-caen\/#respond\"]}]},{\"@type\":\"WebPage\",\"@id\":\"https:\/\/www.lavalaggloathle53.fr\/index.php\/2024\/07\/07\/les-jeunes-du-l2a53-aux-pre-france-a-caen\/\",\"url\":\"https:\/\/www.lavalaggloathle53.fr\/index.php\/2024\/07\/07\/les-jeunes-du-l2a53-aux-pre-france-a-caen\/\",\"name\":\"Les jeunes du L2A53 aux Pr\u00e9-France \u00e0 CAEN ... - Laval Agglo Athl\u00e9tisme\",\"isPartOf\":{\"@id\":\"https:\/\/www.lavalaggloathle53.fr\/#website\"},\"primaryImageOfPage\":{\"@id\":\"https:\/\/www.lavalaggloathle53.fr\/index.php\/2024\/07\/07\/les-jeunes-du-l2a53-aux-pre-france-a-caen\/#primaryimage\"},\"image\":{\"@id\":\"https:\/\/www.lavalaggloathle53.fr\/index.php\/2024\/07\/07\/les-jeunes-du-l2a53-aux-pre-france-a-caen\/#primaryimage\"},\"thumbnailUrl\":\"https:\/\/www.lavalaggloathle53.fr\/wp-content\/uploads\/2024\/07\/IMG-20240707-WA0015.jpg\",\"datePublished\":\"2024-07-07T14:15:16+00:00\",\"dateModified\":\"2024-07-07T22:24:44+00:00\",\"author\":{\"@id\":\"https:\/\/www.lavalaggloathle53.fr\/#\/schema\/person\/979647d1a9707730d91bfc766caadc0b\"},\"breadcrumb\":{\"@id\":\"https:\/\/www.lavalaggloathle53.fr\/index.php\/2024\/07\/07\/les-jeunes-du-l2a53-aux-pre-france-a-caen\/#breadcrumb\"},\"inLanguage\":\"fr-FR\",\"potentialAction\":[{\"@type\":\"ReadAction\",\"target\":[\"https:\/\/www.lavalaggloathle53.fr\/index.php\/2024\/07\/07\/les-jeunes-du-l2a53-aux-pre-france-a-caen\/\"]}]},{\"@type\":\"ImageObject\",\"inLanguage\":\"fr-FR\",\"@id\":\"https:\/\/www.lavalaggloathle53.fr\/index.php\/2024\/07\/07\/les-jeunes-du-l2a53-aux-pre-france-a-caen\/#primaryimage\",\"url\":\"https:\/\/www.lavalaggloathle53.fr\/wp-content\/uploads\/2024\/07\/IMG-20240707-WA0015.jpg\",\"contentUrl\":\"https:\/\/www.lavalaggloathle53.fr\/wp-content\/uploads\/2024\/07\/IMG-20240707-WA0015.jpg\",\"width\":720,\"height\":1077},{\"@type\":\"BreadcrumbList\",\"@id\":\"https:\/\/www.lavalaggloathle53.fr\/index.php\/2024\/07\/07\/les-jeunes-du-l2a53-aux-pre-france-a-caen\/#breadcrumb\",\"itemListElement\":[{\"@type\":\"ListItem\",\"position\":1,\"name\":\"Accueil\",\"item\":\"https:\/\/www.lavalaggloathle53.fr\/\"},{\"@type\":\"ListItem\",\"position\":2,\"name\":\"Les jeunes du L2A53 aux Pr\u00e9-France \u00e0 CAEN &#8230;\"}]},{\"@type\":\"WebSite\",\"@id\":\"https:\/\/www.lavalaggloathle53.fr\/#website\",\"url\":\"https:\/\/www.lavalaggloathle53.fr\/\",\"name\":\"Laval Agglo Athl\u00e9tisme\",\"description\":\"L&#039;athl\u00e9, un sport pour tous\",\"alternateName\":\"L2A53\",\"potentialAction\":[{\"@type\":\"SearchAction\",\"target\":{\"@type\":\"EntryPoint\",\"urlTemplate\":\"https:\/\/www.lavalaggloathle53.fr\/?s={search_term_string}\"},\"query-input\":{\"@type\":\"PropertyValueSpecification\",\"valueRequired\":true,\"valueName\":\"search_term_string\"}}],\"inLanguage\":\"fr-FR\"},{\"@type\":\"Person\",\"@id\":\"https:\/\/www.lavalaggloathle53.fr\/#\/schema\/person\/979647d1a9707730d91bfc766caadc0b\",\"name\":\"Pascal BISSON\",\"image\":{\"@type\":\"ImageObject\",\"inLanguage\":\"fr-FR\",\"@id\":\"https:\/\/secure.gravatar.com\/avatar\/59596d86ade6d559609912f789f6ddaf324a4bb824fbedeaf0ccebc5c1967658?s=96&d=mm&r=g\",\"url\":\"https:\/\/secure.gravatar.com\/avatar\/59596d86ade6d559609912f789f6ddaf324a4bb824fbedeaf0ccebc5c1967658?s=96&d=mm&r=g\",\"contentUrl\":\"https:\/\/secure.gravatar.com\/avatar\/59596d86ade6d559609912f789f6ddaf324a4bb824fbedeaf0ccebc5c1967658?s=96&d=mm&r=g\",\"caption\":\"Pascal BISSON\"},\"sameAs\":[\"https:\/\/www.lavalaggloathle53.fr\"],\"url\":\"https:\/\/www.lavalaggloathle53.fr\/index.php\/author\/bis53\/\"}]}<\/script>\n<!-- \/ Yoast SEO plugin. -->","yoast_head_json":{"title":"Les jeunes du L2A53 aux Pr\u00e9-France \u00e0 CAEN ... - Laval Agglo Athl\u00e9tisme","robots":{"index":"index","follow":"follow","max-snippet":"max-snippet:-1","max-image-preview":"max-image-preview:large","max-video-preview":"max-video-preview:-1"},"canonical":"https:\/\/www.lavalaggloathle53.fr\/index.php\/2024\/07\/07\/les-jeunes-du-l2a53-aux-pre-france-a-caen\/","og_locale":"fr_FR","og_type":"article","og_title":"Les jeunes du L2A53 aux Pr\u00e9-France \u00e0 CAEN ... - Laval Agglo Athl\u00e9tisme","og_description":"Sur les demi-finales de championnat de France qui se sont disput\u00e9es \u00e0 CAEN ce W-E , la cadette Valentine LEMONNIER avec un jet mesur\u00e9 \u00e0 31m82 n&rsquo;a pas r\u00e9ussie \u00e0 am\u00e9liorer sa meilleure perf de la saison mais reste qualifi\u00e9e provisoirement pour les championnats de France qui vont se d\u00e9rouler \u00e0 ALBI le week-end du 19 au 21 juillet avec sa perf de d\u00e9but juin \u00e0 34m57 r\u00e9alis\u00e9e \u00e0 Ch\u00e2teau-Gontier qui la classe \u00e0 la 16\u00e8me place au plan National. Le cadet Tom Morvan, sur le concours de perche n&rsquo;a pas r\u00e9ussi \u00e0 r\u00e9\u00e9diter ses performances habituelles mais reste positionn\u00e9 \u00e0 la 13 \u00e8me place au Bilan national synonyme de qualification pour les prochains championnats de France Jeunes \u00e0 ALBI. Belle surprise avec la progression du jeune cadet L\u00e9o RICHARD entra\u00een\u00e9 par le toujours jeune Joseph AUBIN avec une barre pass\u00e9e \u00e0 1,90m qui pourrait, en entrant dans le TOP 30 au bilan national, lui ouvrir les portes du Championnat de France Jeunes \u00e0 ALBI ! Tous les r\u00e9sultats : L2A53 &#8211; S\/L STADE LAVALLOIS Femmes LEMONNIER Valentine Poids (3 kg) \/ CAF Finale 15 9m77 572 &nbsp; CAF\/07 06\/07 LEMONNIER Valentine Disque (1.0 kg) \/ CAF Finale 5 31m82 555 &nbsp; CAF\/07 Hommes LE BARS Hugo Javelot (700 g) \/ CAM Finale 9 41m83 562 &nbsp; CAM\/08 MORVAN Tom Disque (1.5 kg) \/ CAM Finale 7 33m55 577 R6 CAM\/07 07\/07 MORVAN Tom Perche \/ TCM Finale 1 &#8211; NC &nbsp; &nbsp; CAM\/07 07\/07 RICHARD Leo Hauteur \/ TCM Finale 1 1 1m90 827 IR3 CAM\/07","og_url":"https:\/\/www.lavalaggloathle53.fr\/index.php\/2024\/07\/07\/les-jeunes-du-l2a53-aux-pre-france-a-caen\/","og_site_name":"Laval Agglo Athl\u00e9tisme","article_publisher":"https:\/\/www.facebook.com\/stadelavalloisathletisme","article_published_time":"2024-07-07T14:15:16+00:00","article_modified_time":"2024-07-07T22:24:44+00:00","og_image":[{"width":720,"height":1077,"url":"https:\/\/www.lavalaggloathle53.fr\/wp-content\/uploads\/2024\/07\/IMG-20240707-WA0015.jpg","type":"image\/jpeg"}],"author":"Pascal BISSON","twitter_card":"summary_large_image","twitter_misc":{"\u00c9crit par":"Pascal BISSON","Dur\u00e9e de lecture estim\u00e9e":"3 minutes"},"schema":{"@context":"https:\/\/schema.org","@graph":[{"@type":"Article","@id":"https:\/\/www.lavalaggloathle53.fr\/index.php\/2024\/07\/07\/les-jeunes-du-l2a53-aux-pre-france-a-caen\/#article","isPartOf":{"@id":"https:\/\/www.lavalaggloathle53.fr\/index.php\/2024\/07\/07\/les-jeunes-du-l2a53-aux-pre-france-a-caen\/"},"author":{"name":"Pascal BISSON","@id":"https:\/\/www.lavalaggloathle53.fr\/#\/schema\/person\/979647d1a9707730d91bfc766caadc0b"},"headline":"Les jeunes du L2A53 aux Pr\u00e9-France \u00e0 CAEN &#8230;","datePublished":"2024-07-07T14:15:16+00:00","dateModified":"2024-07-07T22:24:44+00:00","mainEntityOfPage":{"@id":"https:\/\/www.lavalaggloathle53.fr\/index.php\/2024\/07\/07\/les-jeunes-du-l2a53-aux-pre-france-a-caen\/"},"wordCount":241,"commentCount":0,"image":{"@id":"https:\/\/www.lavalaggloathle53.fr\/index.php\/2024\/07\/07\/les-jeunes-du-l2a53-aux-pre-france-a-caen\/#primaryimage"},"thumbnailUrl":"https:\/\/www.lavalaggloathle53.fr\/wp-content\/uploads\/2024\/07\/IMG-20240707-WA0015.jpg","articleSection":["Actualit\u00e9s","Comp\u00e9tition"],"inLanguage":"fr-FR","potentialAction":[{"@type":"CommentAction","name":"Comment","target":["https:\/\/www.lavalaggloathle53.fr\/index.php\/2024\/07\/07\/les-jeunes-du-l2a53-aux-pre-france-a-caen\/#respond"]}]},{"@type":"WebPage","@id":"https:\/\/www.lavalaggloathle53.fr\/index.php\/2024\/07\/07\/les-jeunes-du-l2a53-aux-pre-france-a-caen\/","url":"https:\/\/www.lavalaggloathle53.fr\/index.php\/2024\/07\/07\/les-jeunes-du-l2a53-aux-pre-france-a-caen\/","name":"Les jeunes du L2A53 aux Pr\u00e9-France \u00e0 CAEN ... - Laval Agglo Athl\u00e9tisme","isPartOf":{"@id":"https:\/\/www.lavalaggloathle53.fr\/#website"},"primaryImageOfPage":{"@id":"https:\/\/www.lavalaggloathle53.fr\/index.php\/2024\/07\/07\/les-jeunes-du-l2a53-aux-pre-france-a-caen\/#primaryimage"},"image":{"@id":"https:\/\/www.lavalaggloathle53.fr\/index.php\/2024\/07\/07\/les-jeunes-du-l2a53-aux-pre-france-a-caen\/#primaryimage"},"thumbnailUrl":"https:\/\/www.lavalaggloathle53.fr\/wp-content\/uploads\/2024\/07\/IMG-20240707-WA0015.jpg","datePublished":"2024-07-07T14:15:16+00:00","dateModified":"2024-07-07T22:24:44+00:00","author":{"@id":"https:\/\/www.lavalaggloathle53.fr\/#\/schema\/person\/979647d1a9707730d91bfc766caadc0b"},"breadcrumb":{"@id":"https:\/\/www.lavalaggloathle53.fr\/index.php\/2024\/07\/07\/les-jeunes-du-l2a53-aux-pre-france-a-caen\/#breadcrumb"},"inLanguage":"fr-FR","potentialAction":[{"@type":"ReadAction","target":["https:\/\/www.lavalaggloathle53.fr\/index.php\/2024\/07\/07\/les-jeunes-du-l2a53-aux-pre-france-a-caen\/"]}]},{"@type":"ImageObject","inLanguage":"fr-FR","@id":"https:\/\/www.lavalaggloathle53.fr\/index.php\/2024\/07\/07\/les-jeunes-du-l2a53-aux-pre-france-a-caen\/#primaryimage","url":"https:\/\/www.lavalaggloathle53.fr\/wp-content\/uploads\/2024\/07\/IMG-20240707-WA0015.jpg","contentUrl":"https:\/\/www.lavalaggloathle53.fr\/wp-content\/uploads\/2024\/07\/IMG-20240707-WA0015.jpg","width":720,"height":1077},{"@type":"BreadcrumbList","@id":"https:\/\/www.lavalaggloathle53.fr\/index.php\/2024\/07\/07\/les-jeunes-du-l2a53-aux-pre-france-a-caen\/#breadcrumb","itemListElement":[{"@type":"ListItem","position":1,"name":"Accueil","item":"https:\/\/www.lavalaggloathle53.fr\/"},{"@type":"ListItem","position":2,"name":"Les jeunes du L2A53 aux Pr\u00e9-France \u00e0 CAEN &#8230;"}]},{"@type":"WebSite","@id":"https:\/\/www.lavalaggloathle53.fr\/#website","url":"https:\/\/www.lavalaggloathle53.fr\/","name":"Laval Agglo Athl\u00e9tisme","description":"L&#039;athl\u00e9, un sport pour tous","alternateName":"L2A53","potentialAction":[{"@type":"SearchAction","target":{"@type":"EntryPoint","urlTemplate":"https:\/\/www.lavalaggloathle53.fr\/?s={search_term_string}"},"query-input":{"@type":"PropertyValueSpecification","valueRequired":true,"valueName":"search_term_string"}}],"inLanguage":"fr-FR"},{"@type":"Person","@id":"https:\/\/www.lavalaggloathle53.fr\/#\/schema\/person\/979647d1a9707730d91bfc766caadc0b","name":"Pascal BISSON","image":{"@type":"ImageObject","inLanguage":"fr-FR","@id":"https:\/\/secure.gravatar.com\/avatar\/59596d86ade6d559609912f789f6ddaf324a4bb824fbedeaf0ccebc5c1967658?s=96&d=mm&r=g","url":"https:\/\/secure.gravatar.com\/avatar\/59596d86ade6d559609912f789f6ddaf324a4bb824fbedeaf0ccebc5c1967658?s=96&d=mm&r=g","contentUrl":"https:\/\/secure.gravatar.com\/avatar\/59596d86ade6d559609912f789f6ddaf324a4bb824fbedeaf0ccebc5c1967658?s=96&d=mm&r=g","caption":"Pascal BISSON"},"sameAs":["https:\/\/www.lavalaggloathle53.fr"],"url":"https:\/\/www.lavalaggloathle53.fr\/index.php\/author\/bis53\/"}]}},"_links":{"self":[{"href":"https:\/\/www.lavalaggloathle53.fr\/index.php\/wp-json\/wp\/v2\/posts\/5948","targetHints":{"allow":["GET"]}}],"collection":[{"href":"https:\/\/www.lavalaggloathle53.fr\/index.php\/wp-json\/wp\/v2\/posts"}],"about":[{"href":"https:\/\/www.lavalaggloathle53.fr\/index.php\/wp-json\/wp\/v2\/types\/post"}],"author":[{"embeddable":true,"href":"https:\/\/www.lavalaggloathle53.fr\/index.php\/wp-json\/wp\/v2\/users\/4"}],"replies":[{"embeddable":true,"href":"https:\/\/www.lavalaggloathle53.fr\/index.php\/wp-json\/wp\/v2\/comments?post=5948"}],"version-history":[{"count":9,"href":"https:\/\/www.lavalaggloathle53.fr\/index.php\/wp-json\/wp\/v2\/posts\/5948\/revisions"}],"predecessor-version":[{"id":5986,"href":"https:\/\/www.lavalaggloathle53.fr\/index.php\/wp-json\/wp\/v2\/posts\/5948\/revisions\/5986"}],"wp:featuredmedia":[{"embeddable":true,"href":"https:\/\/www.lavalaggloathle53.fr\/index.php\/wp-json\/wp\/v2\/media\/5973"}],"wp:attachment":[{"href":"https:\/\/www.lavalaggloathle53.fr\/index.php\/wp-json\/wp\/v2\/media?parent=5948"}],"wp:term":[{"taxonomy":"category","embeddable":true,"href":"https:\/\/www.lavalaggloathle53.fr\/index.php\/wp-json\/wp\/v2\/categories?post=5948"},{"taxonomy":"post_tag","embeddable":true,"href":"https:\/\/www.lavalaggloathle53.fr\/index.php\/wp-json\/wp\/v2\/tags?post=5948"}],"curies":[{"name":"wp","href":"https:\/\/api.w.org\/{rel}","templated":true}]}}