{"id":5690,"date":"2024-05-26T22:31:18","date_gmt":"2024-05-26T20:31:18","guid":{"rendered":"https:\/\/www.lavalaggloathle53.fr\/?p=5690"},"modified":"2024-05-26T22:31:36","modified_gmt":"2024-05-26T20:31:36","slug":"des-performances-de-choix-pour-les-athletes-du-l2a53-ce-week-end","status":"publish","type":"post","link":"https:\/\/www.lavalaggloathle53.fr\/index.php\/2024\/05\/26\/des-performances-de-choix-pour-les-athletes-du-l2a53-ce-week-end\/","title":{"rendered":"Des performances de choix pour les athl\u00e8tes du L2A53 ce week-end !"},"content":{"rendered":"\n<figure class=\"wp-block-image size-large\"><img fetchpriority=\"high\" decoding=\"async\" width=\"512\" height=\"1024\" src=\"https:\/\/www.lavalaggloathle53.fr\/wp-content\/uploads\/2024\/04\/1er-tour-INTERCLUBS-MAYENNE-28-04-2024-3-512x1024.jpg\" alt=\"\" class=\"wp-image-5494\" srcset=\"https:\/\/www.lavalaggloathle53.fr\/wp-content\/uploads\/2024\/04\/1er-tour-INTERCLUBS-MAYENNE-28-04-2024-3-512x1024.jpg 512w, https:\/\/www.lavalaggloathle53.fr\/wp-content\/uploads\/2024\/04\/1er-tour-INTERCLUBS-MAYENNE-28-04-2024-3-150x300.jpg 150w, https:\/\/www.lavalaggloathle53.fr\/wp-content\/uploads\/2024\/04\/1er-tour-INTERCLUBS-MAYENNE-28-04-2024-3-768x1536.jpg 768w, https:\/\/www.lavalaggloathle53.fr\/wp-content\/uploads\/2024\/04\/1er-tour-INTERCLUBS-MAYENNE-28-04-2024-3-1024x2048.jpg 1024w, https:\/\/www.lavalaggloathle53.fr\/wp-content\/uploads\/2024\/04\/1er-tour-INTERCLUBS-MAYENNE-28-04-2024-3-scaled.jpg 1280w\" sizes=\"(max-width: 512px) 100vw, 512px\" \/><\/figure>\n\n\n\n<p>Laurine BEUCHER a r\u00e9alis\u00e9e une belle perf sur un Meeting \u00e0 BRUXELLES sur 800m avec un chrono de 2&rsquo;17&Prime;67.<\/p>\n\n\n\n<p>Au Meeting de PACE (35) , Record Perso pour le cadet Thomas GOUGEON sur 400m en 52&Prime;82, Amandine LE BARS (Cadette) en 67&Prime;29 sur la m\u00eame distance. Le cadet  Mathis CURREZ en 1&rsquo;55&Prime;55 sur 800m , Maxime COLAS en 11&Prime;80 sur 100m et 24&Prime;33 sur 200m .<\/p>\n\n\n\n<p>Record de club pour Cassandre BOUVET \u00e0 la perche avec une barre pass\u00e9e \u00e0 3,00m.<\/p>\n\n\n\n<p>B\u00e9renger CHAUVIN r\u00e9alise un 3000m en 8&rsquo;29&Prime;66 au Meeting de La CHAPELLE sur ERDRE .<\/p>\n\n\n\n<p>Au Meeting de LANDERNEAU , Charles DELECOUR bat son record sur 100M en 11&Prime;29 et 23&Prime;13 sur 200m !<\/p>\n\n\n\n<p><\/p>\n","protected":false},"excerpt":{"rendered":"<p>Laurine BEUCHER a r\u00e9alis\u00e9e une belle perf sur un Meeting \u00e0 BRUXELLES sur 800m avec un chrono de 2&rsquo;17&Prime;67. Au Meeting de PACE (35) , Record Perso pour le cadet Thomas GOUGEON sur 400m en 52&Prime;82, Amandine LE BARS (Cadette) en 67&Prime;29 sur la m\u00eame distance. Le cadet Mathis CURREZ en 1&rsquo;55&Prime;55 sur 800m , Maxime COLAS en 11&Prime;80 sur 100m et 24&Prime;33 sur 200m . Record de club pour Cassandre BOUVET \u00e0 la perche avec une barre pass\u00e9e \u00e0 3,00m. B\u00e9renger CHAUVIN r\u00e9alise un 3000m en 8&rsquo;29&Prime;66 au Meeting de La CHAPELLE sur ERDRE . Au Meeting de LANDERNEAU , Charles DELECOUR bat son record sur 100M en 11&Prime;29 et 23&Prime;13 sur 200m !<\/p>\n","protected":false},"author":4,"featured_media":0,"comment_status":"open","ping_status":"closed","sticky":false,"template":"","format":"standard","meta":{"footnotes":""},"categories":[1],"tags":[],"class_list":["post-5690","post","type-post","status-publish","format-standard","hentry","category-non-classe"],"yoast_head":"<!-- This site is optimized with the Yoast SEO plugin v27.2 - https:\/\/yoast.com\/product\/yoast-seo-wordpress\/ -->\n<title>Des performances de choix pour les athl\u00e8tes du L2A53 ce week-end ! - Laval Agglo Athl\u00e9tisme<\/title>\n<meta name=\"robots\" content=\"index, follow, max-snippet:-1, max-image-preview:large, max-video-preview:-1\" \/>\n<link rel=\"canonical\" href=\"https:\/\/www.lavalaggloathle53.fr\/index.php\/2024\/05\/26\/des-performances-de-choix-pour-les-athletes-du-l2a53-ce-week-end\/\" \/>\n<meta property=\"og:locale\" content=\"fr_FR\" \/>\n<meta property=\"og:type\" content=\"article\" \/>\n<meta property=\"og:title\" content=\"Des performances de choix pour les athl\u00e8tes du L2A53 ce week-end ! - Laval Agglo Athl\u00e9tisme\" \/>\n<meta property=\"og:description\" content=\"Laurine BEUCHER a r\u00e9alis\u00e9e une belle perf sur un Meeting \u00e0 BRUXELLES sur 800m avec un chrono de 2&rsquo;17&Prime;67. Au Meeting de PACE (35) , Record Perso pour le cadet Thomas GOUGEON sur 400m en 52&Prime;82, Amandine LE BARS (Cadette) en 67&Prime;29 sur la m\u00eame distance. Le cadet Mathis CURREZ en 1&rsquo;55&Prime;55 sur 800m , Maxime COLAS en 11&Prime;80 sur 100m et 24&Prime;33 sur 200m . Record de club pour Cassandre BOUVET \u00e0 la perche avec une barre pass\u00e9e \u00e0 3,00m. B\u00e9renger CHAUVIN r\u00e9alise un 3000m en 8&rsquo;29&Prime;66 au Meeting de La CHAPELLE sur ERDRE . Au Meeting de LANDERNEAU , Charles DELECOUR bat son record sur 100M en 11&Prime;29 et 23&Prime;13 sur 200m !\" \/>\n<meta property=\"og:url\" content=\"https:\/\/www.lavalaggloathle53.fr\/index.php\/2024\/05\/26\/des-performances-de-choix-pour-les-athletes-du-l2a53-ce-week-end\/\" \/>\n<meta property=\"og:site_name\" content=\"Laval Agglo Athl\u00e9tisme\" \/>\n<meta property=\"article:publisher\" content=\"https:\/\/www.facebook.com\/stadelavalloisathletisme\" \/>\n<meta property=\"article:published_time\" content=\"2024-05-26T20:31:18+00:00\" \/>\n<meta property=\"article:modified_time\" content=\"2024-05-26T20:31:36+00:00\" \/>\n<meta property=\"og:image\" content=\"https:\/\/www.lavalaggloathle53.fr\/wp-content\/uploads\/2024\/04\/1er-tour-INTERCLUBS-MAYENNE-28-04-2024-3-512x1024.jpg\" \/>\n<meta name=\"author\" content=\"Pascal BISSON\" \/>\n<meta name=\"twitter:card\" content=\"summary_large_image\" \/>\n<meta name=\"twitter:label1\" content=\"\u00c9crit par\" \/>\n\t<meta name=\"twitter:data1\" content=\"Pascal BISSON\" \/>\n\t<meta name=\"twitter:label2\" content=\"Dur\u00e9e de lecture estim\u00e9e\" \/>\n\t<meta name=\"twitter:data2\" content=\"1 minute\" \/>\n<script type=\"application\/ld+json\" class=\"yoast-schema-graph\">{\"@context\":\"https:\/\/schema.org\",\"@graph\":[{\"@type\":\"Article\",\"@id\":\"https:\/\/www.lavalaggloathle53.fr\/index.php\/2024\/05\/26\/des-performances-de-choix-pour-les-athletes-du-l2a53-ce-week-end\/#article\",\"isPartOf\":{\"@id\":\"https:\/\/www.lavalaggloathle53.fr\/index.php\/2024\/05\/26\/des-performances-de-choix-pour-les-athletes-du-l2a53-ce-week-end\/\"},\"author\":{\"name\":\"Pascal BISSON\",\"@id\":\"https:\/\/www.lavalaggloathle53.fr\/#\/schema\/person\/979647d1a9707730d91bfc766caadc0b\"},\"headline\":\"Des performances de choix pour les athl\u00e8tes du L2A53 ce week-end !\",\"datePublished\":\"2024-05-26T20:31:18+00:00\",\"dateModified\":\"2024-05-26T20:31:36+00:00\",\"mainEntityOfPage\":{\"@id\":\"https:\/\/www.lavalaggloathle53.fr\/index.php\/2024\/05\/26\/des-performances-de-choix-pour-les-athletes-du-l2a53-ce-week-end\/\"},\"wordCount\":115,\"commentCount\":0,\"image\":{\"@id\":\"https:\/\/www.lavalaggloathle53.fr\/index.php\/2024\/05\/26\/des-performances-de-choix-pour-les-athletes-du-l2a53-ce-week-end\/#primaryimage\"},\"thumbnailUrl\":\"https:\/\/www.lavalaggloathle53.fr\/wp-content\/uploads\/2024\/04\/1er-tour-INTERCLUBS-MAYENNE-28-04-2024-3-512x1024.jpg\",\"inLanguage\":\"fr-FR\",\"potentialAction\":[{\"@type\":\"CommentAction\",\"name\":\"Comment\",\"target\":[\"https:\/\/www.lavalaggloathle53.fr\/index.php\/2024\/05\/26\/des-performances-de-choix-pour-les-athletes-du-l2a53-ce-week-end\/#respond\"]}]},{\"@type\":\"WebPage\",\"@id\":\"https:\/\/www.lavalaggloathle53.fr\/index.php\/2024\/05\/26\/des-performances-de-choix-pour-les-athletes-du-l2a53-ce-week-end\/\",\"url\":\"https:\/\/www.lavalaggloathle53.fr\/index.php\/2024\/05\/26\/des-performances-de-choix-pour-les-athletes-du-l2a53-ce-week-end\/\",\"name\":\"Des performances de choix pour les athl\u00e8tes du L2A53 ce week-end ! - Laval Agglo Athl\u00e9tisme\",\"isPartOf\":{\"@id\":\"https:\/\/www.lavalaggloathle53.fr\/#website\"},\"primaryImageOfPage\":{\"@id\":\"https:\/\/www.lavalaggloathle53.fr\/index.php\/2024\/05\/26\/des-performances-de-choix-pour-les-athletes-du-l2a53-ce-week-end\/#primaryimage\"},\"image\":{\"@id\":\"https:\/\/www.lavalaggloathle53.fr\/index.php\/2024\/05\/26\/des-performances-de-choix-pour-les-athletes-du-l2a53-ce-week-end\/#primaryimage\"},\"thumbnailUrl\":\"https:\/\/www.lavalaggloathle53.fr\/wp-content\/uploads\/2024\/04\/1er-tour-INTERCLUBS-MAYENNE-28-04-2024-3-512x1024.jpg\",\"datePublished\":\"2024-05-26T20:31:18+00:00\",\"dateModified\":\"2024-05-26T20:31:36+00:00\",\"author\":{\"@id\":\"https:\/\/www.lavalaggloathle53.fr\/#\/schema\/person\/979647d1a9707730d91bfc766caadc0b\"},\"breadcrumb\":{\"@id\":\"https:\/\/www.lavalaggloathle53.fr\/index.php\/2024\/05\/26\/des-performances-de-choix-pour-les-athletes-du-l2a53-ce-week-end\/#breadcrumb\"},\"inLanguage\":\"fr-FR\",\"potentialAction\":[{\"@type\":\"ReadAction\",\"target\":[\"https:\/\/www.lavalaggloathle53.fr\/index.php\/2024\/05\/26\/des-performances-de-choix-pour-les-athletes-du-l2a53-ce-week-end\/\"]}]},{\"@type\":\"ImageObject\",\"inLanguage\":\"fr-FR\",\"@id\":\"https:\/\/www.lavalaggloathle53.fr\/index.php\/2024\/05\/26\/des-performances-de-choix-pour-les-athletes-du-l2a53-ce-week-end\/#primaryimage\",\"url\":\"https:\/\/www.lavalaggloathle53.fr\/wp-content\/uploads\/2024\/04\/1er-tour-INTERCLUBS-MAYENNE-28-04-2024-3-scaled.jpg\",\"contentUrl\":\"https:\/\/www.lavalaggloathle53.fr\/wp-content\/uploads\/2024\/04\/1er-tour-INTERCLUBS-MAYENNE-28-04-2024-3-scaled.jpg\",\"width\":1280,\"height\":2560},{\"@type\":\"BreadcrumbList\",\"@id\":\"https:\/\/www.lavalaggloathle53.fr\/index.php\/2024\/05\/26\/des-performances-de-choix-pour-les-athletes-du-l2a53-ce-week-end\/#breadcrumb\",\"itemListElement\":[{\"@type\":\"ListItem\",\"position\":1,\"name\":\"Accueil\",\"item\":\"https:\/\/www.lavalaggloathle53.fr\/\"},{\"@type\":\"ListItem\",\"position\":2,\"name\":\"Des performances de choix pour les athl\u00e8tes du L2A53 ce week-end !\"}]},{\"@type\":\"WebSite\",\"@id\":\"https:\/\/www.lavalaggloathle53.fr\/#website\",\"url\":\"https:\/\/www.lavalaggloathle53.fr\/\",\"name\":\"Laval Agglo Athl\u00e9tisme\",\"description\":\"L&#039;athl\u00e9, un sport pour tous\",\"alternateName\":\"L2A53\",\"potentialAction\":[{\"@type\":\"SearchAction\",\"target\":{\"@type\":\"EntryPoint\",\"urlTemplate\":\"https:\/\/www.lavalaggloathle53.fr\/?s={search_term_string}\"},\"query-input\":{\"@type\":\"PropertyValueSpecification\",\"valueRequired\":true,\"valueName\":\"search_term_string\"}}],\"inLanguage\":\"fr-FR\"},{\"@type\":\"Person\",\"@id\":\"https:\/\/www.lavalaggloathle53.fr\/#\/schema\/person\/979647d1a9707730d91bfc766caadc0b\",\"name\":\"Pascal BISSON\",\"image\":{\"@type\":\"ImageObject\",\"inLanguage\":\"fr-FR\",\"@id\":\"https:\/\/secure.gravatar.com\/avatar\/59596d86ade6d559609912f789f6ddaf324a4bb824fbedeaf0ccebc5c1967658?s=96&d=mm&r=g\",\"url\":\"https:\/\/secure.gravatar.com\/avatar\/59596d86ade6d559609912f789f6ddaf324a4bb824fbedeaf0ccebc5c1967658?s=96&d=mm&r=g\",\"contentUrl\":\"https:\/\/secure.gravatar.com\/avatar\/59596d86ade6d559609912f789f6ddaf324a4bb824fbedeaf0ccebc5c1967658?s=96&d=mm&r=g\",\"caption\":\"Pascal BISSON\"},\"sameAs\":[\"https:\/\/www.lavalaggloathle53.fr\"],\"url\":\"https:\/\/www.lavalaggloathle53.fr\/index.php\/author\/bis53\/\"}]}<\/script>\n<!-- \/ Yoast SEO plugin. -->","yoast_head_json":{"title":"Des performances de choix pour les athl\u00e8tes du L2A53 ce week-end ! - Laval Agglo Athl\u00e9tisme","robots":{"index":"index","follow":"follow","max-snippet":"max-snippet:-1","max-image-preview":"max-image-preview:large","max-video-preview":"max-video-preview:-1"},"canonical":"https:\/\/www.lavalaggloathle53.fr\/index.php\/2024\/05\/26\/des-performances-de-choix-pour-les-athletes-du-l2a53-ce-week-end\/","og_locale":"fr_FR","og_type":"article","og_title":"Des performances de choix pour les athl\u00e8tes du L2A53 ce week-end ! - Laval Agglo Athl\u00e9tisme","og_description":"Laurine BEUCHER a r\u00e9alis\u00e9e une belle perf sur un Meeting \u00e0 BRUXELLES sur 800m avec un chrono de 2&rsquo;17&Prime;67. Au Meeting de PACE (35) , Record Perso pour le cadet Thomas GOUGEON sur 400m en 52&Prime;82, Amandine LE BARS (Cadette) en 67&Prime;29 sur la m\u00eame distance. Le cadet Mathis CURREZ en 1&rsquo;55&Prime;55 sur 800m , Maxime COLAS en 11&Prime;80 sur 100m et 24&Prime;33 sur 200m . Record de club pour Cassandre BOUVET \u00e0 la perche avec une barre pass\u00e9e \u00e0 3,00m. B\u00e9renger CHAUVIN r\u00e9alise un 3000m en 8&rsquo;29&Prime;66 au Meeting de La CHAPELLE sur ERDRE . Au Meeting de LANDERNEAU , Charles DELECOUR bat son record sur 100M en 11&Prime;29 et 23&Prime;13 sur 200m !","og_url":"https:\/\/www.lavalaggloathle53.fr\/index.php\/2024\/05\/26\/des-performances-de-choix-pour-les-athletes-du-l2a53-ce-week-end\/","og_site_name":"Laval Agglo Athl\u00e9tisme","article_publisher":"https:\/\/www.facebook.com\/stadelavalloisathletisme","article_published_time":"2024-05-26T20:31:18+00:00","article_modified_time":"2024-05-26T20:31:36+00:00","og_image":[{"url":"https:\/\/www.lavalaggloathle53.fr\/wp-content\/uploads\/2024\/04\/1er-tour-INTERCLUBS-MAYENNE-28-04-2024-3-512x1024.jpg","type":"","width":"","height":""}],"author":"Pascal BISSON","twitter_card":"summary_large_image","twitter_misc":{"\u00c9crit par":"Pascal BISSON","Dur\u00e9e de lecture estim\u00e9e":"1 minute"},"schema":{"@context":"https:\/\/schema.org","@graph":[{"@type":"Article","@id":"https:\/\/www.lavalaggloathle53.fr\/index.php\/2024\/05\/26\/des-performances-de-choix-pour-les-athletes-du-l2a53-ce-week-end\/#article","isPartOf":{"@id":"https:\/\/www.lavalaggloathle53.fr\/index.php\/2024\/05\/26\/des-performances-de-choix-pour-les-athletes-du-l2a53-ce-week-end\/"},"author":{"name":"Pascal BISSON","@id":"https:\/\/www.lavalaggloathle53.fr\/#\/schema\/person\/979647d1a9707730d91bfc766caadc0b"},"headline":"Des performances de choix pour les athl\u00e8tes du L2A53 ce week-end !","datePublished":"2024-05-26T20:31:18+00:00","dateModified":"2024-05-26T20:31:36+00:00","mainEntityOfPage":{"@id":"https:\/\/www.lavalaggloathle53.fr\/index.php\/2024\/05\/26\/des-performances-de-choix-pour-les-athletes-du-l2a53-ce-week-end\/"},"wordCount":115,"commentCount":0,"image":{"@id":"https:\/\/www.lavalaggloathle53.fr\/index.php\/2024\/05\/26\/des-performances-de-choix-pour-les-athletes-du-l2a53-ce-week-end\/#primaryimage"},"thumbnailUrl":"https:\/\/www.lavalaggloathle53.fr\/wp-content\/uploads\/2024\/04\/1er-tour-INTERCLUBS-MAYENNE-28-04-2024-3-512x1024.jpg","inLanguage":"fr-FR","potentialAction":[{"@type":"CommentAction","name":"Comment","target":["https:\/\/www.lavalaggloathle53.fr\/index.php\/2024\/05\/26\/des-performances-de-choix-pour-les-athletes-du-l2a53-ce-week-end\/#respond"]}]},{"@type":"WebPage","@id":"https:\/\/www.lavalaggloathle53.fr\/index.php\/2024\/05\/26\/des-performances-de-choix-pour-les-athletes-du-l2a53-ce-week-end\/","url":"https:\/\/www.lavalaggloathle53.fr\/index.php\/2024\/05\/26\/des-performances-de-choix-pour-les-athletes-du-l2a53-ce-week-end\/","name":"Des performances de choix pour les athl\u00e8tes du L2A53 ce week-end ! - Laval Agglo Athl\u00e9tisme","isPartOf":{"@id":"https:\/\/www.lavalaggloathle53.fr\/#website"},"primaryImageOfPage":{"@id":"https:\/\/www.lavalaggloathle53.fr\/index.php\/2024\/05\/26\/des-performances-de-choix-pour-les-athletes-du-l2a53-ce-week-end\/#primaryimage"},"image":{"@id":"https:\/\/www.lavalaggloathle53.fr\/index.php\/2024\/05\/26\/des-performances-de-choix-pour-les-athletes-du-l2a53-ce-week-end\/#primaryimage"},"thumbnailUrl":"https:\/\/www.lavalaggloathle53.fr\/wp-content\/uploads\/2024\/04\/1er-tour-INTERCLUBS-MAYENNE-28-04-2024-3-512x1024.jpg","datePublished":"2024-05-26T20:31:18+00:00","dateModified":"2024-05-26T20:31:36+00:00","author":{"@id":"https:\/\/www.lavalaggloathle53.fr\/#\/schema\/person\/979647d1a9707730d91bfc766caadc0b"},"breadcrumb":{"@id":"https:\/\/www.lavalaggloathle53.fr\/index.php\/2024\/05\/26\/des-performances-de-choix-pour-les-athletes-du-l2a53-ce-week-end\/#breadcrumb"},"inLanguage":"fr-FR","potentialAction":[{"@type":"ReadAction","target":["https:\/\/www.lavalaggloathle53.fr\/index.php\/2024\/05\/26\/des-performances-de-choix-pour-les-athletes-du-l2a53-ce-week-end\/"]}]},{"@type":"ImageObject","inLanguage":"fr-FR","@id":"https:\/\/www.lavalaggloathle53.fr\/index.php\/2024\/05\/26\/des-performances-de-choix-pour-les-athletes-du-l2a53-ce-week-end\/#primaryimage","url":"https:\/\/www.lavalaggloathle53.fr\/wp-content\/uploads\/2024\/04\/1er-tour-INTERCLUBS-MAYENNE-28-04-2024-3-scaled.jpg","contentUrl":"https:\/\/www.lavalaggloathle53.fr\/wp-content\/uploads\/2024\/04\/1er-tour-INTERCLUBS-MAYENNE-28-04-2024-3-scaled.jpg","width":1280,"height":2560},{"@type":"BreadcrumbList","@id":"https:\/\/www.lavalaggloathle53.fr\/index.php\/2024\/05\/26\/des-performances-de-choix-pour-les-athletes-du-l2a53-ce-week-end\/#breadcrumb","itemListElement":[{"@type":"ListItem","position":1,"name":"Accueil","item":"https:\/\/www.lavalaggloathle53.fr\/"},{"@type":"ListItem","position":2,"name":"Des performances de choix pour les athl\u00e8tes du L2A53 ce week-end !"}]},{"@type":"WebSite","@id":"https:\/\/www.lavalaggloathle53.fr\/#website","url":"https:\/\/www.lavalaggloathle53.fr\/","name":"Laval Agglo Athl\u00e9tisme","description":"L&#039;athl\u00e9, un sport pour tous","alternateName":"L2A53","potentialAction":[{"@type":"SearchAction","target":{"@type":"EntryPoint","urlTemplate":"https:\/\/www.lavalaggloathle53.fr\/?s={search_term_string}"},"query-input":{"@type":"PropertyValueSpecification","valueRequired":true,"valueName":"search_term_string"}}],"inLanguage":"fr-FR"},{"@type":"Person","@id":"https:\/\/www.lavalaggloathle53.fr\/#\/schema\/person\/979647d1a9707730d91bfc766caadc0b","name":"Pascal BISSON","image":{"@type":"ImageObject","inLanguage":"fr-FR","@id":"https:\/\/secure.gravatar.com\/avatar\/59596d86ade6d559609912f789f6ddaf324a4bb824fbedeaf0ccebc5c1967658?s=96&d=mm&r=g","url":"https:\/\/secure.gravatar.com\/avatar\/59596d86ade6d559609912f789f6ddaf324a4bb824fbedeaf0ccebc5c1967658?s=96&d=mm&r=g","contentUrl":"https:\/\/secure.gravatar.com\/avatar\/59596d86ade6d559609912f789f6ddaf324a4bb824fbedeaf0ccebc5c1967658?s=96&d=mm&r=g","caption":"Pascal BISSON"},"sameAs":["https:\/\/www.lavalaggloathle53.fr"],"url":"https:\/\/www.lavalaggloathle53.fr\/index.php\/author\/bis53\/"}]}},"_links":{"self":[{"href":"https:\/\/www.lavalaggloathle53.fr\/index.php\/wp-json\/wp\/v2\/posts\/5690","targetHints":{"allow":["GET"]}}],"collection":[{"href":"https:\/\/www.lavalaggloathle53.fr\/index.php\/wp-json\/wp\/v2\/posts"}],"about":[{"href":"https:\/\/www.lavalaggloathle53.fr\/index.php\/wp-json\/wp\/v2\/types\/post"}],"author":[{"embeddable":true,"href":"https:\/\/www.lavalaggloathle53.fr\/index.php\/wp-json\/wp\/v2\/users\/4"}],"replies":[{"embeddable":true,"href":"https:\/\/www.lavalaggloathle53.fr\/index.php\/wp-json\/wp\/v2\/comments?post=5690"}],"version-history":[{"count":2,"href":"https:\/\/www.lavalaggloathle53.fr\/index.php\/wp-json\/wp\/v2\/posts\/5690\/revisions"}],"predecessor-version":[{"id":5692,"href":"https:\/\/www.lavalaggloathle53.fr\/index.php\/wp-json\/wp\/v2\/posts\/5690\/revisions\/5692"}],"wp:attachment":[{"href":"https:\/\/www.lavalaggloathle53.fr\/index.php\/wp-json\/wp\/v2\/media?parent=5690"}],"wp:term":[{"taxonomy":"category","embeddable":true,"href":"https:\/\/www.lavalaggloathle53.fr\/index.php\/wp-json\/wp\/v2\/categories?post=5690"},{"taxonomy":"post_tag","embeddable":true,"href":"https:\/\/www.lavalaggloathle53.fr\/index.php\/wp-json\/wp\/v2\/tags?post=5690"}],"curies":[{"name":"wp","href":"https:\/\/api.w.org\/{rel}","templated":true}]}}