{"id":5604,"date":"2024-05-05T16:42:57","date_gmt":"2024-05-05T14:42:57","guid":{"rendered":"https:\/\/www.lavalaggloathle53.fr\/?p=5604"},"modified":"2024-05-07T09:45:07","modified_gmt":"2024-05-07T07:45:07","slug":"podiums-au-1er-tour-printannier-des-equipathle-a-mayenne-pour-les-benjamins-et-minimes-du-l2a53","status":"publish","type":"post","link":"https:\/\/www.lavalaggloathle53.fr\/index.php\/2024\/05\/05\/podiums-au-1er-tour-printannier-des-equipathle-a-mayenne-pour-les-benjamins-et-minimes-du-l2a53\/","title":{"rendered":"PODIUMS au 1er Tour printannier des EQUIP&rsquo;ATHLE \u00e0 MAYENNE pour les benjamins et minimes du L2A53 !"},"content":{"rendered":"\n<figure class=\"wp-block-image size-large\"><img fetchpriority=\"high\" decoding=\"async\" width=\"1024\" height=\"497\" src=\"https:\/\/www.lavalaggloathle53.fr\/wp-content\/uploads\/2024\/05\/IMG-20240506-WA0004-1024x497.jpg\" alt=\"\" class=\"wp-image-5605\" srcset=\"https:\/\/www.lavalaggloathle53.fr\/wp-content\/uploads\/2024\/05\/IMG-20240506-WA0004-1024x497.jpg 1024w, https:\/\/www.lavalaggloathle53.fr\/wp-content\/uploads\/2024\/05\/IMG-20240506-WA0004-300x146.jpg 300w, https:\/\/www.lavalaggloathle53.fr\/wp-content\/uploads\/2024\/05\/IMG-20240506-WA0004-768x373.jpg 768w, https:\/\/www.lavalaggloathle53.fr\/wp-content\/uploads\/2024\/05\/IMG-20240506-WA0004-1536x746.jpg 1536w, https:\/\/www.lavalaggloathle53.fr\/wp-content\/uploads\/2024\/05\/IMG-20240506-WA0004.jpg 1600w\" sizes=\"(max-width: 1024px) 100vw, 1024px\" \/><\/figure>\n\n\n\n<p>PODIUMS  pour les \u00e9quipes du L2A53 avec les benjamins U14 qui terminent \u00e0 la seconde place de la poule N2 sur 10 \u00e9quipes derri\u00e8re l&rsquo;Entente des Mauges alors que les minimes U16 finissent 3\u00e8me sur 7 \u00e9quipes derri\u00e8re l&rsquo;Entente des Mauges et le SCO d&rsquo;Angers Athl\u00e9.<\/p>\n\n\n\n<figure class=\"wp-block-image size-large\"><img decoding=\"async\" width=\"1024\" height=\"608\" src=\"https:\/\/www.lavalaggloathle53.fr\/wp-content\/uploads\/2024\/05\/IMG-20240506-WA0003-1024x608.jpg\" alt=\"\" class=\"wp-image-5606\" srcset=\"https:\/\/www.lavalaggloathle53.fr\/wp-content\/uploads\/2024\/05\/IMG-20240506-WA0003-1024x608.jpg 1024w, https:\/\/www.lavalaggloathle53.fr\/wp-content\/uploads\/2024\/05\/IMG-20240506-WA0003-300x178.jpg 300w, https:\/\/www.lavalaggloathle53.fr\/wp-content\/uploads\/2024\/05\/IMG-20240506-WA0003-768x456.jpg 768w, https:\/\/www.lavalaggloathle53.fr\/wp-content\/uploads\/2024\/05\/IMG-20240506-WA0003.jpg 1221w\" sizes=\"(max-width: 1024px) 100vw, 1024px\" \/><\/figure>\n\n\n\n<p>L&rsquo;\u00e9quipe U14,  2\u00e8me du classement N2 du tour d&rsquo;Equip Athl\u00e9 \u00e0 MAYENNE<\/p>\n","protected":false},"excerpt":{"rendered":"<p>PODIUMS pour les \u00e9quipes du L2A53 avec les benjamins U14 qui terminent \u00e0 la seconde place de la poule N2 sur 10 \u00e9quipes derri\u00e8re l&rsquo;Entente des Mauges alors que les minimes U16 finissent 3\u00e8me sur 7 \u00e9quipes derri\u00e8re l&rsquo;Entente des Mauges et le SCO d&rsquo;Angers Athl\u00e9. L&rsquo;\u00e9quipe U14, 2\u00e8me du classement N2 du tour d&rsquo;Equip Athl\u00e9 \u00e0 MAYENNE<\/p>\n","protected":false},"author":4,"featured_media":5605,"comment_status":"open","ping_status":"closed","sticky":false,"template":"","format":"standard","meta":{"footnotes":""},"categories":[14,15],"tags":[],"class_list":["post-5604","post","type-post","status-publish","format-standard","has-post-thumbnail","hentry","category-actualites","category-competition"],"yoast_head":"<!-- This site is optimized with the Yoast SEO plugin v27.2 - https:\/\/yoast.com\/product\/yoast-seo-wordpress\/ -->\n<title>PODIUMS au 1er Tour printannier des EQUIP&#039;ATHLE \u00e0 MAYENNE pour les benjamins et minimes du L2A53 ! - Laval Agglo Athl\u00e9tisme<\/title>\n<meta name=\"robots\" content=\"index, follow, max-snippet:-1, max-image-preview:large, max-video-preview:-1\" \/>\n<link rel=\"canonical\" href=\"https:\/\/www.lavalaggloathle53.fr\/index.php\/2024\/05\/05\/podiums-au-1er-tour-printannier-des-equipathle-a-mayenne-pour-les-benjamins-et-minimes-du-l2a53\/\" \/>\n<meta property=\"og:locale\" content=\"fr_FR\" \/>\n<meta property=\"og:type\" content=\"article\" \/>\n<meta property=\"og:title\" content=\"PODIUMS au 1er Tour printannier des EQUIP&#039;ATHLE \u00e0 MAYENNE pour les benjamins et minimes du L2A53 ! - Laval Agglo Athl\u00e9tisme\" \/>\n<meta property=\"og:description\" content=\"PODIUMS pour les \u00e9quipes du L2A53 avec les benjamins U14 qui terminent \u00e0 la seconde place de la poule N2 sur 10 \u00e9quipes derri\u00e8re l&rsquo;Entente des Mauges alors que les minimes U16 finissent 3\u00e8me sur 7 \u00e9quipes derri\u00e8re l&rsquo;Entente des Mauges et le SCO d&rsquo;Angers Athl\u00e9. L&rsquo;\u00e9quipe U14, 2\u00e8me du classement N2 du tour d&rsquo;Equip Athl\u00e9 \u00e0 MAYENNE\" \/>\n<meta property=\"og:url\" content=\"https:\/\/www.lavalaggloathle53.fr\/index.php\/2024\/05\/05\/podiums-au-1er-tour-printannier-des-equipathle-a-mayenne-pour-les-benjamins-et-minimes-du-l2a53\/\" \/>\n<meta property=\"og:site_name\" content=\"Laval Agglo Athl\u00e9tisme\" \/>\n<meta property=\"article:publisher\" content=\"https:\/\/www.facebook.com\/stadelavalloisathletisme\" \/>\n<meta property=\"article:published_time\" content=\"2024-05-05T14:42:57+00:00\" \/>\n<meta property=\"article:modified_time\" content=\"2024-05-07T07:45:07+00:00\" \/>\n<meta property=\"og:image\" content=\"https:\/\/www.lavalaggloathle53.fr\/wp-content\/uploads\/2024\/05\/IMG-20240506-WA0004.jpg\" \/>\n\t<meta property=\"og:image:width\" content=\"1600\" \/>\n\t<meta property=\"og:image:height\" content=\"777\" \/>\n\t<meta property=\"og:image:type\" content=\"image\/jpeg\" \/>\n<meta name=\"author\" content=\"Pascal BISSON\" \/>\n<meta name=\"twitter:card\" content=\"summary_large_image\" \/>\n<meta name=\"twitter:label1\" content=\"\u00c9crit par\" \/>\n\t<meta name=\"twitter:data1\" content=\"Pascal BISSON\" \/>\n\t<meta name=\"twitter:label2\" content=\"Dur\u00e9e de lecture estim\u00e9e\" \/>\n\t<meta name=\"twitter:data2\" content=\"1 minute\" \/>\n<script type=\"application\/ld+json\" class=\"yoast-schema-graph\">{\"@context\":\"https:\/\/schema.org\",\"@graph\":[{\"@type\":\"Article\",\"@id\":\"https:\/\/www.lavalaggloathle53.fr\/index.php\/2024\/05\/05\/podiums-au-1er-tour-printannier-des-equipathle-a-mayenne-pour-les-benjamins-et-minimes-du-l2a53\/#article\",\"isPartOf\":{\"@id\":\"https:\/\/www.lavalaggloathle53.fr\/index.php\/2024\/05\/05\/podiums-au-1er-tour-printannier-des-equipathle-a-mayenne-pour-les-benjamins-et-minimes-du-l2a53\/\"},\"author\":{\"name\":\"Pascal BISSON\",\"@id\":\"https:\/\/www.lavalaggloathle53.fr\/#\/schema\/person\/979647d1a9707730d91bfc766caadc0b\"},\"headline\":\"PODIUMS au 1er Tour printannier des EQUIP&rsquo;ATHLE \u00e0 MAYENNE pour les benjamins et minimes du L2A53 !\",\"datePublished\":\"2024-05-05T14:42:57+00:00\",\"dateModified\":\"2024-05-07T07:45:07+00:00\",\"mainEntityOfPage\":{\"@id\":\"https:\/\/www.lavalaggloathle53.fr\/index.php\/2024\/05\/05\/podiums-au-1er-tour-printannier-des-equipathle-a-mayenne-pour-les-benjamins-et-minimes-du-l2a53\/\"},\"wordCount\":79,\"commentCount\":0,\"image\":{\"@id\":\"https:\/\/www.lavalaggloathle53.fr\/index.php\/2024\/05\/05\/podiums-au-1er-tour-printannier-des-equipathle-a-mayenne-pour-les-benjamins-et-minimes-du-l2a53\/#primaryimage\"},\"thumbnailUrl\":\"https:\/\/www.lavalaggloathle53.fr\/wp-content\/uploads\/2024\/05\/IMG-20240506-WA0004.jpg\",\"articleSection\":[\"Actualit\u00e9s\",\"Comp\u00e9tition\"],\"inLanguage\":\"fr-FR\",\"potentialAction\":[{\"@type\":\"CommentAction\",\"name\":\"Comment\",\"target\":[\"https:\/\/www.lavalaggloathle53.fr\/index.php\/2024\/05\/05\/podiums-au-1er-tour-printannier-des-equipathle-a-mayenne-pour-les-benjamins-et-minimes-du-l2a53\/#respond\"]}]},{\"@type\":\"WebPage\",\"@id\":\"https:\/\/www.lavalaggloathle53.fr\/index.php\/2024\/05\/05\/podiums-au-1er-tour-printannier-des-equipathle-a-mayenne-pour-les-benjamins-et-minimes-du-l2a53\/\",\"url\":\"https:\/\/www.lavalaggloathle53.fr\/index.php\/2024\/05\/05\/podiums-au-1er-tour-printannier-des-equipathle-a-mayenne-pour-les-benjamins-et-minimes-du-l2a53\/\",\"name\":\"PODIUMS au 1er Tour printannier des EQUIP'ATHLE \u00e0 MAYENNE pour les benjamins et minimes du L2A53 ! - Laval Agglo Athl\u00e9tisme\",\"isPartOf\":{\"@id\":\"https:\/\/www.lavalaggloathle53.fr\/#website\"},\"primaryImageOfPage\":{\"@id\":\"https:\/\/www.lavalaggloathle53.fr\/index.php\/2024\/05\/05\/podiums-au-1er-tour-printannier-des-equipathle-a-mayenne-pour-les-benjamins-et-minimes-du-l2a53\/#primaryimage\"},\"image\":{\"@id\":\"https:\/\/www.lavalaggloathle53.fr\/index.php\/2024\/05\/05\/podiums-au-1er-tour-printannier-des-equipathle-a-mayenne-pour-les-benjamins-et-minimes-du-l2a53\/#primaryimage\"},\"thumbnailUrl\":\"https:\/\/www.lavalaggloathle53.fr\/wp-content\/uploads\/2024\/05\/IMG-20240506-WA0004.jpg\",\"datePublished\":\"2024-05-05T14:42:57+00:00\",\"dateModified\":\"2024-05-07T07:45:07+00:00\",\"author\":{\"@id\":\"https:\/\/www.lavalaggloathle53.fr\/#\/schema\/person\/979647d1a9707730d91bfc766caadc0b\"},\"breadcrumb\":{\"@id\":\"https:\/\/www.lavalaggloathle53.fr\/index.php\/2024\/05\/05\/podiums-au-1er-tour-printannier-des-equipathle-a-mayenne-pour-les-benjamins-et-minimes-du-l2a53\/#breadcrumb\"},\"inLanguage\":\"fr-FR\",\"potentialAction\":[{\"@type\":\"ReadAction\",\"target\":[\"https:\/\/www.lavalaggloathle53.fr\/index.php\/2024\/05\/05\/podiums-au-1er-tour-printannier-des-equipathle-a-mayenne-pour-les-benjamins-et-minimes-du-l2a53\/\"]}]},{\"@type\":\"ImageObject\",\"inLanguage\":\"fr-FR\",\"@id\":\"https:\/\/www.lavalaggloathle53.fr\/index.php\/2024\/05\/05\/podiums-au-1er-tour-printannier-des-equipathle-a-mayenne-pour-les-benjamins-et-minimes-du-l2a53\/#primaryimage\",\"url\":\"https:\/\/www.lavalaggloathle53.fr\/wp-content\/uploads\/2024\/05\/IMG-20240506-WA0004.jpg\",\"contentUrl\":\"https:\/\/www.lavalaggloathle53.fr\/wp-content\/uploads\/2024\/05\/IMG-20240506-WA0004.jpg\",\"width\":1600,\"height\":777},{\"@type\":\"BreadcrumbList\",\"@id\":\"https:\/\/www.lavalaggloathle53.fr\/index.php\/2024\/05\/05\/podiums-au-1er-tour-printannier-des-equipathle-a-mayenne-pour-les-benjamins-et-minimes-du-l2a53\/#breadcrumb\",\"itemListElement\":[{\"@type\":\"ListItem\",\"position\":1,\"name\":\"Accueil\",\"item\":\"https:\/\/www.lavalaggloathle53.fr\/\"},{\"@type\":\"ListItem\",\"position\":2,\"name\":\"PODIUMS au 1er Tour printannier des EQUIP&#8217;ATHLE \u00e0 MAYENNE pour les benjamins et minimes du L2A53 !\"}]},{\"@type\":\"WebSite\",\"@id\":\"https:\/\/www.lavalaggloathle53.fr\/#website\",\"url\":\"https:\/\/www.lavalaggloathle53.fr\/\",\"name\":\"Laval Agglo Athl\u00e9tisme\",\"description\":\"L&#039;athl\u00e9, un sport pour tous\",\"alternateName\":\"L2A53\",\"potentialAction\":[{\"@type\":\"SearchAction\",\"target\":{\"@type\":\"EntryPoint\",\"urlTemplate\":\"https:\/\/www.lavalaggloathle53.fr\/?s={search_term_string}\"},\"query-input\":{\"@type\":\"PropertyValueSpecification\",\"valueRequired\":true,\"valueName\":\"search_term_string\"}}],\"inLanguage\":\"fr-FR\"},{\"@type\":\"Person\",\"@id\":\"https:\/\/www.lavalaggloathle53.fr\/#\/schema\/person\/979647d1a9707730d91bfc766caadc0b\",\"name\":\"Pascal BISSON\",\"image\":{\"@type\":\"ImageObject\",\"inLanguage\":\"fr-FR\",\"@id\":\"https:\/\/secure.gravatar.com\/avatar\/59596d86ade6d559609912f789f6ddaf324a4bb824fbedeaf0ccebc5c1967658?s=96&d=mm&r=g\",\"url\":\"https:\/\/secure.gravatar.com\/avatar\/59596d86ade6d559609912f789f6ddaf324a4bb824fbedeaf0ccebc5c1967658?s=96&d=mm&r=g\",\"contentUrl\":\"https:\/\/secure.gravatar.com\/avatar\/59596d86ade6d559609912f789f6ddaf324a4bb824fbedeaf0ccebc5c1967658?s=96&d=mm&r=g\",\"caption\":\"Pascal BISSON\"},\"sameAs\":[\"https:\/\/www.lavalaggloathle53.fr\"],\"url\":\"https:\/\/www.lavalaggloathle53.fr\/index.php\/author\/bis53\/\"}]}<\/script>\n<!-- \/ Yoast SEO plugin. -->","yoast_head_json":{"title":"PODIUMS au 1er Tour printannier des EQUIP'ATHLE \u00e0 MAYENNE pour les benjamins et minimes du L2A53 ! - Laval Agglo Athl\u00e9tisme","robots":{"index":"index","follow":"follow","max-snippet":"max-snippet:-1","max-image-preview":"max-image-preview:large","max-video-preview":"max-video-preview:-1"},"canonical":"https:\/\/www.lavalaggloathle53.fr\/index.php\/2024\/05\/05\/podiums-au-1er-tour-printannier-des-equipathle-a-mayenne-pour-les-benjamins-et-minimes-du-l2a53\/","og_locale":"fr_FR","og_type":"article","og_title":"PODIUMS au 1er Tour printannier des EQUIP'ATHLE \u00e0 MAYENNE pour les benjamins et minimes du L2A53 ! - Laval Agglo Athl\u00e9tisme","og_description":"PODIUMS pour les \u00e9quipes du L2A53 avec les benjamins U14 qui terminent \u00e0 la seconde place de la poule N2 sur 10 \u00e9quipes derri\u00e8re l&rsquo;Entente des Mauges alors que les minimes U16 finissent 3\u00e8me sur 7 \u00e9quipes derri\u00e8re l&rsquo;Entente des Mauges et le SCO d&rsquo;Angers Athl\u00e9. L&rsquo;\u00e9quipe U14, 2\u00e8me du classement N2 du tour d&rsquo;Equip Athl\u00e9 \u00e0 MAYENNE","og_url":"https:\/\/www.lavalaggloathle53.fr\/index.php\/2024\/05\/05\/podiums-au-1er-tour-printannier-des-equipathle-a-mayenne-pour-les-benjamins-et-minimes-du-l2a53\/","og_site_name":"Laval Agglo Athl\u00e9tisme","article_publisher":"https:\/\/www.facebook.com\/stadelavalloisathletisme","article_published_time":"2024-05-05T14:42:57+00:00","article_modified_time":"2024-05-07T07:45:07+00:00","og_image":[{"width":1600,"height":777,"url":"https:\/\/www.lavalaggloathle53.fr\/wp-content\/uploads\/2024\/05\/IMG-20240506-WA0004.jpg","type":"image\/jpeg"}],"author":"Pascal BISSON","twitter_card":"summary_large_image","twitter_misc":{"\u00c9crit par":"Pascal BISSON","Dur\u00e9e de lecture estim\u00e9e":"1 minute"},"schema":{"@context":"https:\/\/schema.org","@graph":[{"@type":"Article","@id":"https:\/\/www.lavalaggloathle53.fr\/index.php\/2024\/05\/05\/podiums-au-1er-tour-printannier-des-equipathle-a-mayenne-pour-les-benjamins-et-minimes-du-l2a53\/#article","isPartOf":{"@id":"https:\/\/www.lavalaggloathle53.fr\/index.php\/2024\/05\/05\/podiums-au-1er-tour-printannier-des-equipathle-a-mayenne-pour-les-benjamins-et-minimes-du-l2a53\/"},"author":{"name":"Pascal BISSON","@id":"https:\/\/www.lavalaggloathle53.fr\/#\/schema\/person\/979647d1a9707730d91bfc766caadc0b"},"headline":"PODIUMS au 1er Tour printannier des EQUIP&rsquo;ATHLE \u00e0 MAYENNE pour les benjamins et minimes du L2A53 !","datePublished":"2024-05-05T14:42:57+00:00","dateModified":"2024-05-07T07:45:07+00:00","mainEntityOfPage":{"@id":"https:\/\/www.lavalaggloathle53.fr\/index.php\/2024\/05\/05\/podiums-au-1er-tour-printannier-des-equipathle-a-mayenne-pour-les-benjamins-et-minimes-du-l2a53\/"},"wordCount":79,"commentCount":0,"image":{"@id":"https:\/\/www.lavalaggloathle53.fr\/index.php\/2024\/05\/05\/podiums-au-1er-tour-printannier-des-equipathle-a-mayenne-pour-les-benjamins-et-minimes-du-l2a53\/#primaryimage"},"thumbnailUrl":"https:\/\/www.lavalaggloathle53.fr\/wp-content\/uploads\/2024\/05\/IMG-20240506-WA0004.jpg","articleSection":["Actualit\u00e9s","Comp\u00e9tition"],"inLanguage":"fr-FR","potentialAction":[{"@type":"CommentAction","name":"Comment","target":["https:\/\/www.lavalaggloathle53.fr\/index.php\/2024\/05\/05\/podiums-au-1er-tour-printannier-des-equipathle-a-mayenne-pour-les-benjamins-et-minimes-du-l2a53\/#respond"]}]},{"@type":"WebPage","@id":"https:\/\/www.lavalaggloathle53.fr\/index.php\/2024\/05\/05\/podiums-au-1er-tour-printannier-des-equipathle-a-mayenne-pour-les-benjamins-et-minimes-du-l2a53\/","url":"https:\/\/www.lavalaggloathle53.fr\/index.php\/2024\/05\/05\/podiums-au-1er-tour-printannier-des-equipathle-a-mayenne-pour-les-benjamins-et-minimes-du-l2a53\/","name":"PODIUMS au 1er Tour printannier des EQUIP'ATHLE \u00e0 MAYENNE pour les benjamins et minimes du L2A53 ! - Laval Agglo Athl\u00e9tisme","isPartOf":{"@id":"https:\/\/www.lavalaggloathle53.fr\/#website"},"primaryImageOfPage":{"@id":"https:\/\/www.lavalaggloathle53.fr\/index.php\/2024\/05\/05\/podiums-au-1er-tour-printannier-des-equipathle-a-mayenne-pour-les-benjamins-et-minimes-du-l2a53\/#primaryimage"},"image":{"@id":"https:\/\/www.lavalaggloathle53.fr\/index.php\/2024\/05\/05\/podiums-au-1er-tour-printannier-des-equipathle-a-mayenne-pour-les-benjamins-et-minimes-du-l2a53\/#primaryimage"},"thumbnailUrl":"https:\/\/www.lavalaggloathle53.fr\/wp-content\/uploads\/2024\/05\/IMG-20240506-WA0004.jpg","datePublished":"2024-05-05T14:42:57+00:00","dateModified":"2024-05-07T07:45:07+00:00","author":{"@id":"https:\/\/www.lavalaggloathle53.fr\/#\/schema\/person\/979647d1a9707730d91bfc766caadc0b"},"breadcrumb":{"@id":"https:\/\/www.lavalaggloathle53.fr\/index.php\/2024\/05\/05\/podiums-au-1er-tour-printannier-des-equipathle-a-mayenne-pour-les-benjamins-et-minimes-du-l2a53\/#breadcrumb"},"inLanguage":"fr-FR","potentialAction":[{"@type":"ReadAction","target":["https:\/\/www.lavalaggloathle53.fr\/index.php\/2024\/05\/05\/podiums-au-1er-tour-printannier-des-equipathle-a-mayenne-pour-les-benjamins-et-minimes-du-l2a53\/"]}]},{"@type":"ImageObject","inLanguage":"fr-FR","@id":"https:\/\/www.lavalaggloathle53.fr\/index.php\/2024\/05\/05\/podiums-au-1er-tour-printannier-des-equipathle-a-mayenne-pour-les-benjamins-et-minimes-du-l2a53\/#primaryimage","url":"https:\/\/www.lavalaggloathle53.fr\/wp-content\/uploads\/2024\/05\/IMG-20240506-WA0004.jpg","contentUrl":"https:\/\/www.lavalaggloathle53.fr\/wp-content\/uploads\/2024\/05\/IMG-20240506-WA0004.jpg","width":1600,"height":777},{"@type":"BreadcrumbList","@id":"https:\/\/www.lavalaggloathle53.fr\/index.php\/2024\/05\/05\/podiums-au-1er-tour-printannier-des-equipathle-a-mayenne-pour-les-benjamins-et-minimes-du-l2a53\/#breadcrumb","itemListElement":[{"@type":"ListItem","position":1,"name":"Accueil","item":"https:\/\/www.lavalaggloathle53.fr\/"},{"@type":"ListItem","position":2,"name":"PODIUMS au 1er Tour printannier des EQUIP&#8217;ATHLE \u00e0 MAYENNE pour les benjamins et minimes du L2A53 !"}]},{"@type":"WebSite","@id":"https:\/\/www.lavalaggloathle53.fr\/#website","url":"https:\/\/www.lavalaggloathle53.fr\/","name":"Laval Agglo Athl\u00e9tisme","description":"L&#039;athl\u00e9, un sport pour tous","alternateName":"L2A53","potentialAction":[{"@type":"SearchAction","target":{"@type":"EntryPoint","urlTemplate":"https:\/\/www.lavalaggloathle53.fr\/?s={search_term_string}"},"query-input":{"@type":"PropertyValueSpecification","valueRequired":true,"valueName":"search_term_string"}}],"inLanguage":"fr-FR"},{"@type":"Person","@id":"https:\/\/www.lavalaggloathle53.fr\/#\/schema\/person\/979647d1a9707730d91bfc766caadc0b","name":"Pascal BISSON","image":{"@type":"ImageObject","inLanguage":"fr-FR","@id":"https:\/\/secure.gravatar.com\/avatar\/59596d86ade6d559609912f789f6ddaf324a4bb824fbedeaf0ccebc5c1967658?s=96&d=mm&r=g","url":"https:\/\/secure.gravatar.com\/avatar\/59596d86ade6d559609912f789f6ddaf324a4bb824fbedeaf0ccebc5c1967658?s=96&d=mm&r=g","contentUrl":"https:\/\/secure.gravatar.com\/avatar\/59596d86ade6d559609912f789f6ddaf324a4bb824fbedeaf0ccebc5c1967658?s=96&d=mm&r=g","caption":"Pascal BISSON"},"sameAs":["https:\/\/www.lavalaggloathle53.fr"],"url":"https:\/\/www.lavalaggloathle53.fr\/index.php\/author\/bis53\/"}]}},"_links":{"self":[{"href":"https:\/\/www.lavalaggloathle53.fr\/index.php\/wp-json\/wp\/v2\/posts\/5604","targetHints":{"allow":["GET"]}}],"collection":[{"href":"https:\/\/www.lavalaggloathle53.fr\/index.php\/wp-json\/wp\/v2\/posts"}],"about":[{"href":"https:\/\/www.lavalaggloathle53.fr\/index.php\/wp-json\/wp\/v2\/types\/post"}],"author":[{"embeddable":true,"href":"https:\/\/www.lavalaggloathle53.fr\/index.php\/wp-json\/wp\/v2\/users\/4"}],"replies":[{"embeddable":true,"href":"https:\/\/www.lavalaggloathle53.fr\/index.php\/wp-json\/wp\/v2\/comments?post=5604"}],"version-history":[{"count":1,"href":"https:\/\/www.lavalaggloathle53.fr\/index.php\/wp-json\/wp\/v2\/posts\/5604\/revisions"}],"predecessor-version":[{"id":5607,"href":"https:\/\/www.lavalaggloathle53.fr\/index.php\/wp-json\/wp\/v2\/posts\/5604\/revisions\/5607"}],"wp:featuredmedia":[{"embeddable":true,"href":"https:\/\/www.lavalaggloathle53.fr\/index.php\/wp-json\/wp\/v2\/media\/5605"}],"wp:attachment":[{"href":"https:\/\/www.lavalaggloathle53.fr\/index.php\/wp-json\/wp\/v2\/media?parent=5604"}],"wp:term":[{"taxonomy":"category","embeddable":true,"href":"https:\/\/www.lavalaggloathle53.fr\/index.php\/wp-json\/wp\/v2\/categories?post=5604"},{"taxonomy":"post_tag","embeddable":true,"href":"https:\/\/www.lavalaggloathle53.fr\/index.php\/wp-json\/wp\/v2\/tags?post=5604"}],"curies":[{"name":"wp","href":"https:\/\/api.w.org\/{rel}","templated":true}]}}