{"id":5331,"date":"2024-04-08T09:04:17","date_gmt":"2024-04-08T07:04:17","guid":{"rendered":"https:\/\/www.lavalaggloathle53.fr\/?p=5331"},"modified":"2024-04-08T12:35:00","modified_gmt":"2024-04-08T10:35:00","slug":"le-l2a53-en-force-au-marathon-de-paris-2024","status":"publish","type":"post","link":"https:\/\/www.lavalaggloathle53.fr\/index.php\/2024\/04\/08\/le-l2a53-en-force-au-marathon-de-paris-2024\/","title":{"rendered":"Le L2A53 en force au MARATHON de PARIS 2024 !"},"content":{"rendered":"\n<figure class=\"wp-block-image size-full\"><img fetchpriority=\"high\" decoding=\"async\" width=\"768\" height=\"324\" src=\"https:\/\/www.lavalaggloathle53.fr\/wp-content\/uploads\/2024\/04\/logo_paris-marathon-logo-9198.jpg\" alt=\"\" class=\"wp-image-5332\" srcset=\"https:\/\/www.lavalaggloathle53.fr\/wp-content\/uploads\/2024\/04\/logo_paris-marathon-logo-9198.jpg 768w, https:\/\/www.lavalaggloathle53.fr\/wp-content\/uploads\/2024\/04\/logo_paris-marathon-logo-9198-300x127.jpg 300w\" sizes=\"(max-width: 768px) 100vw, 768px\" \/><\/figure>\n\n\n\n<p><strong>R\u00e9sultats des athl\u00e8tes du L2A53 :<\/strong><\/p>\n\n\n\n<p>Guillaume STASSE : 2h37&rsquo;26&Prime;(RP)<\/p>\n\n\n\n<p><strong><em>Les impressions de Guillaume STASSE<\/em><\/strong> :<\/p>\n\n\n\n<p>\u00ab\u00a0<em>Hmm, un peu d\u00e9\u00e7u &#8230; C&rsquo;est un premier, il faudra faire mieux au prochain ! Je partais pour 2h30, j&rsquo;y \u00e9tais jusqu&rsquo;au 30\u00e8me mais apr\u00e8s &#8230; J&rsquo;ai l&rsquo;impression que cela a \u00e9t\u00e9 dur pour tout le monde au Club , pourtant la m\u00e9t\u00e9o \u00e9tait l\u00e0 !\u00a0\u00bb<\/em><\/p>\n\n\n\n<p>Julien DUMONT : 2h44&rsquo;43<\/p>\n\n\n\n<p>Stanislas DELANGLE : 2h46&rsquo;07<\/p>\n\n\n\n<p>Vincent ROMAGNE : 2h53&rsquo;45<\/p>\n\n\n\n<p>Tony LAUNAY : 2h57&rsquo;23<\/p>\n\n\n\n<p>Micka\u00ebl MOTTIER : 3h11&rsquo;53<\/p>\n\n\n\n<p>Chez les f\u00e9minines , <strong>Julie DUFORT<\/strong> (licenci\u00e9e Loisirs) boucle son marathon en 4h34&rsquo;18<\/p>\n\n\n\n<p><\/p>\n","protected":false},"excerpt":{"rendered":"<p>R\u00e9sultats des athl\u00e8tes du L2A53 : Guillaume STASSE : 2h37&rsquo;26&Prime;(RP) Les impressions de Guillaume STASSE : \u00ab\u00a0Hmm, un peu d\u00e9\u00e7u &#8230; C&rsquo;est un premier, il faudra faire mieux au prochain ! Je partais pour 2h30, j&rsquo;y \u00e9tais jusqu&rsquo;au 30\u00e8me mais apr\u00e8s &#8230; J&rsquo;ai l&rsquo;impression que cela a \u00e9t\u00e9 dur pour tout le monde au Club , pourtant la m\u00e9t\u00e9o \u00e9tait l\u00e0 !\u00a0\u00bb Julien DUMONT : 2h44&rsquo;43 Stanislas DELANGLE : 2h46&rsquo;07 Vincent ROMAGNE : 2h53&rsquo;45 Tony LAUNAY : 2h57&rsquo;23 Micka\u00ebl MOTTIER : 3h11&rsquo;53 Chez les f\u00e9minines , Julie DUFORT (licenci\u00e9e Loisirs) boucle son marathon en 4h34&rsquo;18<\/p>\n","protected":false},"author":4,"featured_media":5332,"comment_status":"open","ping_status":"closed","sticky":false,"template":"","format":"standard","meta":{"footnotes":""},"categories":[14,15,16],"tags":[],"class_list":["post-5331","post","type-post","status-publish","format-standard","has-post-thumbnail","hentry","category-actualites","category-competition","category-loisirs"],"yoast_head":"<!-- This site is optimized with the Yoast SEO plugin v27.2 - https:\/\/yoast.com\/product\/yoast-seo-wordpress\/ -->\n<title>Le L2A53 en force au MARATHON de PARIS 2024 ! - Laval Agglo Athl\u00e9tisme<\/title>\n<meta name=\"robots\" content=\"index, follow, max-snippet:-1, max-image-preview:large, max-video-preview:-1\" \/>\n<link rel=\"canonical\" href=\"https:\/\/www.lavalaggloathle53.fr\/index.php\/2024\/04\/08\/le-l2a53-en-force-au-marathon-de-paris-2024\/\" \/>\n<meta property=\"og:locale\" content=\"fr_FR\" \/>\n<meta property=\"og:type\" content=\"article\" \/>\n<meta property=\"og:title\" content=\"Le L2A53 en force au MARATHON de PARIS 2024 ! - Laval Agglo Athl\u00e9tisme\" \/>\n<meta property=\"og:description\" content=\"R\u00e9sultats des athl\u00e8tes du L2A53 : Guillaume STASSE : 2h37&rsquo;26&Prime;(RP) Les impressions de Guillaume STASSE : \u00ab\u00a0Hmm, un peu d\u00e9\u00e7u &#8230; C&rsquo;est un premier, il faudra faire mieux au prochain ! Je partais pour 2h30, j&rsquo;y \u00e9tais jusqu&rsquo;au 30\u00e8me mais apr\u00e8s &#8230; J&rsquo;ai l&rsquo;impression que cela a \u00e9t\u00e9 dur pour tout le monde au Club , pourtant la m\u00e9t\u00e9o \u00e9tait l\u00e0 !\u00a0\u00bb Julien DUMONT : 2h44&rsquo;43 Stanislas DELANGLE : 2h46&rsquo;07 Vincent ROMAGNE : 2h53&rsquo;45 Tony LAUNAY : 2h57&rsquo;23 Micka\u00ebl MOTTIER : 3h11&rsquo;53 Chez les f\u00e9minines , Julie DUFORT (licenci\u00e9e Loisirs) boucle son marathon en 4h34&rsquo;18\" \/>\n<meta property=\"og:url\" content=\"https:\/\/www.lavalaggloathle53.fr\/index.php\/2024\/04\/08\/le-l2a53-en-force-au-marathon-de-paris-2024\/\" \/>\n<meta property=\"og:site_name\" content=\"Laval Agglo Athl\u00e9tisme\" \/>\n<meta property=\"article:publisher\" content=\"https:\/\/www.facebook.com\/stadelavalloisathletisme\" \/>\n<meta property=\"article:published_time\" content=\"2024-04-08T07:04:17+00:00\" \/>\n<meta property=\"article:modified_time\" content=\"2024-04-08T10:35:00+00:00\" \/>\n<meta property=\"og:image\" content=\"https:\/\/www.lavalaggloathle53.fr\/wp-content\/uploads\/2024\/04\/logo_paris-marathon-logo-9198.jpg\" \/>\n\t<meta property=\"og:image:width\" content=\"768\" \/>\n\t<meta property=\"og:image:height\" content=\"324\" \/>\n\t<meta property=\"og:image:type\" content=\"image\/jpeg\" \/>\n<meta name=\"author\" content=\"Pascal BISSON\" \/>\n<meta name=\"twitter:card\" content=\"summary_large_image\" \/>\n<meta name=\"twitter:label1\" content=\"\u00c9crit par\" \/>\n\t<meta name=\"twitter:data1\" content=\"Pascal BISSON\" \/>\n\t<meta name=\"twitter:label2\" content=\"Dur\u00e9e de lecture estim\u00e9e\" \/>\n\t<meta name=\"twitter:data2\" content=\"1 minute\" \/>\n<script type=\"application\/ld+json\" class=\"yoast-schema-graph\">{\"@context\":\"https:\/\/schema.org\",\"@graph\":[{\"@type\":\"Article\",\"@id\":\"https:\/\/www.lavalaggloathle53.fr\/index.php\/2024\/04\/08\/le-l2a53-en-force-au-marathon-de-paris-2024\/#article\",\"isPartOf\":{\"@id\":\"https:\/\/www.lavalaggloathle53.fr\/index.php\/2024\/04\/08\/le-l2a53-en-force-au-marathon-de-paris-2024\/\"},\"author\":{\"name\":\"Pascal BISSON\",\"@id\":\"https:\/\/www.lavalaggloathle53.fr\/#\/schema\/person\/979647d1a9707730d91bfc766caadc0b\"},\"headline\":\"Le L2A53 en force au MARATHON de PARIS 2024 !\",\"datePublished\":\"2024-04-08T07:04:17+00:00\",\"dateModified\":\"2024-04-08T10:35:00+00:00\",\"mainEntityOfPage\":{\"@id\":\"https:\/\/www.lavalaggloathle53.fr\/index.php\/2024\/04\/08\/le-l2a53-en-force-au-marathon-de-paris-2024\/\"},\"wordCount\":106,\"commentCount\":0,\"image\":{\"@id\":\"https:\/\/www.lavalaggloathle53.fr\/index.php\/2024\/04\/08\/le-l2a53-en-force-au-marathon-de-paris-2024\/#primaryimage\"},\"thumbnailUrl\":\"https:\/\/www.lavalaggloathle53.fr\/wp-content\/uploads\/2024\/04\/logo_paris-marathon-logo-9198.jpg\",\"articleSection\":[\"Actualit\u00e9s\",\"Comp\u00e9tition\",\"Loisirs\"],\"inLanguage\":\"fr-FR\",\"potentialAction\":[{\"@type\":\"CommentAction\",\"name\":\"Comment\",\"target\":[\"https:\/\/www.lavalaggloathle53.fr\/index.php\/2024\/04\/08\/le-l2a53-en-force-au-marathon-de-paris-2024\/#respond\"]}]},{\"@type\":\"WebPage\",\"@id\":\"https:\/\/www.lavalaggloathle53.fr\/index.php\/2024\/04\/08\/le-l2a53-en-force-au-marathon-de-paris-2024\/\",\"url\":\"https:\/\/www.lavalaggloathle53.fr\/index.php\/2024\/04\/08\/le-l2a53-en-force-au-marathon-de-paris-2024\/\",\"name\":\"Le L2A53 en force au MARATHON de PARIS 2024 ! - Laval Agglo Athl\u00e9tisme\",\"isPartOf\":{\"@id\":\"https:\/\/www.lavalaggloathle53.fr\/#website\"},\"primaryImageOfPage\":{\"@id\":\"https:\/\/www.lavalaggloathle53.fr\/index.php\/2024\/04\/08\/le-l2a53-en-force-au-marathon-de-paris-2024\/#primaryimage\"},\"image\":{\"@id\":\"https:\/\/www.lavalaggloathle53.fr\/index.php\/2024\/04\/08\/le-l2a53-en-force-au-marathon-de-paris-2024\/#primaryimage\"},\"thumbnailUrl\":\"https:\/\/www.lavalaggloathle53.fr\/wp-content\/uploads\/2024\/04\/logo_paris-marathon-logo-9198.jpg\",\"datePublished\":\"2024-04-08T07:04:17+00:00\",\"dateModified\":\"2024-04-08T10:35:00+00:00\",\"author\":{\"@id\":\"https:\/\/www.lavalaggloathle53.fr\/#\/schema\/person\/979647d1a9707730d91bfc766caadc0b\"},\"breadcrumb\":{\"@id\":\"https:\/\/www.lavalaggloathle53.fr\/index.php\/2024\/04\/08\/le-l2a53-en-force-au-marathon-de-paris-2024\/#breadcrumb\"},\"inLanguage\":\"fr-FR\",\"potentialAction\":[{\"@type\":\"ReadAction\",\"target\":[\"https:\/\/www.lavalaggloathle53.fr\/index.php\/2024\/04\/08\/le-l2a53-en-force-au-marathon-de-paris-2024\/\"]}]},{\"@type\":\"ImageObject\",\"inLanguage\":\"fr-FR\",\"@id\":\"https:\/\/www.lavalaggloathle53.fr\/index.php\/2024\/04\/08\/le-l2a53-en-force-au-marathon-de-paris-2024\/#primaryimage\",\"url\":\"https:\/\/www.lavalaggloathle53.fr\/wp-content\/uploads\/2024\/04\/logo_paris-marathon-logo-9198.jpg\",\"contentUrl\":\"https:\/\/www.lavalaggloathle53.fr\/wp-content\/uploads\/2024\/04\/logo_paris-marathon-logo-9198.jpg\",\"width\":768,\"height\":324},{\"@type\":\"BreadcrumbList\",\"@id\":\"https:\/\/www.lavalaggloathle53.fr\/index.php\/2024\/04\/08\/le-l2a53-en-force-au-marathon-de-paris-2024\/#breadcrumb\",\"itemListElement\":[{\"@type\":\"ListItem\",\"position\":1,\"name\":\"Accueil\",\"item\":\"https:\/\/www.lavalaggloathle53.fr\/\"},{\"@type\":\"ListItem\",\"position\":2,\"name\":\"Le L2A53 en force au MARATHON de PARIS 2024 !\"}]},{\"@type\":\"WebSite\",\"@id\":\"https:\/\/www.lavalaggloathle53.fr\/#website\",\"url\":\"https:\/\/www.lavalaggloathle53.fr\/\",\"name\":\"Laval Agglo Athl\u00e9tisme\",\"description\":\"L&#039;athl\u00e9, un sport pour tous\",\"alternateName\":\"L2A53\",\"potentialAction\":[{\"@type\":\"SearchAction\",\"target\":{\"@type\":\"EntryPoint\",\"urlTemplate\":\"https:\/\/www.lavalaggloathle53.fr\/?s={search_term_string}\"},\"query-input\":{\"@type\":\"PropertyValueSpecification\",\"valueRequired\":true,\"valueName\":\"search_term_string\"}}],\"inLanguage\":\"fr-FR\"},{\"@type\":\"Person\",\"@id\":\"https:\/\/www.lavalaggloathle53.fr\/#\/schema\/person\/979647d1a9707730d91bfc766caadc0b\",\"name\":\"Pascal BISSON\",\"image\":{\"@type\":\"ImageObject\",\"inLanguage\":\"fr-FR\",\"@id\":\"https:\/\/secure.gravatar.com\/avatar\/59596d86ade6d559609912f789f6ddaf324a4bb824fbedeaf0ccebc5c1967658?s=96&d=mm&r=g\",\"url\":\"https:\/\/secure.gravatar.com\/avatar\/59596d86ade6d559609912f789f6ddaf324a4bb824fbedeaf0ccebc5c1967658?s=96&d=mm&r=g\",\"contentUrl\":\"https:\/\/secure.gravatar.com\/avatar\/59596d86ade6d559609912f789f6ddaf324a4bb824fbedeaf0ccebc5c1967658?s=96&d=mm&r=g\",\"caption\":\"Pascal BISSON\"},\"sameAs\":[\"https:\/\/www.lavalaggloathle53.fr\"],\"url\":\"https:\/\/www.lavalaggloathle53.fr\/index.php\/author\/bis53\/\"}]}<\/script>\n<!-- \/ Yoast SEO plugin. -->","yoast_head_json":{"title":"Le L2A53 en force au MARATHON de PARIS 2024 ! - Laval Agglo Athl\u00e9tisme","robots":{"index":"index","follow":"follow","max-snippet":"max-snippet:-1","max-image-preview":"max-image-preview:large","max-video-preview":"max-video-preview:-1"},"canonical":"https:\/\/www.lavalaggloathle53.fr\/index.php\/2024\/04\/08\/le-l2a53-en-force-au-marathon-de-paris-2024\/","og_locale":"fr_FR","og_type":"article","og_title":"Le L2A53 en force au MARATHON de PARIS 2024 ! - Laval Agglo Athl\u00e9tisme","og_description":"R\u00e9sultats des athl\u00e8tes du L2A53 : Guillaume STASSE : 2h37&rsquo;26&Prime;(RP) Les impressions de Guillaume STASSE : \u00ab\u00a0Hmm, un peu d\u00e9\u00e7u &#8230; C&rsquo;est un premier, il faudra faire mieux au prochain ! Je partais pour 2h30, j&rsquo;y \u00e9tais jusqu&rsquo;au 30\u00e8me mais apr\u00e8s &#8230; J&rsquo;ai l&rsquo;impression que cela a \u00e9t\u00e9 dur pour tout le monde au Club , pourtant la m\u00e9t\u00e9o \u00e9tait l\u00e0 !\u00a0\u00bb Julien DUMONT : 2h44&rsquo;43 Stanislas DELANGLE : 2h46&rsquo;07 Vincent ROMAGNE : 2h53&rsquo;45 Tony LAUNAY : 2h57&rsquo;23 Micka\u00ebl MOTTIER : 3h11&rsquo;53 Chez les f\u00e9minines , Julie DUFORT (licenci\u00e9e Loisirs) boucle son marathon en 4h34&rsquo;18","og_url":"https:\/\/www.lavalaggloathle53.fr\/index.php\/2024\/04\/08\/le-l2a53-en-force-au-marathon-de-paris-2024\/","og_site_name":"Laval Agglo Athl\u00e9tisme","article_publisher":"https:\/\/www.facebook.com\/stadelavalloisathletisme","article_published_time":"2024-04-08T07:04:17+00:00","article_modified_time":"2024-04-08T10:35:00+00:00","og_image":[{"width":768,"height":324,"url":"https:\/\/www.lavalaggloathle53.fr\/wp-content\/uploads\/2024\/04\/logo_paris-marathon-logo-9198.jpg","type":"image\/jpeg"}],"author":"Pascal BISSON","twitter_card":"summary_large_image","twitter_misc":{"\u00c9crit par":"Pascal BISSON","Dur\u00e9e de lecture estim\u00e9e":"1 minute"},"schema":{"@context":"https:\/\/schema.org","@graph":[{"@type":"Article","@id":"https:\/\/www.lavalaggloathle53.fr\/index.php\/2024\/04\/08\/le-l2a53-en-force-au-marathon-de-paris-2024\/#article","isPartOf":{"@id":"https:\/\/www.lavalaggloathle53.fr\/index.php\/2024\/04\/08\/le-l2a53-en-force-au-marathon-de-paris-2024\/"},"author":{"name":"Pascal BISSON","@id":"https:\/\/www.lavalaggloathle53.fr\/#\/schema\/person\/979647d1a9707730d91bfc766caadc0b"},"headline":"Le L2A53 en force au MARATHON de PARIS 2024 !","datePublished":"2024-04-08T07:04:17+00:00","dateModified":"2024-04-08T10:35:00+00:00","mainEntityOfPage":{"@id":"https:\/\/www.lavalaggloathle53.fr\/index.php\/2024\/04\/08\/le-l2a53-en-force-au-marathon-de-paris-2024\/"},"wordCount":106,"commentCount":0,"image":{"@id":"https:\/\/www.lavalaggloathle53.fr\/index.php\/2024\/04\/08\/le-l2a53-en-force-au-marathon-de-paris-2024\/#primaryimage"},"thumbnailUrl":"https:\/\/www.lavalaggloathle53.fr\/wp-content\/uploads\/2024\/04\/logo_paris-marathon-logo-9198.jpg","articleSection":["Actualit\u00e9s","Comp\u00e9tition","Loisirs"],"inLanguage":"fr-FR","potentialAction":[{"@type":"CommentAction","name":"Comment","target":["https:\/\/www.lavalaggloathle53.fr\/index.php\/2024\/04\/08\/le-l2a53-en-force-au-marathon-de-paris-2024\/#respond"]}]},{"@type":"WebPage","@id":"https:\/\/www.lavalaggloathle53.fr\/index.php\/2024\/04\/08\/le-l2a53-en-force-au-marathon-de-paris-2024\/","url":"https:\/\/www.lavalaggloathle53.fr\/index.php\/2024\/04\/08\/le-l2a53-en-force-au-marathon-de-paris-2024\/","name":"Le L2A53 en force au MARATHON de PARIS 2024 ! - Laval Agglo Athl\u00e9tisme","isPartOf":{"@id":"https:\/\/www.lavalaggloathle53.fr\/#website"},"primaryImageOfPage":{"@id":"https:\/\/www.lavalaggloathle53.fr\/index.php\/2024\/04\/08\/le-l2a53-en-force-au-marathon-de-paris-2024\/#primaryimage"},"image":{"@id":"https:\/\/www.lavalaggloathle53.fr\/index.php\/2024\/04\/08\/le-l2a53-en-force-au-marathon-de-paris-2024\/#primaryimage"},"thumbnailUrl":"https:\/\/www.lavalaggloathle53.fr\/wp-content\/uploads\/2024\/04\/logo_paris-marathon-logo-9198.jpg","datePublished":"2024-04-08T07:04:17+00:00","dateModified":"2024-04-08T10:35:00+00:00","author":{"@id":"https:\/\/www.lavalaggloathle53.fr\/#\/schema\/person\/979647d1a9707730d91bfc766caadc0b"},"breadcrumb":{"@id":"https:\/\/www.lavalaggloathle53.fr\/index.php\/2024\/04\/08\/le-l2a53-en-force-au-marathon-de-paris-2024\/#breadcrumb"},"inLanguage":"fr-FR","potentialAction":[{"@type":"ReadAction","target":["https:\/\/www.lavalaggloathle53.fr\/index.php\/2024\/04\/08\/le-l2a53-en-force-au-marathon-de-paris-2024\/"]}]},{"@type":"ImageObject","inLanguage":"fr-FR","@id":"https:\/\/www.lavalaggloathle53.fr\/index.php\/2024\/04\/08\/le-l2a53-en-force-au-marathon-de-paris-2024\/#primaryimage","url":"https:\/\/www.lavalaggloathle53.fr\/wp-content\/uploads\/2024\/04\/logo_paris-marathon-logo-9198.jpg","contentUrl":"https:\/\/www.lavalaggloathle53.fr\/wp-content\/uploads\/2024\/04\/logo_paris-marathon-logo-9198.jpg","width":768,"height":324},{"@type":"BreadcrumbList","@id":"https:\/\/www.lavalaggloathle53.fr\/index.php\/2024\/04\/08\/le-l2a53-en-force-au-marathon-de-paris-2024\/#breadcrumb","itemListElement":[{"@type":"ListItem","position":1,"name":"Accueil","item":"https:\/\/www.lavalaggloathle53.fr\/"},{"@type":"ListItem","position":2,"name":"Le L2A53 en force au MARATHON de PARIS 2024 !"}]},{"@type":"WebSite","@id":"https:\/\/www.lavalaggloathle53.fr\/#website","url":"https:\/\/www.lavalaggloathle53.fr\/","name":"Laval Agglo Athl\u00e9tisme","description":"L&#039;athl\u00e9, un sport pour tous","alternateName":"L2A53","potentialAction":[{"@type":"SearchAction","target":{"@type":"EntryPoint","urlTemplate":"https:\/\/www.lavalaggloathle53.fr\/?s={search_term_string}"},"query-input":{"@type":"PropertyValueSpecification","valueRequired":true,"valueName":"search_term_string"}}],"inLanguage":"fr-FR"},{"@type":"Person","@id":"https:\/\/www.lavalaggloathle53.fr\/#\/schema\/person\/979647d1a9707730d91bfc766caadc0b","name":"Pascal BISSON","image":{"@type":"ImageObject","inLanguage":"fr-FR","@id":"https:\/\/secure.gravatar.com\/avatar\/59596d86ade6d559609912f789f6ddaf324a4bb824fbedeaf0ccebc5c1967658?s=96&d=mm&r=g","url":"https:\/\/secure.gravatar.com\/avatar\/59596d86ade6d559609912f789f6ddaf324a4bb824fbedeaf0ccebc5c1967658?s=96&d=mm&r=g","contentUrl":"https:\/\/secure.gravatar.com\/avatar\/59596d86ade6d559609912f789f6ddaf324a4bb824fbedeaf0ccebc5c1967658?s=96&d=mm&r=g","caption":"Pascal BISSON"},"sameAs":["https:\/\/www.lavalaggloathle53.fr"],"url":"https:\/\/www.lavalaggloathle53.fr\/index.php\/author\/bis53\/"}]}},"_links":{"self":[{"href":"https:\/\/www.lavalaggloathle53.fr\/index.php\/wp-json\/wp\/v2\/posts\/5331","targetHints":{"allow":["GET"]}}],"collection":[{"href":"https:\/\/www.lavalaggloathle53.fr\/index.php\/wp-json\/wp\/v2\/posts"}],"about":[{"href":"https:\/\/www.lavalaggloathle53.fr\/index.php\/wp-json\/wp\/v2\/types\/post"}],"author":[{"embeddable":true,"href":"https:\/\/www.lavalaggloathle53.fr\/index.php\/wp-json\/wp\/v2\/users\/4"}],"replies":[{"embeddable":true,"href":"https:\/\/www.lavalaggloathle53.fr\/index.php\/wp-json\/wp\/v2\/comments?post=5331"}],"version-history":[{"count":7,"href":"https:\/\/www.lavalaggloathle53.fr\/index.php\/wp-json\/wp\/v2\/posts\/5331\/revisions"}],"predecessor-version":[{"id":5382,"href":"https:\/\/www.lavalaggloathle53.fr\/index.php\/wp-json\/wp\/v2\/posts\/5331\/revisions\/5382"}],"wp:featuredmedia":[{"embeddable":true,"href":"https:\/\/www.lavalaggloathle53.fr\/index.php\/wp-json\/wp\/v2\/media\/5332"}],"wp:attachment":[{"href":"https:\/\/www.lavalaggloathle53.fr\/index.php\/wp-json\/wp\/v2\/media?parent=5331"}],"wp:term":[{"taxonomy":"category","embeddable":true,"href":"https:\/\/www.lavalaggloathle53.fr\/index.php\/wp-json\/wp\/v2\/categories?post=5331"},{"taxonomy":"post_tag","embeddable":true,"href":"https:\/\/www.lavalaggloathle53.fr\/index.php\/wp-json\/wp\/v2\/tags?post=5331"}],"curies":[{"name":"wp","href":"https:\/\/api.w.org\/{rel}","templated":true}]}}