{"id":4793,"date":"2024-02-10T14:58:02","date_gmt":"2024-02-10T13:58:02","guid":{"rendered":"https:\/\/www.lavalaggloathle53.fr\/?p=4793"},"modified":"2024-03-10T19:20:44","modified_gmt":"2024-03-10T18:20:44","slug":"le-l2a53-en-quete-de-trophees-lors-des-pre-france-indoor-a-nantes-ce-w-e","status":"publish","type":"post","link":"https:\/\/www.lavalaggloathle53.fr\/index.php\/2024\/02\/10\/le-l2a53-en-quete-de-trophees-lors-des-pre-france-indoor-a-nantes-ce-w-e\/","title":{"rendered":"Le L2A53 en qu\u00eate de troph\u00e9es lors des Pr\u00e9-FRANCE indoor \u00e0 NANTES ce W-E !"},"content":{"rendered":"\n<p>En chefs de file , ce sont les cadets(es) avec les jeunes Juliette BLOTTIERE sur le concours de hauteur (Dimanche \u00e0 14h00) et ses r\u00e9cents 1m65 et  TOM MORVAN sur le concours de perche (Samedi \u00e0 partir de 14h30) avec un tout nouveau record perso \u00e0 4m41 et sur 60 m Haies (8&Prime;56) dimanche (11h00) , qui tenteront de briller pour remporter le titre &#8230;<\/p>\n\n\n\n<p>En demi-fond sur 800m dimanche (\u00e0 partir de 15h20), les jeunes voudront briller devant leur Coach Didier LELIEVRE en am\u00e9liorant leurs chronos respectifs avec le cadet  C\u00f4me TSHIMANGA (2&rsquo;04&Prime;09) , le junior Mathis CUREZ (1&rsquo;58&Prime;61) et l&rsquo;espoir Quentin GEHAN (1&rsquo;53&Prime;36) en reprise &#8230;<\/p>\n\n\n\n<p><\/p>\n\n\n\n<p><strong>Les r\u00e9sultats en DIRECT sur<\/strong> :<\/p>\n\n\n\n<p>http:\/\/paysdelaloire.athle.com\/asp.net\/espaces.lives\/direct.aspx?competition=286965<\/p>\n\n\n\n<figure class=\"wp-block-image size-large\"><img fetchpriority=\"high\" decoding=\"async\" width=\"862\" height=\"1024\" src=\"https:\/\/www.lavalaggloathle53.fr\/wp-content\/uploads\/2024\/02\/Art-Juliette-Blottiere-veut-encore-grandir-O-F-10-11-02-2024-862x1024.jpg\" alt=\"\" class=\"wp-image-4794\" srcset=\"https:\/\/www.lavalaggloathle53.fr\/wp-content\/uploads\/2024\/02\/Art-Juliette-Blottiere-veut-encore-grandir-O-F-10-11-02-2024-862x1024.jpg 862w, https:\/\/www.lavalaggloathle53.fr\/wp-content\/uploads\/2024\/02\/Art-Juliette-Blottiere-veut-encore-grandir-O-F-10-11-02-2024-253x300.jpg 253w, https:\/\/www.lavalaggloathle53.fr\/wp-content\/uploads\/2024\/02\/Art-Juliette-Blottiere-veut-encore-grandir-O-F-10-11-02-2024-768x912.jpg 768w, https:\/\/www.lavalaggloathle53.fr\/wp-content\/uploads\/2024\/02\/Art-Juliette-Blottiere-veut-encore-grandir-O-F-10-11-02-2024.jpg 964w\" sizes=\"(max-width: 862px) 100vw, 862px\" \/><\/figure>\n","protected":false},"excerpt":{"rendered":"<p>En chefs de file , ce sont les cadets(es) avec les jeunes Juliette BLOTTIERE sur le concours de hauteur (Dimanche \u00e0 14h00) et ses r\u00e9cents 1m65 et TOM MORVAN sur le concours de perche (Samedi \u00e0 partir de 14h30) avec un tout nouveau record perso \u00e0 4m41 et sur 60 m Haies (8&Prime;56) dimanche (11h00) , qui tenteront de briller pour remporter le titre &#8230; En demi-fond sur 800m dimanche (\u00e0 partir de 15h20), les jeunes voudront briller devant leur Coach Didier LELIEVRE en am\u00e9liorant leurs chronos respectifs avec le cadet C\u00f4me TSHIMANGA (2&rsquo;04&Prime;09) , le junior Mathis CUREZ (1&rsquo;58&Prime;61) et l&rsquo;espoir Quentin GEHAN (1&rsquo;53&Prime;36) en reprise &#8230; Les r\u00e9sultats en DIRECT sur : http:\/\/paysdelaloire.athle.com\/asp.net\/espaces.lives\/direct.aspx?competition=286965<\/p>\n","protected":false},"author":4,"featured_media":4800,"comment_status":"open","ping_status":"open","sticky":false,"template":"","format":"standard","meta":{"footnotes":""},"categories":[14,15],"tags":[],"class_list":["post-4793","post","type-post","status-publish","format-standard","has-post-thumbnail","hentry","category-actualites","category-competition"],"yoast_head":"<!-- This site is optimized with the Yoast SEO plugin v27.2 - https:\/\/yoast.com\/product\/yoast-seo-wordpress\/ -->\n<title>Le L2A53 en qu\u00eate de troph\u00e9es lors des Pr\u00e9-FRANCE indoor \u00e0 NANTES ce W-E ! - Laval Agglo Athl\u00e9tisme<\/title>\n<meta name=\"robots\" content=\"index, follow, max-snippet:-1, max-image-preview:large, max-video-preview:-1\" \/>\n<link rel=\"canonical\" href=\"https:\/\/www.lavalaggloathle53.fr\/index.php\/2024\/02\/10\/le-l2a53-en-quete-de-trophees-lors-des-pre-france-indoor-a-nantes-ce-w-e\/\" \/>\n<meta property=\"og:locale\" content=\"fr_FR\" \/>\n<meta property=\"og:type\" content=\"article\" \/>\n<meta property=\"og:title\" content=\"Le L2A53 en qu\u00eate de troph\u00e9es lors des Pr\u00e9-FRANCE indoor \u00e0 NANTES ce W-E ! - Laval Agglo Athl\u00e9tisme\" \/>\n<meta property=\"og:description\" content=\"En chefs de file , ce sont les cadets(es) avec les jeunes Juliette BLOTTIERE sur le concours de hauteur (Dimanche \u00e0 14h00) et ses r\u00e9cents 1m65 et TOM MORVAN sur le concours de perche (Samedi \u00e0 partir de 14h30) avec un tout nouveau record perso \u00e0 4m41 et sur 60 m Haies (8&Prime;56) dimanche (11h00) , qui tenteront de briller pour remporter le titre &#8230; En demi-fond sur 800m dimanche (\u00e0 partir de 15h20), les jeunes voudront briller devant leur Coach Didier LELIEVRE en am\u00e9liorant leurs chronos respectifs avec le cadet C\u00f4me TSHIMANGA (2&rsquo;04&Prime;09) , le junior Mathis CUREZ (1&rsquo;58&Prime;61) et l&rsquo;espoir Quentin GEHAN (1&rsquo;53&Prime;36) en reprise &#8230; Les r\u00e9sultats en DIRECT sur : http:\/\/paysdelaloire.athle.com\/asp.net\/espaces.lives\/direct.aspx?competition=286965\" \/>\n<meta property=\"og:url\" content=\"https:\/\/www.lavalaggloathle53.fr\/index.php\/2024\/02\/10\/le-l2a53-en-quete-de-trophees-lors-des-pre-france-indoor-a-nantes-ce-w-e\/\" \/>\n<meta property=\"og:site_name\" content=\"Laval Agglo Athl\u00e9tisme\" \/>\n<meta property=\"article:publisher\" content=\"https:\/\/www.facebook.com\/stadelavalloisathletisme\" \/>\n<meta property=\"article:published_time\" content=\"2024-02-10T13:58:02+00:00\" \/>\n<meta property=\"article:modified_time\" content=\"2024-03-10T18:20:44+00:00\" \/>\n<meta property=\"og:image\" content=\"https:\/\/www.lavalaggloathle53.fr\/wp-content\/uploads\/2024\/02\/20240210-Meeting-Pre-France-U18-a-SE-en-salle.jpg\" \/>\n\t<meta property=\"og:image:width\" content=\"2000\" \/>\n\t<meta property=\"og:image:height\" content=\"2000\" \/>\n\t<meta property=\"og:image:type\" content=\"image\/jpeg\" \/>\n<meta name=\"author\" content=\"Pascal BISSON\" \/>\n<meta name=\"twitter:card\" content=\"summary_large_image\" \/>\n<meta name=\"twitter:label1\" content=\"\u00c9crit par\" \/>\n\t<meta name=\"twitter:data1\" content=\"Pascal BISSON\" \/>\n\t<meta name=\"twitter:label2\" content=\"Dur\u00e9e de lecture estim\u00e9e\" \/>\n\t<meta name=\"twitter:data2\" content=\"1 minute\" \/>\n<script type=\"application\/ld+json\" class=\"yoast-schema-graph\">{\"@context\":\"https:\/\/schema.org\",\"@graph\":[{\"@type\":\"Article\",\"@id\":\"https:\/\/www.lavalaggloathle53.fr\/index.php\/2024\/02\/10\/le-l2a53-en-quete-de-trophees-lors-des-pre-france-indoor-a-nantes-ce-w-e\/#article\",\"isPartOf\":{\"@id\":\"https:\/\/www.lavalaggloathle53.fr\/index.php\/2024\/02\/10\/le-l2a53-en-quete-de-trophees-lors-des-pre-france-indoor-a-nantes-ce-w-e\/\"},\"author\":{\"name\":\"Pascal BISSON\",\"@id\":\"https:\/\/www.lavalaggloathle53.fr\/#\/schema\/person\/979647d1a9707730d91bfc766caadc0b\"},\"headline\":\"Le L2A53 en qu\u00eate de troph\u00e9es lors des Pr\u00e9-FRANCE indoor \u00e0 NANTES ce W-E !\",\"datePublished\":\"2024-02-10T13:58:02+00:00\",\"dateModified\":\"2024-03-10T18:20:44+00:00\",\"mainEntityOfPage\":{\"@id\":\"https:\/\/www.lavalaggloathle53.fr\/index.php\/2024\/02\/10\/le-l2a53-en-quete-de-trophees-lors-des-pre-france-indoor-a-nantes-ce-w-e\/\"},\"wordCount\":133,\"commentCount\":0,\"image\":{\"@id\":\"https:\/\/www.lavalaggloathle53.fr\/index.php\/2024\/02\/10\/le-l2a53-en-quete-de-trophees-lors-des-pre-france-indoor-a-nantes-ce-w-e\/#primaryimage\"},\"thumbnailUrl\":\"https:\/\/www.lavalaggloathle53.fr\/wp-content\/uploads\/2024\/02\/20240210-Meeting-Pre-France-U18-a-SE-en-salle.jpg\",\"articleSection\":[\"Actualit\u00e9s\",\"Comp\u00e9tition\"],\"inLanguage\":\"fr-FR\",\"potentialAction\":[{\"@type\":\"CommentAction\",\"name\":\"Comment\",\"target\":[\"https:\/\/www.lavalaggloathle53.fr\/index.php\/2024\/02\/10\/le-l2a53-en-quete-de-trophees-lors-des-pre-france-indoor-a-nantes-ce-w-e\/#respond\"]}]},{\"@type\":\"WebPage\",\"@id\":\"https:\/\/www.lavalaggloathle53.fr\/index.php\/2024\/02\/10\/le-l2a53-en-quete-de-trophees-lors-des-pre-france-indoor-a-nantes-ce-w-e\/\",\"url\":\"https:\/\/www.lavalaggloathle53.fr\/index.php\/2024\/02\/10\/le-l2a53-en-quete-de-trophees-lors-des-pre-france-indoor-a-nantes-ce-w-e\/\",\"name\":\"Le L2A53 en qu\u00eate de troph\u00e9es lors des Pr\u00e9-FRANCE indoor \u00e0 NANTES ce W-E ! - Laval Agglo Athl\u00e9tisme\",\"isPartOf\":{\"@id\":\"https:\/\/www.lavalaggloathle53.fr\/#website\"},\"primaryImageOfPage\":{\"@id\":\"https:\/\/www.lavalaggloathle53.fr\/index.php\/2024\/02\/10\/le-l2a53-en-quete-de-trophees-lors-des-pre-france-indoor-a-nantes-ce-w-e\/#primaryimage\"},\"image\":{\"@id\":\"https:\/\/www.lavalaggloathle53.fr\/index.php\/2024\/02\/10\/le-l2a53-en-quete-de-trophees-lors-des-pre-france-indoor-a-nantes-ce-w-e\/#primaryimage\"},\"thumbnailUrl\":\"https:\/\/www.lavalaggloathle53.fr\/wp-content\/uploads\/2024\/02\/20240210-Meeting-Pre-France-U18-a-SE-en-salle.jpg\",\"datePublished\":\"2024-02-10T13:58:02+00:00\",\"dateModified\":\"2024-03-10T18:20:44+00:00\",\"author\":{\"@id\":\"https:\/\/www.lavalaggloathle53.fr\/#\/schema\/person\/979647d1a9707730d91bfc766caadc0b\"},\"breadcrumb\":{\"@id\":\"https:\/\/www.lavalaggloathle53.fr\/index.php\/2024\/02\/10\/le-l2a53-en-quete-de-trophees-lors-des-pre-france-indoor-a-nantes-ce-w-e\/#breadcrumb\"},\"inLanguage\":\"fr-FR\",\"potentialAction\":[{\"@type\":\"ReadAction\",\"target\":[\"https:\/\/www.lavalaggloathle53.fr\/index.php\/2024\/02\/10\/le-l2a53-en-quete-de-trophees-lors-des-pre-france-indoor-a-nantes-ce-w-e\/\"]}]},{\"@type\":\"ImageObject\",\"inLanguage\":\"fr-FR\",\"@id\":\"https:\/\/www.lavalaggloathle53.fr\/index.php\/2024\/02\/10\/le-l2a53-en-quete-de-trophees-lors-des-pre-france-indoor-a-nantes-ce-w-e\/#primaryimage\",\"url\":\"https:\/\/www.lavalaggloathle53.fr\/wp-content\/uploads\/2024\/02\/20240210-Meeting-Pre-France-U18-a-SE-en-salle.jpg\",\"contentUrl\":\"https:\/\/www.lavalaggloathle53.fr\/wp-content\/uploads\/2024\/02\/20240210-Meeting-Pre-France-U18-a-SE-en-salle.jpg\",\"width\":2000,\"height\":2000},{\"@type\":\"BreadcrumbList\",\"@id\":\"https:\/\/www.lavalaggloathle53.fr\/index.php\/2024\/02\/10\/le-l2a53-en-quete-de-trophees-lors-des-pre-france-indoor-a-nantes-ce-w-e\/#breadcrumb\",\"itemListElement\":[{\"@type\":\"ListItem\",\"position\":1,\"name\":\"Accueil\",\"item\":\"https:\/\/www.lavalaggloathle53.fr\/\"},{\"@type\":\"ListItem\",\"position\":2,\"name\":\"Le L2A53 en qu\u00eate de troph\u00e9es lors des Pr\u00e9-FRANCE indoor \u00e0 NANTES ce W-E !\"}]},{\"@type\":\"WebSite\",\"@id\":\"https:\/\/www.lavalaggloathle53.fr\/#website\",\"url\":\"https:\/\/www.lavalaggloathle53.fr\/\",\"name\":\"Laval Agglo Athl\u00e9tisme\",\"description\":\"L&#039;athl\u00e9, un sport pour tous\",\"alternateName\":\"L2A53\",\"potentialAction\":[{\"@type\":\"SearchAction\",\"target\":{\"@type\":\"EntryPoint\",\"urlTemplate\":\"https:\/\/www.lavalaggloathle53.fr\/?s={search_term_string}\"},\"query-input\":{\"@type\":\"PropertyValueSpecification\",\"valueRequired\":true,\"valueName\":\"search_term_string\"}}],\"inLanguage\":\"fr-FR\"},{\"@type\":\"Person\",\"@id\":\"https:\/\/www.lavalaggloathle53.fr\/#\/schema\/person\/979647d1a9707730d91bfc766caadc0b\",\"name\":\"Pascal BISSON\",\"image\":{\"@type\":\"ImageObject\",\"inLanguage\":\"fr-FR\",\"@id\":\"https:\/\/secure.gravatar.com\/avatar\/59596d86ade6d559609912f789f6ddaf324a4bb824fbedeaf0ccebc5c1967658?s=96&d=mm&r=g\",\"url\":\"https:\/\/secure.gravatar.com\/avatar\/59596d86ade6d559609912f789f6ddaf324a4bb824fbedeaf0ccebc5c1967658?s=96&d=mm&r=g\",\"contentUrl\":\"https:\/\/secure.gravatar.com\/avatar\/59596d86ade6d559609912f789f6ddaf324a4bb824fbedeaf0ccebc5c1967658?s=96&d=mm&r=g\",\"caption\":\"Pascal BISSON\"},\"sameAs\":[\"https:\/\/www.lavalaggloathle53.fr\"],\"url\":\"https:\/\/www.lavalaggloathle53.fr\/index.php\/author\/bis53\/\"}]}<\/script>\n<!-- \/ Yoast SEO plugin. -->","yoast_head_json":{"title":"Le L2A53 en qu\u00eate de troph\u00e9es lors des Pr\u00e9-FRANCE indoor \u00e0 NANTES ce W-E ! - Laval Agglo Athl\u00e9tisme","robots":{"index":"index","follow":"follow","max-snippet":"max-snippet:-1","max-image-preview":"max-image-preview:large","max-video-preview":"max-video-preview:-1"},"canonical":"https:\/\/www.lavalaggloathle53.fr\/index.php\/2024\/02\/10\/le-l2a53-en-quete-de-trophees-lors-des-pre-france-indoor-a-nantes-ce-w-e\/","og_locale":"fr_FR","og_type":"article","og_title":"Le L2A53 en qu\u00eate de troph\u00e9es lors des Pr\u00e9-FRANCE indoor \u00e0 NANTES ce W-E ! - Laval Agglo Athl\u00e9tisme","og_description":"En chefs de file , ce sont les cadets(es) avec les jeunes Juliette BLOTTIERE sur le concours de hauteur (Dimanche \u00e0 14h00) et ses r\u00e9cents 1m65 et TOM MORVAN sur le concours de perche (Samedi \u00e0 partir de 14h30) avec un tout nouveau record perso \u00e0 4m41 et sur 60 m Haies (8&Prime;56) dimanche (11h00) , qui tenteront de briller pour remporter le titre &#8230; En demi-fond sur 800m dimanche (\u00e0 partir de 15h20), les jeunes voudront briller devant leur Coach Didier LELIEVRE en am\u00e9liorant leurs chronos respectifs avec le cadet C\u00f4me TSHIMANGA (2&rsquo;04&Prime;09) , le junior Mathis CUREZ (1&rsquo;58&Prime;61) et l&rsquo;espoir Quentin GEHAN (1&rsquo;53&Prime;36) en reprise &#8230; Les r\u00e9sultats en DIRECT sur : http:\/\/paysdelaloire.athle.com\/asp.net\/espaces.lives\/direct.aspx?competition=286965","og_url":"https:\/\/www.lavalaggloathle53.fr\/index.php\/2024\/02\/10\/le-l2a53-en-quete-de-trophees-lors-des-pre-france-indoor-a-nantes-ce-w-e\/","og_site_name":"Laval Agglo Athl\u00e9tisme","article_publisher":"https:\/\/www.facebook.com\/stadelavalloisathletisme","article_published_time":"2024-02-10T13:58:02+00:00","article_modified_time":"2024-03-10T18:20:44+00:00","og_image":[{"width":2000,"height":2000,"url":"https:\/\/www.lavalaggloathle53.fr\/wp-content\/uploads\/2024\/02\/20240210-Meeting-Pre-France-U18-a-SE-en-salle.jpg","type":"image\/jpeg"}],"author":"Pascal BISSON","twitter_card":"summary_large_image","twitter_misc":{"\u00c9crit par":"Pascal BISSON","Dur\u00e9e de lecture estim\u00e9e":"1 minute"},"schema":{"@context":"https:\/\/schema.org","@graph":[{"@type":"Article","@id":"https:\/\/www.lavalaggloathle53.fr\/index.php\/2024\/02\/10\/le-l2a53-en-quete-de-trophees-lors-des-pre-france-indoor-a-nantes-ce-w-e\/#article","isPartOf":{"@id":"https:\/\/www.lavalaggloathle53.fr\/index.php\/2024\/02\/10\/le-l2a53-en-quete-de-trophees-lors-des-pre-france-indoor-a-nantes-ce-w-e\/"},"author":{"name":"Pascal BISSON","@id":"https:\/\/www.lavalaggloathle53.fr\/#\/schema\/person\/979647d1a9707730d91bfc766caadc0b"},"headline":"Le L2A53 en qu\u00eate de troph\u00e9es lors des Pr\u00e9-FRANCE indoor \u00e0 NANTES ce W-E !","datePublished":"2024-02-10T13:58:02+00:00","dateModified":"2024-03-10T18:20:44+00:00","mainEntityOfPage":{"@id":"https:\/\/www.lavalaggloathle53.fr\/index.php\/2024\/02\/10\/le-l2a53-en-quete-de-trophees-lors-des-pre-france-indoor-a-nantes-ce-w-e\/"},"wordCount":133,"commentCount":0,"image":{"@id":"https:\/\/www.lavalaggloathle53.fr\/index.php\/2024\/02\/10\/le-l2a53-en-quete-de-trophees-lors-des-pre-france-indoor-a-nantes-ce-w-e\/#primaryimage"},"thumbnailUrl":"https:\/\/www.lavalaggloathle53.fr\/wp-content\/uploads\/2024\/02\/20240210-Meeting-Pre-France-U18-a-SE-en-salle.jpg","articleSection":["Actualit\u00e9s","Comp\u00e9tition"],"inLanguage":"fr-FR","potentialAction":[{"@type":"CommentAction","name":"Comment","target":["https:\/\/www.lavalaggloathle53.fr\/index.php\/2024\/02\/10\/le-l2a53-en-quete-de-trophees-lors-des-pre-france-indoor-a-nantes-ce-w-e\/#respond"]}]},{"@type":"WebPage","@id":"https:\/\/www.lavalaggloathle53.fr\/index.php\/2024\/02\/10\/le-l2a53-en-quete-de-trophees-lors-des-pre-france-indoor-a-nantes-ce-w-e\/","url":"https:\/\/www.lavalaggloathle53.fr\/index.php\/2024\/02\/10\/le-l2a53-en-quete-de-trophees-lors-des-pre-france-indoor-a-nantes-ce-w-e\/","name":"Le L2A53 en qu\u00eate de troph\u00e9es lors des Pr\u00e9-FRANCE indoor \u00e0 NANTES ce W-E ! - Laval Agglo Athl\u00e9tisme","isPartOf":{"@id":"https:\/\/www.lavalaggloathle53.fr\/#website"},"primaryImageOfPage":{"@id":"https:\/\/www.lavalaggloathle53.fr\/index.php\/2024\/02\/10\/le-l2a53-en-quete-de-trophees-lors-des-pre-france-indoor-a-nantes-ce-w-e\/#primaryimage"},"image":{"@id":"https:\/\/www.lavalaggloathle53.fr\/index.php\/2024\/02\/10\/le-l2a53-en-quete-de-trophees-lors-des-pre-france-indoor-a-nantes-ce-w-e\/#primaryimage"},"thumbnailUrl":"https:\/\/www.lavalaggloathle53.fr\/wp-content\/uploads\/2024\/02\/20240210-Meeting-Pre-France-U18-a-SE-en-salle.jpg","datePublished":"2024-02-10T13:58:02+00:00","dateModified":"2024-03-10T18:20:44+00:00","author":{"@id":"https:\/\/www.lavalaggloathle53.fr\/#\/schema\/person\/979647d1a9707730d91bfc766caadc0b"},"breadcrumb":{"@id":"https:\/\/www.lavalaggloathle53.fr\/index.php\/2024\/02\/10\/le-l2a53-en-quete-de-trophees-lors-des-pre-france-indoor-a-nantes-ce-w-e\/#breadcrumb"},"inLanguage":"fr-FR","potentialAction":[{"@type":"ReadAction","target":["https:\/\/www.lavalaggloathle53.fr\/index.php\/2024\/02\/10\/le-l2a53-en-quete-de-trophees-lors-des-pre-france-indoor-a-nantes-ce-w-e\/"]}]},{"@type":"ImageObject","inLanguage":"fr-FR","@id":"https:\/\/www.lavalaggloathle53.fr\/index.php\/2024\/02\/10\/le-l2a53-en-quete-de-trophees-lors-des-pre-france-indoor-a-nantes-ce-w-e\/#primaryimage","url":"https:\/\/www.lavalaggloathle53.fr\/wp-content\/uploads\/2024\/02\/20240210-Meeting-Pre-France-U18-a-SE-en-salle.jpg","contentUrl":"https:\/\/www.lavalaggloathle53.fr\/wp-content\/uploads\/2024\/02\/20240210-Meeting-Pre-France-U18-a-SE-en-salle.jpg","width":2000,"height":2000},{"@type":"BreadcrumbList","@id":"https:\/\/www.lavalaggloathle53.fr\/index.php\/2024\/02\/10\/le-l2a53-en-quete-de-trophees-lors-des-pre-france-indoor-a-nantes-ce-w-e\/#breadcrumb","itemListElement":[{"@type":"ListItem","position":1,"name":"Accueil","item":"https:\/\/www.lavalaggloathle53.fr\/"},{"@type":"ListItem","position":2,"name":"Le L2A53 en qu\u00eate de troph\u00e9es lors des Pr\u00e9-FRANCE indoor \u00e0 NANTES ce W-E !"}]},{"@type":"WebSite","@id":"https:\/\/www.lavalaggloathle53.fr\/#website","url":"https:\/\/www.lavalaggloathle53.fr\/","name":"Laval Agglo Athl\u00e9tisme","description":"L&#039;athl\u00e9, un sport pour tous","alternateName":"L2A53","potentialAction":[{"@type":"SearchAction","target":{"@type":"EntryPoint","urlTemplate":"https:\/\/www.lavalaggloathle53.fr\/?s={search_term_string}"},"query-input":{"@type":"PropertyValueSpecification","valueRequired":true,"valueName":"search_term_string"}}],"inLanguage":"fr-FR"},{"@type":"Person","@id":"https:\/\/www.lavalaggloathle53.fr\/#\/schema\/person\/979647d1a9707730d91bfc766caadc0b","name":"Pascal BISSON","image":{"@type":"ImageObject","inLanguage":"fr-FR","@id":"https:\/\/secure.gravatar.com\/avatar\/59596d86ade6d559609912f789f6ddaf324a4bb824fbedeaf0ccebc5c1967658?s=96&d=mm&r=g","url":"https:\/\/secure.gravatar.com\/avatar\/59596d86ade6d559609912f789f6ddaf324a4bb824fbedeaf0ccebc5c1967658?s=96&d=mm&r=g","contentUrl":"https:\/\/secure.gravatar.com\/avatar\/59596d86ade6d559609912f789f6ddaf324a4bb824fbedeaf0ccebc5c1967658?s=96&d=mm&r=g","caption":"Pascal BISSON"},"sameAs":["https:\/\/www.lavalaggloathle53.fr"],"url":"https:\/\/www.lavalaggloathle53.fr\/index.php\/author\/bis53\/"}]}},"_links":{"self":[{"href":"https:\/\/www.lavalaggloathle53.fr\/index.php\/wp-json\/wp\/v2\/posts\/4793","targetHints":{"allow":["GET"]}}],"collection":[{"href":"https:\/\/www.lavalaggloathle53.fr\/index.php\/wp-json\/wp\/v2\/posts"}],"about":[{"href":"https:\/\/www.lavalaggloathle53.fr\/index.php\/wp-json\/wp\/v2\/types\/post"}],"author":[{"embeddable":true,"href":"https:\/\/www.lavalaggloathle53.fr\/index.php\/wp-json\/wp\/v2\/users\/4"}],"replies":[{"embeddable":true,"href":"https:\/\/www.lavalaggloathle53.fr\/index.php\/wp-json\/wp\/v2\/comments?post=4793"}],"version-history":[{"count":4,"href":"https:\/\/www.lavalaggloathle53.fr\/index.php\/wp-json\/wp\/v2\/posts\/4793\/revisions"}],"predecessor-version":[{"id":5137,"href":"https:\/\/www.lavalaggloathle53.fr\/index.php\/wp-json\/wp\/v2\/posts\/4793\/revisions\/5137"}],"wp:featuredmedia":[{"embeddable":true,"href":"https:\/\/www.lavalaggloathle53.fr\/index.php\/wp-json\/wp\/v2\/media\/4800"}],"wp:attachment":[{"href":"https:\/\/www.lavalaggloathle53.fr\/index.php\/wp-json\/wp\/v2\/media?parent=4793"}],"wp:term":[{"taxonomy":"category","embeddable":true,"href":"https:\/\/www.lavalaggloathle53.fr\/index.php\/wp-json\/wp\/v2\/categories?post=4793"},{"taxonomy":"post_tag","embeddable":true,"href":"https:\/\/www.lavalaggloathle53.fr\/index.php\/wp-json\/wp\/v2\/tags?post=4793"}],"curies":[{"name":"wp","href":"https:\/\/api.w.org\/{rel}","templated":true}]}}