{"id":4716,"date":"2024-01-29T09:01:39","date_gmt":"2024-01-29T08:01:39","guid":{"rendered":"https:\/\/www.lavalaggloathle53.fr\/?p=4716"},"modified":"2024-01-29T13:18:12","modified_gmt":"2024-01-29T12:18:12","slug":"double-pour-le-l2a53-usl-sla-lors-du-meeting-flash-benjamin-organise-par-le-l2a53-et-le-club-dathletisme-de-port-brillet","status":"publish","type":"post","link":"https:\/\/www.lavalaggloathle53.fr\/index.php\/2024\/01\/29\/double-pour-le-l2a53-usl-sla-lors-du-meeting-flash-benjamin-organise-par-le-l2a53-et-le-club-dathletisme-de-port-brillet\/","title":{"rendered":"Doubl\u00e9 pour le L2A53\/USL\/SLA lors du Meeting Flash Benjamin organis\u00e9 par le L2A53 et Le club d&rsquo;athl\u00e9tisme de Port Brillet !"},"content":{"rendered":"\n<figure class=\"wp-block-image size-full is-resized\"><img fetchpriority=\"high\" decoding=\"async\" width=\"799\" height=\"362\" src=\"https:\/\/www.lavalaggloathle53.fr\/wp-content\/uploads\/2024\/01\/Meeting-Flash-Benj27-01-2024-Laval-3.jpg\" alt=\"\" class=\"wp-image-4718\" style=\"aspect-ratio:2.207182320441989;width:840px;height:auto\" srcset=\"https:\/\/www.lavalaggloathle53.fr\/wp-content\/uploads\/2024\/01\/Meeting-Flash-Benj27-01-2024-Laval-3.jpg 799w, https:\/\/www.lavalaggloathle53.fr\/wp-content\/uploads\/2024\/01\/Meeting-Flash-Benj27-01-2024-Laval-3-300x136.jpg 300w, https:\/\/www.lavalaggloathle53.fr\/wp-content\/uploads\/2024\/01\/Meeting-Flash-Benj27-01-2024-Laval-3-768x348.jpg 768w\" sizes=\"(max-width: 799px) 100vw, 799px\" \/><\/figure>\n\n\n\n<p>Jolies performances du L2A53 lors du Meeting Flash Benjamins doubl\u00e9 du Championnat d\u00e9partemental de perche organis\u00e9 par les Clubs du L2A53 et Courir \u00e0 PORT BRILLET ce samedi au PALINDROME de LAVAL <\/p>\n\n\n\n<figure class=\"wp-block-image size-full\"><img decoding=\"async\" width=\"786\" height=\"282\" src=\"https:\/\/www.lavalaggloathle53.fr\/wp-content\/uploads\/2024\/01\/Meeting-Flash-Benj27-01-2024-Laval-2.jpg\" alt=\"\" class=\"wp-image-4719\" srcset=\"https:\/\/www.lavalaggloathle53.fr\/wp-content\/uploads\/2024\/01\/Meeting-Flash-Benj27-01-2024-Laval-2.jpg 786w, https:\/\/www.lavalaggloathle53.fr\/wp-content\/uploads\/2024\/01\/Meeting-Flash-Benj27-01-2024-Laval-2-300x108.jpg 300w, https:\/\/www.lavalaggloathle53.fr\/wp-content\/uploads\/2024\/01\/Meeting-Flash-Benj27-01-2024-Laval-2-768x276.jpg 768w\" sizes=\"(max-width: 786px) 100vw, 786px\" \/><\/figure>\n\n\n\n<p>Doubl\u00e9 chez les benjamines au TRIATHLON avec la victoire d&rsquo;Anouk VALLIN (L2A53\/USL) qui totalise 92 points juste devant Manon MORVAN (L2A53\/SLA) avec 88 points<\/p>\n\n\n\n<figure class=\"wp-block-image size-full\"><img decoding=\"async\" width=\"398\" height=\"221\" src=\"https:\/\/www.lavalaggloathle53.fr\/wp-content\/uploads\/2024\/01\/Meeting-Flash-Benj27-01-2024-Laval-8.jpg\" alt=\"\" class=\"wp-image-4720\" srcset=\"https:\/\/www.lavalaggloathle53.fr\/wp-content\/uploads\/2024\/01\/Meeting-Flash-Benj27-01-2024-Laval-8.jpg 398w, https:\/\/www.lavalaggloathle53.fr\/wp-content\/uploads\/2024\/01\/Meeting-Flash-Benj27-01-2024-Laval-8-300x167.jpg 300w\" sizes=\"(max-width: 398px) 100vw, 398px\" \/><\/figure>\n\n\n\n<p>Chez les benjamins doubl\u00e9 des jeunes de la section de L2A53\/USL avec la victoire de Valentin BELOCHE sur le TRIATHLON qui totalise 82 points devant son camarade de club Paul VERDON (74 points) qui e profite aussi pour reporter le titre sur le concours de perche avec une barre pass\u00e9e \u00e0 2m40.<\/p>\n\n\n\n<p>Bravo \u00e0 tous les b\u00e9n\u00e9voles du L2A53, de PORT BRILLET et aux  jeunes jurys sur une comp\u00e9tition qui aura rassembl\u00e9 pr\u00e8s d&rsquo;une cinquantaine de comp\u00e9titeurs ce samedi au PALINDROME de LAVAL<\/p>\n\n\n<div class=\"wp-block-image\">\n<figure class=\"alignleft size-full is-resized\"><img loading=\"lazy\" decoding=\"async\" width=\"369\" height=\"799\" src=\"https:\/\/www.lavalaggloathle53.fr\/wp-content\/uploads\/2024\/01\/Meeting-Flash-Benj27-01-2024-Laval-1.jpg\" alt=\"\" class=\"wp-image-4721\" style=\"aspect-ratio:0.4618272841051314;width:363px;height:auto\" srcset=\"https:\/\/www.lavalaggloathle53.fr\/wp-content\/uploads\/2024\/01\/Meeting-Flash-Benj27-01-2024-Laval-1.jpg 369w, https:\/\/www.lavalaggloathle53.fr\/wp-content\/uploads\/2024\/01\/Meeting-Flash-Benj27-01-2024-Laval-1-139x300.jpg 139w\" sizes=\"(max-width: 369px) 100vw, 369px\" \/><\/figure>\n<\/div>\n\n\n<figure class=\"wp-block-image size-full\"><img loading=\"lazy\" decoding=\"async\" width=\"449\" height=\"798\" src=\"https:\/\/www.lavalaggloathle53.fr\/wp-content\/uploads\/2024\/01\/Meeting-Flash-Benj27-01-2024-Laval-4.jpg\" alt=\"\" class=\"wp-image-4722\" srcset=\"https:\/\/www.lavalaggloathle53.fr\/wp-content\/uploads\/2024\/01\/Meeting-Flash-Benj27-01-2024-Laval-4.jpg 449w, https:\/\/www.lavalaggloathle53.fr\/wp-content\/uploads\/2024\/01\/Meeting-Flash-Benj27-01-2024-Laval-4-169x300.jpg 169w\" sizes=\"(max-width: 449px) 100vw, 449px\" \/><\/figure>\n\n\n\n<figure class=\"wp-block-image size-large\"><img loading=\"lazy\" decoding=\"async\" width=\"1024\" height=\"1024\" src=\"https:\/\/www.lavalaggloathle53.fr\/wp-content\/uploads\/2024\/01\/423538609_228459933656951_3775360634249357446_n-1024x1024.jpg\" alt=\"\" class=\"wp-image-4726\" srcset=\"https:\/\/www.lavalaggloathle53.fr\/wp-content\/uploads\/2024\/01\/423538609_228459933656951_3775360634249357446_n-1024x1024.jpg 1024w, https:\/\/www.lavalaggloathle53.fr\/wp-content\/uploads\/2024\/01\/423538609_228459933656951_3775360634249357446_n-300x300.jpg 300w, https:\/\/www.lavalaggloathle53.fr\/wp-content\/uploads\/2024\/01\/423538609_228459933656951_3775360634249357446_n-150x150.jpg 150w, https:\/\/www.lavalaggloathle53.fr\/wp-content\/uploads\/2024\/01\/423538609_228459933656951_3775360634249357446_n-768x768.jpg 768w, https:\/\/www.lavalaggloathle53.fr\/wp-content\/uploads\/2024\/01\/423538609_228459933656951_3775360634249357446_n-1536x1536.jpg 1536w, https:\/\/www.lavalaggloathle53.fr\/wp-content\/uploads\/2024\/01\/423538609_228459933656951_3775360634249357446_n.jpg 2048w\" sizes=\"(max-width: 1024px) 100vw, 1024px\" \/><\/figure>\n\n\n\n<figure class=\"wp-block-image size-large is-resized\"><img loading=\"lazy\" decoding=\"async\" width=\"1024\" height=\"643\" src=\"https:\/\/www.lavalaggloathle53.fr\/wp-content\/uploads\/2024\/01\/P_20240127_120901-1-1024x643.jpg\" alt=\"\" class=\"wp-image-4724\" style=\"aspect-ratio:2;width:839px;height:auto\" srcset=\"https:\/\/www.lavalaggloathle53.fr\/wp-content\/uploads\/2024\/01\/P_20240127_120901-1-1024x643.jpg 1024w, https:\/\/www.lavalaggloathle53.fr\/wp-content\/uploads\/2024\/01\/P_20240127_120901-1-300x188.jpg 300w, https:\/\/www.lavalaggloathle53.fr\/wp-content\/uploads\/2024\/01\/P_20240127_120901-1-768x483.jpg 768w, https:\/\/www.lavalaggloathle53.fr\/wp-content\/uploads\/2024\/01\/P_20240127_120901-1-1536x965.jpg 1536w, https:\/\/www.lavalaggloathle53.fr\/wp-content\/uploads\/2024\/01\/P_20240127_120901-1-2048x1287.jpg 2048w\" sizes=\"(max-width: 1024px) 100vw, 1024px\" \/><\/figure>\n\n\n\n<p>Les b\u00e9n\u00e9voles du L2A53 et de PORT BRILLET en Briefing pour cette 1\u00e8re organisation r\u00e9ussie !!!<\/p>\n","protected":false},"excerpt":{"rendered":"<p>Jolies performances du L2A53 lors du Meeting Flash Benjamins doubl\u00e9 du Championnat d\u00e9partemental de perche organis\u00e9 par les Clubs du L2A53 et Courir \u00e0 PORT BRILLET ce samedi au PALINDROME de LAVAL Doubl\u00e9 chez les benjamines au TRIATHLON avec la victoire d&rsquo;Anouk VALLIN (L2A53\/USL) qui totalise 92 points juste devant Manon MORVAN (L2A53\/SLA) avec 88 points Chez les benjamins doubl\u00e9 des jeunes de la section de L2A53\/USL avec la victoire de Valentin BELOCHE sur le TRIATHLON qui totalise 82 points devant son camarade de club Paul VERDON (74 points) qui e profite aussi pour reporter le titre sur le concours de perche avec une barre pass\u00e9e \u00e0 2m40. Bravo \u00e0 tous les b\u00e9n\u00e9voles du L2A53, de PORT BRILLET et aux jeunes jurys sur une comp\u00e9tition qui aura rassembl\u00e9 pr\u00e8s d&rsquo;une cinquantaine de comp\u00e9titeurs ce samedi au PALINDROME de LAVAL Les b\u00e9n\u00e9voles du L2A53 et de PORT BRILLET en Briefing pour cette 1\u00e8re organisation r\u00e9ussie !!!<\/p>\n","protected":false},"author":4,"featured_media":4717,"comment_status":"open","ping_status":"open","sticky":false,"template":"","format":"standard","meta":{"footnotes":""},"categories":[14],"tags":[],"class_list":["post-4716","post","type-post","status-publish","format-standard","has-post-thumbnail","hentry","category-actualites"],"yoast_head":"<!-- This site is optimized with the Yoast SEO plugin v27.2 - https:\/\/yoast.com\/product\/yoast-seo-wordpress\/ -->\n<title>Doubl\u00e9 pour le L2A53\/USL\/SLA lors du Meeting Flash Benjamin organis\u00e9 par le L2A53 et Le club d&#039;athl\u00e9tisme de Port Brillet ! - Laval Agglo Athl\u00e9tisme<\/title>\n<meta name=\"robots\" content=\"index, follow, max-snippet:-1, max-image-preview:large, max-video-preview:-1\" \/>\n<link rel=\"canonical\" href=\"https:\/\/www.lavalaggloathle53.fr\/index.php\/2024\/01\/29\/double-pour-le-l2a53-usl-sla-lors-du-meeting-flash-benjamin-organise-par-le-l2a53-et-le-club-dathletisme-de-port-brillet\/\" \/>\n<meta property=\"og:locale\" content=\"fr_FR\" \/>\n<meta property=\"og:type\" content=\"article\" \/>\n<meta property=\"og:title\" content=\"Doubl\u00e9 pour le L2A53\/USL\/SLA lors du Meeting Flash Benjamin organis\u00e9 par le L2A53 et Le club d&#039;athl\u00e9tisme de Port Brillet ! - Laval Agglo Athl\u00e9tisme\" \/>\n<meta property=\"og:description\" content=\"Jolies performances du L2A53 lors du Meeting Flash Benjamins doubl\u00e9 du Championnat d\u00e9partemental de perche organis\u00e9 par les Clubs du L2A53 et Courir \u00e0 PORT BRILLET ce samedi au PALINDROME de LAVAL Doubl\u00e9 chez les benjamines au TRIATHLON avec la victoire d&rsquo;Anouk VALLIN (L2A53\/USL) qui totalise 92 points juste devant Manon MORVAN (L2A53\/SLA) avec 88 points Chez les benjamins doubl\u00e9 des jeunes de la section de L2A53\/USL avec la victoire de Valentin BELOCHE sur le TRIATHLON qui totalise 82 points devant son camarade de club Paul VERDON (74 points) qui e profite aussi pour reporter le titre sur le concours de perche avec une barre pass\u00e9e \u00e0 2m40. Bravo \u00e0 tous les b\u00e9n\u00e9voles du L2A53, de PORT BRILLET et aux jeunes jurys sur une comp\u00e9tition qui aura rassembl\u00e9 pr\u00e8s d&rsquo;une cinquantaine de comp\u00e9titeurs ce samedi au PALINDROME de LAVAL Les b\u00e9n\u00e9voles du L2A53 et de PORT BRILLET en Briefing pour cette 1\u00e8re organisation r\u00e9ussie !!!\" \/>\n<meta property=\"og:url\" content=\"https:\/\/www.lavalaggloathle53.fr\/index.php\/2024\/01\/29\/double-pour-le-l2a53-usl-sla-lors-du-meeting-flash-benjamin-organise-par-le-l2a53-et-le-club-dathletisme-de-port-brillet\/\" \/>\n<meta property=\"og:site_name\" content=\"Laval Agglo Athl\u00e9tisme\" \/>\n<meta property=\"article:publisher\" content=\"https:\/\/www.facebook.com\/stadelavalloisathletisme\" \/>\n<meta property=\"article:published_time\" content=\"2024-01-29T08:01:39+00:00\" \/>\n<meta property=\"article:modified_time\" content=\"2024-01-29T12:18:12+00:00\" \/>\n<meta property=\"og:image\" content=\"https:\/\/www.lavalaggloathle53.fr\/wp-content\/uploads\/2024\/01\/Affiche-Meetin-Flash-Benjamin-Laval-27-01-2024.jpg\" \/>\n\t<meta property=\"og:image:width\" content=\"509\" \/>\n\t<meta property=\"og:image:height\" content=\"720\" \/>\n\t<meta property=\"og:image:type\" content=\"image\/jpeg\" \/>\n<meta name=\"author\" content=\"Pascal BISSON\" \/>\n<meta name=\"twitter:card\" content=\"summary_large_image\" \/>\n<meta name=\"twitter:label1\" content=\"\u00c9crit par\" \/>\n\t<meta name=\"twitter:data1\" content=\"Pascal BISSON\" \/>\n\t<meta name=\"twitter:label2\" content=\"Dur\u00e9e de lecture estim\u00e9e\" \/>\n\t<meta name=\"twitter:data2\" content=\"3 minutes\" \/>\n<script type=\"application\/ld+json\" class=\"yoast-schema-graph\">{\"@context\":\"https:\/\/schema.org\",\"@graph\":[{\"@type\":\"Article\",\"@id\":\"https:\/\/www.lavalaggloathle53.fr\/index.php\/2024\/01\/29\/double-pour-le-l2a53-usl-sla-lors-du-meeting-flash-benjamin-organise-par-le-l2a53-et-le-club-dathletisme-de-port-brillet\/#article\",\"isPartOf\":{\"@id\":\"https:\/\/www.lavalaggloathle53.fr\/index.php\/2024\/01\/29\/double-pour-le-l2a53-usl-sla-lors-du-meeting-flash-benjamin-organise-par-le-l2a53-et-le-club-dathletisme-de-port-brillet\/\"},\"author\":{\"name\":\"Pascal BISSON\",\"@id\":\"https:\/\/www.lavalaggloathle53.fr\/#\/schema\/person\/979647d1a9707730d91bfc766caadc0b\"},\"headline\":\"Doubl\u00e9 pour le L2A53\/USL\/SLA lors du Meeting Flash Benjamin organis\u00e9 par le L2A53 et Le club d&rsquo;athl\u00e9tisme de Port Brillet !\",\"datePublished\":\"2024-01-29T08:01:39+00:00\",\"dateModified\":\"2024-01-29T12:18:12+00:00\",\"mainEntityOfPage\":{\"@id\":\"https:\/\/www.lavalaggloathle53.fr\/index.php\/2024\/01\/29\/double-pour-le-l2a53-usl-sla-lors-du-meeting-flash-benjamin-organise-par-le-l2a53-et-le-club-dathletisme-de-port-brillet\/\"},\"wordCount\":195,\"commentCount\":0,\"image\":{\"@id\":\"https:\/\/www.lavalaggloathle53.fr\/index.php\/2024\/01\/29\/double-pour-le-l2a53-usl-sla-lors-du-meeting-flash-benjamin-organise-par-le-l2a53-et-le-club-dathletisme-de-port-brillet\/#primaryimage\"},\"thumbnailUrl\":\"https:\/\/www.lavalaggloathle53.fr\/wp-content\/uploads\/2024\/01\/Affiche-Meetin-Flash-Benjamin-Laval-27-01-2024.jpg\",\"articleSection\":[\"Actualit\u00e9s\"],\"inLanguage\":\"fr-FR\",\"potentialAction\":[{\"@type\":\"CommentAction\",\"name\":\"Comment\",\"target\":[\"https:\/\/www.lavalaggloathle53.fr\/index.php\/2024\/01\/29\/double-pour-le-l2a53-usl-sla-lors-du-meeting-flash-benjamin-organise-par-le-l2a53-et-le-club-dathletisme-de-port-brillet\/#respond\"]}]},{\"@type\":\"WebPage\",\"@id\":\"https:\/\/www.lavalaggloathle53.fr\/index.php\/2024\/01\/29\/double-pour-le-l2a53-usl-sla-lors-du-meeting-flash-benjamin-organise-par-le-l2a53-et-le-club-dathletisme-de-port-brillet\/\",\"url\":\"https:\/\/www.lavalaggloathle53.fr\/index.php\/2024\/01\/29\/double-pour-le-l2a53-usl-sla-lors-du-meeting-flash-benjamin-organise-par-le-l2a53-et-le-club-dathletisme-de-port-brillet\/\",\"name\":\"Doubl\u00e9 pour le L2A53\/USL\/SLA lors du Meeting Flash Benjamin organis\u00e9 par le L2A53 et Le club d'athl\u00e9tisme de Port Brillet ! - Laval Agglo Athl\u00e9tisme\",\"isPartOf\":{\"@id\":\"https:\/\/www.lavalaggloathle53.fr\/#website\"},\"primaryImageOfPage\":{\"@id\":\"https:\/\/www.lavalaggloathle53.fr\/index.php\/2024\/01\/29\/double-pour-le-l2a53-usl-sla-lors-du-meeting-flash-benjamin-organise-par-le-l2a53-et-le-club-dathletisme-de-port-brillet\/#primaryimage\"},\"image\":{\"@id\":\"https:\/\/www.lavalaggloathle53.fr\/index.php\/2024\/01\/29\/double-pour-le-l2a53-usl-sla-lors-du-meeting-flash-benjamin-organise-par-le-l2a53-et-le-club-dathletisme-de-port-brillet\/#primaryimage\"},\"thumbnailUrl\":\"https:\/\/www.lavalaggloathle53.fr\/wp-content\/uploads\/2024\/01\/Affiche-Meetin-Flash-Benjamin-Laval-27-01-2024.jpg\",\"datePublished\":\"2024-01-29T08:01:39+00:00\",\"dateModified\":\"2024-01-29T12:18:12+00:00\",\"author\":{\"@id\":\"https:\/\/www.lavalaggloathle53.fr\/#\/schema\/person\/979647d1a9707730d91bfc766caadc0b\"},\"breadcrumb\":{\"@id\":\"https:\/\/www.lavalaggloathle53.fr\/index.php\/2024\/01\/29\/double-pour-le-l2a53-usl-sla-lors-du-meeting-flash-benjamin-organise-par-le-l2a53-et-le-club-dathletisme-de-port-brillet\/#breadcrumb\"},\"inLanguage\":\"fr-FR\",\"potentialAction\":[{\"@type\":\"ReadAction\",\"target\":[\"https:\/\/www.lavalaggloathle53.fr\/index.php\/2024\/01\/29\/double-pour-le-l2a53-usl-sla-lors-du-meeting-flash-benjamin-organise-par-le-l2a53-et-le-club-dathletisme-de-port-brillet\/\"]}]},{\"@type\":\"ImageObject\",\"inLanguage\":\"fr-FR\",\"@id\":\"https:\/\/www.lavalaggloathle53.fr\/index.php\/2024\/01\/29\/double-pour-le-l2a53-usl-sla-lors-du-meeting-flash-benjamin-organise-par-le-l2a53-et-le-club-dathletisme-de-port-brillet\/#primaryimage\",\"url\":\"https:\/\/www.lavalaggloathle53.fr\/wp-content\/uploads\/2024\/01\/Affiche-Meetin-Flash-Benjamin-Laval-27-01-2024.jpg\",\"contentUrl\":\"https:\/\/www.lavalaggloathle53.fr\/wp-content\/uploads\/2024\/01\/Affiche-Meetin-Flash-Benjamin-Laval-27-01-2024.jpg\",\"width\":509,\"height\":720},{\"@type\":\"BreadcrumbList\",\"@id\":\"https:\/\/www.lavalaggloathle53.fr\/index.php\/2024\/01\/29\/double-pour-le-l2a53-usl-sla-lors-du-meeting-flash-benjamin-organise-par-le-l2a53-et-le-club-dathletisme-de-port-brillet\/#breadcrumb\",\"itemListElement\":[{\"@type\":\"ListItem\",\"position\":1,\"name\":\"Accueil\",\"item\":\"https:\/\/www.lavalaggloathle53.fr\/\"},{\"@type\":\"ListItem\",\"position\":2,\"name\":\"Doubl\u00e9 pour le L2A53\/USL\/SLA lors du Meeting Flash Benjamin organis\u00e9 par le L2A53 et Le club d&#8217;athl\u00e9tisme de Port Brillet !\"}]},{\"@type\":\"WebSite\",\"@id\":\"https:\/\/www.lavalaggloathle53.fr\/#website\",\"url\":\"https:\/\/www.lavalaggloathle53.fr\/\",\"name\":\"Laval Agglo Athl\u00e9tisme\",\"description\":\"L&#039;athl\u00e9, un sport pour tous\",\"alternateName\":\"L2A53\",\"potentialAction\":[{\"@type\":\"SearchAction\",\"target\":{\"@type\":\"EntryPoint\",\"urlTemplate\":\"https:\/\/www.lavalaggloathle53.fr\/?s={search_term_string}\"},\"query-input\":{\"@type\":\"PropertyValueSpecification\",\"valueRequired\":true,\"valueName\":\"search_term_string\"}}],\"inLanguage\":\"fr-FR\"},{\"@type\":\"Person\",\"@id\":\"https:\/\/www.lavalaggloathle53.fr\/#\/schema\/person\/979647d1a9707730d91bfc766caadc0b\",\"name\":\"Pascal BISSON\",\"image\":{\"@type\":\"ImageObject\",\"inLanguage\":\"fr-FR\",\"@id\":\"https:\/\/secure.gravatar.com\/avatar\/59596d86ade6d559609912f789f6ddaf324a4bb824fbedeaf0ccebc5c1967658?s=96&d=mm&r=g\",\"url\":\"https:\/\/secure.gravatar.com\/avatar\/59596d86ade6d559609912f789f6ddaf324a4bb824fbedeaf0ccebc5c1967658?s=96&d=mm&r=g\",\"contentUrl\":\"https:\/\/secure.gravatar.com\/avatar\/59596d86ade6d559609912f789f6ddaf324a4bb824fbedeaf0ccebc5c1967658?s=96&d=mm&r=g\",\"caption\":\"Pascal BISSON\"},\"sameAs\":[\"https:\/\/www.lavalaggloathle53.fr\"],\"url\":\"https:\/\/www.lavalaggloathle53.fr\/index.php\/author\/bis53\/\"}]}<\/script>\n<!-- \/ Yoast SEO plugin. -->","yoast_head_json":{"title":"Doubl\u00e9 pour le L2A53\/USL\/SLA lors du Meeting Flash Benjamin organis\u00e9 par le L2A53 et Le club d'athl\u00e9tisme de Port Brillet ! - Laval Agglo Athl\u00e9tisme","robots":{"index":"index","follow":"follow","max-snippet":"max-snippet:-1","max-image-preview":"max-image-preview:large","max-video-preview":"max-video-preview:-1"},"canonical":"https:\/\/www.lavalaggloathle53.fr\/index.php\/2024\/01\/29\/double-pour-le-l2a53-usl-sla-lors-du-meeting-flash-benjamin-organise-par-le-l2a53-et-le-club-dathletisme-de-port-brillet\/","og_locale":"fr_FR","og_type":"article","og_title":"Doubl\u00e9 pour le L2A53\/USL\/SLA lors du Meeting Flash Benjamin organis\u00e9 par le L2A53 et Le club d'athl\u00e9tisme de Port Brillet ! - Laval Agglo Athl\u00e9tisme","og_description":"Jolies performances du L2A53 lors du Meeting Flash Benjamins doubl\u00e9 du Championnat d\u00e9partemental de perche organis\u00e9 par les Clubs du L2A53 et Courir \u00e0 PORT BRILLET ce samedi au PALINDROME de LAVAL Doubl\u00e9 chez les benjamines au TRIATHLON avec la victoire d&rsquo;Anouk VALLIN (L2A53\/USL) qui totalise 92 points juste devant Manon MORVAN (L2A53\/SLA) avec 88 points Chez les benjamins doubl\u00e9 des jeunes de la section de L2A53\/USL avec la victoire de Valentin BELOCHE sur le TRIATHLON qui totalise 82 points devant son camarade de club Paul VERDON (74 points) qui e profite aussi pour reporter le titre sur le concours de perche avec une barre pass\u00e9e \u00e0 2m40. Bravo \u00e0 tous les b\u00e9n\u00e9voles du L2A53, de PORT BRILLET et aux jeunes jurys sur une comp\u00e9tition qui aura rassembl\u00e9 pr\u00e8s d&rsquo;une cinquantaine de comp\u00e9titeurs ce samedi au PALINDROME de LAVAL Les b\u00e9n\u00e9voles du L2A53 et de PORT BRILLET en Briefing pour cette 1\u00e8re organisation r\u00e9ussie !!!","og_url":"https:\/\/www.lavalaggloathle53.fr\/index.php\/2024\/01\/29\/double-pour-le-l2a53-usl-sla-lors-du-meeting-flash-benjamin-organise-par-le-l2a53-et-le-club-dathletisme-de-port-brillet\/","og_site_name":"Laval Agglo Athl\u00e9tisme","article_publisher":"https:\/\/www.facebook.com\/stadelavalloisathletisme","article_published_time":"2024-01-29T08:01:39+00:00","article_modified_time":"2024-01-29T12:18:12+00:00","og_image":[{"width":509,"height":720,"url":"https:\/\/www.lavalaggloathle53.fr\/wp-content\/uploads\/2024\/01\/Affiche-Meetin-Flash-Benjamin-Laval-27-01-2024.jpg","type":"image\/jpeg"}],"author":"Pascal BISSON","twitter_card":"summary_large_image","twitter_misc":{"\u00c9crit par":"Pascal BISSON","Dur\u00e9e de lecture estim\u00e9e":"3 minutes"},"schema":{"@context":"https:\/\/schema.org","@graph":[{"@type":"Article","@id":"https:\/\/www.lavalaggloathle53.fr\/index.php\/2024\/01\/29\/double-pour-le-l2a53-usl-sla-lors-du-meeting-flash-benjamin-organise-par-le-l2a53-et-le-club-dathletisme-de-port-brillet\/#article","isPartOf":{"@id":"https:\/\/www.lavalaggloathle53.fr\/index.php\/2024\/01\/29\/double-pour-le-l2a53-usl-sla-lors-du-meeting-flash-benjamin-organise-par-le-l2a53-et-le-club-dathletisme-de-port-brillet\/"},"author":{"name":"Pascal BISSON","@id":"https:\/\/www.lavalaggloathle53.fr\/#\/schema\/person\/979647d1a9707730d91bfc766caadc0b"},"headline":"Doubl\u00e9 pour le L2A53\/USL\/SLA lors du Meeting Flash Benjamin organis\u00e9 par le L2A53 et Le club d&rsquo;athl\u00e9tisme de Port Brillet !","datePublished":"2024-01-29T08:01:39+00:00","dateModified":"2024-01-29T12:18:12+00:00","mainEntityOfPage":{"@id":"https:\/\/www.lavalaggloathle53.fr\/index.php\/2024\/01\/29\/double-pour-le-l2a53-usl-sla-lors-du-meeting-flash-benjamin-organise-par-le-l2a53-et-le-club-dathletisme-de-port-brillet\/"},"wordCount":195,"commentCount":0,"image":{"@id":"https:\/\/www.lavalaggloathle53.fr\/index.php\/2024\/01\/29\/double-pour-le-l2a53-usl-sla-lors-du-meeting-flash-benjamin-organise-par-le-l2a53-et-le-club-dathletisme-de-port-brillet\/#primaryimage"},"thumbnailUrl":"https:\/\/www.lavalaggloathle53.fr\/wp-content\/uploads\/2024\/01\/Affiche-Meetin-Flash-Benjamin-Laval-27-01-2024.jpg","articleSection":["Actualit\u00e9s"],"inLanguage":"fr-FR","potentialAction":[{"@type":"CommentAction","name":"Comment","target":["https:\/\/www.lavalaggloathle53.fr\/index.php\/2024\/01\/29\/double-pour-le-l2a53-usl-sla-lors-du-meeting-flash-benjamin-organise-par-le-l2a53-et-le-club-dathletisme-de-port-brillet\/#respond"]}]},{"@type":"WebPage","@id":"https:\/\/www.lavalaggloathle53.fr\/index.php\/2024\/01\/29\/double-pour-le-l2a53-usl-sla-lors-du-meeting-flash-benjamin-organise-par-le-l2a53-et-le-club-dathletisme-de-port-brillet\/","url":"https:\/\/www.lavalaggloathle53.fr\/index.php\/2024\/01\/29\/double-pour-le-l2a53-usl-sla-lors-du-meeting-flash-benjamin-organise-par-le-l2a53-et-le-club-dathletisme-de-port-brillet\/","name":"Doubl\u00e9 pour le L2A53\/USL\/SLA lors du Meeting Flash Benjamin organis\u00e9 par le L2A53 et Le club d'athl\u00e9tisme de Port Brillet ! - Laval Agglo Athl\u00e9tisme","isPartOf":{"@id":"https:\/\/www.lavalaggloathle53.fr\/#website"},"primaryImageOfPage":{"@id":"https:\/\/www.lavalaggloathle53.fr\/index.php\/2024\/01\/29\/double-pour-le-l2a53-usl-sla-lors-du-meeting-flash-benjamin-organise-par-le-l2a53-et-le-club-dathletisme-de-port-brillet\/#primaryimage"},"image":{"@id":"https:\/\/www.lavalaggloathle53.fr\/index.php\/2024\/01\/29\/double-pour-le-l2a53-usl-sla-lors-du-meeting-flash-benjamin-organise-par-le-l2a53-et-le-club-dathletisme-de-port-brillet\/#primaryimage"},"thumbnailUrl":"https:\/\/www.lavalaggloathle53.fr\/wp-content\/uploads\/2024\/01\/Affiche-Meetin-Flash-Benjamin-Laval-27-01-2024.jpg","datePublished":"2024-01-29T08:01:39+00:00","dateModified":"2024-01-29T12:18:12+00:00","author":{"@id":"https:\/\/www.lavalaggloathle53.fr\/#\/schema\/person\/979647d1a9707730d91bfc766caadc0b"},"breadcrumb":{"@id":"https:\/\/www.lavalaggloathle53.fr\/index.php\/2024\/01\/29\/double-pour-le-l2a53-usl-sla-lors-du-meeting-flash-benjamin-organise-par-le-l2a53-et-le-club-dathletisme-de-port-brillet\/#breadcrumb"},"inLanguage":"fr-FR","potentialAction":[{"@type":"ReadAction","target":["https:\/\/www.lavalaggloathle53.fr\/index.php\/2024\/01\/29\/double-pour-le-l2a53-usl-sla-lors-du-meeting-flash-benjamin-organise-par-le-l2a53-et-le-club-dathletisme-de-port-brillet\/"]}]},{"@type":"ImageObject","inLanguage":"fr-FR","@id":"https:\/\/www.lavalaggloathle53.fr\/index.php\/2024\/01\/29\/double-pour-le-l2a53-usl-sla-lors-du-meeting-flash-benjamin-organise-par-le-l2a53-et-le-club-dathletisme-de-port-brillet\/#primaryimage","url":"https:\/\/www.lavalaggloathle53.fr\/wp-content\/uploads\/2024\/01\/Affiche-Meetin-Flash-Benjamin-Laval-27-01-2024.jpg","contentUrl":"https:\/\/www.lavalaggloathle53.fr\/wp-content\/uploads\/2024\/01\/Affiche-Meetin-Flash-Benjamin-Laval-27-01-2024.jpg","width":509,"height":720},{"@type":"BreadcrumbList","@id":"https:\/\/www.lavalaggloathle53.fr\/index.php\/2024\/01\/29\/double-pour-le-l2a53-usl-sla-lors-du-meeting-flash-benjamin-organise-par-le-l2a53-et-le-club-dathletisme-de-port-brillet\/#breadcrumb","itemListElement":[{"@type":"ListItem","position":1,"name":"Accueil","item":"https:\/\/www.lavalaggloathle53.fr\/"},{"@type":"ListItem","position":2,"name":"Doubl\u00e9 pour le L2A53\/USL\/SLA lors du Meeting Flash Benjamin organis\u00e9 par le L2A53 et Le club d&#8217;athl\u00e9tisme de Port Brillet !"}]},{"@type":"WebSite","@id":"https:\/\/www.lavalaggloathle53.fr\/#website","url":"https:\/\/www.lavalaggloathle53.fr\/","name":"Laval Agglo Athl\u00e9tisme","description":"L&#039;athl\u00e9, un sport pour tous","alternateName":"L2A53","potentialAction":[{"@type":"SearchAction","target":{"@type":"EntryPoint","urlTemplate":"https:\/\/www.lavalaggloathle53.fr\/?s={search_term_string}"},"query-input":{"@type":"PropertyValueSpecification","valueRequired":true,"valueName":"search_term_string"}}],"inLanguage":"fr-FR"},{"@type":"Person","@id":"https:\/\/www.lavalaggloathle53.fr\/#\/schema\/person\/979647d1a9707730d91bfc766caadc0b","name":"Pascal BISSON","image":{"@type":"ImageObject","inLanguage":"fr-FR","@id":"https:\/\/secure.gravatar.com\/avatar\/59596d86ade6d559609912f789f6ddaf324a4bb824fbedeaf0ccebc5c1967658?s=96&d=mm&r=g","url":"https:\/\/secure.gravatar.com\/avatar\/59596d86ade6d559609912f789f6ddaf324a4bb824fbedeaf0ccebc5c1967658?s=96&d=mm&r=g","contentUrl":"https:\/\/secure.gravatar.com\/avatar\/59596d86ade6d559609912f789f6ddaf324a4bb824fbedeaf0ccebc5c1967658?s=96&d=mm&r=g","caption":"Pascal BISSON"},"sameAs":["https:\/\/www.lavalaggloathle53.fr"],"url":"https:\/\/www.lavalaggloathle53.fr\/index.php\/author\/bis53\/"}]}},"_links":{"self":[{"href":"https:\/\/www.lavalaggloathle53.fr\/index.php\/wp-json\/wp\/v2\/posts\/4716","targetHints":{"allow":["GET"]}}],"collection":[{"href":"https:\/\/www.lavalaggloathle53.fr\/index.php\/wp-json\/wp\/v2\/posts"}],"about":[{"href":"https:\/\/www.lavalaggloathle53.fr\/index.php\/wp-json\/wp\/v2\/types\/post"}],"author":[{"embeddable":true,"href":"https:\/\/www.lavalaggloathle53.fr\/index.php\/wp-json\/wp\/v2\/users\/4"}],"replies":[{"embeddable":true,"href":"https:\/\/www.lavalaggloathle53.fr\/index.php\/wp-json\/wp\/v2\/comments?post=4716"}],"version-history":[{"count":3,"href":"https:\/\/www.lavalaggloathle53.fr\/index.php\/wp-json\/wp\/v2\/posts\/4716\/revisions"}],"predecessor-version":[{"id":4728,"href":"https:\/\/www.lavalaggloathle53.fr\/index.php\/wp-json\/wp\/v2\/posts\/4716\/revisions\/4728"}],"wp:featuredmedia":[{"embeddable":true,"href":"https:\/\/www.lavalaggloathle53.fr\/index.php\/wp-json\/wp\/v2\/media\/4717"}],"wp:attachment":[{"href":"https:\/\/www.lavalaggloathle53.fr\/index.php\/wp-json\/wp\/v2\/media?parent=4716"}],"wp:term":[{"taxonomy":"category","embeddable":true,"href":"https:\/\/www.lavalaggloathle53.fr\/index.php\/wp-json\/wp\/v2\/categories?post=4716"},{"taxonomy":"post_tag","embeddable":true,"href":"https:\/\/www.lavalaggloathle53.fr\/index.php\/wp-json\/wp\/v2\/tags?post=4716"}],"curies":[{"name":"wp","href":"https:\/\/api.w.org\/{rel}","templated":true}]}}