{"id":4327,"date":"2023-11-26T21:08:17","date_gmt":"2023-11-26T20:08:17","guid":{"rendered":"https:\/\/www.lavalaggloathle53.fr\/?p=4327"},"modified":"2023-11-27T12:11:56","modified_gmt":"2023-11-27T11:11:56","slug":"des-athletes-du-l2a53-au-meeting-de-lancers-de-st-julien-de-concelles","status":"publish","type":"post","link":"https:\/\/www.lavalaggloathle53.fr\/index.php\/2023\/11\/26\/des-athletes-du-l2a53-au-meeting-de-lancers-de-st-julien-de-concelles\/","title":{"rendered":"Des athl\u00e8tes du L2A53 au Meeting de lancers de St Julien de Concelles"},"content":{"rendered":"\n<figure class=\"wp-block-image size-large\"><img fetchpriority=\"high\" decoding=\"async\" width=\"661\" height=\"1024\" src=\"https:\/\/www.lavalaggloathle53.fr\/wp-content\/uploads\/2023\/11\/Meetin-Lancers-Ancenis-22-10-2023-4-661x1024.jpg\" alt=\"\" class=\"wp-image-4329\" srcset=\"https:\/\/www.lavalaggloathle53.fr\/wp-content\/uploads\/2023\/11\/Meetin-Lancers-Ancenis-22-10-2023-4-661x1024.jpg 661w, https:\/\/www.lavalaggloathle53.fr\/wp-content\/uploads\/2023\/11\/Meetin-Lancers-Ancenis-22-10-2023-4-194x300.jpg 194w, https:\/\/www.lavalaggloathle53.fr\/wp-content\/uploads\/2023\/11\/Meetin-Lancers-Ancenis-22-10-2023-4-768x1189.jpg 768w, https:\/\/www.lavalaggloathle53.fr\/wp-content\/uploads\/2023\/11\/Meetin-Lancers-Ancenis-22-10-2023-4.jpg 945w\" sizes=\"(max-width: 661px) 100vw, 661px\" \/><\/figure>\n\n\n\n<p>La cadette Valentine LEMONNIER et le n\u00e9o-stadiste (Ex RC LENS) Cl\u00e9ment TAFIN l&rsquo;ont emport\u00e9 sur les concours de disque et de marteau en propulsant leurs engins \u00e0 30m47 (disque 1kg) et 37m84 (marteau de 6kg)<\/p>\n","protected":false},"excerpt":{"rendered":"<p>La cadette Valentine LEMONNIER et le n\u00e9o-stadiste (Ex RC LENS) Cl\u00e9ment TAFIN l&rsquo;ont emport\u00e9 sur les concours de disque et de marteau en propulsant leurs engins \u00e0 30m47 (disque 1kg) et 37m84 (marteau de 6kg)<\/p>\n","protected":false},"author":4,"featured_media":4329,"comment_status":"open","ping_status":"open","sticky":false,"template":"","format":"standard","meta":{"footnotes":""},"categories":[14],"tags":[],"class_list":["post-4327","post","type-post","status-publish","format-standard","has-post-thumbnail","hentry","category-actualites"],"yoast_head":"<!-- This site is optimized with the Yoast SEO plugin v27.2 - https:\/\/yoast.com\/product\/yoast-seo-wordpress\/ -->\n<title>Des athl\u00e8tes du L2A53 au Meeting de lancers de St Julien de Concelles - Laval Agglo Athl\u00e9tisme<\/title>\n<meta name=\"robots\" content=\"index, follow, max-snippet:-1, max-image-preview:large, max-video-preview:-1\" \/>\n<link rel=\"canonical\" href=\"https:\/\/www.lavalaggloathle53.fr\/index.php\/2023\/11\/26\/des-athletes-du-l2a53-au-meeting-de-lancers-de-st-julien-de-concelles\/\" \/>\n<meta property=\"og:locale\" content=\"fr_FR\" \/>\n<meta property=\"og:type\" content=\"article\" \/>\n<meta property=\"og:title\" content=\"Des athl\u00e8tes du L2A53 au Meeting de lancers de St Julien de Concelles - Laval Agglo Athl\u00e9tisme\" \/>\n<meta property=\"og:description\" content=\"La cadette Valentine LEMONNIER et le n\u00e9o-stadiste (Ex RC LENS) Cl\u00e9ment TAFIN l&rsquo;ont emport\u00e9 sur les concours de disque et de marteau en propulsant leurs engins \u00e0 30m47 (disque 1kg) et 37m84 (marteau de 6kg)\" \/>\n<meta property=\"og:url\" content=\"https:\/\/www.lavalaggloathle53.fr\/index.php\/2023\/11\/26\/des-athletes-du-l2a53-au-meeting-de-lancers-de-st-julien-de-concelles\/\" \/>\n<meta property=\"og:site_name\" content=\"Laval Agglo Athl\u00e9tisme\" \/>\n<meta property=\"article:publisher\" content=\"https:\/\/www.facebook.com\/stadelavalloisathletisme\" \/>\n<meta property=\"article:published_time\" content=\"2023-11-26T20:08:17+00:00\" \/>\n<meta property=\"article:modified_time\" content=\"2023-11-27T11:11:56+00:00\" \/>\n<meta property=\"og:image\" content=\"https:\/\/www.lavalaggloathle53.fr\/wp-content\/uploads\/2023\/11\/Meetin-Lancers-Ancenis-22-10-2023-4.jpg\" \/>\n\t<meta property=\"og:image:width\" content=\"945\" \/>\n\t<meta property=\"og:image:height\" content=\"1463\" \/>\n\t<meta property=\"og:image:type\" content=\"image\/jpeg\" \/>\n<meta name=\"author\" content=\"Pascal BISSON\" \/>\n<meta name=\"twitter:card\" content=\"summary_large_image\" \/>\n<meta name=\"twitter:label1\" content=\"\u00c9crit par\" \/>\n\t<meta name=\"twitter:data1\" content=\"Pascal BISSON\" \/>\n\t<meta name=\"twitter:label2\" content=\"Dur\u00e9e de lecture estim\u00e9e\" \/>\n\t<meta name=\"twitter:data2\" content=\"1 minute\" \/>\n<script type=\"application\/ld+json\" class=\"yoast-schema-graph\">{\"@context\":\"https:\/\/schema.org\",\"@graph\":[{\"@type\":\"Article\",\"@id\":\"https:\/\/www.lavalaggloathle53.fr\/index.php\/2023\/11\/26\/des-athletes-du-l2a53-au-meeting-de-lancers-de-st-julien-de-concelles\/#article\",\"isPartOf\":{\"@id\":\"https:\/\/www.lavalaggloathle53.fr\/index.php\/2023\/11\/26\/des-athletes-du-l2a53-au-meeting-de-lancers-de-st-julien-de-concelles\/\"},\"author\":{\"name\":\"Pascal BISSON\",\"@id\":\"https:\/\/www.lavalaggloathle53.fr\/#\/schema\/person\/979647d1a9707730d91bfc766caadc0b\"},\"headline\":\"Des athl\u00e8tes du L2A53 au Meeting de lancers de St Julien de Concelles\",\"datePublished\":\"2023-11-26T20:08:17+00:00\",\"dateModified\":\"2023-11-27T11:11:56+00:00\",\"mainEntityOfPage\":{\"@id\":\"https:\/\/www.lavalaggloathle53.fr\/index.php\/2023\/11\/26\/des-athletes-du-l2a53-au-meeting-de-lancers-de-st-julien-de-concelles\/\"},\"wordCount\":52,\"commentCount\":0,\"image\":{\"@id\":\"https:\/\/www.lavalaggloathle53.fr\/index.php\/2023\/11\/26\/des-athletes-du-l2a53-au-meeting-de-lancers-de-st-julien-de-concelles\/#primaryimage\"},\"thumbnailUrl\":\"https:\/\/www.lavalaggloathle53.fr\/wp-content\/uploads\/2023\/11\/Meetin-Lancers-Ancenis-22-10-2023-4.jpg\",\"articleSection\":[\"Actualit\u00e9s\"],\"inLanguage\":\"fr-FR\",\"potentialAction\":[{\"@type\":\"CommentAction\",\"name\":\"Comment\",\"target\":[\"https:\/\/www.lavalaggloathle53.fr\/index.php\/2023\/11\/26\/des-athletes-du-l2a53-au-meeting-de-lancers-de-st-julien-de-concelles\/#respond\"]}]},{\"@type\":\"WebPage\",\"@id\":\"https:\/\/www.lavalaggloathle53.fr\/index.php\/2023\/11\/26\/des-athletes-du-l2a53-au-meeting-de-lancers-de-st-julien-de-concelles\/\",\"url\":\"https:\/\/www.lavalaggloathle53.fr\/index.php\/2023\/11\/26\/des-athletes-du-l2a53-au-meeting-de-lancers-de-st-julien-de-concelles\/\",\"name\":\"Des athl\u00e8tes du L2A53 au Meeting de lancers de St Julien de Concelles - Laval Agglo Athl\u00e9tisme\",\"isPartOf\":{\"@id\":\"https:\/\/www.lavalaggloathle53.fr\/#website\"},\"primaryImageOfPage\":{\"@id\":\"https:\/\/www.lavalaggloathle53.fr\/index.php\/2023\/11\/26\/des-athletes-du-l2a53-au-meeting-de-lancers-de-st-julien-de-concelles\/#primaryimage\"},\"image\":{\"@id\":\"https:\/\/www.lavalaggloathle53.fr\/index.php\/2023\/11\/26\/des-athletes-du-l2a53-au-meeting-de-lancers-de-st-julien-de-concelles\/#primaryimage\"},\"thumbnailUrl\":\"https:\/\/www.lavalaggloathle53.fr\/wp-content\/uploads\/2023\/11\/Meetin-Lancers-Ancenis-22-10-2023-4.jpg\",\"datePublished\":\"2023-11-26T20:08:17+00:00\",\"dateModified\":\"2023-11-27T11:11:56+00:00\",\"author\":{\"@id\":\"https:\/\/www.lavalaggloathle53.fr\/#\/schema\/person\/979647d1a9707730d91bfc766caadc0b\"},\"breadcrumb\":{\"@id\":\"https:\/\/www.lavalaggloathle53.fr\/index.php\/2023\/11\/26\/des-athletes-du-l2a53-au-meeting-de-lancers-de-st-julien-de-concelles\/#breadcrumb\"},\"inLanguage\":\"fr-FR\",\"potentialAction\":[{\"@type\":\"ReadAction\",\"target\":[\"https:\/\/www.lavalaggloathle53.fr\/index.php\/2023\/11\/26\/des-athletes-du-l2a53-au-meeting-de-lancers-de-st-julien-de-concelles\/\"]}]},{\"@type\":\"ImageObject\",\"inLanguage\":\"fr-FR\",\"@id\":\"https:\/\/www.lavalaggloathle53.fr\/index.php\/2023\/11\/26\/des-athletes-du-l2a53-au-meeting-de-lancers-de-st-julien-de-concelles\/#primaryimage\",\"url\":\"https:\/\/www.lavalaggloathle53.fr\/wp-content\/uploads\/2023\/11\/Meetin-Lancers-Ancenis-22-10-2023-4.jpg\",\"contentUrl\":\"https:\/\/www.lavalaggloathle53.fr\/wp-content\/uploads\/2023\/11\/Meetin-Lancers-Ancenis-22-10-2023-4.jpg\",\"width\":945,\"height\":1463},{\"@type\":\"BreadcrumbList\",\"@id\":\"https:\/\/www.lavalaggloathle53.fr\/index.php\/2023\/11\/26\/des-athletes-du-l2a53-au-meeting-de-lancers-de-st-julien-de-concelles\/#breadcrumb\",\"itemListElement\":[{\"@type\":\"ListItem\",\"position\":1,\"name\":\"Accueil\",\"item\":\"https:\/\/www.lavalaggloathle53.fr\/\"},{\"@type\":\"ListItem\",\"position\":2,\"name\":\"Des athl\u00e8tes du L2A53 au Meeting de lancers de St Julien de Concelles\"}]},{\"@type\":\"WebSite\",\"@id\":\"https:\/\/www.lavalaggloathle53.fr\/#website\",\"url\":\"https:\/\/www.lavalaggloathle53.fr\/\",\"name\":\"Laval Agglo Athl\u00e9tisme\",\"description\":\"L&#039;athl\u00e9, un sport pour tous\",\"alternateName\":\"L2A53\",\"potentialAction\":[{\"@type\":\"SearchAction\",\"target\":{\"@type\":\"EntryPoint\",\"urlTemplate\":\"https:\/\/www.lavalaggloathle53.fr\/?s={search_term_string}\"},\"query-input\":{\"@type\":\"PropertyValueSpecification\",\"valueRequired\":true,\"valueName\":\"search_term_string\"}}],\"inLanguage\":\"fr-FR\"},{\"@type\":\"Person\",\"@id\":\"https:\/\/www.lavalaggloathle53.fr\/#\/schema\/person\/979647d1a9707730d91bfc766caadc0b\",\"name\":\"Pascal BISSON\",\"image\":{\"@type\":\"ImageObject\",\"inLanguage\":\"fr-FR\",\"@id\":\"https:\/\/secure.gravatar.com\/avatar\/59596d86ade6d559609912f789f6ddaf324a4bb824fbedeaf0ccebc5c1967658?s=96&d=mm&r=g\",\"url\":\"https:\/\/secure.gravatar.com\/avatar\/59596d86ade6d559609912f789f6ddaf324a4bb824fbedeaf0ccebc5c1967658?s=96&d=mm&r=g\",\"contentUrl\":\"https:\/\/secure.gravatar.com\/avatar\/59596d86ade6d559609912f789f6ddaf324a4bb824fbedeaf0ccebc5c1967658?s=96&d=mm&r=g\",\"caption\":\"Pascal BISSON\"},\"sameAs\":[\"https:\/\/www.lavalaggloathle53.fr\"],\"url\":\"https:\/\/www.lavalaggloathle53.fr\/index.php\/author\/bis53\/\"}]}<\/script>\n<!-- \/ Yoast SEO plugin. -->","yoast_head_json":{"title":"Des athl\u00e8tes du L2A53 au Meeting de lancers de St Julien de Concelles - Laval Agglo Athl\u00e9tisme","robots":{"index":"index","follow":"follow","max-snippet":"max-snippet:-1","max-image-preview":"max-image-preview:large","max-video-preview":"max-video-preview:-1"},"canonical":"https:\/\/www.lavalaggloathle53.fr\/index.php\/2023\/11\/26\/des-athletes-du-l2a53-au-meeting-de-lancers-de-st-julien-de-concelles\/","og_locale":"fr_FR","og_type":"article","og_title":"Des athl\u00e8tes du L2A53 au Meeting de lancers de St Julien de Concelles - Laval Agglo Athl\u00e9tisme","og_description":"La cadette Valentine LEMONNIER et le n\u00e9o-stadiste (Ex RC LENS) Cl\u00e9ment TAFIN l&rsquo;ont emport\u00e9 sur les concours de disque et de marteau en propulsant leurs engins \u00e0 30m47 (disque 1kg) et 37m84 (marteau de 6kg)","og_url":"https:\/\/www.lavalaggloathle53.fr\/index.php\/2023\/11\/26\/des-athletes-du-l2a53-au-meeting-de-lancers-de-st-julien-de-concelles\/","og_site_name":"Laval Agglo Athl\u00e9tisme","article_publisher":"https:\/\/www.facebook.com\/stadelavalloisathletisme","article_published_time":"2023-11-26T20:08:17+00:00","article_modified_time":"2023-11-27T11:11:56+00:00","og_image":[{"width":945,"height":1463,"url":"https:\/\/www.lavalaggloathle53.fr\/wp-content\/uploads\/2023\/11\/Meetin-Lancers-Ancenis-22-10-2023-4.jpg","type":"image\/jpeg"}],"author":"Pascal BISSON","twitter_card":"summary_large_image","twitter_misc":{"\u00c9crit par":"Pascal BISSON","Dur\u00e9e de lecture estim\u00e9e":"1 minute"},"schema":{"@context":"https:\/\/schema.org","@graph":[{"@type":"Article","@id":"https:\/\/www.lavalaggloathle53.fr\/index.php\/2023\/11\/26\/des-athletes-du-l2a53-au-meeting-de-lancers-de-st-julien-de-concelles\/#article","isPartOf":{"@id":"https:\/\/www.lavalaggloathle53.fr\/index.php\/2023\/11\/26\/des-athletes-du-l2a53-au-meeting-de-lancers-de-st-julien-de-concelles\/"},"author":{"name":"Pascal BISSON","@id":"https:\/\/www.lavalaggloathle53.fr\/#\/schema\/person\/979647d1a9707730d91bfc766caadc0b"},"headline":"Des athl\u00e8tes du L2A53 au Meeting de lancers de St Julien de Concelles","datePublished":"2023-11-26T20:08:17+00:00","dateModified":"2023-11-27T11:11:56+00:00","mainEntityOfPage":{"@id":"https:\/\/www.lavalaggloathle53.fr\/index.php\/2023\/11\/26\/des-athletes-du-l2a53-au-meeting-de-lancers-de-st-julien-de-concelles\/"},"wordCount":52,"commentCount":0,"image":{"@id":"https:\/\/www.lavalaggloathle53.fr\/index.php\/2023\/11\/26\/des-athletes-du-l2a53-au-meeting-de-lancers-de-st-julien-de-concelles\/#primaryimage"},"thumbnailUrl":"https:\/\/www.lavalaggloathle53.fr\/wp-content\/uploads\/2023\/11\/Meetin-Lancers-Ancenis-22-10-2023-4.jpg","articleSection":["Actualit\u00e9s"],"inLanguage":"fr-FR","potentialAction":[{"@type":"CommentAction","name":"Comment","target":["https:\/\/www.lavalaggloathle53.fr\/index.php\/2023\/11\/26\/des-athletes-du-l2a53-au-meeting-de-lancers-de-st-julien-de-concelles\/#respond"]}]},{"@type":"WebPage","@id":"https:\/\/www.lavalaggloathle53.fr\/index.php\/2023\/11\/26\/des-athletes-du-l2a53-au-meeting-de-lancers-de-st-julien-de-concelles\/","url":"https:\/\/www.lavalaggloathle53.fr\/index.php\/2023\/11\/26\/des-athletes-du-l2a53-au-meeting-de-lancers-de-st-julien-de-concelles\/","name":"Des athl\u00e8tes du L2A53 au Meeting de lancers de St Julien de Concelles - Laval Agglo Athl\u00e9tisme","isPartOf":{"@id":"https:\/\/www.lavalaggloathle53.fr\/#website"},"primaryImageOfPage":{"@id":"https:\/\/www.lavalaggloathle53.fr\/index.php\/2023\/11\/26\/des-athletes-du-l2a53-au-meeting-de-lancers-de-st-julien-de-concelles\/#primaryimage"},"image":{"@id":"https:\/\/www.lavalaggloathle53.fr\/index.php\/2023\/11\/26\/des-athletes-du-l2a53-au-meeting-de-lancers-de-st-julien-de-concelles\/#primaryimage"},"thumbnailUrl":"https:\/\/www.lavalaggloathle53.fr\/wp-content\/uploads\/2023\/11\/Meetin-Lancers-Ancenis-22-10-2023-4.jpg","datePublished":"2023-11-26T20:08:17+00:00","dateModified":"2023-11-27T11:11:56+00:00","author":{"@id":"https:\/\/www.lavalaggloathle53.fr\/#\/schema\/person\/979647d1a9707730d91bfc766caadc0b"},"breadcrumb":{"@id":"https:\/\/www.lavalaggloathle53.fr\/index.php\/2023\/11\/26\/des-athletes-du-l2a53-au-meeting-de-lancers-de-st-julien-de-concelles\/#breadcrumb"},"inLanguage":"fr-FR","potentialAction":[{"@type":"ReadAction","target":["https:\/\/www.lavalaggloathle53.fr\/index.php\/2023\/11\/26\/des-athletes-du-l2a53-au-meeting-de-lancers-de-st-julien-de-concelles\/"]}]},{"@type":"ImageObject","inLanguage":"fr-FR","@id":"https:\/\/www.lavalaggloathle53.fr\/index.php\/2023\/11\/26\/des-athletes-du-l2a53-au-meeting-de-lancers-de-st-julien-de-concelles\/#primaryimage","url":"https:\/\/www.lavalaggloathle53.fr\/wp-content\/uploads\/2023\/11\/Meetin-Lancers-Ancenis-22-10-2023-4.jpg","contentUrl":"https:\/\/www.lavalaggloathle53.fr\/wp-content\/uploads\/2023\/11\/Meetin-Lancers-Ancenis-22-10-2023-4.jpg","width":945,"height":1463},{"@type":"BreadcrumbList","@id":"https:\/\/www.lavalaggloathle53.fr\/index.php\/2023\/11\/26\/des-athletes-du-l2a53-au-meeting-de-lancers-de-st-julien-de-concelles\/#breadcrumb","itemListElement":[{"@type":"ListItem","position":1,"name":"Accueil","item":"https:\/\/www.lavalaggloathle53.fr\/"},{"@type":"ListItem","position":2,"name":"Des athl\u00e8tes du L2A53 au Meeting de lancers de St Julien de Concelles"}]},{"@type":"WebSite","@id":"https:\/\/www.lavalaggloathle53.fr\/#website","url":"https:\/\/www.lavalaggloathle53.fr\/","name":"Laval Agglo Athl\u00e9tisme","description":"L&#039;athl\u00e9, un sport pour tous","alternateName":"L2A53","potentialAction":[{"@type":"SearchAction","target":{"@type":"EntryPoint","urlTemplate":"https:\/\/www.lavalaggloathle53.fr\/?s={search_term_string}"},"query-input":{"@type":"PropertyValueSpecification","valueRequired":true,"valueName":"search_term_string"}}],"inLanguage":"fr-FR"},{"@type":"Person","@id":"https:\/\/www.lavalaggloathle53.fr\/#\/schema\/person\/979647d1a9707730d91bfc766caadc0b","name":"Pascal BISSON","image":{"@type":"ImageObject","inLanguage":"fr-FR","@id":"https:\/\/secure.gravatar.com\/avatar\/59596d86ade6d559609912f789f6ddaf324a4bb824fbedeaf0ccebc5c1967658?s=96&d=mm&r=g","url":"https:\/\/secure.gravatar.com\/avatar\/59596d86ade6d559609912f789f6ddaf324a4bb824fbedeaf0ccebc5c1967658?s=96&d=mm&r=g","contentUrl":"https:\/\/secure.gravatar.com\/avatar\/59596d86ade6d559609912f789f6ddaf324a4bb824fbedeaf0ccebc5c1967658?s=96&d=mm&r=g","caption":"Pascal BISSON"},"sameAs":["https:\/\/www.lavalaggloathle53.fr"],"url":"https:\/\/www.lavalaggloathle53.fr\/index.php\/author\/bis53\/"}]}},"_links":{"self":[{"href":"https:\/\/www.lavalaggloathle53.fr\/index.php\/wp-json\/wp\/v2\/posts\/4327","targetHints":{"allow":["GET"]}}],"collection":[{"href":"https:\/\/www.lavalaggloathle53.fr\/index.php\/wp-json\/wp\/v2\/posts"}],"about":[{"href":"https:\/\/www.lavalaggloathle53.fr\/index.php\/wp-json\/wp\/v2\/types\/post"}],"author":[{"embeddable":true,"href":"https:\/\/www.lavalaggloathle53.fr\/index.php\/wp-json\/wp\/v2\/users\/4"}],"replies":[{"embeddable":true,"href":"https:\/\/www.lavalaggloathle53.fr\/index.php\/wp-json\/wp\/v2\/comments?post=4327"}],"version-history":[{"count":4,"href":"https:\/\/www.lavalaggloathle53.fr\/index.php\/wp-json\/wp\/v2\/posts\/4327\/revisions"}],"predecessor-version":[{"id":4333,"href":"https:\/\/www.lavalaggloathle53.fr\/index.php\/wp-json\/wp\/v2\/posts\/4327\/revisions\/4333"}],"wp:featuredmedia":[{"embeddable":true,"href":"https:\/\/www.lavalaggloathle53.fr\/index.php\/wp-json\/wp\/v2\/media\/4329"}],"wp:attachment":[{"href":"https:\/\/www.lavalaggloathle53.fr\/index.php\/wp-json\/wp\/v2\/media?parent=4327"}],"wp:term":[{"taxonomy":"category","embeddable":true,"href":"https:\/\/www.lavalaggloathle53.fr\/index.php\/wp-json\/wp\/v2\/categories?post=4327"},{"taxonomy":"post_tag","embeddable":true,"href":"https:\/\/www.lavalaggloathle53.fr\/index.php\/wp-json\/wp\/v2\/tags?post=4327"}],"curies":[{"name":"wp","href":"https:\/\/api.w.org\/{rel}","templated":true}]}}