{"id":4172,"date":"2023-10-22T11:00:28","date_gmt":"2023-10-22T09:00:28","guid":{"rendered":"https:\/\/www.lavalaggloathle53.fr\/?p=4172"},"modified":"2023-10-24T01:08:11","modified_gmt":"2023-10-23T23:08:11","slug":"4-licencies-de-la-section-loisirs-du-l2a53-au-mythique-ultra-trail-de-la-reunion","status":"publish","type":"post","link":"https:\/\/www.lavalaggloathle53.fr\/index.php\/2023\/10\/22\/4-licencies-de-la-section-loisirs-du-l2a53-au-mythique-ultra-trail-de-la-reunion\/","title":{"rendered":"3 licenci\u00e9s de la section LOISIRS du L2A53 au MYTHIQUE ULTRA TRAIL de la REUNION !"},"content":{"rendered":"\n<figure class=\"wp-block-image size-large\"><img fetchpriority=\"high\" decoding=\"async\" width=\"1024\" height=\"768\" src=\"https:\/\/www.lavalaggloathle53.fr\/wp-content\/uploads\/2023\/10\/IMG-20231021-WA0015-1024x768.jpg\" alt=\"\" class=\"wp-image-4173\" srcset=\"https:\/\/www.lavalaggloathle53.fr\/wp-content\/uploads\/2023\/10\/IMG-20231021-WA0015-1024x768.jpg 1024w, https:\/\/www.lavalaggloathle53.fr\/wp-content\/uploads\/2023\/10\/IMG-20231021-WA0015-300x225.jpg 300w, https:\/\/www.lavalaggloathle53.fr\/wp-content\/uploads\/2023\/10\/IMG-20231021-WA0015-768x576.jpg 768w, https:\/\/www.lavalaggloathle53.fr\/wp-content\/uploads\/2023\/10\/IMG-20231021-WA0015-1536x1152.jpg 1536w, https:\/\/www.lavalaggloathle53.fr\/wp-content\/uploads\/2023\/10\/IMG-20231021-WA0015.jpg 1600w\" sizes=\"(max-width: 1024px) 100vw, 1024px\" \/><\/figure>\n\n\n\n<blockquote class=\"wp-block-quote is-layout-flow wp-block-quote-is-layout-flow\">\n<p>Impressions de St\u00e9phane apr\u00e8s le p\u00e9riple de 167 km :<\/p>\n\n\n\n<p>\u00ab\u00a0Merci pour vos encouragements, une course de folie tous le monde est impliqu\u00e9 sur l&rsquo;\u00eele&nbsp;,<\/p>\n\n\n\n<figure class=\"wp-block-image\"><img decoding=\"async\" src=\"https:\/\/fonts.gstatic.com\/s\/e\/notoemoji\/15.0\/1f3dd_fe0f\/72.png\" alt=\"\ud83c\udfdd\ufe0f\"\/><\/figure>\n\n\n\n<p>&nbsp;des encouragements dans tous les coins de rue. Pour le parcours il porte bon son nom \u00a0\u00bb terrible \u00ab\u00a0, des mont\u00e9es et descentes de fou et la fin du circuit interminable, avec le fameux chemin des anglais qui te ruine le peu de force qu&rsquo;il te reste, tout cela sous un beau ciel bleu le jour et des nuit \u00e9toil\u00e9es. Belle semaine avec   30\u00b0 aujourd&rsquo;hui&nbsp;\u00ab\u00a0<\/p>\n\n\n\n<p>St\u00e9phane<\/p>\n<\/blockquote>\n\n\n\n<figure class=\"wp-block-image size-large is-resized\"><img decoding=\"async\" width=\"1024\" height=\"473\" src=\"https:\/\/www.lavalaggloathle53.fr\/wp-content\/uploads\/2023\/10\/IMG-20231021-WA0020-1024x473.jpg\" alt=\"\" class=\"wp-image-4175\" style=\"aspect-ratio:2.1649048625792813;width:759px;height:auto\" srcset=\"https:\/\/www.lavalaggloathle53.fr\/wp-content\/uploads\/2023\/10\/IMG-20231021-WA0020-1024x473.jpg 1024w, https:\/\/www.lavalaggloathle53.fr\/wp-content\/uploads\/2023\/10\/IMG-20231021-WA0020-300x139.jpg 300w, https:\/\/www.lavalaggloathle53.fr\/wp-content\/uploads\/2023\/10\/IMG-20231021-WA0020-768x355.jpg 768w, https:\/\/www.lavalaggloathle53.fr\/wp-content\/uploads\/2023\/10\/IMG-20231021-WA0020-1536x709.jpg 1536w, https:\/\/www.lavalaggloathle53.fr\/wp-content\/uploads\/2023\/10\/IMG-20231021-WA0020.jpg 1600w\" sizes=\"(max-width: 1024px) 100vw, 1024px\" \/><\/figure>\n\n\n\n<p>Pierrick HUAULME, Jean Michel GUINAIS et  St\u00e9phane TROPEE &#8230;<\/p>\n\n\n\n<figure class=\"wp-block-image size-full\"><img decoding=\"async\" width=\"496\" height=\"662\" src=\"https:\/\/www.lavalaggloathle53.fr\/wp-content\/uploads\/2023\/10\/IMG-20231019-WA0003.jpg\" alt=\"\" class=\"wp-image-4176\" srcset=\"https:\/\/www.lavalaggloathle53.fr\/wp-content\/uploads\/2023\/10\/IMG-20231019-WA0003.jpg 496w, https:\/\/www.lavalaggloathle53.fr\/wp-content\/uploads\/2023\/10\/IMG-20231019-WA0003-225x300.jpg 225w\" sizes=\"(max-width: 496px) 100vw, 496px\" \/><\/figure>\n\n\n\n<p>Apr\u00e8s 167 Km de p\u00e9riple sur les chemins et pentes glissantes et escarp\u00e9es de cette superbe \u00cele de la REUNION , 3 de comp\u00e8res  ULTRA TRAILERS  ont r\u00e9ussi cet exploit de terminer le GRAND RAID de la DIAGONALES des FOUS qui n&rsquo;a jamais aussi bien port\u00e9 son nom avec ses 10000m de d\u00e9nivel\u00e9s  : Ascencion du volcan toujours actif du  Piton de la fournaise, cirques de CILAOS, MAFATE et une partie de SALAZIE et arriv\u00e9e au Stade de la REDOUTE \u00e0 ST DENIS au Nord de l&rsquo;\u00eele ! <\/p>\n\n\n\n<p>Arriv\u00e9e de nos athl\u00e8tes au bout de &#8230; <strong>54H41&rsquo;21<\/strong> !!!!! COACH  Thomas FONNARD , lui a d\u00fb se r\u00e9soudre \u00e0 abandonner au bout de 22H 23&rsquo;28  sur blessure &#8230; BRAVO \u00e0 tous et aux accompagnateurs Yannick and C\u00b0 &#8230;<\/p>\n\n\n\n<p>A noter le belle Perf de notre stadiste de coeur et sponsor du CLUB avec son entreprise TECHNI INDUSTRIE, Fred LELASSEUX qui a boucl\u00e9 le Grand Raid en un un plus de 40h ! BRAVO \u00e0 lui de la part de tous ses copains de Club ! Parmi nos ex stadiste , Elouan OUSSENEKAN n&rsquo;a pu rallier l&rsquo;arriv\u00e9e et a d\u00fc se r\u00e9soudre a abandonner apr\u00e8s 29H53 de course et 129km parcourus tout de m\u00eame , BRAVO \u00e0 lui  &#8230; <\/p>\n\n\n\n<p>Prochainement sur ce site les impressions de nos &#8230; survivants Runners  \u00e0 l&rsquo;un des plus durs TRAILS au monde !!!!<\/p>\n","protected":false},"excerpt":{"rendered":"<p>Pierrick HUAULME, Jean Michel GUINAIS et St\u00e9phane TROPEE &#8230; Apr\u00e8s 167 Km de p\u00e9riple sur les chemins et pentes glissantes et escarp\u00e9es de cette superbe \u00cele de la REUNION , 3 de comp\u00e8res ULTRA TRAILERS ont r\u00e9ussi cet exploit de terminer le GRAND RAID de la DIAGONALES des FOUS qui n&rsquo;a jamais aussi bien port\u00e9 son nom avec ses 10000m de d\u00e9nivel\u00e9s : Ascencion du volcan toujours actif du Piton de la fournaise, cirques de CILAOS, MAFATE et une partie de SALAZIE et arriv\u00e9e au Stade de la REDOUTE \u00e0 ST DENIS au Nord de l&rsquo;\u00eele ! Arriv\u00e9e de nos athl\u00e8tes au bout de &#8230; 54H41&rsquo;21 !!!!! COACH Thomas FONNARD , lui a d\u00fb se r\u00e9soudre \u00e0 abandonner au bout de 22H 23&rsquo;28 sur blessure &#8230; BRAVO \u00e0 tous et aux accompagnateurs Yannick and C\u00b0 &#8230; A noter le belle Perf de notre stadiste de coeur et sponsor du CLUB avec son entreprise TECHNI INDUSTRIE, Fred LELASSEUX qui a boucl\u00e9 le Grand Raid en un un plus de 40h ! BRAVO \u00e0 lui de la part de tous ses copains de Club ! Parmi nos ex stadiste , Elouan OUSSENEKAN n&rsquo;a pu rallier l&rsquo;arriv\u00e9e et a d\u00fc se r\u00e9soudre a abandonner apr\u00e8s 29H53 de course et 129km parcourus tout de m\u00eame , BRAVO \u00e0 lui &#8230; Prochainement sur ce site les impressions de nos &#8230; survivants Runners \u00e0 l&rsquo;un des plus durs TRAILS au monde !!!!<\/p>\n","protected":false},"author":4,"featured_media":4174,"comment_status":"open","ping_status":"open","sticky":false,"template":"","format":"standard","meta":{"footnotes":""},"categories":[14],"tags":[],"class_list":["post-4172","post","type-post","status-publish","format-standard","has-post-thumbnail","hentry","category-actualites"],"yoast_head":"<!-- This site is optimized with the Yoast SEO plugin v27.2 - https:\/\/yoast.com\/product\/yoast-seo-wordpress\/ -->\n<title>3 licenci\u00e9s de la section LOISIRS du L2A53 au MYTHIQUE ULTRA TRAIL de la REUNION ! - Laval Agglo Athl\u00e9tisme<\/title>\n<meta name=\"robots\" content=\"index, follow, max-snippet:-1, max-image-preview:large, max-video-preview:-1\" \/>\n<link rel=\"canonical\" href=\"https:\/\/www.lavalaggloathle53.fr\/index.php\/2023\/10\/22\/4-licencies-de-la-section-loisirs-du-l2a53-au-mythique-ultra-trail-de-la-reunion\/\" \/>\n<meta property=\"og:locale\" content=\"fr_FR\" \/>\n<meta property=\"og:type\" content=\"article\" \/>\n<meta property=\"og:title\" content=\"3 licenci\u00e9s de la section LOISIRS du L2A53 au MYTHIQUE ULTRA TRAIL de la REUNION ! - Laval Agglo Athl\u00e9tisme\" \/>\n<meta property=\"og:description\" content=\"Pierrick HUAULME, Jean Michel GUINAIS et St\u00e9phane TROPEE &#8230; Apr\u00e8s 167 Km de p\u00e9riple sur les chemins et pentes glissantes et escarp\u00e9es de cette superbe \u00cele de la REUNION , 3 de comp\u00e8res ULTRA TRAILERS ont r\u00e9ussi cet exploit de terminer le GRAND RAID de la DIAGONALES des FOUS qui n&rsquo;a jamais aussi bien port\u00e9 son nom avec ses 10000m de d\u00e9nivel\u00e9s : Ascencion du volcan toujours actif du Piton de la fournaise, cirques de CILAOS, MAFATE et une partie de SALAZIE et arriv\u00e9e au Stade de la REDOUTE \u00e0 ST DENIS au Nord de l&rsquo;\u00eele ! Arriv\u00e9e de nos athl\u00e8tes au bout de &#8230; 54H41&rsquo;21 !!!!! COACH Thomas FONNARD , lui a d\u00fb se r\u00e9soudre \u00e0 abandonner au bout de 22H 23&rsquo;28 sur blessure &#8230; BRAVO \u00e0 tous et aux accompagnateurs Yannick and C\u00b0 &#8230; A noter le belle Perf de notre stadiste de coeur et sponsor du CLUB avec son entreprise TECHNI INDUSTRIE, Fred LELASSEUX qui a boucl\u00e9 le Grand Raid en un un plus de 40h ! BRAVO \u00e0 lui de la part de tous ses copains de Club ! Parmi nos ex stadiste , Elouan OUSSENEKAN n&rsquo;a pu rallier l&rsquo;arriv\u00e9e et a d\u00fc se r\u00e9soudre a abandonner apr\u00e8s 29H53 de course et 129km parcourus tout de m\u00eame , BRAVO \u00e0 lui &#8230; Prochainement sur ce site les impressions de nos &#8230; survivants Runners \u00e0 l&rsquo;un des plus durs TRAILS au monde !!!!\" \/>\n<meta property=\"og:url\" content=\"https:\/\/www.lavalaggloathle53.fr\/index.php\/2023\/10\/22\/4-licencies-de-la-section-loisirs-du-l2a53-au-mythique-ultra-trail-de-la-reunion\/\" \/>\n<meta property=\"og:site_name\" content=\"Laval Agglo Athl\u00e9tisme\" \/>\n<meta property=\"article:publisher\" content=\"https:\/\/www.facebook.com\/stadelavalloisathletisme\" \/>\n<meta property=\"article:published_time\" content=\"2023-10-22T09:00:28+00:00\" \/>\n<meta property=\"article:modified_time\" content=\"2023-10-23T23:08:11+00:00\" \/>\n<meta property=\"og:image\" content=\"https:\/\/www.lavalaggloathle53.fr\/wp-content\/uploads\/2023\/10\/IMG-20231022-WA0000.jpg\" \/>\n\t<meta property=\"og:image:width\" content=\"1200\" \/>\n\t<meta property=\"og:image:height\" content=\"1600\" \/>\n\t<meta property=\"og:image:type\" content=\"image\/jpeg\" \/>\n<meta name=\"author\" content=\"Pascal BISSON\" \/>\n<meta name=\"twitter:card\" content=\"summary_large_image\" \/>\n<meta name=\"twitter:label1\" content=\"\u00c9crit par\" \/>\n\t<meta name=\"twitter:data1\" content=\"Pascal BISSON\" \/>\n\t<meta name=\"twitter:label2\" content=\"Dur\u00e9e de lecture estim\u00e9e\" \/>\n\t<meta name=\"twitter:data2\" content=\"2 minutes\" \/>\n<script type=\"application\/ld+json\" class=\"yoast-schema-graph\">{\"@context\":\"https:\/\/schema.org\",\"@graph\":[{\"@type\":\"Article\",\"@id\":\"https:\/\/www.lavalaggloathle53.fr\/index.php\/2023\/10\/22\/4-licencies-de-la-section-loisirs-du-l2a53-au-mythique-ultra-trail-de-la-reunion\/#article\",\"isPartOf\":{\"@id\":\"https:\/\/www.lavalaggloathle53.fr\/index.php\/2023\/10\/22\/4-licencies-de-la-section-loisirs-du-l2a53-au-mythique-ultra-trail-de-la-reunion\/\"},\"author\":{\"name\":\"Pascal BISSON\",\"@id\":\"https:\/\/www.lavalaggloathle53.fr\/#\/schema\/person\/979647d1a9707730d91bfc766caadc0b\"},\"headline\":\"3 licenci\u00e9s de la section LOISIRS du L2A53 au MYTHIQUE ULTRA TRAIL de la REUNION !\",\"datePublished\":\"2023-10-22T09:00:28+00:00\",\"dateModified\":\"2023-10-23T23:08:11+00:00\",\"mainEntityOfPage\":{\"@id\":\"https:\/\/www.lavalaggloathle53.fr\/index.php\/2023\/10\/22\/4-licencies-de-la-section-loisirs-du-l2a53-au-mythique-ultra-trail-de-la-reunion\/\"},\"wordCount\":346,\"commentCount\":3,\"image\":{\"@id\":\"https:\/\/www.lavalaggloathle53.fr\/index.php\/2023\/10\/22\/4-licencies-de-la-section-loisirs-du-l2a53-au-mythique-ultra-trail-de-la-reunion\/#primaryimage\"},\"thumbnailUrl\":\"https:\/\/www.lavalaggloathle53.fr\/wp-content\/uploads\/2023\/10\/IMG-20231022-WA0000.jpg\",\"articleSection\":[\"Actualit\u00e9s\"],\"inLanguage\":\"fr-FR\",\"potentialAction\":[{\"@type\":\"CommentAction\",\"name\":\"Comment\",\"target\":[\"https:\/\/www.lavalaggloathle53.fr\/index.php\/2023\/10\/22\/4-licencies-de-la-section-loisirs-du-l2a53-au-mythique-ultra-trail-de-la-reunion\/#respond\"]}]},{\"@type\":\"WebPage\",\"@id\":\"https:\/\/www.lavalaggloathle53.fr\/index.php\/2023\/10\/22\/4-licencies-de-la-section-loisirs-du-l2a53-au-mythique-ultra-trail-de-la-reunion\/\",\"url\":\"https:\/\/www.lavalaggloathle53.fr\/index.php\/2023\/10\/22\/4-licencies-de-la-section-loisirs-du-l2a53-au-mythique-ultra-trail-de-la-reunion\/\",\"name\":\"3 licenci\u00e9s de la section LOISIRS du L2A53 au MYTHIQUE ULTRA TRAIL de la REUNION ! - Laval Agglo Athl\u00e9tisme\",\"isPartOf\":{\"@id\":\"https:\/\/www.lavalaggloathle53.fr\/#website\"},\"primaryImageOfPage\":{\"@id\":\"https:\/\/www.lavalaggloathle53.fr\/index.php\/2023\/10\/22\/4-licencies-de-la-section-loisirs-du-l2a53-au-mythique-ultra-trail-de-la-reunion\/#primaryimage\"},\"image\":{\"@id\":\"https:\/\/www.lavalaggloathle53.fr\/index.php\/2023\/10\/22\/4-licencies-de-la-section-loisirs-du-l2a53-au-mythique-ultra-trail-de-la-reunion\/#primaryimage\"},\"thumbnailUrl\":\"https:\/\/www.lavalaggloathle53.fr\/wp-content\/uploads\/2023\/10\/IMG-20231022-WA0000.jpg\",\"datePublished\":\"2023-10-22T09:00:28+00:00\",\"dateModified\":\"2023-10-23T23:08:11+00:00\",\"author\":{\"@id\":\"https:\/\/www.lavalaggloathle53.fr\/#\/schema\/person\/979647d1a9707730d91bfc766caadc0b\"},\"breadcrumb\":{\"@id\":\"https:\/\/www.lavalaggloathle53.fr\/index.php\/2023\/10\/22\/4-licencies-de-la-section-loisirs-du-l2a53-au-mythique-ultra-trail-de-la-reunion\/#breadcrumb\"},\"inLanguage\":\"fr-FR\",\"potentialAction\":[{\"@type\":\"ReadAction\",\"target\":[\"https:\/\/www.lavalaggloathle53.fr\/index.php\/2023\/10\/22\/4-licencies-de-la-section-loisirs-du-l2a53-au-mythique-ultra-trail-de-la-reunion\/\"]}]},{\"@type\":\"ImageObject\",\"inLanguage\":\"fr-FR\",\"@id\":\"https:\/\/www.lavalaggloathle53.fr\/index.php\/2023\/10\/22\/4-licencies-de-la-section-loisirs-du-l2a53-au-mythique-ultra-trail-de-la-reunion\/#primaryimage\",\"url\":\"https:\/\/www.lavalaggloathle53.fr\/wp-content\/uploads\/2023\/10\/IMG-20231022-WA0000.jpg\",\"contentUrl\":\"https:\/\/www.lavalaggloathle53.fr\/wp-content\/uploads\/2023\/10\/IMG-20231022-WA0000.jpg\",\"width\":1200,\"height\":1600},{\"@type\":\"BreadcrumbList\",\"@id\":\"https:\/\/www.lavalaggloathle53.fr\/index.php\/2023\/10\/22\/4-licencies-de-la-section-loisirs-du-l2a53-au-mythique-ultra-trail-de-la-reunion\/#breadcrumb\",\"itemListElement\":[{\"@type\":\"ListItem\",\"position\":1,\"name\":\"Accueil\",\"item\":\"https:\/\/www.lavalaggloathle53.fr\/\"},{\"@type\":\"ListItem\",\"position\":2,\"name\":\"3 licenci\u00e9s de la section LOISIRS du L2A53 au MYTHIQUE ULTRA TRAIL de la REUNION !\"}]},{\"@type\":\"WebSite\",\"@id\":\"https:\/\/www.lavalaggloathle53.fr\/#website\",\"url\":\"https:\/\/www.lavalaggloathle53.fr\/\",\"name\":\"Laval Agglo Athl\u00e9tisme\",\"description\":\"L&#039;athl\u00e9, un sport pour tous\",\"alternateName\":\"L2A53\",\"potentialAction\":[{\"@type\":\"SearchAction\",\"target\":{\"@type\":\"EntryPoint\",\"urlTemplate\":\"https:\/\/www.lavalaggloathle53.fr\/?s={search_term_string}\"},\"query-input\":{\"@type\":\"PropertyValueSpecification\",\"valueRequired\":true,\"valueName\":\"search_term_string\"}}],\"inLanguage\":\"fr-FR\"},{\"@type\":\"Person\",\"@id\":\"https:\/\/www.lavalaggloathle53.fr\/#\/schema\/person\/979647d1a9707730d91bfc766caadc0b\",\"name\":\"Pascal BISSON\",\"image\":{\"@type\":\"ImageObject\",\"inLanguage\":\"fr-FR\",\"@id\":\"https:\/\/secure.gravatar.com\/avatar\/59596d86ade6d559609912f789f6ddaf324a4bb824fbedeaf0ccebc5c1967658?s=96&d=mm&r=g\",\"url\":\"https:\/\/secure.gravatar.com\/avatar\/59596d86ade6d559609912f789f6ddaf324a4bb824fbedeaf0ccebc5c1967658?s=96&d=mm&r=g\",\"contentUrl\":\"https:\/\/secure.gravatar.com\/avatar\/59596d86ade6d559609912f789f6ddaf324a4bb824fbedeaf0ccebc5c1967658?s=96&d=mm&r=g\",\"caption\":\"Pascal BISSON\"},\"sameAs\":[\"https:\/\/www.lavalaggloathle53.fr\"],\"url\":\"https:\/\/www.lavalaggloathle53.fr\/index.php\/author\/bis53\/\"}]}<\/script>\n<!-- \/ Yoast SEO plugin. -->","yoast_head_json":{"title":"3 licenci\u00e9s de la section LOISIRS du L2A53 au MYTHIQUE ULTRA TRAIL de la REUNION ! - Laval Agglo Athl\u00e9tisme","robots":{"index":"index","follow":"follow","max-snippet":"max-snippet:-1","max-image-preview":"max-image-preview:large","max-video-preview":"max-video-preview:-1"},"canonical":"https:\/\/www.lavalaggloathle53.fr\/index.php\/2023\/10\/22\/4-licencies-de-la-section-loisirs-du-l2a53-au-mythique-ultra-trail-de-la-reunion\/","og_locale":"fr_FR","og_type":"article","og_title":"3 licenci\u00e9s de la section LOISIRS du L2A53 au MYTHIQUE ULTRA TRAIL de la REUNION ! - Laval Agglo Athl\u00e9tisme","og_description":"Pierrick HUAULME, Jean Michel GUINAIS et St\u00e9phane TROPEE &#8230; Apr\u00e8s 167 Km de p\u00e9riple sur les chemins et pentes glissantes et escarp\u00e9es de cette superbe \u00cele de la REUNION , 3 de comp\u00e8res ULTRA TRAILERS ont r\u00e9ussi cet exploit de terminer le GRAND RAID de la DIAGONALES des FOUS qui n&rsquo;a jamais aussi bien port\u00e9 son nom avec ses 10000m de d\u00e9nivel\u00e9s : Ascencion du volcan toujours actif du Piton de la fournaise, cirques de CILAOS, MAFATE et une partie de SALAZIE et arriv\u00e9e au Stade de la REDOUTE \u00e0 ST DENIS au Nord de l&rsquo;\u00eele ! Arriv\u00e9e de nos athl\u00e8tes au bout de &#8230; 54H41&rsquo;21 !!!!! COACH Thomas FONNARD , lui a d\u00fb se r\u00e9soudre \u00e0 abandonner au bout de 22H 23&rsquo;28 sur blessure &#8230; BRAVO \u00e0 tous et aux accompagnateurs Yannick and C\u00b0 &#8230; A noter le belle Perf de notre stadiste de coeur et sponsor du CLUB avec son entreprise TECHNI INDUSTRIE, Fred LELASSEUX qui a boucl\u00e9 le Grand Raid en un un plus de 40h ! BRAVO \u00e0 lui de la part de tous ses copains de Club ! Parmi nos ex stadiste , Elouan OUSSENEKAN n&rsquo;a pu rallier l&rsquo;arriv\u00e9e et a d\u00fc se r\u00e9soudre a abandonner apr\u00e8s 29H53 de course et 129km parcourus tout de m\u00eame , BRAVO \u00e0 lui &#8230; Prochainement sur ce site les impressions de nos &#8230; survivants Runners \u00e0 l&rsquo;un des plus durs TRAILS au monde !!!!","og_url":"https:\/\/www.lavalaggloathle53.fr\/index.php\/2023\/10\/22\/4-licencies-de-la-section-loisirs-du-l2a53-au-mythique-ultra-trail-de-la-reunion\/","og_site_name":"Laval Agglo Athl\u00e9tisme","article_publisher":"https:\/\/www.facebook.com\/stadelavalloisathletisme","article_published_time":"2023-10-22T09:00:28+00:00","article_modified_time":"2023-10-23T23:08:11+00:00","og_image":[{"width":1200,"height":1600,"url":"https:\/\/www.lavalaggloathle53.fr\/wp-content\/uploads\/2023\/10\/IMG-20231022-WA0000.jpg","type":"image\/jpeg"}],"author":"Pascal BISSON","twitter_card":"summary_large_image","twitter_misc":{"\u00c9crit par":"Pascal BISSON","Dur\u00e9e de lecture estim\u00e9e":"2 minutes"},"schema":{"@context":"https:\/\/schema.org","@graph":[{"@type":"Article","@id":"https:\/\/www.lavalaggloathle53.fr\/index.php\/2023\/10\/22\/4-licencies-de-la-section-loisirs-du-l2a53-au-mythique-ultra-trail-de-la-reunion\/#article","isPartOf":{"@id":"https:\/\/www.lavalaggloathle53.fr\/index.php\/2023\/10\/22\/4-licencies-de-la-section-loisirs-du-l2a53-au-mythique-ultra-trail-de-la-reunion\/"},"author":{"name":"Pascal BISSON","@id":"https:\/\/www.lavalaggloathle53.fr\/#\/schema\/person\/979647d1a9707730d91bfc766caadc0b"},"headline":"3 licenci\u00e9s de la section LOISIRS du L2A53 au MYTHIQUE ULTRA TRAIL de la REUNION !","datePublished":"2023-10-22T09:00:28+00:00","dateModified":"2023-10-23T23:08:11+00:00","mainEntityOfPage":{"@id":"https:\/\/www.lavalaggloathle53.fr\/index.php\/2023\/10\/22\/4-licencies-de-la-section-loisirs-du-l2a53-au-mythique-ultra-trail-de-la-reunion\/"},"wordCount":346,"commentCount":3,"image":{"@id":"https:\/\/www.lavalaggloathle53.fr\/index.php\/2023\/10\/22\/4-licencies-de-la-section-loisirs-du-l2a53-au-mythique-ultra-trail-de-la-reunion\/#primaryimage"},"thumbnailUrl":"https:\/\/www.lavalaggloathle53.fr\/wp-content\/uploads\/2023\/10\/IMG-20231022-WA0000.jpg","articleSection":["Actualit\u00e9s"],"inLanguage":"fr-FR","potentialAction":[{"@type":"CommentAction","name":"Comment","target":["https:\/\/www.lavalaggloathle53.fr\/index.php\/2023\/10\/22\/4-licencies-de-la-section-loisirs-du-l2a53-au-mythique-ultra-trail-de-la-reunion\/#respond"]}]},{"@type":"WebPage","@id":"https:\/\/www.lavalaggloathle53.fr\/index.php\/2023\/10\/22\/4-licencies-de-la-section-loisirs-du-l2a53-au-mythique-ultra-trail-de-la-reunion\/","url":"https:\/\/www.lavalaggloathle53.fr\/index.php\/2023\/10\/22\/4-licencies-de-la-section-loisirs-du-l2a53-au-mythique-ultra-trail-de-la-reunion\/","name":"3 licenci\u00e9s de la section LOISIRS du L2A53 au MYTHIQUE ULTRA TRAIL de la REUNION ! - Laval Agglo Athl\u00e9tisme","isPartOf":{"@id":"https:\/\/www.lavalaggloathle53.fr\/#website"},"primaryImageOfPage":{"@id":"https:\/\/www.lavalaggloathle53.fr\/index.php\/2023\/10\/22\/4-licencies-de-la-section-loisirs-du-l2a53-au-mythique-ultra-trail-de-la-reunion\/#primaryimage"},"image":{"@id":"https:\/\/www.lavalaggloathle53.fr\/index.php\/2023\/10\/22\/4-licencies-de-la-section-loisirs-du-l2a53-au-mythique-ultra-trail-de-la-reunion\/#primaryimage"},"thumbnailUrl":"https:\/\/www.lavalaggloathle53.fr\/wp-content\/uploads\/2023\/10\/IMG-20231022-WA0000.jpg","datePublished":"2023-10-22T09:00:28+00:00","dateModified":"2023-10-23T23:08:11+00:00","author":{"@id":"https:\/\/www.lavalaggloathle53.fr\/#\/schema\/person\/979647d1a9707730d91bfc766caadc0b"},"breadcrumb":{"@id":"https:\/\/www.lavalaggloathle53.fr\/index.php\/2023\/10\/22\/4-licencies-de-la-section-loisirs-du-l2a53-au-mythique-ultra-trail-de-la-reunion\/#breadcrumb"},"inLanguage":"fr-FR","potentialAction":[{"@type":"ReadAction","target":["https:\/\/www.lavalaggloathle53.fr\/index.php\/2023\/10\/22\/4-licencies-de-la-section-loisirs-du-l2a53-au-mythique-ultra-trail-de-la-reunion\/"]}]},{"@type":"ImageObject","inLanguage":"fr-FR","@id":"https:\/\/www.lavalaggloathle53.fr\/index.php\/2023\/10\/22\/4-licencies-de-la-section-loisirs-du-l2a53-au-mythique-ultra-trail-de-la-reunion\/#primaryimage","url":"https:\/\/www.lavalaggloathle53.fr\/wp-content\/uploads\/2023\/10\/IMG-20231022-WA0000.jpg","contentUrl":"https:\/\/www.lavalaggloathle53.fr\/wp-content\/uploads\/2023\/10\/IMG-20231022-WA0000.jpg","width":1200,"height":1600},{"@type":"BreadcrumbList","@id":"https:\/\/www.lavalaggloathle53.fr\/index.php\/2023\/10\/22\/4-licencies-de-la-section-loisirs-du-l2a53-au-mythique-ultra-trail-de-la-reunion\/#breadcrumb","itemListElement":[{"@type":"ListItem","position":1,"name":"Accueil","item":"https:\/\/www.lavalaggloathle53.fr\/"},{"@type":"ListItem","position":2,"name":"3 licenci\u00e9s de la section LOISIRS du L2A53 au MYTHIQUE ULTRA TRAIL de la REUNION !"}]},{"@type":"WebSite","@id":"https:\/\/www.lavalaggloathle53.fr\/#website","url":"https:\/\/www.lavalaggloathle53.fr\/","name":"Laval Agglo Athl\u00e9tisme","description":"L&#039;athl\u00e9, un sport pour tous","alternateName":"L2A53","potentialAction":[{"@type":"SearchAction","target":{"@type":"EntryPoint","urlTemplate":"https:\/\/www.lavalaggloathle53.fr\/?s={search_term_string}"},"query-input":{"@type":"PropertyValueSpecification","valueRequired":true,"valueName":"search_term_string"}}],"inLanguage":"fr-FR"},{"@type":"Person","@id":"https:\/\/www.lavalaggloathle53.fr\/#\/schema\/person\/979647d1a9707730d91bfc766caadc0b","name":"Pascal BISSON","image":{"@type":"ImageObject","inLanguage":"fr-FR","@id":"https:\/\/secure.gravatar.com\/avatar\/59596d86ade6d559609912f789f6ddaf324a4bb824fbedeaf0ccebc5c1967658?s=96&d=mm&r=g","url":"https:\/\/secure.gravatar.com\/avatar\/59596d86ade6d559609912f789f6ddaf324a4bb824fbedeaf0ccebc5c1967658?s=96&d=mm&r=g","contentUrl":"https:\/\/secure.gravatar.com\/avatar\/59596d86ade6d559609912f789f6ddaf324a4bb824fbedeaf0ccebc5c1967658?s=96&d=mm&r=g","caption":"Pascal BISSON"},"sameAs":["https:\/\/www.lavalaggloathle53.fr"],"url":"https:\/\/www.lavalaggloathle53.fr\/index.php\/author\/bis53\/"}]}},"_links":{"self":[{"href":"https:\/\/www.lavalaggloathle53.fr\/index.php\/wp-json\/wp\/v2\/posts\/4172","targetHints":{"allow":["GET"]}}],"collection":[{"href":"https:\/\/www.lavalaggloathle53.fr\/index.php\/wp-json\/wp\/v2\/posts"}],"about":[{"href":"https:\/\/www.lavalaggloathle53.fr\/index.php\/wp-json\/wp\/v2\/types\/post"}],"author":[{"embeddable":true,"href":"https:\/\/www.lavalaggloathle53.fr\/index.php\/wp-json\/wp\/v2\/users\/4"}],"replies":[{"embeddable":true,"href":"https:\/\/www.lavalaggloathle53.fr\/index.php\/wp-json\/wp\/v2\/comments?post=4172"}],"version-history":[{"count":10,"href":"https:\/\/www.lavalaggloathle53.fr\/index.php\/wp-json\/wp\/v2\/posts\/4172\/revisions"}],"predecessor-version":[{"id":4225,"href":"https:\/\/www.lavalaggloathle53.fr\/index.php\/wp-json\/wp\/v2\/posts\/4172\/revisions\/4225"}],"wp:featuredmedia":[{"embeddable":true,"href":"https:\/\/www.lavalaggloathle53.fr\/index.php\/wp-json\/wp\/v2\/media\/4174"}],"wp:attachment":[{"href":"https:\/\/www.lavalaggloathle53.fr\/index.php\/wp-json\/wp\/v2\/media?parent=4172"}],"wp:term":[{"taxonomy":"category","embeddable":true,"href":"https:\/\/www.lavalaggloathle53.fr\/index.php\/wp-json\/wp\/v2\/categories?post=4172"},{"taxonomy":"post_tag","embeddable":true,"href":"https:\/\/www.lavalaggloathle53.fr\/index.php\/wp-json\/wp\/v2\/tags?post=4172"}],"curies":[{"name":"wp","href":"https:\/\/api.w.org\/{rel}","templated":true}]}}