{"id":4101,"date":"2023-10-11T17:00:02","date_gmt":"2023-10-11T15:00:02","guid":{"rendered":"https:\/\/www.lavalaggloathle53.fr\/?p=4101"},"modified":"2023-10-15T13:51:06","modified_gmt":"2023-10-15T11:51:06","slug":"lolympiade-culturelle-de-laval-vous-invite-a-une-deambulation-urbaine-a-velo-reliant-les-trois-centres-de-preparation-aux-jeux-olympiques","status":"publish","type":"post","link":"https:\/\/www.lavalaggloathle53.fr\/index.php\/2023\/10\/11\/lolympiade-culturelle-de-laval-vous-invite-a-une-deambulation-urbaine-a-velo-reliant-les-trois-centres-de-preparation-aux-jeux-olympiques\/","title":{"rendered":"L\u2019Olympiade Culturelle de Laval vous invite \u00e0 une d\u00e9ambulation urbaine \u00e0 v\u00e9lo reliant les trois Centres de Pr\u00e9paration aux Jeux Olympiques ce samedi 14 octobre !"},"content":{"rendered":"\t\t<div data-elementor-type=\"wp-post\" data-elementor-id=\"4101\" class=\"elementor elementor-4101\">\n\t\t\t\t\t\t<section class=\"elementor-section elementor-top-section elementor-element elementor-element-149c9b8 elementor-section-boxed elementor-section-height-default elementor-section-height-default wpr-particle-no wpr-jarallax-no wpr-parallax-no wpr-sticky-section-no wpr-equal-height-no\" data-id=\"149c9b8\" data-element_type=\"section\" data-e-type=\"section\">\n\t\t\t\t\t\t<div class=\"elementor-container elementor-column-gap-default\">\n\t\t\t\t\t<div class=\"elementor-column elementor-col-100 elementor-top-column elementor-element elementor-element-8626e9d\" data-id=\"8626e9d\" data-element_type=\"column\" data-e-type=\"column\">\n\t\t\t<div class=\"elementor-widget-wrap elementor-element-populated\">\n\t\t\t\t\t\t<div class=\"elementor-element elementor-element-147f58f elementor-widget elementor-widget-text-editor\" data-id=\"147f58f\" data-element_type=\"widget\" data-e-type=\"widget\" data-widget_type=\"text-editor.default\">\n\t\t\t\t<div class=\"elementor-widget-container\">\n\t\t\t\t\t\t\t\t\t<p style=\"margin-bottom: 1rem; font-size: 14.4px; letter-spacing: normal;\">Les Jeux Olympiques sont donc une c\u00e9l\u00e9bration totale tant sportive, qu\u2019artistique et culturelle. En pr\u00e9lude de ce moment festif \u00e0 venir, entre sport et culture, nous vous proposons de d\u00e9couvrir, \u00e0 chacune de vos \u00e9tapes, une discipline sportive et un des trois mus\u00e9es d\u2019art de Laval.<\/p><p style=\"margin-bottom: 1rem; font-size: 14.4px; letter-spacing: normal;\">Dans chaque lieu, vous validerez un passeport vous permettant de participer \u00e0 un tirage au sort organis\u00e9 au moment de la cl\u00f4ture de la journ\u00e9e afin de gagner des lots : deux entr\u00e9es pour une soir\u00e9e bien-\u00eatre et une entr\u00e9e hammam \u00e0 l\u2019Aquabulle ! Tous les lieux sont accessibles toute la journ\u00e9e et vous n\u2019\u00eates pas oblig\u00e9 d\u2019effectuer le circuit dans son int\u00e9gralit\u00e9.<\/p><p style=\"margin-bottom: 1rem; font-size: 14.4px; letter-spacing: normal;\"><a style=\"color: #000000; text-decoration-line: none;\" href=\"https:\/\/umap.openstreetmap.fr\/fr\/map\/anonymous-edit\/931692:6VGL0GLHylntSkJsIhiWQj7iIqqdJENwnnWFmkgsBx8\"><span style=\"font-weight: bolder;\">Pour d\u00e9couvrir le circuit, cliquez ici.<\/span><\/a><\/p><p style=\"margin-bottom: 1rem; font-size: 14.4px; letter-spacing: normal;\"><span style=\"font-weight: bolder;\">Point de d\u00e9part, entre 9h30 et 16h, \u00e0 tout moment de la journ\u00e9e en fonction du programme que vous souhaitez suivre : Square de Boston.<\/span><\/p><p style=\"margin-bottom: 1rem; font-size: 14.4px; letter-spacing: normal;\"><span style=\"font-weight: bolder;\">Des v\u00e9los peuvent \u00eatre pr\u00eat\u00e9s pour petits et grands, en partenariat avec\u00a0<a style=\"color: #000000; text-decoration-line: none;\" href=\"https:\/\/www.urbaner.eu\/\">Urbaner<\/a>\u00a0et\u00a0<a style=\"color: #000000; text-decoration-line: none;\" href=\"https:\/\/www.laval-tourisme.com\/\">Laval Tourisme<\/a>.<br \/><\/span><\/p><ul style=\"margin-bottom: 1rem; color: #222222; font-family: 'Open Sans', sans-serif; font-size: 14.4px; letter-spacing: normal;\"><li><span style=\"font-weight: bolder;\">V\u00e9lodrome Fran\u00e7ois Pervis d\u2019Espace Mayenne \u2013 2 Rue Jos\u00e9phine Baker, Laval<\/span><\/li><\/ul><p style=\"margin-bottom: 1rem; font-size: 14.4px; letter-spacing: normal;\">D\u00e9couvrez la Micro-Folie de Laval Agglom\u00e9ration.<\/p><p style=\"margin-bottom: 1rem; font-size: 14.4px; letter-spacing: normal;\">Une fois par heure entre 10h et 16h, visitez du v\u00e9lodrome et \u00e9changez autour du paracyclisme sur piste, avec Laurent Seyeux, ancien champion de France sur piste de tandem.<\/p><p style=\"margin-bottom: 1rem; font-size: 14.4px; letter-spacing: normal;\">\u00c0 14h et 15h | D\u00e9monstration de cyclisme sur piste.<\/p><ul style=\"margin-bottom: 1rem; color: #222222; font-family: 'Open Sans', sans-serif; font-size: 14.4px; letter-spacing: normal;\"><li><span style=\"font-weight: bolder;\">Au stade Manuela Montebrun \u2013 103 Av. Pierre de Coubertin, Laval<\/span><\/li><\/ul><p style=\"margin-bottom: 1rem; font-size: 14.4px; letter-spacing: normal;\">D\u00e9couvrez une s\u00e9lection de visuels d\u2019oeuvres du MANAS | Mus\u00e9e d\u2019Art Na\u00eff et d\u2019Arts Singuliers.<\/p><p style=\"margin-bottom: 1rem; font-size: 14.4px; letter-spacing: normal;\">En continu entre 14h et 16h d\u00e9couvrez des disciplines de l\u2019athl\u00e9tisme avec L2A53 (Laval Agglo Athl\u00e9)<\/p><ul style=\"margin-bottom: 1rem; color: #222222; font-family: 'Open Sans', sans-serif; font-size: 14.4px; letter-spacing: normal;\"><li><span style=\"font-weight: bolder;\">\u00c0 la piscine Saint-Nicolas \u2013 139 Bd Jourdan, Laval<\/span><\/li><\/ul><p style=\"margin-bottom: 1rem; font-size: 14.4px; letter-spacing: normal;\">D\u00e9couvrez une s\u00e9lection de visuels d\u2019oeuvres de la collection Beaux-arts.<\/p><p style=\"margin-bottom: 1rem; font-size: 14.4px; letter-spacing: normal;\">\u00c0 9h15 | Aquagym.<\/p><p style=\"margin-bottom: 1rem; font-size: 14.4px; letter-spacing: normal;\">\u00c0 10h30 | Parcours sportif et aquatique avec handicap.<\/p><p style=\"margin-bottom: 1rem; font-size: 14.4px; letter-spacing: normal;\">\u00c0 14h | Visite des espaces techniques de la piscine.<\/p><p style=\"margin-bottom: 1rem; font-size: 14.4px; letter-spacing: normal;\"><span style=\"font-weight: bolder;\">(Pensez \u00e0 prendre vos maillots et bonnets de bain)<\/span><\/p><ul style=\"margin-bottom: 1rem; color: #222222; font-family: 'Open Sans', sans-serif; font-size: 14.4px; letter-spacing: normal;\"><li><span style=\"font-weight: bolder;\">Au Centre R\u00e9gional d\u2019Education et de Formation(CREF) \u2013 109 Av. Pierre de Coubertin, Laval<\/span><\/li><\/ul><p style=\"margin-bottom: 1rem; font-size: 14.4px; letter-spacing: normal;\">D\u00e9couvrez les cr\u00e9ations des enfants des \u00e9coles Alain, Saint-Joseph et Saint-Pierre inspir\u00e9es des \u0153uvres na\u00efves et singuli\u00e8res en lien avec le sport.<\/p><p style=\"margin-bottom: 1rem; font-size: 14.4px; letter-spacing: normal;\">D\u00e9couvrez une exposition autour de l\u2019histoire paralympisme con\u00e7ue par le Comit\u00e9 D\u00e9partemental Olympique et Sportif (CDOS).<\/p><p style=\"margin-bottom: 1rem; font-size: 14.4px; letter-spacing: normal;\"><span style=\"font-weight: bolder;\">Cl\u00f4ture de la journ\u00e9e \u00e0 16h30 au MANAS | Mus\u00e9e d\u2019Art Na\u00eff et d\u2019Arts Singuliers en pr\u00e9sence de Myriam Clavreul, multiple championne de France de paracano\u00e9.<\/span><\/p><div class=\"meta-expo\" style=\"font-size: 0.9em; margin-left: 63.6625px; margin-bottom: 3em; padding-left: 1em; border-left: 3px solid #e40042; color: #222222; font-family: 'Open Sans', sans-serif; letter-spacing: normal; clear: both; padding-top: 3em;\"><p style=\"margin-bottom: 1rem;\">Des v\u00e9los peuvent \u00eatre pr\u00eat\u00e9s pour petits et grands au Square de Boston de 10h \u00e0 16h.<\/p><p style=\"margin-bottom: 1rem;\">Pour les activit\u00e9s \u00e0 la piscine, prendre un maillot et un bonnet de bain.<\/p><p style=\"margin-bottom: 1rem;\">Tous les lieux sont accessibles toute la journ\u00e9e et vous n\u2019\u00eates pas oblig\u00e9 d\u2019effectuer le circuit dans son int\u00e9gralit\u00e9.<\/p><p style=\"margin-bottom: 1rem;\">\u00a0<\/p><\/div>\t\t\t\t\t\t\t\t<\/div>\n\t\t\t\t<\/div>\n\t\t\t\t\t<\/div>\n\t\t<\/div>\n\t\t\t\t\t<\/div>\n\t\t<\/section>\n\t\t\t\t<\/div>\n\t\t","protected":false},"excerpt":{"rendered":"<p>Les Jeux Olympiques sont donc une c\u00e9l\u00e9bration totale tant sportive, qu\u2019artistique et culturelle. En pr\u00e9lude de ce moment festif \u00e0 venir, entre sport et culture, nous vous proposons de d\u00e9couvrir, \u00e0 chacune de vos \u00e9tapes, une discipline sportive et un des trois mus\u00e9es d\u2019art de Laval. Dans chaque lieu, vous validerez un passeport vous permettant de participer \u00e0 un tirage au sort organis\u00e9 au moment de la cl\u00f4ture de la journ\u00e9e afin de gagner des lots : deux entr\u00e9es pour une soir\u00e9e bien-\u00eatre et une entr\u00e9e hammam \u00e0 l\u2019Aquabulle ! Tous les lieux sont accessibles toute la journ\u00e9e et vous n\u2019\u00eates pas oblig\u00e9 d\u2019effectuer le circuit dans son int\u00e9gralit\u00e9. Pour d\u00e9couvrir le circuit, cliquez ici. Point de d\u00e9part, entre 9h30 et 16h, \u00e0 tout moment de la journ\u00e9e en fonction du programme que vous souhaitez suivre : Square de Boston. Des v\u00e9los peuvent \u00eatre pr\u00eat\u00e9s pour petits et grands, en partenariat avec\u00a0Urbaner\u00a0et\u00a0Laval Tourisme. V\u00e9lodrome Fran\u00e7ois Pervis d\u2019Espace Mayenne \u2013 2 Rue Jos\u00e9phine Baker, Laval D\u00e9couvrez la Micro-Folie de Laval Agglom\u00e9ration. Une fois par heure entre 10h et 16h, visitez du v\u00e9lodrome et \u00e9changez autour du paracyclisme sur piste, avec Laurent Seyeux, ancien champion de France sur piste de tandem. \u00c0 14h et 15h | D\u00e9monstration de cyclisme sur piste. Au stade Manuela Montebrun \u2013 103 Av. Pierre de Coubertin, Laval D\u00e9couvrez une s\u00e9lection de visuels d\u2019oeuvres du MANAS | Mus\u00e9e d\u2019Art Na\u00eff et d\u2019Arts Singuliers. En continu entre 14h et 16h d\u00e9couvrez des disciplines de l\u2019athl\u00e9tisme avec L2A53 (Laval Agglo Athl\u00e9) \u00c0 la piscine Saint-Nicolas \u2013 139 Bd Jourdan, Laval D\u00e9couvrez une s\u00e9lection de visuels d\u2019oeuvres de la collection Beaux-arts. \u00c0 9h15 | Aquagym. \u00c0 10h30 | Parcours sportif et aquatique avec handicap. \u00c0 14h | Visite des espaces techniques de la piscine. (Pensez \u00e0 prendre vos maillots et bonnets de bain) Au Centre R\u00e9gional d\u2019Education et de Formation(CREF) \u2013 109 Av. Pierre de Coubertin, Laval D\u00e9couvrez les cr\u00e9ations des enfants des \u00e9coles Alain, Saint-Joseph et Saint-Pierre inspir\u00e9es des \u0153uvres na\u00efves et singuli\u00e8res en lien avec le sport. D\u00e9couvrez une exposition autour de l\u2019histoire paralympisme con\u00e7ue par le Comit\u00e9 D\u00e9partemental Olympique et Sportif (CDOS). Cl\u00f4ture de la journ\u00e9e \u00e0 16h30 au MANAS | Mus\u00e9e d\u2019Art Na\u00eff et d\u2019Arts Singuliers en pr\u00e9sence de Myriam Clavreul, multiple championne de France de paracano\u00e9. Des v\u00e9los peuvent \u00eatre pr\u00eat\u00e9s pour petits et grands au Square de Boston de 10h \u00e0 16h. Pour les activit\u00e9s \u00e0 la piscine, prendre un maillot et un bonnet de bain. Tous les lieux sont accessibles toute la journ\u00e9e et vous n\u2019\u00eates pas oblig\u00e9 d\u2019effectuer le circuit dans son int\u00e9gralit\u00e9.<\/p>\n","protected":false},"author":1,"featured_media":4107,"comment_status":"open","ping_status":"open","sticky":false,"template":"","format":"standard","meta":{"footnotes":""},"categories":[14],"tags":[],"class_list":["post-4101","post","type-post","status-publish","format-standard","has-post-thumbnail","hentry","category-actualites"],"yoast_head":"<!-- This site is optimized with the Yoast SEO plugin v27.2 - https:\/\/yoast.com\/product\/yoast-seo-wordpress\/ -->\n<title>L\u2019Olympiade Culturelle de Laval vous invite \u00e0 une d\u00e9ambulation urbaine \u00e0 v\u00e9lo reliant les trois Centres de Pr\u00e9paration aux Jeux Olympiques ce samedi 14 octobre ! - Laval Agglo Athl\u00e9tisme<\/title>\n<meta name=\"robots\" content=\"index, follow, max-snippet:-1, max-image-preview:large, max-video-preview:-1\" \/>\n<link rel=\"canonical\" href=\"https:\/\/www.lavalaggloathle53.fr\/index.php\/2023\/10\/11\/lolympiade-culturelle-de-laval-vous-invite-a-une-deambulation-urbaine-a-velo-reliant-les-trois-centres-de-preparation-aux-jeux-olympiques\/\" \/>\n<meta property=\"og:locale\" content=\"fr_FR\" \/>\n<meta property=\"og:type\" content=\"article\" \/>\n<meta property=\"og:title\" content=\"L\u2019Olympiade Culturelle de Laval vous invite \u00e0 une d\u00e9ambulation urbaine \u00e0 v\u00e9lo reliant les trois Centres de Pr\u00e9paration aux Jeux Olympiques ce samedi 14 octobre ! - Laval Agglo Athl\u00e9tisme\" \/>\n<meta property=\"og:description\" content=\"Les Jeux Olympiques sont donc une c\u00e9l\u00e9bration totale tant sportive, qu\u2019artistique et culturelle. En pr\u00e9lude de ce moment festif \u00e0 venir, entre sport et culture, nous vous proposons de d\u00e9couvrir, \u00e0 chacune de vos \u00e9tapes, une discipline sportive et un des trois mus\u00e9es d\u2019art de Laval. Dans chaque lieu, vous validerez un passeport vous permettant de participer \u00e0 un tirage au sort organis\u00e9 au moment de la cl\u00f4ture de la journ\u00e9e afin de gagner des lots : deux entr\u00e9es pour une soir\u00e9e bien-\u00eatre et une entr\u00e9e hammam \u00e0 l\u2019Aquabulle ! Tous les lieux sont accessibles toute la journ\u00e9e et vous n\u2019\u00eates pas oblig\u00e9 d\u2019effectuer le circuit dans son int\u00e9gralit\u00e9. Pour d\u00e9couvrir le circuit, cliquez ici. Point de d\u00e9part, entre 9h30 et 16h, \u00e0 tout moment de la journ\u00e9e en fonction du programme que vous souhaitez suivre : Square de Boston. Des v\u00e9los peuvent \u00eatre pr\u00eat\u00e9s pour petits et grands, en partenariat avec\u00a0Urbaner\u00a0et\u00a0Laval Tourisme. V\u00e9lodrome Fran\u00e7ois Pervis d\u2019Espace Mayenne \u2013 2 Rue Jos\u00e9phine Baker, Laval D\u00e9couvrez la Micro-Folie de Laval Agglom\u00e9ration. Une fois par heure entre 10h et 16h, visitez du v\u00e9lodrome et \u00e9changez autour du paracyclisme sur piste, avec Laurent Seyeux, ancien champion de France sur piste de tandem. \u00c0 14h et 15h | D\u00e9monstration de cyclisme sur piste. Au stade Manuela Montebrun \u2013 103 Av. Pierre de Coubertin, Laval D\u00e9couvrez une s\u00e9lection de visuels d\u2019oeuvres du MANAS | Mus\u00e9e d\u2019Art Na\u00eff et d\u2019Arts Singuliers. En continu entre 14h et 16h d\u00e9couvrez des disciplines de l\u2019athl\u00e9tisme avec L2A53 (Laval Agglo Athl\u00e9) \u00c0 la piscine Saint-Nicolas \u2013 139 Bd Jourdan, Laval D\u00e9couvrez une s\u00e9lection de visuels d\u2019oeuvres de la collection Beaux-arts. \u00c0 9h15 | Aquagym. \u00c0 10h30 | Parcours sportif et aquatique avec handicap. \u00c0 14h | Visite des espaces techniques de la piscine. (Pensez \u00e0 prendre vos maillots et bonnets de bain) Au Centre R\u00e9gional d\u2019Education et de Formation(CREF) \u2013 109 Av. Pierre de Coubertin, Laval D\u00e9couvrez les cr\u00e9ations des enfants des \u00e9coles Alain, Saint-Joseph et Saint-Pierre inspir\u00e9es des \u0153uvres na\u00efves et singuli\u00e8res en lien avec le sport. D\u00e9couvrez une exposition autour de l\u2019histoire paralympisme con\u00e7ue par le Comit\u00e9 D\u00e9partemental Olympique et Sportif (CDOS). Cl\u00f4ture de la journ\u00e9e \u00e0 16h30 au MANAS | Mus\u00e9e d\u2019Art Na\u00eff et d\u2019Arts Singuliers en pr\u00e9sence de Myriam Clavreul, multiple championne de France de paracano\u00e9. Des v\u00e9los peuvent \u00eatre pr\u00eat\u00e9s pour petits et grands au Square de Boston de 10h \u00e0 16h. Pour les activit\u00e9s \u00e0 la piscine, prendre un maillot et un bonnet de bain. Tous les lieux sont accessibles toute la journ\u00e9e et vous n\u2019\u00eates pas oblig\u00e9 d\u2019effectuer le circuit dans son int\u00e9gralit\u00e9.\" \/>\n<meta property=\"og:url\" content=\"https:\/\/www.lavalaggloathle53.fr\/index.php\/2023\/10\/11\/lolympiade-culturelle-de-laval-vous-invite-a-une-deambulation-urbaine-a-velo-reliant-les-trois-centres-de-preparation-aux-jeux-olympiques\/\" \/>\n<meta property=\"og:site_name\" content=\"Laval Agglo Athl\u00e9tisme\" \/>\n<meta property=\"article:publisher\" content=\"https:\/\/www.facebook.com\/stadelavalloisathletisme\" \/>\n<meta property=\"article:published_time\" content=\"2023-10-11T15:00:02+00:00\" \/>\n<meta property=\"article:modified_time\" content=\"2023-10-15T11:51:06+00:00\" \/>\n<meta property=\"og:image\" content=\"https:\/\/www.lavalaggloathle53.fr\/wp-content\/uploads\/2023\/10\/030.png\" \/>\n\t<meta property=\"og:image:width\" content=\"306\" \/>\n\t<meta property=\"og:image:height\" content=\"165\" \/>\n\t<meta property=\"og:image:type\" content=\"image\/png\" \/>\n<meta name=\"author\" content=\"admin1863\" \/>\n<meta name=\"twitter:card\" content=\"summary_large_image\" \/>\n<meta name=\"twitter:label1\" content=\"\u00c9crit par\" \/>\n\t<meta name=\"twitter:data1\" content=\"admin1863\" \/>\n\t<meta name=\"twitter:label2\" content=\"Dur\u00e9e de lecture estim\u00e9e\" \/>\n\t<meta name=\"twitter:data2\" content=\"3 minutes\" \/>\n<script type=\"application\/ld+json\" class=\"yoast-schema-graph\">{\"@context\":\"https:\/\/schema.org\",\"@graph\":[{\"@type\":\"Article\",\"@id\":\"https:\/\/www.lavalaggloathle53.fr\/index.php\/2023\/10\/11\/lolympiade-culturelle-de-laval-vous-invite-a-une-deambulation-urbaine-a-velo-reliant-les-trois-centres-de-preparation-aux-jeux-olympiques\/#article\",\"isPartOf\":{\"@id\":\"https:\/\/www.lavalaggloathle53.fr\/index.php\/2023\/10\/11\/lolympiade-culturelle-de-laval-vous-invite-a-une-deambulation-urbaine-a-velo-reliant-les-trois-centres-de-preparation-aux-jeux-olympiques\/\"},\"author\":{\"name\":\"admin1863\",\"@id\":\"https:\/\/www.lavalaggloathle53.fr\/#\/schema\/person\/14326b19a191e887fccf1bc1a1abeb33\"},\"headline\":\"L\u2019Olympiade Culturelle de Laval vous invite \u00e0 une d\u00e9ambulation urbaine \u00e0 v\u00e9lo reliant les trois Centres de Pr\u00e9paration aux Jeux Olympiques ce samedi 14 octobre !\",\"datePublished\":\"2023-10-11T15:00:02+00:00\",\"dateModified\":\"2023-10-15T11:51:06+00:00\",\"mainEntityOfPage\":{\"@id\":\"https:\/\/www.lavalaggloathle53.fr\/index.php\/2023\/10\/11\/lolympiade-culturelle-de-laval-vous-invite-a-une-deambulation-urbaine-a-velo-reliant-les-trois-centres-de-preparation-aux-jeux-olympiques\/\"},\"wordCount\":501,\"commentCount\":0,\"image\":{\"@id\":\"https:\/\/www.lavalaggloathle53.fr\/index.php\/2023\/10\/11\/lolympiade-culturelle-de-laval-vous-invite-a-une-deambulation-urbaine-a-velo-reliant-les-trois-centres-de-preparation-aux-jeux-olympiques\/#primaryimage\"},\"thumbnailUrl\":\"https:\/\/www.lavalaggloathle53.fr\/wp-content\/uploads\/2023\/10\/030.png\",\"articleSection\":[\"Actualit\u00e9s\"],\"inLanguage\":\"fr-FR\",\"potentialAction\":[{\"@type\":\"CommentAction\",\"name\":\"Comment\",\"target\":[\"https:\/\/www.lavalaggloathle53.fr\/index.php\/2023\/10\/11\/lolympiade-culturelle-de-laval-vous-invite-a-une-deambulation-urbaine-a-velo-reliant-les-trois-centres-de-preparation-aux-jeux-olympiques\/#respond\"]}]},{\"@type\":\"WebPage\",\"@id\":\"https:\/\/www.lavalaggloathle53.fr\/index.php\/2023\/10\/11\/lolympiade-culturelle-de-laval-vous-invite-a-une-deambulation-urbaine-a-velo-reliant-les-trois-centres-de-preparation-aux-jeux-olympiques\/\",\"url\":\"https:\/\/www.lavalaggloathle53.fr\/index.php\/2023\/10\/11\/lolympiade-culturelle-de-laval-vous-invite-a-une-deambulation-urbaine-a-velo-reliant-les-trois-centres-de-preparation-aux-jeux-olympiques\/\",\"name\":\"L\u2019Olympiade Culturelle de Laval vous invite \u00e0 une d\u00e9ambulation urbaine \u00e0 v\u00e9lo reliant les trois Centres de Pr\u00e9paration aux Jeux Olympiques ce samedi 14 octobre ! - Laval Agglo Athl\u00e9tisme\",\"isPartOf\":{\"@id\":\"https:\/\/www.lavalaggloathle53.fr\/#website\"},\"primaryImageOfPage\":{\"@id\":\"https:\/\/www.lavalaggloathle53.fr\/index.php\/2023\/10\/11\/lolympiade-culturelle-de-laval-vous-invite-a-une-deambulation-urbaine-a-velo-reliant-les-trois-centres-de-preparation-aux-jeux-olympiques\/#primaryimage\"},\"image\":{\"@id\":\"https:\/\/www.lavalaggloathle53.fr\/index.php\/2023\/10\/11\/lolympiade-culturelle-de-laval-vous-invite-a-une-deambulation-urbaine-a-velo-reliant-les-trois-centres-de-preparation-aux-jeux-olympiques\/#primaryimage\"},\"thumbnailUrl\":\"https:\/\/www.lavalaggloathle53.fr\/wp-content\/uploads\/2023\/10\/030.png\",\"datePublished\":\"2023-10-11T15:00:02+00:00\",\"dateModified\":\"2023-10-15T11:51:06+00:00\",\"author\":{\"@id\":\"https:\/\/www.lavalaggloathle53.fr\/#\/schema\/person\/14326b19a191e887fccf1bc1a1abeb33\"},\"breadcrumb\":{\"@id\":\"https:\/\/www.lavalaggloathle53.fr\/index.php\/2023\/10\/11\/lolympiade-culturelle-de-laval-vous-invite-a-une-deambulation-urbaine-a-velo-reliant-les-trois-centres-de-preparation-aux-jeux-olympiques\/#breadcrumb\"},\"inLanguage\":\"fr-FR\",\"potentialAction\":[{\"@type\":\"ReadAction\",\"target\":[\"https:\/\/www.lavalaggloathle53.fr\/index.php\/2023\/10\/11\/lolympiade-culturelle-de-laval-vous-invite-a-une-deambulation-urbaine-a-velo-reliant-les-trois-centres-de-preparation-aux-jeux-olympiques\/\"]}]},{\"@type\":\"ImageObject\",\"inLanguage\":\"fr-FR\",\"@id\":\"https:\/\/www.lavalaggloathle53.fr\/index.php\/2023\/10\/11\/lolympiade-culturelle-de-laval-vous-invite-a-une-deambulation-urbaine-a-velo-reliant-les-trois-centres-de-preparation-aux-jeux-olympiques\/#primaryimage\",\"url\":\"https:\/\/www.lavalaggloathle53.fr\/wp-content\/uploads\/2023\/10\/030.png\",\"contentUrl\":\"https:\/\/www.lavalaggloathle53.fr\/wp-content\/uploads\/2023\/10\/030.png\",\"width\":306,\"height\":165},{\"@type\":\"BreadcrumbList\",\"@id\":\"https:\/\/www.lavalaggloathle53.fr\/index.php\/2023\/10\/11\/lolympiade-culturelle-de-laval-vous-invite-a-une-deambulation-urbaine-a-velo-reliant-les-trois-centres-de-preparation-aux-jeux-olympiques\/#breadcrumb\",\"itemListElement\":[{\"@type\":\"ListItem\",\"position\":1,\"name\":\"Accueil\",\"item\":\"https:\/\/www.lavalaggloathle53.fr\/\"},{\"@type\":\"ListItem\",\"position\":2,\"name\":\"L\u2019Olympiade Culturelle de Laval vous invite \u00e0 une d\u00e9ambulation urbaine \u00e0 v\u00e9lo reliant les trois Centres de Pr\u00e9paration aux Jeux Olympiques ce samedi 14 octobre !\"}]},{\"@type\":\"WebSite\",\"@id\":\"https:\/\/www.lavalaggloathle53.fr\/#website\",\"url\":\"https:\/\/www.lavalaggloathle53.fr\/\",\"name\":\"Laval Agglo Athl\u00e9tisme\",\"description\":\"L&#039;athl\u00e9, un sport pour tous\",\"alternateName\":\"L2A53\",\"potentialAction\":[{\"@type\":\"SearchAction\",\"target\":{\"@type\":\"EntryPoint\",\"urlTemplate\":\"https:\/\/www.lavalaggloathle53.fr\/?s={search_term_string}\"},\"query-input\":{\"@type\":\"PropertyValueSpecification\",\"valueRequired\":true,\"valueName\":\"search_term_string\"}}],\"inLanguage\":\"fr-FR\"},{\"@type\":\"Person\",\"@id\":\"https:\/\/www.lavalaggloathle53.fr\/#\/schema\/person\/14326b19a191e887fccf1bc1a1abeb33\",\"name\":\"admin1863\",\"image\":{\"@type\":\"ImageObject\",\"inLanguage\":\"fr-FR\",\"@id\":\"https:\/\/secure.gravatar.com\/avatar\/8347406c444df2db908729d2fd689b7b748c6d794147252beb9eaaa7ec8488fb?s=96&d=mm&r=g\",\"url\":\"https:\/\/secure.gravatar.com\/avatar\/8347406c444df2db908729d2fd689b7b748c6d794147252beb9eaaa7ec8488fb?s=96&d=mm&r=g\",\"contentUrl\":\"https:\/\/secure.gravatar.com\/avatar\/8347406c444df2db908729d2fd689b7b748c6d794147252beb9eaaa7ec8488fb?s=96&d=mm&r=g\",\"caption\":\"admin1863\"},\"sameAs\":[\"http:\/\/www.lavalaggloathle53.fr\"],\"url\":\"https:\/\/www.lavalaggloathle53.fr\/index.php\/author\/admin1863\/\"}]}<\/script>\n<!-- \/ Yoast SEO plugin. -->","yoast_head_json":{"title":"L\u2019Olympiade Culturelle de Laval vous invite \u00e0 une d\u00e9ambulation urbaine \u00e0 v\u00e9lo reliant les trois Centres de Pr\u00e9paration aux Jeux Olympiques ce samedi 14 octobre ! - Laval Agglo Athl\u00e9tisme","robots":{"index":"index","follow":"follow","max-snippet":"max-snippet:-1","max-image-preview":"max-image-preview:large","max-video-preview":"max-video-preview:-1"},"canonical":"https:\/\/www.lavalaggloathle53.fr\/index.php\/2023\/10\/11\/lolympiade-culturelle-de-laval-vous-invite-a-une-deambulation-urbaine-a-velo-reliant-les-trois-centres-de-preparation-aux-jeux-olympiques\/","og_locale":"fr_FR","og_type":"article","og_title":"L\u2019Olympiade Culturelle de Laval vous invite \u00e0 une d\u00e9ambulation urbaine \u00e0 v\u00e9lo reliant les trois Centres de Pr\u00e9paration aux Jeux Olympiques ce samedi 14 octobre ! - Laval Agglo Athl\u00e9tisme","og_description":"Les Jeux Olympiques sont donc une c\u00e9l\u00e9bration totale tant sportive, qu\u2019artistique et culturelle. En pr\u00e9lude de ce moment festif \u00e0 venir, entre sport et culture, nous vous proposons de d\u00e9couvrir, \u00e0 chacune de vos \u00e9tapes, une discipline sportive et un des trois mus\u00e9es d\u2019art de Laval. Dans chaque lieu, vous validerez un passeport vous permettant de participer \u00e0 un tirage au sort organis\u00e9 au moment de la cl\u00f4ture de la journ\u00e9e afin de gagner des lots : deux entr\u00e9es pour une soir\u00e9e bien-\u00eatre et une entr\u00e9e hammam \u00e0 l\u2019Aquabulle ! Tous les lieux sont accessibles toute la journ\u00e9e et vous n\u2019\u00eates pas oblig\u00e9 d\u2019effectuer le circuit dans son int\u00e9gralit\u00e9. Pour d\u00e9couvrir le circuit, cliquez ici. Point de d\u00e9part, entre 9h30 et 16h, \u00e0 tout moment de la journ\u00e9e en fonction du programme que vous souhaitez suivre : Square de Boston. Des v\u00e9los peuvent \u00eatre pr\u00eat\u00e9s pour petits et grands, en partenariat avec\u00a0Urbaner\u00a0et\u00a0Laval Tourisme. V\u00e9lodrome Fran\u00e7ois Pervis d\u2019Espace Mayenne \u2013 2 Rue Jos\u00e9phine Baker, Laval D\u00e9couvrez la Micro-Folie de Laval Agglom\u00e9ration. Une fois par heure entre 10h et 16h, visitez du v\u00e9lodrome et \u00e9changez autour du paracyclisme sur piste, avec Laurent Seyeux, ancien champion de France sur piste de tandem. \u00c0 14h et 15h | D\u00e9monstration de cyclisme sur piste. Au stade Manuela Montebrun \u2013 103 Av. Pierre de Coubertin, Laval D\u00e9couvrez une s\u00e9lection de visuels d\u2019oeuvres du MANAS | Mus\u00e9e d\u2019Art Na\u00eff et d\u2019Arts Singuliers. En continu entre 14h et 16h d\u00e9couvrez des disciplines de l\u2019athl\u00e9tisme avec L2A53 (Laval Agglo Athl\u00e9) \u00c0 la piscine Saint-Nicolas \u2013 139 Bd Jourdan, Laval D\u00e9couvrez une s\u00e9lection de visuels d\u2019oeuvres de la collection Beaux-arts. \u00c0 9h15 | Aquagym. \u00c0 10h30 | Parcours sportif et aquatique avec handicap. \u00c0 14h | Visite des espaces techniques de la piscine. (Pensez \u00e0 prendre vos maillots et bonnets de bain) Au Centre R\u00e9gional d\u2019Education et de Formation(CREF) \u2013 109 Av. Pierre de Coubertin, Laval D\u00e9couvrez les cr\u00e9ations des enfants des \u00e9coles Alain, Saint-Joseph et Saint-Pierre inspir\u00e9es des \u0153uvres na\u00efves et singuli\u00e8res en lien avec le sport. D\u00e9couvrez une exposition autour de l\u2019histoire paralympisme con\u00e7ue par le Comit\u00e9 D\u00e9partemental Olympique et Sportif (CDOS). Cl\u00f4ture de la journ\u00e9e \u00e0 16h30 au MANAS | Mus\u00e9e d\u2019Art Na\u00eff et d\u2019Arts Singuliers en pr\u00e9sence de Myriam Clavreul, multiple championne de France de paracano\u00e9. Des v\u00e9los peuvent \u00eatre pr\u00eat\u00e9s pour petits et grands au Square de Boston de 10h \u00e0 16h. Pour les activit\u00e9s \u00e0 la piscine, prendre un maillot et un bonnet de bain. Tous les lieux sont accessibles toute la journ\u00e9e et vous n\u2019\u00eates pas oblig\u00e9 d\u2019effectuer le circuit dans son int\u00e9gralit\u00e9.","og_url":"https:\/\/www.lavalaggloathle53.fr\/index.php\/2023\/10\/11\/lolympiade-culturelle-de-laval-vous-invite-a-une-deambulation-urbaine-a-velo-reliant-les-trois-centres-de-preparation-aux-jeux-olympiques\/","og_site_name":"Laval Agglo Athl\u00e9tisme","article_publisher":"https:\/\/www.facebook.com\/stadelavalloisathletisme","article_published_time":"2023-10-11T15:00:02+00:00","article_modified_time":"2023-10-15T11:51:06+00:00","og_image":[{"width":306,"height":165,"url":"https:\/\/www.lavalaggloathle53.fr\/wp-content\/uploads\/2023\/10\/030.png","type":"image\/png"}],"author":"admin1863","twitter_card":"summary_large_image","twitter_misc":{"\u00c9crit par":"admin1863","Dur\u00e9e de lecture estim\u00e9e":"3 minutes"},"schema":{"@context":"https:\/\/schema.org","@graph":[{"@type":"Article","@id":"https:\/\/www.lavalaggloathle53.fr\/index.php\/2023\/10\/11\/lolympiade-culturelle-de-laval-vous-invite-a-une-deambulation-urbaine-a-velo-reliant-les-trois-centres-de-preparation-aux-jeux-olympiques\/#article","isPartOf":{"@id":"https:\/\/www.lavalaggloathle53.fr\/index.php\/2023\/10\/11\/lolympiade-culturelle-de-laval-vous-invite-a-une-deambulation-urbaine-a-velo-reliant-les-trois-centres-de-preparation-aux-jeux-olympiques\/"},"author":{"name":"admin1863","@id":"https:\/\/www.lavalaggloathle53.fr\/#\/schema\/person\/14326b19a191e887fccf1bc1a1abeb33"},"headline":"L\u2019Olympiade Culturelle de Laval vous invite \u00e0 une d\u00e9ambulation urbaine \u00e0 v\u00e9lo reliant les trois Centres de Pr\u00e9paration aux Jeux Olympiques ce samedi 14 octobre !","datePublished":"2023-10-11T15:00:02+00:00","dateModified":"2023-10-15T11:51:06+00:00","mainEntityOfPage":{"@id":"https:\/\/www.lavalaggloathle53.fr\/index.php\/2023\/10\/11\/lolympiade-culturelle-de-laval-vous-invite-a-une-deambulation-urbaine-a-velo-reliant-les-trois-centres-de-preparation-aux-jeux-olympiques\/"},"wordCount":501,"commentCount":0,"image":{"@id":"https:\/\/www.lavalaggloathle53.fr\/index.php\/2023\/10\/11\/lolympiade-culturelle-de-laval-vous-invite-a-une-deambulation-urbaine-a-velo-reliant-les-trois-centres-de-preparation-aux-jeux-olympiques\/#primaryimage"},"thumbnailUrl":"https:\/\/www.lavalaggloathle53.fr\/wp-content\/uploads\/2023\/10\/030.png","articleSection":["Actualit\u00e9s"],"inLanguage":"fr-FR","potentialAction":[{"@type":"CommentAction","name":"Comment","target":["https:\/\/www.lavalaggloathle53.fr\/index.php\/2023\/10\/11\/lolympiade-culturelle-de-laval-vous-invite-a-une-deambulation-urbaine-a-velo-reliant-les-trois-centres-de-preparation-aux-jeux-olympiques\/#respond"]}]},{"@type":"WebPage","@id":"https:\/\/www.lavalaggloathle53.fr\/index.php\/2023\/10\/11\/lolympiade-culturelle-de-laval-vous-invite-a-une-deambulation-urbaine-a-velo-reliant-les-trois-centres-de-preparation-aux-jeux-olympiques\/","url":"https:\/\/www.lavalaggloathle53.fr\/index.php\/2023\/10\/11\/lolympiade-culturelle-de-laval-vous-invite-a-une-deambulation-urbaine-a-velo-reliant-les-trois-centres-de-preparation-aux-jeux-olympiques\/","name":"L\u2019Olympiade Culturelle de Laval vous invite \u00e0 une d\u00e9ambulation urbaine \u00e0 v\u00e9lo reliant les trois Centres de Pr\u00e9paration aux Jeux Olympiques ce samedi 14 octobre ! - Laval Agglo Athl\u00e9tisme","isPartOf":{"@id":"https:\/\/www.lavalaggloathle53.fr\/#website"},"primaryImageOfPage":{"@id":"https:\/\/www.lavalaggloathle53.fr\/index.php\/2023\/10\/11\/lolympiade-culturelle-de-laval-vous-invite-a-une-deambulation-urbaine-a-velo-reliant-les-trois-centres-de-preparation-aux-jeux-olympiques\/#primaryimage"},"image":{"@id":"https:\/\/www.lavalaggloathle53.fr\/index.php\/2023\/10\/11\/lolympiade-culturelle-de-laval-vous-invite-a-une-deambulation-urbaine-a-velo-reliant-les-trois-centres-de-preparation-aux-jeux-olympiques\/#primaryimage"},"thumbnailUrl":"https:\/\/www.lavalaggloathle53.fr\/wp-content\/uploads\/2023\/10\/030.png","datePublished":"2023-10-11T15:00:02+00:00","dateModified":"2023-10-15T11:51:06+00:00","author":{"@id":"https:\/\/www.lavalaggloathle53.fr\/#\/schema\/person\/14326b19a191e887fccf1bc1a1abeb33"},"breadcrumb":{"@id":"https:\/\/www.lavalaggloathle53.fr\/index.php\/2023\/10\/11\/lolympiade-culturelle-de-laval-vous-invite-a-une-deambulation-urbaine-a-velo-reliant-les-trois-centres-de-preparation-aux-jeux-olympiques\/#breadcrumb"},"inLanguage":"fr-FR","potentialAction":[{"@type":"ReadAction","target":["https:\/\/www.lavalaggloathle53.fr\/index.php\/2023\/10\/11\/lolympiade-culturelle-de-laval-vous-invite-a-une-deambulation-urbaine-a-velo-reliant-les-trois-centres-de-preparation-aux-jeux-olympiques\/"]}]},{"@type":"ImageObject","inLanguage":"fr-FR","@id":"https:\/\/www.lavalaggloathle53.fr\/index.php\/2023\/10\/11\/lolympiade-culturelle-de-laval-vous-invite-a-une-deambulation-urbaine-a-velo-reliant-les-trois-centres-de-preparation-aux-jeux-olympiques\/#primaryimage","url":"https:\/\/www.lavalaggloathle53.fr\/wp-content\/uploads\/2023\/10\/030.png","contentUrl":"https:\/\/www.lavalaggloathle53.fr\/wp-content\/uploads\/2023\/10\/030.png","width":306,"height":165},{"@type":"BreadcrumbList","@id":"https:\/\/www.lavalaggloathle53.fr\/index.php\/2023\/10\/11\/lolympiade-culturelle-de-laval-vous-invite-a-une-deambulation-urbaine-a-velo-reliant-les-trois-centres-de-preparation-aux-jeux-olympiques\/#breadcrumb","itemListElement":[{"@type":"ListItem","position":1,"name":"Accueil","item":"https:\/\/www.lavalaggloathle53.fr\/"},{"@type":"ListItem","position":2,"name":"L\u2019Olympiade Culturelle de Laval vous invite \u00e0 une d\u00e9ambulation urbaine \u00e0 v\u00e9lo reliant les trois Centres de Pr\u00e9paration aux Jeux Olympiques ce samedi 14 octobre !"}]},{"@type":"WebSite","@id":"https:\/\/www.lavalaggloathle53.fr\/#website","url":"https:\/\/www.lavalaggloathle53.fr\/","name":"Laval Agglo Athl\u00e9tisme","description":"L&#039;athl\u00e9, un sport pour tous","alternateName":"L2A53","potentialAction":[{"@type":"SearchAction","target":{"@type":"EntryPoint","urlTemplate":"https:\/\/www.lavalaggloathle53.fr\/?s={search_term_string}"},"query-input":{"@type":"PropertyValueSpecification","valueRequired":true,"valueName":"search_term_string"}}],"inLanguage":"fr-FR"},{"@type":"Person","@id":"https:\/\/www.lavalaggloathle53.fr\/#\/schema\/person\/14326b19a191e887fccf1bc1a1abeb33","name":"admin1863","image":{"@type":"ImageObject","inLanguage":"fr-FR","@id":"https:\/\/secure.gravatar.com\/avatar\/8347406c444df2db908729d2fd689b7b748c6d794147252beb9eaaa7ec8488fb?s=96&d=mm&r=g","url":"https:\/\/secure.gravatar.com\/avatar\/8347406c444df2db908729d2fd689b7b748c6d794147252beb9eaaa7ec8488fb?s=96&d=mm&r=g","contentUrl":"https:\/\/secure.gravatar.com\/avatar\/8347406c444df2db908729d2fd689b7b748c6d794147252beb9eaaa7ec8488fb?s=96&d=mm&r=g","caption":"admin1863"},"sameAs":["http:\/\/www.lavalaggloathle53.fr"],"url":"https:\/\/www.lavalaggloathle53.fr\/index.php\/author\/admin1863\/"}]}},"_links":{"self":[{"href":"https:\/\/www.lavalaggloathle53.fr\/index.php\/wp-json\/wp\/v2\/posts\/4101","targetHints":{"allow":["GET"]}}],"collection":[{"href":"https:\/\/www.lavalaggloathle53.fr\/index.php\/wp-json\/wp\/v2\/posts"}],"about":[{"href":"https:\/\/www.lavalaggloathle53.fr\/index.php\/wp-json\/wp\/v2\/types\/post"}],"author":[{"embeddable":true,"href":"https:\/\/www.lavalaggloathle53.fr\/index.php\/wp-json\/wp\/v2\/users\/1"}],"replies":[{"embeddable":true,"href":"https:\/\/www.lavalaggloathle53.fr\/index.php\/wp-json\/wp\/v2\/comments?post=4101"}],"version-history":[{"count":6,"href":"https:\/\/www.lavalaggloathle53.fr\/index.php\/wp-json\/wp\/v2\/posts\/4101\/revisions"}],"predecessor-version":[{"id":4114,"href":"https:\/\/www.lavalaggloathle53.fr\/index.php\/wp-json\/wp\/v2\/posts\/4101\/revisions\/4114"}],"wp:featuredmedia":[{"embeddable":true,"href":"https:\/\/www.lavalaggloathle53.fr\/index.php\/wp-json\/wp\/v2\/media\/4107"}],"wp:attachment":[{"href":"https:\/\/www.lavalaggloathle53.fr\/index.php\/wp-json\/wp\/v2\/media?parent=4101"}],"wp:term":[{"taxonomy":"category","embeddable":true,"href":"https:\/\/www.lavalaggloathle53.fr\/index.php\/wp-json\/wp\/v2\/categories?post=4101"},{"taxonomy":"post_tag","embeddable":true,"href":"https:\/\/www.lavalaggloathle53.fr\/index.php\/wp-json\/wp\/v2\/tags?post=4101"}],"curies":[{"name":"wp","href":"https:\/\/api.w.org\/{rel}","templated":true}]}}