{"id":2825,"date":"2023-03-01T16:32:36","date_gmt":"2023-03-01T15:32:36","guid":{"rendered":"http:\/\/www.lavalaggloathle53.fr\/?p=2825"},"modified":"2023-03-01T16:33:33","modified_gmt":"2023-03-01T15:33:33","slug":"records-benjamines","status":"publish","type":"post","link":"https:\/\/www.lavalaggloathle53.fr\/index.php\/2023\/03\/01\/records-benjamines\/","title":{"rendered":"Records benjamin(e)s"},"content":{"rendered":"\t\t<div data-elementor-type=\"wp-post\" data-elementor-id=\"2825\" class=\"elementor elementor-2825\">\n\t\t\t\t\t\t<section class=\"elementor-section elementor-top-section elementor-element elementor-element-6ab7c41 elementor-section-boxed elementor-section-height-default elementor-section-height-default wpr-particle-no wpr-jarallax-no wpr-parallax-no wpr-sticky-section-no wpr-equal-height-no\" data-id=\"6ab7c41\" data-element_type=\"section\" data-e-type=\"section\">\n\t\t\t\t\t\t<div class=\"elementor-container elementor-column-gap-default\">\n\t\t\t\t\t<div class=\"elementor-column elementor-col-100 elementor-top-column elementor-element elementor-element-822d4cf\" data-id=\"822d4cf\" data-element_type=\"column\" data-e-type=\"column\">\n\t\t\t<div class=\"elementor-widget-wrap elementor-element-populated\">\n\t\t\t\t\t\t<div class=\"elementor-element elementor-element-7ce4661 elementor-widget elementor-widget-shortcode\" data-id=\"7ce4661\" data-element_type=\"widget\" data-e-type=\"widget\" data-widget_type=\"shortcode.default\">\n\t\t\t\t<div class=\"elementor-widget-container\">\n\t\t\t\t\t\t\t<div class=\"elementor-shortcode\">\n<table id=\"tablepress-recordsbenjamins\" class=\"tablepress tablepress-id-recordsbenjamins\">\n<tbody class=\"row-striping row-hover\">\n<tr class=\"row-1\">\n\t<td class=\"column-1\">50 m<\/td><td class=\"column-2\">AMANDINE MIEUZET<\/td><td class=\"column-3\">7\"14<\/td><td class=\"column-4\">10\/25\/2003 \u00e0 LAVAL<\/td>\n<\/tr>\n<tr class=\"row-2\">\n\t<td class=\"column-1\">50m (salle)<\/td><td class=\"column-2\">ANGELE PITZ MARGOT LOQUER<\/td><td class=\"column-3\">7\"09 (Record D\u00e9p ???) 7\"50<\/td><td class=\"column-4\">le 14\/12\/2014 le 19\/11\/2005 \u00e0 LAVAL ??? \u00e0 CHATEAU-GONTIER<\/td>\n<\/tr>\n<tr class=\"row-3\">\n\t<td class=\"column-1\">60m<\/td><td class=\"column-2\">CHRISTELLE LEGRAND<\/td><td class=\"column-3\">7\"7<\/td><td class=\"column-4\">le 06\/1986 \u00e0 LAVAL<\/td>\n<\/tr>\n<tr class=\"row-4\">\n\t<td class=\"column-1\">100m<\/td><td class=\"column-2\">INES LACHAZE<\/td><td class=\"column-3\">13\"34\"<\/td><td class=\"column-4\">le 23\/06\/2011 \u00e0 COMPIEGNE (France UGSEL)<\/td>\n<\/tr>\n<tr class=\"row-5\">\n\t<td class=\"column-1\">120m<\/td><td class=\"column-2\">CHRISTELLE LEGRAND<\/td><td class=\"column-3\">15\"3<\/td><td class=\"column-4\">le ..\/06\/1986\u00e0 LAVAL<\/td>\n<\/tr>\n<tr class=\"row-6\">\n\t<td class=\"column-1\">1000m<\/td><td class=\"column-2\">NATACHA BOUCHERON<\/td><td class=\"column-3\">3'15\"7<\/td><td class=\"column-4\">le \u00e0 CHATEAU-GONTIER<\/td>\n<\/tr>\n<tr class=\"row-7\">\n\t<td class=\"column-1\">2000m<\/td><td class=\"column-2\">\u00e0 \u00e9tablir<\/td><td class=\"column-3\">\u00e0 \u00e9tablir<\/td><td class=\"column-4\">le \u00e0<\/td>\n<\/tr>\n<tr class=\"row-8\">\n\t<td class=\"column-1\">50m Haies<\/td><td class=\"column-2\">MILENE HUARD<\/td><td class=\"column-3\">8\"5<\/td><td class=\"column-4\">le 06\/1991 \u00e0 CHATEAU-GONTIER<\/td>\n<\/tr>\n<tr class=\"row-9\">\n\t<td class=\"column-1\">HAUTEUR<\/td><td class=\"column-2\">CAROLINE GEORGES<\/td><td class=\"column-3\">1m50<\/td><td class=\"column-4\"> <\/td>\n<\/tr>\n<tr class=\"row-10\">\n\t<td class=\"column-1\">PERCHE<\/td><td class=\"column-2\">PAULINE BISSON<\/td><td class=\"column-3\">2m30<\/td><td class=\"column-4\">le 12\/12\/09 \u00e0 MAYENNE<\/td>\n<\/tr>\n<tr class=\"row-11\">\n\t<td class=\"column-1\">LONGUEUR<\/td><td class=\"column-2\">Amandine MIEUZET<\/td><td class=\"column-3\">4m70<\/td><td class=\"column-4\">le 22\/11\/2003 <\/td>\n<\/tr>\n<tr class=\"row-12\">\n\t<td class=\"column-1\">TRIPLE SAUT<\/td><td class=\"column-2\">LEA GIRAULT<\/td><td class=\"column-3\">10m19 (Rec D\u00e9p non valid\u00e9 ???) 9m63 (Rec D\u00e9p)<\/td><td class=\"column-4\">le 23\/06\/2011 le 03\/07\/2011 \u00e0 COMPIEGNE (France UGSEL) \u00e0 NIORT<\/td>\n<\/tr>\n<tr class=\"row-13\">\n\t<td class=\"column-1\">POIDS 2Kg<\/td><td class=\"column-2\">AMANDINE LE BARS<\/td><td class=\"column-3\">8m63<\/td><td class=\"column-4\">le 07\/12\/2019 \u00e0 LAVAL<\/td>\n<\/tr>\n<tr class=\"row-14\">\n\t<td class=\"column-1\">POIDS 2kg<\/td><td class=\"column-2\">OCEANE MORIN<\/td><td class=\"column-3\">10m19<\/td><td class=\"column-4\">le 20\/06\/09 \u00e0 COSSE LE VIVIEN<\/td>\n<\/tr>\n<tr class=\"row-15\">\n\t<td class=\"column-1\">MARTEAU 2kg<\/td><td class=\"column-2\">LILY POILBLAN<\/td><td class=\"column-3\">37m27 (Record D\u00e9p)<\/td><td class=\"column-4\">le 22\/06\/2013 \u00e0 DREUX (FRANCE UGSEL)<\/td>\n<\/tr>\n<tr class=\"row-16\">\n\t<td class=\"column-1\">DISQ.600g<\/td><td class=\"column-2\">CAROLINE TACNET<\/td><td class=\"column-3\">27m50<\/td><td class=\"column-4\">le 05\/1990 \u00e0 LAVAL<\/td>\n<\/tr>\n<tr class=\"row-17\">\n\t<td class=\"column-1\">JAVEL.400g<\/td><td class=\"column-2\">CATHERINE TANGUY<\/td><td class=\"column-3\">29m20 (Record D\u00e9p)<\/td><td class=\"column-4\">le 01\/06\/1986 \u00e0 LAVAL<\/td>\n<\/tr>\n<tr class=\"row-18\">\n\t<td class=\"column-1\">TRIATHLON<\/td><td class=\"column-2\">LILY POILBLAN<\/td><td class=\"column-3\">105 pts<\/td><td class=\"column-4\">le 07\/07\/2013 \u00e0 ST-CYR SUR LOIRE<\/td>\n<\/tr>\n<tr class=\"row-19\">\n\t<td class=\"column-1\">TETRATHLON (Jav)<\/td><td class=\"column-2\">LOU-ANNE MORVAN<\/td><td class=\"column-3\">1303 pts<\/td><td class=\"column-4\">le 29\/05\/2022 \u00e0 LAVAL<\/td>\n<\/tr>\n<tr class=\"row-20\">\n\t<td class=\"column-1\">MAR.1000m<\/td><td class=\"column-2\">\u00e0 \u00e9tablir<\/td><td class=\"column-3\">\u00e0 \u00e9tablir<\/td><td class=\"column-4\">le \u00e0<\/td>\n<\/tr>\n<tr class=\"row-21\">\n\t<td class=\"column-1\">MAR.2000m<\/td><td class=\"column-2\">ADELE VERDIERE<\/td><td class=\"column-3\">11'43\"<\/td><td class=\"column-4\">le 10\/10\/2010 \u00e0 CERISAY<\/td>\n<\/tr>\n<tr class=\"row-22\">\n\t<td class=\"column-1\">4 X 60m<\/td><td class=\"column-2\">LUDIVINE NAULLEAU OLENKA RIALLAND LEA GIRAULT INES LACHAZE<\/td><td class=\"column-3\">33\"80<\/td><td class=\"column-4\">le 14\/05\/2011<\/td>\n<\/tr>\n<tr class=\"row-23\">\n\t<td class=\"column-1\">RELAIS 800m-200m-200m-800m<\/td><td class=\"column-2\">\u00e0 \u00e9tablir<\/td><td class=\"column-3\">\u00e0 \u00e9tablir<\/td><td class=\"column-4\">le<\/td>\n<\/tr>\n<tr class=\"row-24\">\n\t<td class=\"column-1\">50m<\/td><td class=\"column-2\">PAUL TROPEAU-HEISSERER <br \/>\nPAUL TROPEAU-HEISSERER<\/td><td class=\"column-3\">6\"59 <br \/>\n<br \/>\n6\"3<\/td><td class=\"column-4\">le 15\/05\/2022 \u00e0 COULAINES le 12\/06\/2022 \u00e0 CHALLANS<\/td>\n<\/tr>\n<tr class=\"row-25\">\n\t<td class=\"column-1\">50m (salle)<\/td><td class=\"column-2\">THIBAULT SAUDRAIS<\/td><td class=\"column-3\">6\"41 (Record D\u00e9p)<\/td><td class=\"column-4\">le 21\/12\/2014 \u00e0 MAYENNE<\/td>\n<\/tr>\n<tr class=\"row-26\">\n\t<td class=\"column-1\">60m<\/td><td class=\"column-2\">MIKE FALELAVAKI<\/td><td class=\"column-3\">7\"65<\/td><td class=\"column-4\">le 28\/10\/2000 \u00e0 LIEVIN<\/td>\n<\/tr>\n<tr class=\"row-27\">\n\t<td class=\"column-1\">100m<\/td><td class=\"column-2\">THIBAULT SAUDRAIS<\/td><td class=\"column-3\">12\"20 (Record D\u00e9p)<\/td><td class=\"column-4\">le 19\/06\/2014 \u00e0 LA ROCHE sur YON<\/td>\n<\/tr>\n<tr class=\"row-28\">\n\t<td class=\"column-1\">120m<\/td><td class=\"column-2\">MAXIME MOTTIER<\/td><td class=\"column-3\">15\"6 (manuel)<\/td><td class=\"column-4\">le ..\/06\/1986 \u00e0 LAVAL<\/td>\n<\/tr>\n<tr class=\"row-29\">\n\t<td class=\"column-1\">1000m<\/td><td class=\"column-2\">CLEMENT TANCREL<\/td><td class=\"column-3\">3'01\"64<\/td><td class=\"column-4\">le 07\/06\/2009 \u00e0 COULAINES<\/td>\n<\/tr>\n<tr class=\"row-30\">\n\t<td class=\"column-1\">2000m<\/td><td class=\"column-2\">\u00e0 \u00e9tablir<\/td><td class=\"column-3\">\u00e0 \u00e9tablir<\/td><td class=\"column-4\">le<\/td>\n<\/tr>\n<tr class=\"row-31\">\n\t<td class=\"column-1\">50m Haies (Salle) (65)<\/td><td class=\"column-2\">ALAN OUSSENEKAN<\/td><td class=\"column-3\">8\"20<\/td><td class=\"column-4\">le 13\/12\/2008 \u00e0 LAVAL<\/td>\n<\/tr>\n<tr class=\"row-32\">\n\t<td class=\"column-1\">50m Haies (65)<\/td><td class=\"column-2\">ALAN OUSSENEKAN<\/td><td class=\"column-3\">7\"92 (-4 4m\/V)<\/td><td class=\"column-4\">le 07\/06\/2009 \u00e0 Coulaines<\/td>\n<\/tr>\n<tr class=\"row-33\">\n\t<td class=\"column-1\">HAUTEUR (Salle)<\/td><td class=\"column-2\">ALAN OUSSENEKAN<\/td><td class=\"column-3\">1m48<\/td><td class=\"column-4\">le 12\/12\/2009 \u00e0 LAVAL<\/td>\n<\/tr>\n<tr class=\"row-34\">\n\t<td class=\"column-1\">HAUTEUR<\/td><td class=\"column-2\">Mourad KHELOUI<\/td><td class=\"column-3\">1m60<\/td><td class=\"column-4\">le .22\/11\/2003 \u00e0 <\/td>\n<\/tr>\n<tr class=\"row-35\">\n\t<td class=\"column-1\">PERCHE (Salle)<\/td><td class=\"column-2\">ALAN OUSSENEKAN<\/td><td class=\"column-3\">2m50<\/td><td class=\"column-4\">le 13\/12\/09 \u00e0 MAYENNE<\/td>\n<\/tr>\n<tr class=\"row-36\">\n\t<td class=\"column-1\">PERCHE<\/td><td class=\"column-2\">ALAN OUSSENEKAN<\/td><td class=\"column-3\"><\/td><td class=\"column-4\"><\/td>\n<\/tr>\n<tr class=\"row-37\">\n\t<td class=\"column-1\">LONGUEUR (Salle)<\/td><td class=\"column-2\">ALAN OUSSENEKAN<\/td><td class=\"column-3\">5m62 (record D\u00e9p)<\/td><td class=\"column-4\">le 12\/12\/2009 \u00e0 LAVAL<\/td>\n<\/tr>\n<tr class=\"row-38\">\n\t<td class=\"column-1\">LONGUEUR<\/td><td class=\"column-2\">MIKE FALELAVAKI<\/td><td class=\"column-3\">5m73 (Record D\u00e9p)<\/td><td class=\"column-4\">le 28\/10\/2000 \u00e0 LIEVIN<\/td>\n<\/tr>\n<tr class=\"row-39\">\n\t<td class=\"column-1\">TRIPLE SAUT (Salle)<\/td><td class=\"column-2\">ALAN OUSSENEKAN NA\u00cbL CADIO<\/td><td class=\"column-3\">9m74 10m88 (Record D\u00e9p)<\/td><td class=\"column-4\">le 02\/02\/2008 \u00e0 MAYENNE le 21\/12\/2019 \u00e0 LAVAL<\/td>\n<\/tr>\n<tr class=\"row-40\">\n\t<td class=\"column-1\">TRIPLE SAUT<\/td><td class=\"column-2\">MIKE FALELAVAKI<\/td><td class=\"column-3\">11m35 (Record D\u00e9p)<\/td><td class=\"column-4\">le 01\/11\/1999 \u00e0 SAUMUR<\/td>\n<\/tr>\n<tr class=\"row-41\">\n\t<td class=\"column-1\">POIDS 3kg (Salle)<\/td><td class=\"column-2\">ALAN OUSSENEKAN<\/td><td class=\"column-3\">11m90<\/td><td class=\"column-4\">le 12\/12\/2009 \u00e0 LAVAL<\/td>\n<\/tr>\n<tr class=\"row-42\">\n\t<td class=\"column-1\">POIDS 3kg<\/td><td class=\"column-2\">MIKE FALELAVAKI<\/td><td class=\"column-3\">14m44 (Record D\u00e9p ???)<\/td><td class=\"column-4\">le 29\/10\/2000 \u00e0 LIEVIN<\/td>\n<\/tr>\n<tr class=\"row-43\">\n\t<td class=\"column-1\">DISQ.1kg<\/td><td class=\"column-2\">HUGO LE BARS<\/td><td class=\"column-3\">33m32 (Record d\u00e9p)<\/td><td class=\"column-4\">le 29\/05\/2021 \u00e0 MAYENNE<\/td>\n<\/tr>\n<tr class=\"row-44\">\n\t<td class=\"column-1\">MARTEAU 3kg<\/td><td class=\"column-2\">ALAN OUSSENEKAN<\/td><td class=\"column-3\">32m48<\/td><td class=\"column-4\">le 16\/05\/2009 \u00e0 CHATEAU-GONTIER<\/td>\n<\/tr>\n<tr class=\"row-45\">\n\t<td class=\"column-1\">JAVELOT 500g<\/td><td class=\"column-2\">ALAN OUSSENEKAN<\/td><td class=\"column-3\">35m57 (Record D\u00e9p)<\/td><td class=\"column-4\">le 04\/07\/2009 \u00e0 EVREUX<\/td>\n<\/tr>\n<tr class=\"row-46\">\n\t<td class=\"column-1\">TRIATHLON (Table 2009) TRIATHLON (Table 2019)<\/td><td class=\"column-2\">MIKE FALELAVAKI HUGO LE BARS PAUL TROPEAU-HEISSERER HUGO LE BARS<\/td><td class=\"column-3\">115 pts (Record D\u00e9p) 117 pts (Record D\u00e9p) 117pts 120 pts<\/td><td class=\"column-4\">le 29\/10\/2000 \u00e0 LIEVIN le 19\/06\/2021 \u00e0 LAVAL le 12\/06\/2022 \u00e0 CHALANS le 25\/09\/2021 \u00e0 COULAINES<\/td>\n<\/tr>\n<tr class=\"row-47\">\n\t<td class=\"column-1\">TRIATHLON (Table 2012-Salle)<\/td><td class=\"column-2\">THIBAULT SAUDRAIS<\/td><td class=\"column-3\">112 pts<\/td><td class=\"column-4\">le 07\/12\/2013 \u00e0 LAVAL<\/td>\n<\/tr>\n<tr class=\"row-48\">\n\t<td class=\"column-1\">TRIATHLON (Table 2009-Salle)<\/td><td class=\"column-2\">ALAN OUSSENEKAN (Rec D\u00e9p)<\/td><td class=\"column-3\">109 pts (Record D\u00e9p)<\/td><td class=\"column-4\">le 12\/12\/2009 \u00e0 Laval<\/td>\n<\/tr>\n<tr class=\"row-49\">\n\t<td class=\"column-1\">TRIATHLON (Table 2009)<\/td><td class=\"column-2\">ALAN OUSSENEKAN (Rec D\u00e9p)<\/td><td class=\"column-3\">102 pts (Record D\u00e9p)<\/td><td class=\"column-4\">le 04\/07\/2009 EVREUX<\/td>\n<\/tr>\n<tr class=\"row-50\">\n\t<td class=\"column-1\">TETRATHLON (Disque)<\/td><td class=\"column-2\">PAUL TROPEAU-HEISSERER<\/td><td class=\"column-3\">1317 pts : 50m haies :8\"82-disque : 19m06- hauteur : 1m28-1000m : 3'35\"20 (Record D\u00e9p)<\/td><td class=\"column-4\">le 29\/05\/2022 \u00e0 LAVAL<\/td>\n<\/tr>\n<tr class=\"row-51\">\n\t<td class=\"column-1\">10mn MARCHE<\/td><td class=\"column-2\">SACHA MORIN<\/td><td class=\"column-3\">1770m<\/td><td class=\"column-4\">04\/10\/2020 \u00e0 SARAN<\/td>\n<\/tr>\n<tr class=\"row-52\">\n\t<td class=\"column-1\">MARCHE 2000m (Salle)<\/td><td class=\"column-2\">SACHA MORIN SACHA MORIN<\/td><td class=\"column-3\">13'26\"20 13'04\"72<\/td><td class=\"column-4\">le 09\/06\/2020 \u00e0 COULAINES le 09\/11\/2019 \u00e0 NANTES<\/td>\n<\/tr>\n<tr class=\"row-53\">\n\t<td class=\"column-1\">MARCHE 2000m<\/td><td class=\"column-2\">SACHA MORIN LEO GANNE<\/td><td class=\"column-3\">12'21\"56 12'21'00<\/td><td class=\"column-4\">le 08\/03\/2020 \u00e0 ST BRIEUC le 07\/06\/2009 \u00e0 COULAINES<\/td>\n<\/tr>\n<tr class=\"row-54\">\n\t<td class=\"column-1\">MARCHE 3000m (Salle)<\/td><td class=\"column-2\"><\/td><td class=\"column-3\"><\/td><td class=\"column-4\"><\/td>\n<\/tr>\n<tr class=\"row-55\">\n\t<td class=\"column-1\">MARCHE 3000m<\/td><td class=\"column-2\">EMMANUEL BLANCHARD<\/td><td class=\"column-3\">21'57\"1<\/td><td class=\"column-4\">le ..\/04\/1992 \u00e0 LAVAL<\/td>\n<\/tr>\n<tr class=\"row-56\">\n\t<td class=\"column-1\">4 X 60 m<\/td><td class=\"column-2\">SAMY DADOUN-MAEL OUSSENEKAN-ADRIEN MOREL-VINCENT OMIER<\/td><td class=\"column-3\">33\"45<\/td><td class=\"column-4\">le 14\/05\/2011 \u00e0 MAYENNE<\/td>\n<\/tr>\n<\/tbody>\n<\/table>\n<!-- #tablepress-recordsbenjamins from cache --><\/div>\n\t\t\t\t\t\t<\/div>\n\t\t\t\t<\/div>\n\t\t\t\t\t<\/div>\n\t\t<\/div>\n\t\t\t\t\t<\/div>\n\t\t<\/section>\n\t\t\t\t<\/div>\n\t\t","protected":false},"excerpt":{"rendered":"","protected":false},"author":1,"featured_media":0,"comment_status":"open","ping_status":"open","sticky":false,"template":"","format":"standard","meta":{"footnotes":""},"categories":[1],"tags":[],"class_list":["post-2825","post","type-post","status-publish","format-standard","hentry","category-non-classe"],"yoast_head":"<!-- This site is optimized with the Yoast SEO plugin v27.2 - https:\/\/yoast.com\/product\/yoast-seo-wordpress\/ -->\n<title>Records benjamin(e)s - Laval Agglo Athl\u00e9tisme<\/title>\n<meta name=\"robots\" content=\"index, follow, max-snippet:-1, max-image-preview:large, max-video-preview:-1\" \/>\n<link rel=\"canonical\" href=\"https:\/\/www.lavalaggloathle53.fr\/index.php\/2023\/03\/01\/records-benjamines\/\" \/>\n<meta property=\"og:locale\" content=\"fr_FR\" \/>\n<meta property=\"og:type\" content=\"article\" \/>\n<meta property=\"og:title\" content=\"Records benjamin(e)s - Laval Agglo Athl\u00e9tisme\" \/>\n<meta property=\"og:url\" content=\"https:\/\/www.lavalaggloathle53.fr\/index.php\/2023\/03\/01\/records-benjamines\/\" \/>\n<meta property=\"og:site_name\" content=\"Laval Agglo Athl\u00e9tisme\" \/>\n<meta property=\"article:publisher\" content=\"https:\/\/www.facebook.com\/stadelavalloisathletisme\" \/>\n<meta property=\"article:published_time\" content=\"2023-03-01T15:32:36+00:00\" \/>\n<meta property=\"article:modified_time\" content=\"2023-03-01T15:33:33+00:00\" \/>\n<meta property=\"og:image\" content=\"https:\/\/www.lavalaggloathle53.fr\/wp-content\/uploads\/2023\/02\/Sans-titre-1024x576.png\" \/>\n\t<meta property=\"og:image:width\" content=\"1024\" \/>\n\t<meta property=\"og:image:height\" content=\"576\" \/>\n\t<meta property=\"og:image:type\" content=\"image\/png\" \/>\n<meta name=\"author\" content=\"admin1863\" \/>\n<meta name=\"twitter:card\" content=\"summary_large_image\" \/>\n<meta name=\"twitter:label1\" content=\"\u00c9crit par\" \/>\n\t<meta name=\"twitter:data1\" content=\"admin1863\" \/>\n<script type=\"application\/ld+json\" class=\"yoast-schema-graph\">{\"@context\":\"https:\/\/schema.org\",\"@graph\":[{\"@type\":\"Article\",\"@id\":\"https:\/\/www.lavalaggloathle53.fr\/index.php\/2023\/03\/01\/records-benjamines\/#article\",\"isPartOf\":{\"@id\":\"https:\/\/www.lavalaggloathle53.fr\/index.php\/2023\/03\/01\/records-benjamines\/\"},\"author\":{\"name\":\"admin1863\",\"@id\":\"https:\/\/www.lavalaggloathle53.fr\/#\/schema\/person\/14326b19a191e887fccf1bc1a1abeb33\"},\"headline\":\"Records benjamin(e)s\",\"datePublished\":\"2023-03-01T15:32:36+00:00\",\"dateModified\":\"2023-03-01T15:33:33+00:00\",\"mainEntityOfPage\":{\"@id\":\"https:\/\/www.lavalaggloathle53.fr\/index.php\/2023\/03\/01\/records-benjamines\/\"},\"wordCount\":7,\"commentCount\":3,\"inLanguage\":\"fr-FR\",\"potentialAction\":[{\"@type\":\"CommentAction\",\"name\":\"Comment\",\"target\":[\"https:\/\/www.lavalaggloathle53.fr\/index.php\/2023\/03\/01\/records-benjamines\/#respond\"]}]},{\"@type\":\"WebPage\",\"@id\":\"https:\/\/www.lavalaggloathle53.fr\/index.php\/2023\/03\/01\/records-benjamines\/\",\"url\":\"https:\/\/www.lavalaggloathle53.fr\/index.php\/2023\/03\/01\/records-benjamines\/\",\"name\":\"Records benjamin(e)s - Laval Agglo Athl\u00e9tisme\",\"isPartOf\":{\"@id\":\"https:\/\/www.lavalaggloathle53.fr\/#website\"},\"datePublished\":\"2023-03-01T15:32:36+00:00\",\"dateModified\":\"2023-03-01T15:33:33+00:00\",\"author\":{\"@id\":\"https:\/\/www.lavalaggloathle53.fr\/#\/schema\/person\/14326b19a191e887fccf1bc1a1abeb33\"},\"breadcrumb\":{\"@id\":\"https:\/\/www.lavalaggloathle53.fr\/index.php\/2023\/03\/01\/records-benjamines\/#breadcrumb\"},\"inLanguage\":\"fr-FR\",\"potentialAction\":[{\"@type\":\"ReadAction\",\"target\":[\"https:\/\/www.lavalaggloathle53.fr\/index.php\/2023\/03\/01\/records-benjamines\/\"]}]},{\"@type\":\"BreadcrumbList\",\"@id\":\"https:\/\/www.lavalaggloathle53.fr\/index.php\/2023\/03\/01\/records-benjamines\/#breadcrumb\",\"itemListElement\":[{\"@type\":\"ListItem\",\"position\":1,\"name\":\"Accueil\",\"item\":\"https:\/\/www.lavalaggloathle53.fr\/\"},{\"@type\":\"ListItem\",\"position\":2,\"name\":\"Records benjamin(e)s\"}]},{\"@type\":\"WebSite\",\"@id\":\"https:\/\/www.lavalaggloathle53.fr\/#website\",\"url\":\"https:\/\/www.lavalaggloathle53.fr\/\",\"name\":\"Laval Agglo Athl\u00e9tisme\",\"description\":\"L&#039;athl\u00e9, un sport pour tous\",\"alternateName\":\"L2A53\",\"potentialAction\":[{\"@type\":\"SearchAction\",\"target\":{\"@type\":\"EntryPoint\",\"urlTemplate\":\"https:\/\/www.lavalaggloathle53.fr\/?s={search_term_string}\"},\"query-input\":{\"@type\":\"PropertyValueSpecification\",\"valueRequired\":true,\"valueName\":\"search_term_string\"}}],\"inLanguage\":\"fr-FR\"},{\"@type\":\"Person\",\"@id\":\"https:\/\/www.lavalaggloathle53.fr\/#\/schema\/person\/14326b19a191e887fccf1bc1a1abeb33\",\"name\":\"admin1863\",\"image\":{\"@type\":\"ImageObject\",\"inLanguage\":\"fr-FR\",\"@id\":\"https:\/\/secure.gravatar.com\/avatar\/8347406c444df2db908729d2fd689b7b748c6d794147252beb9eaaa7ec8488fb?s=96&d=mm&r=g\",\"url\":\"https:\/\/secure.gravatar.com\/avatar\/8347406c444df2db908729d2fd689b7b748c6d794147252beb9eaaa7ec8488fb?s=96&d=mm&r=g\",\"contentUrl\":\"https:\/\/secure.gravatar.com\/avatar\/8347406c444df2db908729d2fd689b7b748c6d794147252beb9eaaa7ec8488fb?s=96&d=mm&r=g\",\"caption\":\"admin1863\"},\"sameAs\":[\"http:\/\/www.lavalaggloathle53.fr\"],\"url\":\"https:\/\/www.lavalaggloathle53.fr\/index.php\/author\/admin1863\/\"}]}<\/script>\n<!-- \/ Yoast SEO plugin. -->","yoast_head_json":{"title":"Records benjamin(e)s - Laval Agglo Athl\u00e9tisme","robots":{"index":"index","follow":"follow","max-snippet":"max-snippet:-1","max-image-preview":"max-image-preview:large","max-video-preview":"max-video-preview:-1"},"canonical":"https:\/\/www.lavalaggloathle53.fr\/index.php\/2023\/03\/01\/records-benjamines\/","og_locale":"fr_FR","og_type":"article","og_title":"Records benjamin(e)s - Laval Agglo Athl\u00e9tisme","og_url":"https:\/\/www.lavalaggloathle53.fr\/index.php\/2023\/03\/01\/records-benjamines\/","og_site_name":"Laval Agglo Athl\u00e9tisme","article_publisher":"https:\/\/www.facebook.com\/stadelavalloisathletisme","article_published_time":"2023-03-01T15:32:36+00:00","article_modified_time":"2023-03-01T15:33:33+00:00","og_image":[{"width":1024,"height":576,"url":"https:\/\/www.lavalaggloathle53.fr\/wp-content\/uploads\/2023\/02\/Sans-titre-1024x576.png","type":"image\/png"}],"author":"admin1863","twitter_card":"summary_large_image","twitter_misc":{"\u00c9crit par":"admin1863"},"schema":{"@context":"https:\/\/schema.org","@graph":[{"@type":"Article","@id":"https:\/\/www.lavalaggloathle53.fr\/index.php\/2023\/03\/01\/records-benjamines\/#article","isPartOf":{"@id":"https:\/\/www.lavalaggloathle53.fr\/index.php\/2023\/03\/01\/records-benjamines\/"},"author":{"name":"admin1863","@id":"https:\/\/www.lavalaggloathle53.fr\/#\/schema\/person\/14326b19a191e887fccf1bc1a1abeb33"},"headline":"Records benjamin(e)s","datePublished":"2023-03-01T15:32:36+00:00","dateModified":"2023-03-01T15:33:33+00:00","mainEntityOfPage":{"@id":"https:\/\/www.lavalaggloathle53.fr\/index.php\/2023\/03\/01\/records-benjamines\/"},"wordCount":7,"commentCount":3,"inLanguage":"fr-FR","potentialAction":[{"@type":"CommentAction","name":"Comment","target":["https:\/\/www.lavalaggloathle53.fr\/index.php\/2023\/03\/01\/records-benjamines\/#respond"]}]},{"@type":"WebPage","@id":"https:\/\/www.lavalaggloathle53.fr\/index.php\/2023\/03\/01\/records-benjamines\/","url":"https:\/\/www.lavalaggloathle53.fr\/index.php\/2023\/03\/01\/records-benjamines\/","name":"Records benjamin(e)s - Laval Agglo Athl\u00e9tisme","isPartOf":{"@id":"https:\/\/www.lavalaggloathle53.fr\/#website"},"datePublished":"2023-03-01T15:32:36+00:00","dateModified":"2023-03-01T15:33:33+00:00","author":{"@id":"https:\/\/www.lavalaggloathle53.fr\/#\/schema\/person\/14326b19a191e887fccf1bc1a1abeb33"},"breadcrumb":{"@id":"https:\/\/www.lavalaggloathle53.fr\/index.php\/2023\/03\/01\/records-benjamines\/#breadcrumb"},"inLanguage":"fr-FR","potentialAction":[{"@type":"ReadAction","target":["https:\/\/www.lavalaggloathle53.fr\/index.php\/2023\/03\/01\/records-benjamines\/"]}]},{"@type":"BreadcrumbList","@id":"https:\/\/www.lavalaggloathle53.fr\/index.php\/2023\/03\/01\/records-benjamines\/#breadcrumb","itemListElement":[{"@type":"ListItem","position":1,"name":"Accueil","item":"https:\/\/www.lavalaggloathle53.fr\/"},{"@type":"ListItem","position":2,"name":"Records benjamin(e)s"}]},{"@type":"WebSite","@id":"https:\/\/www.lavalaggloathle53.fr\/#website","url":"https:\/\/www.lavalaggloathle53.fr\/","name":"Laval Agglo Athl\u00e9tisme","description":"L&#039;athl\u00e9, un sport pour tous","alternateName":"L2A53","potentialAction":[{"@type":"SearchAction","target":{"@type":"EntryPoint","urlTemplate":"https:\/\/www.lavalaggloathle53.fr\/?s={search_term_string}"},"query-input":{"@type":"PropertyValueSpecification","valueRequired":true,"valueName":"search_term_string"}}],"inLanguage":"fr-FR"},{"@type":"Person","@id":"https:\/\/www.lavalaggloathle53.fr\/#\/schema\/person\/14326b19a191e887fccf1bc1a1abeb33","name":"admin1863","image":{"@type":"ImageObject","inLanguage":"fr-FR","@id":"https:\/\/secure.gravatar.com\/avatar\/8347406c444df2db908729d2fd689b7b748c6d794147252beb9eaaa7ec8488fb?s=96&d=mm&r=g","url":"https:\/\/secure.gravatar.com\/avatar\/8347406c444df2db908729d2fd689b7b748c6d794147252beb9eaaa7ec8488fb?s=96&d=mm&r=g","contentUrl":"https:\/\/secure.gravatar.com\/avatar\/8347406c444df2db908729d2fd689b7b748c6d794147252beb9eaaa7ec8488fb?s=96&d=mm&r=g","caption":"admin1863"},"sameAs":["http:\/\/www.lavalaggloathle53.fr"],"url":"https:\/\/www.lavalaggloathle53.fr\/index.php\/author\/admin1863\/"}]}},"_links":{"self":[{"href":"https:\/\/www.lavalaggloathle53.fr\/index.php\/wp-json\/wp\/v2\/posts\/2825","targetHints":{"allow":["GET"]}}],"collection":[{"href":"https:\/\/www.lavalaggloathle53.fr\/index.php\/wp-json\/wp\/v2\/posts"}],"about":[{"href":"https:\/\/www.lavalaggloathle53.fr\/index.php\/wp-json\/wp\/v2\/types\/post"}],"author":[{"embeddable":true,"href":"https:\/\/www.lavalaggloathle53.fr\/index.php\/wp-json\/wp\/v2\/users\/1"}],"replies":[{"embeddable":true,"href":"https:\/\/www.lavalaggloathle53.fr\/index.php\/wp-json\/wp\/v2\/comments?post=2825"}],"version-history":[{"count":4,"href":"https:\/\/www.lavalaggloathle53.fr\/index.php\/wp-json\/wp\/v2\/posts\/2825\/revisions"}],"predecessor-version":[{"id":2829,"href":"https:\/\/www.lavalaggloathle53.fr\/index.php\/wp-json\/wp\/v2\/posts\/2825\/revisions\/2829"}],"wp:attachment":[{"href":"https:\/\/www.lavalaggloathle53.fr\/index.php\/wp-json\/wp\/v2\/media?parent=2825"}],"wp:term":[{"taxonomy":"category","embeddable":true,"href":"https:\/\/www.lavalaggloathle53.fr\/index.php\/wp-json\/wp\/v2\/categories?post=2825"},{"taxonomy":"post_tag","embeddable":true,"href":"https:\/\/www.lavalaggloathle53.fr\/index.php\/wp-json\/wp\/v2\/tags?post=2825"}],"curies":[{"name":"wp","href":"https:\/\/api.w.org\/{rel}","templated":true}]}}