{"id":2820,"date":"2023-03-01T16:31:52","date_gmt":"2023-03-01T15:31:52","guid":{"rendered":"http:\/\/www.lavalaggloathle53.fr\/?p=2820"},"modified":"2023-03-01T16:33:58","modified_gmt":"2023-03-01T15:33:58","slug":"records-minimes","status":"publish","type":"post","link":"https:\/\/www.lavalaggloathle53.fr\/index.php\/2023\/03\/01\/records-minimes\/","title":{"rendered":"Records minimes"},"content":{"rendered":"\t\t<div data-elementor-type=\"wp-post\" data-elementor-id=\"2820\" class=\"elementor elementor-2820\">\n\t\t\t\t\t\t<section class=\"elementor-section elementor-top-section elementor-element elementor-element-ed67c9b elementor-section-boxed elementor-section-height-default elementor-section-height-default wpr-particle-no wpr-jarallax-no wpr-parallax-no wpr-sticky-section-no wpr-equal-height-no\" data-id=\"ed67c9b\" data-element_type=\"section\" data-e-type=\"section\">\n\t\t\t\t\t\t<div class=\"elementor-container elementor-column-gap-default\">\n\t\t\t\t\t<div class=\"elementor-column elementor-col-100 elementor-top-column elementor-element elementor-element-0a61016\" data-id=\"0a61016\" data-element_type=\"column\" data-e-type=\"column\">\n\t\t\t<div class=\"elementor-widget-wrap elementor-element-populated\">\n\t\t\t\t\t\t<div class=\"elementor-element elementor-element-5e34402 elementor-widget elementor-widget-shortcode\" data-id=\"5e34402\" data-element_type=\"widget\" data-e-type=\"widget\" data-widget_type=\"shortcode.default\">\n\t\t\t\t<div class=\"elementor-widget-container\">\n\t\t\t\t\t\t\t<div class=\"elementor-shortcode\">\n<table id=\"tablepress-recordminimes\" class=\"tablepress tablepress-id-recordminimes\">\n<tbody class=\"row-striping row-hover\">\n<tr class=\"row-1\">\n\t<td class=\"column-1\">50m (Salle)<\/td><td class=\"column-2\">Elouan OUSSENEKAN Thibault SAUDRAIS Thibault SAUDRAIS<br \/>\n<br \/>\nPaul TROPEAU-HEISSERER<\/td><td class=\"column-3\">6\"24 (Record de LIGUE ) <br \/>\n6\"27 <br \/>\n6\"28<br \/>\n<br \/>\n6\"30<\/td><td class=\"column-4\">le 08\/12\/2010 \u00e0 MAYENNE (UNSS) <br \/>\nle 20\/12\/2015 \u00e0 MAYENNE <br \/>\nle 04\/02\/2016 \u00e0 VAL de REUIL (Champion de France Minime UGSEL)<br \/>\nle 17\/03\/2024 \u00e0 NANTES<\/td>\n<\/tr>\n<tr class=\"row-2\">\n\t<td class=\"column-1\">50m<\/td><td class=\"column-2\">Elouan OUSSENEKAN Thibault SAUDRAIS<\/td><td class=\"column-3\">6\"20 (Record D\u00e9p ) <br \/>\n6\"20 (Record D\u00e9p \u00e9gal\u00e9) <br \/>\n6\"24 (+0,5m\/s)<\/td><td class=\"column-4\">le 26\/06\/2010 \u00e0 MAYENNE <br \/>\nle 05\/06\/2016 \u00e0 MAYENNE<br \/>\nle 17\/06\/2016 \u00e0 ANNECY (Champion de France UGSEL)<\/td>\n<\/tr>\n<tr class=\"row-3\">\n\t<td class=\"column-1\">60m (Salle)<\/td><td class=\"column-2\">Elouan OUSSENEKAN THIBAULT SAUDRAIS<\/td><td class=\"column-3\">7\"26 (Record D\u00e9p ) 7\"22 (Record D\u00e9p )<\/td><td class=\"column-4\">le 04\/12\/2010 \u00e0 MAYENNE le 18\/12\/2016 \u00e0 MAYENNE<\/td>\n<\/tr>\n<tr class=\"row-4\">\n\t<td class=\"column-1\">80m<\/td><td class=\"column-2\">Daniel CHARLERIE<br \/>\nPaul TROPEAU-HEISSERER<\/td><td class=\"column-3\">9\"49<br \/>\n<br \/>\n9\"48<\/td><td class=\"column-4\">le 26\/03\/1988 \u00e0 LAVAL<br \/>\n<br \/>\nle 25\/06\/2023 \u00e0 SAUMUR<\/td>\n<\/tr>\n<tr class=\"row-5\">\n\t<td class=\"column-1\">100m<\/td><td class=\"column-2\">Ma\u00ebl OUSSENEKAN Thibault SAUDRAIS<\/td><td class=\"column-3\">11\"37 (Record D\u00e9p ) 11\"08 (+2,6m\/s)<\/td><td class=\"column-4\">le 08\/06\/2014 \u00e0 COULAINES le 17\/06\/2016 \u00e0 ANNECY (Champion de France UGSEL)<\/td>\n<\/tr>\n<tr class=\"row-6\">\n\t<td class=\"column-1\">120m<\/td><td class=\"column-2\">Tom MORVAN<br \/>\n<br \/>\nPaul TROPPEAU-HEISSERER<\/td><td class=\"column-3\">14\"62 (-0,5m\/s)<br \/>\n<br \/>\n14\"38<\/td><td class=\"column-4\">le 12\/06\/2022 \u00e0 CHALLANS<br \/>\nle 15\/10\/2023 \u00e0 COULAINES<\/td>\n<\/tr>\n<tr class=\"row-7\">\n\t<td class=\"column-1\">150m<\/td><td class=\"column-2\">S\u00e9bastien LEGUEN<\/td><td class=\"column-3\">17\"15<\/td><td class=\"column-4\">le 01\/06\/1990 \u00e0 SEGRE<\/td>\n<\/tr>\n<tr class=\"row-8\">\n\t<td class=\"column-1\">1000m (Salle)<\/td><td class=\"column-2\">Sami MANSSOURI (Record d\u00e9p)<\/td><td class=\"column-3\">2'55\"10<\/td><td class=\"column-4\">le 04\/02\/2016 \u00e0 VAL de REUIL<\/td>\n<\/tr>\n<tr class=\"row-9\">\n\t<td class=\"column-1\">1000m<\/td><td class=\"column-2\">Cl\u00e9ment TANCREL Sami MANSSOURI<\/td><td class=\"column-3\">2'39\"32 2'39\"19<\/td><td class=\"column-4\">le 09\/10\/2011 \u00e0 JOUE les TOURS le 16\/06\/2016 \u00e0 ANNECY (Champion de France UGSEL)<\/td>\n<\/tr>\n<tr class=\"row-10\">\n\t<td class=\"column-1\">2000m<\/td><td class=\"column-2\">Xavier CHAPAIN<\/td><td class=\"column-3\">6'34''<\/td><td class=\"column-4\">le ??<\/td>\n<\/tr>\n<tr class=\"row-11\">\n\t<td class=\"column-1\">3000m<\/td><td class=\"column-2\">Xavier LEMAIRE<\/td><td class=\"column-3\">10'47\"1<\/td><td class=\"column-4\">le 09\/06\/1985 \u00e0 LAVAL<\/td>\n<\/tr>\n<tr class=\"row-12\">\n\t<td class=\"column-1\">30mn<\/td><td class=\"column-2\">Philippe VILFEU<\/td><td class=\"column-3\">7665m<\/td><td class=\"column-4\">le 08\/05\/1985 \u00e0 LAVAL<\/td>\n<\/tr>\n<tr class=\"row-13\">\n\t<td class=\"column-1\">50m Haies (Salle)<\/td><td class=\"column-2\">Thibault SAUDRAIS<\/td><td class=\"column-3\">7\"35<\/td><td class=\"column-4\">le 07\/02\/2016 \u00e0 MAYENNE<\/td>\n<\/tr>\n<tr class=\"row-14\">\n\t<td class=\"column-1\">80m Haies<\/td><td class=\"column-2\">Alan OUSSENEKAN<\/td><td class=\"column-3\">11\"94<\/td><td class=\"column-4\">le 28\/05\/2011 \u00e0 ANGERS<\/td>\n<\/tr>\n<tr class=\"row-15\">\n\t<td class=\"column-1\">100m Haies (84)<\/td><td class=\"column-2\">Thibault SAUDRAIS<\/td><td class=\"column-3\">13\"55 (Record D\u00e9p )<\/td><td class=\"column-4\">le 30\/04\/2016 \u00e0 MAYENNE<\/td>\n<\/tr>\n<tr class=\"row-16\">\n\t<td class=\"column-1\">200m Haies<\/td><td class=\"column-2\">Alan OUSSENEKAN<\/td><td class=\"column-3\">27\"56<\/td><td class=\"column-4\">le 09\/10\/2011 \u00e0 JOUE les TOURS<\/td>\n<\/tr>\n<tr class=\"row-17\">\n\t<td class=\"column-1\">250m Haies<\/td><td class=\"column-2\">CASAUCAU<\/td><td class=\"column-3\">33\"5<\/td><td class=\"column-4\">le ..\/..\/.. au MANS<\/td>\n<\/tr>\n<tr class=\"row-18\">\n\t<td class=\"column-1\">HAUTEUR (Salle)<\/td><td class=\"column-2\">Alan OUSSENEKAN<\/td><td class=\"column-3\">1m85 (Record D\u00e9p )<\/td><td class=\"column-4\">le 11\/12\/2011 \u00e0 MAYENNE<\/td>\n<\/tr>\n<tr class=\"row-19\">\n\t<td class=\"column-1\">HAUTEUR<\/td><td class=\"column-2\">Xavier ZAMMIT<\/td><td class=\"column-3\">1m90<\/td><td class=\"column-4\">le 30\/06\/1984 \u00e0 LA ROCHE sur YON<\/td>\n<\/tr>\n<tr class=\"row-20\">\n\t<td class=\"column-1\">PERCHE (Salle)<\/td><td class=\"column-2\">Alan OUSSENEKAN<\/td><td class=\"column-3\">3m50 (Record D\u00e9p )<\/td><td class=\"column-4\">le 28\/12\/2011 \u00e0 MAYENNE<\/td>\n<\/tr>\n<tr class=\"row-21\">\n\t<td class=\"column-1\">PERCHE<\/td><td class=\"column-2\">K\u00e9vin MAILLARD Tom MORVAN Ton MORVAN<\/td><td class=\"column-3\">2m90 3m40 3m88<\/td><td class=\"column-4\">le 10\/05\/2014 \u00e0 LAVAL le 09\/04\/2022 \u00e0 CH\u00c4TEAU-GONTIER le 12\/06\/2022 \u00e0 CHALLANS<\/td>\n<\/tr>\n<tr class=\"row-22\">\n\t<td class=\"column-1\">LONGUEUR (Salle)<\/td><td class=\"column-2\">Mike FALELAVAKI<\/td><td class=\"column-3\">6m63 (Record D\u00e9p )<\/td><td class=\"column-4\">le 08\/02\/2002 \u00e0 MAYENNE<\/td>\n<\/tr>\n<tr class=\"row-23\">\n\t<td class=\"column-1\">LONGUEUR<\/td><td class=\"column-2\">S\u00e9bastien LEGUEN<\/td><td class=\"column-3\">6m90 (Record D\u00e9p )<\/td><td class=\"column-4\">le 01\/04\/1990 \u00e0 LAVAL<\/td>\n<\/tr>\n<tr class=\"row-24\">\n\t<td class=\"column-1\">TRIPLE SAUT (Salle)<\/td><td class=\"column-2\">Come TSHIMANGA<\/td><td class=\"column-3\">12m00<\/td><td class=\"column-4\">le 04\/03\/2022 \u00e0 NANTES<\/td>\n<\/tr>\n<tr class=\"row-25\">\n\t<td class=\"column-1\">TRIPLE SAUT<\/td><td class=\"column-2\">Alan OUSSENEKAN<\/td><td class=\"column-3\">12m77<\/td><td class=\"column-4\">le 12\/06\/2011\u00e0 NANTES<\/td>\n<\/tr>\n<tr class=\"row-26\">\n\t<td class=\"column-1\">POIDS.4kg (Salle)<\/td><td class=\"column-2\">Alan OUSSENEKAN<\/td><td class=\"column-3\">14m53 (Record D\u00e9p )<\/td><td class=\"column-4\">le 11\/12\/2011 \u00e0 MAYENNE<\/td>\n<\/tr>\n<tr class=\"row-27\">\n\t<td class=\"column-1\">POIDS 4 kg<\/td><td class=\"column-2\">Gilles ERNAULT<\/td><td class=\"column-3\">15m08 (Record D\u00e9p )<\/td><td class=\"column-4\">le 01\/10\/1987 \u00e0 ST MALO<\/td>\n<\/tr>\n<tr class=\"row-28\">\n\t<td class=\"column-1\">DISQUE (1,25kg)<\/td><td class=\"column-2\">Charly BLANC<\/td><td class=\"column-3\">34m96<\/td><td class=\"column-4\">le 12\/05\/2007 \u00e0 LA FLECHE<\/td>\n<\/tr>\n<tr class=\"row-29\">\n\t<td class=\"column-1\">JAVELOT 600g<\/td><td class=\"column-2\">Mike FALELAVAKI<\/td><td class=\"column-3\">49m70<\/td><td class=\"column-4\">le 22\/05\/2001 \u00e0 ST BERTHEVIN<\/td>\n<\/tr>\n<tr class=\"row-30\">\n\t<td class=\"column-1\">MARTEAU.4kg<\/td><td class=\"column-2\">Fran\u00e7ois TANCREL<\/td><td class=\"column-3\">36m59<\/td><td class=\"column-4\">le \/06\/2015 \u00e0<\/td>\n<\/tr>\n<tr class=\"row-31\">\n\t<td class=\"column-1\">TRIATHLON (Salle-table 2009)<\/td><td class=\"column-2\">Alan OUSSENEKAN<\/td><td class=\"column-3\">109 pts (Record D\u00e9p )<\/td><td class=\"column-4\">le 12\/12\/2009 \u00e0 LAVAL<\/td>\n<\/tr>\n<tr class=\"row-32\">\n\t<td class=\"column-1\">TRIATHLON (Salle-table 2013)<\/td><td class=\"column-2\">Ma\u00ebl OUSSENEKAN Thibault SAUDRAIS<\/td><td class=\"column-3\">114 pts (Record D\u00e9p ) 112 pts<\/td><td class=\"column-4\">le 23\/02\/2014 \u00e0 NANTES le 21\/02\/2016 \u00e0 NANTES<\/td>\n<\/tr>\n<tr class=\"row-33\">\n\t<td class=\"column-1\">TRIATHLON<\/td><td class=\"column-2\">Ma\u00ebl OUSSENEKAN Thibault SAUDRAIS<\/td><td class=\"column-3\">114 pts (Record D\u00e9p ) 111 pts<\/td><td class=\"column-4\">le 08\/06\/2014 \u00e0 COULAINES le 23\/04\/2016 \u00e0 LAVAL<\/td>\n<\/tr>\n<tr class=\"row-34\">\n\t<td class=\"column-1\">PENTATHLON (Salle) (Avec long-MH)<\/td><td class=\"column-2\">Evann COULANGE Hugo LE BARS<\/td><td class=\"column-3\">2656 pts : 7''68-1m57-9m47-5m35-3'09''98 2784 pts : 7\"77-1m64-11m40-5m45-3'14\"27<\/td><td class=\"column-4\">le 25\/02\/2018 \u00e0 NANTES le 27\/11\/2022 \u00e0 RENNES<\/td>\n<\/tr>\n<tr class=\"row-35\">\n\t<td class=\"column-1\">QUADRATHLON<\/td><td class=\"column-2\">David HOUDOU<\/td><td class=\"column-3\">74 pts<\/td><td class=\"column-4\">le ..\/06\/1993 \u00e0 ST BERTHEVIN<\/td>\n<\/tr>\n<tr class=\"row-36\">\n\t<td class=\"column-1\">OCTATHLON<\/td><td class=\"column-2\">Ma\u00ebl OUSSENEKAN<\/td><td class=\"column-3\">4158 pts (Record D\u00e9p)<\/td><td class=\"column-4\">le 11\/05\/2014 \u00e0 LAVAL<\/td>\n<\/tr>\n<tr class=\"row-37\">\n\t<td class=\"column-1\">MARCHE 3000m (Salle)<\/td><td class=\"column-2\">Sacha MORIN Sacha MORIN<\/td><td class=\"column-3\">17'04\"33 16'35\"75 (Record D\u00e9p)<\/td><td class=\"column-4\">le 22\/01\/2022 \u00e0 NANTES le 23\/02\/2022 \u00e0 VAL DE REUIL<\/td>\n<\/tr>\n<tr class=\"row-38\">\n\t<td class=\"column-1\">MARCHE 3000m<\/td><td class=\"column-2\">Sacha MORIN Sacha MORIN<\/td><td class=\"column-3\">16'48\"62 (Record D\u00e9p) 16'31\"72 (Record D\u00e9p)<\/td><td class=\"column-4\">le 20\/03\/2022 \u00e0 VAL DE REUIL le 14\/05\/2022 \u00e0 COULAINES<\/td>\n<\/tr>\n<tr class=\"row-39\">\n\t<td class=\"column-1\">MARCHE 5000m<\/td><td class=\"column-2\">Sacha MORIN<\/td><td class=\"column-3\"><\/td><td class=\"column-4\"><\/td>\n<\/tr>\n<tr class=\"row-40\">\n\t<td class=\"column-1\">MARCHE 30 mn<\/td><td class=\"column-2\">(\u00e0 \u00e9tablir)<\/td><td class=\"column-3\"><\/td><td class=\"column-4\"><\/td>\n<\/tr>\n<tr class=\"row-41\">\n\t<td class=\"column-1\">4 X 60m<\/td><td class=\"column-2\">Mike FALELAVAKI, Xavier LEMAITRE, Moli\u00e8re MANCHE, X ...........<\/td><td class=\"column-3\">27\"90 (Record de ligue)<\/td><td class=\"column-4\">le 29\/09\/2002 \u00e0 NANTES<\/td>\n<\/tr>\n<tr class=\"row-42\">\n\t<td class=\"column-1\">RELAIS 800m-200m-200m-800m<\/td><td class=\"column-2\">Victor BLANCHET -Samy DADOUN - Vincent OMIER - L\u00e9ni GERAULT<\/td><td class=\"column-3\">5'14\"30<\/td><td class=\"column-4\">le 24\/05\/2013 au MANS<\/td>\n<\/tr>\n<tr class=\"row-43\">\n\t<td class=\"column-1\">4 X 80m<\/td><td class=\"column-2\">Gabriel BOUDIER- Xavier BAZILLIER- Maxime MOTTIER- Olivier LEBIAVANT<\/td><td class=\"column-3\">36\"36<\/td><td class=\"column-4\">le 11\/07\/1992 \u00e0 MONTGERON<\/td>\n<\/tr>\n<tr class=\"row-44\">\n\t<td class=\"column-1\">Equip'Athl\u00e9<\/td><td class=\"column-2\">Alan OUSSENEKAN, Cl\u00e9ment TANCREL, Emilien ROYER, Charles RENARD, Tanguy NIGER, Samuel LE TIEC (Ma\u00ebl OUSSENEKAN-jeune juge) Tom MORVAN \/ Hugo LE BARS \/ Lilou CHAPELLE\/ Sacha MORIN \/ No\u00e9mie KIEFFER \/ Amandine LE BARS \/ C\u00f4me TSHIMANGA \/ Lola CHIPAUX \/ Gaspard HUNAUT \/ Thomas GOUGEON<\/td><td class=\"column-3\">386 pts 416 pts<\/td><td class=\"column-4\">le 09\/10\/2011 \u00e0 JOUE les TOURS le 04\/06\/2022 \u00e0 TOURS<\/td>\n<\/tr>\n<tr class=\"row-45\">\n\t<td class=\"column-1\">50M (Salle)<\/td><td class=\"column-2\">ANGELE PITZ<\/td><td class=\"column-3\">6\"84 (Record D\u00e9p)<\/td><td class=\"column-4\">le 21\/02\/2016 \u00e0 NANTES<\/td>\n<\/tr>\n<tr class=\"row-46\">\n\t<td class=\"column-1\">50m<\/td><td class=\"column-2\">LISON ROCHER LISON ROCHER<\/td><td class=\"column-3\">6\"81 (Record D\u00e9p) 6\"74 (+3m\/s)<\/td><td class=\"column-4\">le 26\/06\/2010 \u00e0 MAYENNE <br \/>\nle 18\/06\/2011 \u00e0 CERISAY<\/td>\n<\/tr>\n<tr class=\"row-47\">\n\t<td class=\"column-1\">60m (Salle)<\/td><td class=\"column-2\">ANGELE PITZ<\/td><td class=\"column-3\">7\"94 (Record D\u00e9p) 7\"88 (Record de LIGUE PDL)<\/td><td class=\"column-4\">le 04\/12\/2016 \u00e0 NANTES le 04\/12\/2016 \u00e0 NANTES<\/td>\n<\/tr>\n<tr class=\"row-48\">\n\t<td class=\"column-1\">80m<\/td><td class=\"column-2\">KRISTELLE LEBIAVANT<\/td><td class=\"column-3\">10\"1<\/td><td class=\"column-4\">le 16\/06\/1987 \u00e0<\/td>\n<\/tr>\n<tr class=\"row-49\">\n\t<td class=\"column-1\">100m<\/td><td class=\"column-2\">LISON ROCHER<\/td><td class=\"column-3\">12\"56 (Record D\u00e9p)<\/td><td class=\"column-4\">le 23\/06\/2011 \u00e0 COMPIEGNE (Chpt de France UGSEL)<\/td>\n<\/tr>\n<tr class=\"row-50\">\n\t<td class=\"column-1\">150m<\/td><td class=\"column-2\">CHRISTELLE LEGRAND<\/td><td class=\"column-3\">18\"8<\/td><td class=\"column-4\">le<\/td>\n<\/tr>\n<tr class=\"row-51\">\n\t<td class=\"column-1\">800m<\/td><td class=\"column-2\">MELISSA LEPINE<\/td><td class=\"column-3\">2'46\"<\/td><td class=\"column-4\">le<\/td>\n<\/tr>\n<tr class=\"row-52\">\n\t<td class=\"column-1\">1000m (Salle)<\/td><td class=\"column-2\">LEA GIRAULT (Record D\u00e9p)<\/td><td class=\"column-3\">3'24\"99<\/td><td class=\"column-4\">le 24\/03\/2012 \u00e0 Val de REUIL<\/td>\n<\/tr>\n<tr class=\"row-53\">\n\t<td class=\"column-1\">1000m<\/td><td class=\"column-2\">HANANE BOUZRARA<\/td><td class=\"column-3\">3'09\"7<\/td><td class=\"column-4\">le ..\/..\/..<\/td>\n<\/tr>\n<tr class=\"row-54\">\n\t<td class=\"column-1\">2000m<\/td><td class=\"column-2\">Clarisse GIRAULT<\/td><td class=\"column-3\">7'40\"76<\/td><td class=\"column-4\">le 24\/10\/2015 \u00e0 DREUX<\/td>\n<\/tr>\n<tr class=\"row-55\">\n\t<td class=\"column-1\">30mn<\/td><td class=\"column-2\">\u00e0 \u00e9tablir<\/td><td class=\"column-3\">\u00e0 \u00e9tablir<\/td><td class=\"column-4\">le<\/td>\n<\/tr>\n<tr class=\"row-56\">\n\t<td class=\"column-1\">50m Haies 84 (Salle)<\/td><td class=\"column-2\">ANGELE PITZ<\/td><td class=\"column-3\">7\"83<\/td><td class=\"column-4\">le 17\/01\/2016 \u00e0 MAYENNE<\/td>\n<\/tr>\n<tr class=\"row-57\">\n\t<td class=\"column-1\">60m Haies 76 (Salle)<\/td><td class=\"column-2\">ANGELE PITZ<\/td><td class=\"column-3\">8\"91 (Record de LIGUE PDL)<\/td><td class=\"column-4\">le 11\/12\/2016 \u00e0 MAYENNE<\/td>\n<\/tr>\n<tr class=\"row-58\">\n\t<td class=\"column-1\">80m Haies<\/td><td class=\"column-2\">CAROLINE TACNET ANGELE PITZ<\/td><td class=\"column-3\">12\"2 <br \/>\n12\"11<\/td><td class=\"column-4\">le 14\/06\/1992 au MANS <br \/>\nle 30\/04\/2016 \u00e0 MAYENNE<\/td>\n<\/tr>\n<tr class=\"row-59\">\n\t<td class=\"column-1\">200m Haies<\/td><td class=\"column-2\">NOEMIE KIEFFER<\/td><td class=\"column-3\">32\"30<\/td><td class=\"column-4\">le 30\/04\/2022 \u00e0 ST BERTHEVIN<\/td>\n<\/tr>\n<tr class=\"row-60\">\n\t<td class=\"column-1\">250m Haies<\/td><td class=\"column-2\">VANINA FOUET<\/td><td class=\"column-3\">38\"<\/td><td class=\"column-4\">le ..\/06\/1990 \u00e0 RENNES<\/td>\n<\/tr>\n<tr class=\"row-61\">\n\t<td class=\"column-1\">HAUTEUR<\/td><td class=\"column-2\">CAROLINE GEORGES<\/td><td class=\"column-3\">1m50<\/td><td class=\"column-4\">le 12\/06\/1905<\/td>\n<\/tr>\n<tr class=\"row-62\">\n\t<td class=\"column-1\">PERCHE (Salle)<\/td><td class=\"column-2\">PAULINE BISSON<\/td><td class=\"column-3\">2m70<\/td><td class=\"column-4\">le 20\/03\/2011 \u00e0 LA FLECHE<\/td>\n<\/tr>\n<tr class=\"row-63\">\n\t<td class=\"column-1\">PERCHE<\/td><td class=\"column-2\">PAULINE BISSON<\/td><td class=\"column-3\">2m70<\/td><td class=\"column-4\">le 16\/04\/2011 \u00e0 LAVAL<\/td>\n<\/tr>\n<tr class=\"row-64\">\n\t<td class=\"column-1\">LONGUEUR (Salle)<\/td><td class=\"column-2\">NOEMIE KIEFFER<\/td><td class=\"column-3\">5m11<\/td><td class=\"column-4\">le 11\/02\/2023 \u00e0 NANTES<\/td>\n<\/tr>\n<tr class=\"row-65\">\n\t<td class=\"column-1\">LONGUEUR<\/td><td class=\"column-2\">LILY POILBLAN<\/td><td class=\"column-3\">5m34 (-0,2m\/s)<\/td><td class=\"column-4\">le 18\/06\/2015 \u00e0 COMPIEGNE Championne de France UGSEL<\/td>\n<\/tr>\n<tr class=\"row-66\">\n\t<td class=\"column-1\">TRIPLE SAUT (Salle)<\/td><td class=\"column-2\">LUCIE DOUYERE<\/td><td class=\"column-3\">10m75<\/td><td class=\"column-4\">le 11\/03\/2012 \u00e0 LA FLECHE<\/td>\n<\/tr>\n<tr class=\"row-67\">\n\t<td class=\"column-1\">TRIPLE SAUT<\/td><td class=\"column-2\">LUCIE DOUYERE<\/td><td class=\"column-3\">10m36<\/td><td class=\"column-4\">le 28\/04\/2012 \u00e0 MAYENNE<\/td>\n<\/tr>\n<tr class=\"row-68\">\n\t<td class=\"column-1\">POIDS.3kg<\/td><td class=\"column-2\">MANUELA MONTEBRUN<\/td><td class=\"column-3\">12m75<\/td><td class=\"column-4\">le 06\/07\/1994 \u00e0 LAMBALLE<\/td>\n<\/tr>\n<tr class=\"row-69\">\n\t<td class=\"column-1\">POIDS 3 kg (Salle)<\/td><td class=\"column-2\">OCEANE MORIN<\/td><td class=\"column-3\">8m96<\/td><td class=\"column-4\">le 20\/03\/2011 \u00e0 LA FLECHE<\/td>\n<\/tr>\n<tr class=\"row-70\">\n\t<td class=\"column-1\">DISQ.800g<\/td><td class=\"column-2\">AMANDINE LE BARS<\/td><td class=\"column-3\">30m29<\/td><td class=\"column-4\">le 14\/05\/2022 \u00e0 COULAINES<\/td>\n<\/tr>\n<tr class=\"row-71\">\n\t<td class=\"column-1\">JAVELOT 500g<\/td><td class=\"column-2\">CATHERINE TANGUY<\/td><td class=\"column-3\">32m54 (Record D\u00e9p)<\/td><td class=\"column-4\">le 01\/05\/1988 \u00e0 NANTES<\/td>\n<\/tr>\n<tr class=\"row-72\">\n\t<td class=\"column-1\">JAVELOT 600g<\/td><td class=\"column-2\">FLORIANE LOCHU<\/td><td class=\"column-3\">29m08 (Record D\u00e9p)<\/td><td class=\"column-4\">le 16\/10\/2005 \u00e0 COULAINES<\/td>\n<\/tr>\n<tr class=\"row-73\">\n\t<td class=\"column-1\">MARTEAU.3kg<\/td><td class=\"column-2\">NOEMIE KIEFFER<\/td><td class=\"column-3\">41m76 (Record D\u00e9p) <\/td><td class=\"column-4\">le 14\/05\/2023 \u00e0 COULAINES<\/td>\n<\/tr>\n<tr class=\"row-74\">\n\t<td class=\"column-1\">QUADRATHLON<\/td><td class=\"column-2\">CHARLOTTE JUBINEAU<\/td><td class=\"column-3\">81 pts (Record D\u00e9p)<\/td><td class=\"column-4\">le 03\/10\/1993 \u00e0 LA FLECHE<\/td>\n<\/tr>\n<tr class=\"row-75\">\n\t<td class=\"column-1\">PENTATHLON (Salle)<\/td><td class=\"column-2\">NOEMIE KIEFFER<br \/>\nMANON MORVAN<\/td><td class=\"column-3\">2434 pts<br \/>\n2410 pts <\/td><td class=\"column-4\">le 27\/11\/2022 \u00e0 RENNES<br \/>\nle 25\/11\/2025 \u00e0 RENNES<\/td>\n<\/tr>\n<tr class=\"row-76\">\n\t<td class=\"column-1\">PENTATHLON<\/td><td class=\"column-2\"><\/td><td class=\"column-3\"><\/td><td class=\"column-4\"><\/td>\n<\/tr>\n<tr class=\"row-77\">\n\t<td class=\"column-1\">HEPTATHLON<\/td><td class=\"column-2\">LEA GIRAULT<\/td><td class=\"column-3\">3380 pts<\/td><td class=\"column-4\">le 12\/05\/2013 \u00e0 CHALLANS<\/td>\n<\/tr>\n<tr class=\"row-78\">\n\t<td class=\"column-1\">TRIATHLON (Salle)<\/td><td class=\"column-2\"> NOEMIE KIEFFER<\/td><td class=\"column-3\">112 pts (Long S : 5m11 - 50H (76) S : 8''06 - 50m S : 7''24)<\/td><td class=\"column-4\">le 12\/02\/2023 \u00e0 NANTES<\/td>\n<\/tr>\n<tr class=\"row-79\">\n\t<td class=\"column-1\">TRIATHLON<\/td><td class=\"column-2\">LILY POILBLAN<\/td><td class=\"column-3\">107 pts (50m haies 8\"55, longueur 5m34, 35m01 au marteau)<\/td><td class=\"column-4\">le 18\/06\/2015 \u00e0 COMPIEGNE (Championnat de France UGSEL)<\/td>\n<\/tr>\n<tr class=\"row-80\">\n\t<td class=\"column-1\">MARCHE 3000m<\/td><td class=\"column-2\">ADELE VERDIERE<\/td><td class=\"column-3\">17'05\"3<\/td><td class=\"column-4\">le 14\/04\/2012 \u00e0 SARANS<\/td>\n<\/tr>\n<tr class=\"row-81\">\n\t<td class=\"column-1\">MARCHE 2000m<\/td><td class=\"column-2\">ADELE VERDIERE<\/td><td class=\"column-3\">10'55\"05<\/td><td class=\"column-4\">le 28\/04\/2012 \u00e0 LAVAL<\/td>\n<\/tr>\n<tr class=\"row-82\">\n\t<td class=\"column-1\">4 X 60m<\/td><td class=\"column-2\">GABRIELLE ROCHER-MORGANE POTTIER-OCEANE MORIN-LISON ROCHER<\/td><td class=\"column-3\">30\"46 (RECORD de LIGUE)<\/td><td class=\"column-4\">le 28\/05\/2011 \u00e0 LAVAL<\/td>\n<\/tr>\n<tr class=\"row-83\">\n\t<td class=\"column-1\">4 X 60m<\/td><td class=\"column-2\">Gabrielle ROCHER, Lucie DOUYERE, Oc\u00e9ane MORIN, Lison ROCHER Gabrielle ROCHER, Morgane POTTIER, Oc\u00e9ane MORIN, Lison ROCHER<\/td><td class=\"column-3\">30\"59 30\"46<\/td><td class=\"column-4\">le 16\/04\/2011 \u00e0 ANGERS le 26\/05\/2011 \u00e0 ANGERS<\/td>\n<\/tr>\n<tr class=\"row-84\">\n\t<td class=\"column-1\">Relais 800m-200m-200m-800m<\/td><td class=\"column-2\">AXELLE BOUCHARD - OLENKA RIALLAND - SOUNKAMBA SYLLA - LEA GIRAULT<\/td><td class=\"column-3\">6'10\"42 (Record D\u00e9p)<\/td><td class=\"column-4\">le 24\/05\/2013 au MANS<\/td>\n<\/tr>\n<tr class=\"row-85\">\n\t<td class=\"column-1\">4 X 80m<\/td><td class=\"column-2\">N.BOUTTIER - S.CRIBIER - V.LEFEVRE - C.LEGRAND<\/td><td class=\"column-3\">40\"7<\/td><td class=\"column-4\">le ..\/..\/1987 au MANS<\/td>\n<\/tr>\n<tr class=\"row-86\">\n\t<td class=\"column-1\">EQUIP ATHLE<\/td><td class=\"column-2\">Lily POILBLAN-Ang\u00e8le PITZ-Emelle BOUCHARD- Emilie LANDRY- Clarisse GIRAULT No\u00e9mie KIEFFER \/ Amandine LE BARS \/ C\u00f4me TSHIMANGA \/ Lola CHIPAUX \/ Gaspard HUNAUT \/ Thomas GOUGEON\/Tom MORVAN \/ Hugo LE BARS \/ Lilou CHAPELLE\/ Sacha MORIN \/<\/td><td class=\"column-3\">394 pts 416 pts<\/td><td class=\"column-4\">le 28\/06\/2015 \u00e0 MAYENNE <br \/>\nle   \/  \/2022 \u00e0 TOURS<\/td>\n<\/tr>\n<\/tbody>\n<\/table>\n<!-- #tablepress-recordminimes from cache --><\/div>\n\t\t\t\t\t\t<\/div>\n\t\t\t\t<\/div>\n\t\t\t\t\t<\/div>\n\t\t<\/div>\n\t\t\t\t\t<\/div>\n\t\t<\/section>\n\t\t\t\t<\/div>\n\t\t","protected":false},"excerpt":{"rendered":"","protected":false},"author":1,"featured_media":0,"comment_status":"open","ping_status":"open","sticky":false,"template":"","format":"standard","meta":{"footnotes":""},"categories":[1],"tags":[],"class_list":["post-2820","post","type-post","status-publish","format-standard","hentry","category-non-classe"],"yoast_head":"<!-- This site is optimized with the Yoast SEO plugin v27.2 - https:\/\/yoast.com\/product\/yoast-seo-wordpress\/ -->\n<title>Records minimes - Laval Agglo Athl\u00e9tisme<\/title>\n<meta name=\"robots\" content=\"index, follow, max-snippet:-1, max-image-preview:large, max-video-preview:-1\" \/>\n<link rel=\"canonical\" href=\"https:\/\/www.lavalaggloathle53.fr\/index.php\/2023\/03\/01\/records-minimes\/\" \/>\n<meta property=\"og:locale\" content=\"fr_FR\" \/>\n<meta property=\"og:type\" content=\"article\" \/>\n<meta property=\"og:title\" content=\"Records minimes - Laval Agglo Athl\u00e9tisme\" \/>\n<meta property=\"og:url\" content=\"https:\/\/www.lavalaggloathle53.fr\/index.php\/2023\/03\/01\/records-minimes\/\" \/>\n<meta property=\"og:site_name\" content=\"Laval Agglo Athl\u00e9tisme\" \/>\n<meta property=\"article:publisher\" content=\"https:\/\/www.facebook.com\/stadelavalloisathletisme\" \/>\n<meta property=\"article:published_time\" content=\"2023-03-01T15:31:52+00:00\" \/>\n<meta property=\"article:modified_time\" content=\"2023-03-01T15:33:58+00:00\" \/>\n<meta property=\"og:image\" content=\"https:\/\/www.lavalaggloathle53.fr\/wp-content\/uploads\/2023\/02\/Sans-titre-1024x576.png\" \/>\n\t<meta property=\"og:image:width\" content=\"1024\" \/>\n\t<meta property=\"og:image:height\" content=\"576\" \/>\n\t<meta property=\"og:image:type\" content=\"image\/png\" \/>\n<meta name=\"author\" content=\"admin1863\" \/>\n<meta name=\"twitter:card\" content=\"summary_large_image\" \/>\n<meta name=\"twitter:label1\" content=\"\u00c9crit par\" \/>\n\t<meta name=\"twitter:data1\" content=\"admin1863\" \/>\n<script type=\"application\/ld+json\" class=\"yoast-schema-graph\">{\"@context\":\"https:\/\/schema.org\",\"@graph\":[{\"@type\":\"Article\",\"@id\":\"https:\/\/www.lavalaggloathle53.fr\/index.php\/2023\/03\/01\/records-minimes\/#article\",\"isPartOf\":{\"@id\":\"https:\/\/www.lavalaggloathle53.fr\/index.php\/2023\/03\/01\/records-minimes\/\"},\"author\":{\"name\":\"admin1863\",\"@id\":\"https:\/\/www.lavalaggloathle53.fr\/#\/schema\/person\/14326b19a191e887fccf1bc1a1abeb33\"},\"headline\":\"Records minimes\",\"datePublished\":\"2023-03-01T15:31:52+00:00\",\"dateModified\":\"2023-03-01T15:33:58+00:00\",\"mainEntityOfPage\":{\"@id\":\"https:\/\/www.lavalaggloathle53.fr\/index.php\/2023\/03\/01\/records-minimes\/\"},\"wordCount\":5,\"commentCount\":3,\"inLanguage\":\"fr-FR\",\"potentialAction\":[{\"@type\":\"CommentAction\",\"name\":\"Comment\",\"target\":[\"https:\/\/www.lavalaggloathle53.fr\/index.php\/2023\/03\/01\/records-minimes\/#respond\"]}]},{\"@type\":\"WebPage\",\"@id\":\"https:\/\/www.lavalaggloathle53.fr\/index.php\/2023\/03\/01\/records-minimes\/\",\"url\":\"https:\/\/www.lavalaggloathle53.fr\/index.php\/2023\/03\/01\/records-minimes\/\",\"name\":\"Records minimes - Laval Agglo Athl\u00e9tisme\",\"isPartOf\":{\"@id\":\"https:\/\/www.lavalaggloathle53.fr\/#website\"},\"datePublished\":\"2023-03-01T15:31:52+00:00\",\"dateModified\":\"2023-03-01T15:33:58+00:00\",\"author\":{\"@id\":\"https:\/\/www.lavalaggloathle53.fr\/#\/schema\/person\/14326b19a191e887fccf1bc1a1abeb33\"},\"breadcrumb\":{\"@id\":\"https:\/\/www.lavalaggloathle53.fr\/index.php\/2023\/03\/01\/records-minimes\/#breadcrumb\"},\"inLanguage\":\"fr-FR\",\"potentialAction\":[{\"@type\":\"ReadAction\",\"target\":[\"https:\/\/www.lavalaggloathle53.fr\/index.php\/2023\/03\/01\/records-minimes\/\"]}]},{\"@type\":\"BreadcrumbList\",\"@id\":\"https:\/\/www.lavalaggloathle53.fr\/index.php\/2023\/03\/01\/records-minimes\/#breadcrumb\",\"itemListElement\":[{\"@type\":\"ListItem\",\"position\":1,\"name\":\"Accueil\",\"item\":\"https:\/\/www.lavalaggloathle53.fr\/\"},{\"@type\":\"ListItem\",\"position\":2,\"name\":\"Records minimes\"}]},{\"@type\":\"WebSite\",\"@id\":\"https:\/\/www.lavalaggloathle53.fr\/#website\",\"url\":\"https:\/\/www.lavalaggloathle53.fr\/\",\"name\":\"Laval Agglo Athl\u00e9tisme\",\"description\":\"L&#039;athl\u00e9, un sport pour tous\",\"alternateName\":\"L2A53\",\"potentialAction\":[{\"@type\":\"SearchAction\",\"target\":{\"@type\":\"EntryPoint\",\"urlTemplate\":\"https:\/\/www.lavalaggloathle53.fr\/?s={search_term_string}\"},\"query-input\":{\"@type\":\"PropertyValueSpecification\",\"valueRequired\":true,\"valueName\":\"search_term_string\"}}],\"inLanguage\":\"fr-FR\"},{\"@type\":\"Person\",\"@id\":\"https:\/\/www.lavalaggloathle53.fr\/#\/schema\/person\/14326b19a191e887fccf1bc1a1abeb33\",\"name\":\"admin1863\",\"image\":{\"@type\":\"ImageObject\",\"inLanguage\":\"fr-FR\",\"@id\":\"https:\/\/secure.gravatar.com\/avatar\/8347406c444df2db908729d2fd689b7b748c6d794147252beb9eaaa7ec8488fb?s=96&d=mm&r=g\",\"url\":\"https:\/\/secure.gravatar.com\/avatar\/8347406c444df2db908729d2fd689b7b748c6d794147252beb9eaaa7ec8488fb?s=96&d=mm&r=g\",\"contentUrl\":\"https:\/\/secure.gravatar.com\/avatar\/8347406c444df2db908729d2fd689b7b748c6d794147252beb9eaaa7ec8488fb?s=96&d=mm&r=g\",\"caption\":\"admin1863\"},\"sameAs\":[\"http:\/\/www.lavalaggloathle53.fr\"],\"url\":\"https:\/\/www.lavalaggloathle53.fr\/index.php\/author\/admin1863\/\"}]}<\/script>\n<!-- \/ Yoast SEO plugin. -->","yoast_head_json":{"title":"Records minimes - Laval Agglo Athl\u00e9tisme","robots":{"index":"index","follow":"follow","max-snippet":"max-snippet:-1","max-image-preview":"max-image-preview:large","max-video-preview":"max-video-preview:-1"},"canonical":"https:\/\/www.lavalaggloathle53.fr\/index.php\/2023\/03\/01\/records-minimes\/","og_locale":"fr_FR","og_type":"article","og_title":"Records minimes - Laval Agglo Athl\u00e9tisme","og_url":"https:\/\/www.lavalaggloathle53.fr\/index.php\/2023\/03\/01\/records-minimes\/","og_site_name":"Laval Agglo Athl\u00e9tisme","article_publisher":"https:\/\/www.facebook.com\/stadelavalloisathletisme","article_published_time":"2023-03-01T15:31:52+00:00","article_modified_time":"2023-03-01T15:33:58+00:00","og_image":[{"width":1024,"height":576,"url":"https:\/\/www.lavalaggloathle53.fr\/wp-content\/uploads\/2023\/02\/Sans-titre-1024x576.png","type":"image\/png"}],"author":"admin1863","twitter_card":"summary_large_image","twitter_misc":{"\u00c9crit par":"admin1863"},"schema":{"@context":"https:\/\/schema.org","@graph":[{"@type":"Article","@id":"https:\/\/www.lavalaggloathle53.fr\/index.php\/2023\/03\/01\/records-minimes\/#article","isPartOf":{"@id":"https:\/\/www.lavalaggloathle53.fr\/index.php\/2023\/03\/01\/records-minimes\/"},"author":{"name":"admin1863","@id":"https:\/\/www.lavalaggloathle53.fr\/#\/schema\/person\/14326b19a191e887fccf1bc1a1abeb33"},"headline":"Records minimes","datePublished":"2023-03-01T15:31:52+00:00","dateModified":"2023-03-01T15:33:58+00:00","mainEntityOfPage":{"@id":"https:\/\/www.lavalaggloathle53.fr\/index.php\/2023\/03\/01\/records-minimes\/"},"wordCount":5,"commentCount":3,"inLanguage":"fr-FR","potentialAction":[{"@type":"CommentAction","name":"Comment","target":["https:\/\/www.lavalaggloathle53.fr\/index.php\/2023\/03\/01\/records-minimes\/#respond"]}]},{"@type":"WebPage","@id":"https:\/\/www.lavalaggloathle53.fr\/index.php\/2023\/03\/01\/records-minimes\/","url":"https:\/\/www.lavalaggloathle53.fr\/index.php\/2023\/03\/01\/records-minimes\/","name":"Records minimes - Laval Agglo Athl\u00e9tisme","isPartOf":{"@id":"https:\/\/www.lavalaggloathle53.fr\/#website"},"datePublished":"2023-03-01T15:31:52+00:00","dateModified":"2023-03-01T15:33:58+00:00","author":{"@id":"https:\/\/www.lavalaggloathle53.fr\/#\/schema\/person\/14326b19a191e887fccf1bc1a1abeb33"},"breadcrumb":{"@id":"https:\/\/www.lavalaggloathle53.fr\/index.php\/2023\/03\/01\/records-minimes\/#breadcrumb"},"inLanguage":"fr-FR","potentialAction":[{"@type":"ReadAction","target":["https:\/\/www.lavalaggloathle53.fr\/index.php\/2023\/03\/01\/records-minimes\/"]}]},{"@type":"BreadcrumbList","@id":"https:\/\/www.lavalaggloathle53.fr\/index.php\/2023\/03\/01\/records-minimes\/#breadcrumb","itemListElement":[{"@type":"ListItem","position":1,"name":"Accueil","item":"https:\/\/www.lavalaggloathle53.fr\/"},{"@type":"ListItem","position":2,"name":"Records minimes"}]},{"@type":"WebSite","@id":"https:\/\/www.lavalaggloathle53.fr\/#website","url":"https:\/\/www.lavalaggloathle53.fr\/","name":"Laval Agglo Athl\u00e9tisme","description":"L&#039;athl\u00e9, un sport pour tous","alternateName":"L2A53","potentialAction":[{"@type":"SearchAction","target":{"@type":"EntryPoint","urlTemplate":"https:\/\/www.lavalaggloathle53.fr\/?s={search_term_string}"},"query-input":{"@type":"PropertyValueSpecification","valueRequired":true,"valueName":"search_term_string"}}],"inLanguage":"fr-FR"},{"@type":"Person","@id":"https:\/\/www.lavalaggloathle53.fr\/#\/schema\/person\/14326b19a191e887fccf1bc1a1abeb33","name":"admin1863","image":{"@type":"ImageObject","inLanguage":"fr-FR","@id":"https:\/\/secure.gravatar.com\/avatar\/8347406c444df2db908729d2fd689b7b748c6d794147252beb9eaaa7ec8488fb?s=96&d=mm&r=g","url":"https:\/\/secure.gravatar.com\/avatar\/8347406c444df2db908729d2fd689b7b748c6d794147252beb9eaaa7ec8488fb?s=96&d=mm&r=g","contentUrl":"https:\/\/secure.gravatar.com\/avatar\/8347406c444df2db908729d2fd689b7b748c6d794147252beb9eaaa7ec8488fb?s=96&d=mm&r=g","caption":"admin1863"},"sameAs":["http:\/\/www.lavalaggloathle53.fr"],"url":"https:\/\/www.lavalaggloathle53.fr\/index.php\/author\/admin1863\/"}]}},"_links":{"self":[{"href":"https:\/\/www.lavalaggloathle53.fr\/index.php\/wp-json\/wp\/v2\/posts\/2820","targetHints":{"allow":["GET"]}}],"collection":[{"href":"https:\/\/www.lavalaggloathle53.fr\/index.php\/wp-json\/wp\/v2\/posts"}],"about":[{"href":"https:\/\/www.lavalaggloathle53.fr\/index.php\/wp-json\/wp\/v2\/types\/post"}],"author":[{"embeddable":true,"href":"https:\/\/www.lavalaggloathle53.fr\/index.php\/wp-json\/wp\/v2\/users\/1"}],"replies":[{"embeddable":true,"href":"https:\/\/www.lavalaggloathle53.fr\/index.php\/wp-json\/wp\/v2\/comments?post=2820"}],"version-history":[{"count":4,"href":"https:\/\/www.lavalaggloathle53.fr\/index.php\/wp-json\/wp\/v2\/posts\/2820\/revisions"}],"predecessor-version":[{"id":2824,"href":"https:\/\/www.lavalaggloathle53.fr\/index.php\/wp-json\/wp\/v2\/posts\/2820\/revisions\/2824"}],"wp:attachment":[{"href":"https:\/\/www.lavalaggloathle53.fr\/index.php\/wp-json\/wp\/v2\/media?parent=2820"}],"wp:term":[{"taxonomy":"category","embeddable":true,"href":"https:\/\/www.lavalaggloathle53.fr\/index.php\/wp-json\/wp\/v2\/categories?post=2820"},{"taxonomy":"post_tag","embeddable":true,"href":"https:\/\/www.lavalaggloathle53.fr\/index.php\/wp-json\/wp\/v2\/tags?post=2820"}],"curies":[{"name":"wp","href":"https:\/\/api.w.org\/{rel}","templated":true}]}}