{"id":2815,"date":"2023-03-01T16:31:12","date_gmt":"2023-03-01T15:31:12","guid":{"rendered":"http:\/\/www.lavalaggloathle53.fr\/?p=2815"},"modified":"2023-03-01T16:33:39","modified_gmt":"2023-03-01T15:33:39","slug":"records-cadettes","status":"publish","type":"post","link":"https:\/\/www.lavalaggloathle53.fr\/index.php\/2023\/03\/01\/records-cadettes\/","title":{"rendered":"Records cadet(te)s"},"content":{"rendered":"\t\t<div data-elementor-type=\"wp-post\" data-elementor-id=\"2815\" class=\"elementor elementor-2815\">\n\t\t\t\t\t\t<section class=\"elementor-section elementor-top-section elementor-element elementor-element-2068fa4 elementor-section-boxed elementor-section-height-default elementor-section-height-default wpr-particle-no wpr-jarallax-no wpr-parallax-no wpr-sticky-section-no wpr-equal-height-no\" data-id=\"2068fa4\" data-element_type=\"section\" data-e-type=\"section\">\n\t\t\t\t\t\t<div class=\"elementor-container elementor-column-gap-default\">\n\t\t\t\t\t<div class=\"elementor-column elementor-col-100 elementor-top-column elementor-element elementor-element-042d92f\" data-id=\"042d92f\" data-element_type=\"column\" data-e-type=\"column\">\n\t\t\t<div class=\"elementor-widget-wrap elementor-element-populated\">\n\t\t\t\t\t\t<div class=\"elementor-element elementor-element-76f3b36 elementor-widget elementor-widget-shortcode\" data-id=\"76f3b36\" data-element_type=\"widget\" data-e-type=\"widget\" data-widget_type=\"shortcode.default\">\n\t\t\t\t<div class=\"elementor-widget-container\">\n\t\t\t\t\t\t\t<div class=\"elementor-shortcode\">\n<table id=\"tablepress-recordscadets\" class=\"tablepress tablepress-id-recordscadets\">\n<tbody class=\"row-striping row-hover\">\n<tr class=\"row-1\">\n\t<td class=\"column-1\">50m (Salle)<\/td><td class=\"column-2\">LISON ROCHER <br \/>\nANGELE PITZ<\/td><td class=\"column-3\">6\"60 (Record D\u00e9p ???) 6\"84 (Record D\u00e9p)<\/td><td class=\"column-4\">le 04\/01\/2012 \u00e0 MAYENNE ??? le 21\/02\/2016 \u00e0 NANTES<\/td>\n<\/tr>\n<tr class=\"row-2\">\n\t<td class=\"column-1\">60m (Salle)<\/td><td class=\"column-2\">SOUNKAMBA SYLLA ANGELE PITZ ANGELE PITZ ANGELE PITZ<\/td><td class=\"column-3\">7\"95 (Record D\u00e9p) 7\"94 (Record D\u00e9p) 7\"88 (Record D\u00e9p) 7\"82 (Record D\u00e9p)<\/td><td class=\"column-4\">le 31\/01\/2015 \u00e0 AUBIERES (Chpt de France UNSS) le 04\/12\/2016 \u00e0 NANTES le 04\/12\/2016 \u00e0 NANTES le 03\/02\/2018 \u00e0 BORDEAUX<\/td>\n<\/tr>\n<tr class=\"row-3\">\n\t<td class=\"column-1\">100m<\/td><td class=\"column-2\">SOUNKAMBA SYLLA<\/td><td class=\"column-3\">12\"21 (+1,3m\/s)(Record D\u00e9p) 12\"16 (+2,8m\/s) 12\"19 (+0,4m\/s) Record D\u00e9p 12\"08 (+0,4m\/s) Record D\u00e9p<\/td><td class=\"column-4\">le 06\/06\/2015 \u00e0 NANTES le 13\/06\/2015 \u00e0 CHALLANS le 18\/07\/2015 \u00e0 ALBI (s\u00e9rie Chpt de France) le 18\/07\/2015 (demi Chpt de France)<\/td>\n<\/tr>\n<tr class=\"row-4\">\n\t<td class=\"column-1\">200m (Salle)<\/td><td class=\"column-2\">SOUNKAMBA SYLLA<\/td><td class=\"column-3\">25\"48 (Record D\u00e9p)<\/td><td class=\"column-4\">le 14\/02\/2015 \u00e0 NANTES (Chpt de France FFA)<\/td>\n<\/tr>\n<tr class=\"row-5\">\n\t<td class=\"column-1\">200m<\/td><td class=\"column-2\">SOUNKAMBA SYLLA<\/td><td class=\"column-3\">24\"69 (Record D\u00e9p) 24\"67 (Record D\u00e9p) 24\"58 (Record D\u00e9p) 24\"30 (Record D\u00e9p) 24\"26 (Record D\u00e9p)<\/td><td class=\"column-4\">le 10\/05\/2015 \u00e0 LAVAL le 21\/06\/2015 \u00e0 NIORT le 28\/06\/2015 \u00e0 CERGY PONTOISE le 19\/07\/2015 \u00e0 ALBI (s\u00e9rie Chpt de France) le 19\/07\/2015 \u00e0 ALBI (vice champ de France)<\/td>\n<\/tr>\n<tr class=\"row-6\">\n\t<td class=\"column-1\">400m (Salle)<\/td><td class=\"column-2\">JULIE MAHEUX<\/td><td class=\"column-3\">61\"76<\/td><td class=\"column-4\">le 06\/02\/2011 \u00e0 EAUBONNE<\/td>\n<\/tr>\n<tr class=\"row-7\">\n\t<td class=\"column-1\">400m<\/td><td class=\"column-2\">BOUTARD ALIZEE<\/td><td class=\"column-3\">58\"72<\/td><td class=\"column-4\">le 18\/07\/2008 \u00e0 LYON<\/td>\n<\/tr>\n<tr class=\"row-8\">\n\t<td class=\"column-1\">800m<\/td><td class=\"column-2\">HELENE LELIEVRE<\/td><td class=\"column-3\">2'19\"05<\/td><td class=\"column-4\">le 12\/04\/1997 au MANS<\/td>\n<\/tr>\n<tr class=\"row-9\">\n\t<td class=\"column-1\">1000m (Salle)<\/td><td class=\"column-2\">MANON LECLERC<\/td><td class=\"column-3\">3'17\"03<\/td><td class=\"column-4\">le 14\/01\/2012 \u00e0 EAUBONNE (Chpt de France UGSEL)<\/td>\n<\/tr>\n<tr class=\"row-10\">\n\t<td class=\"column-1\">1000m<\/td><td class=\"column-2\">HELENE LELIEVRE<\/td><td class=\"column-3\">3'06\"07 (Record D\u00e9p )<\/td><td class=\"column-4\">le 05\/04\/1997 \u00e0 LAVAL<\/td>\n<\/tr>\n<tr class=\"row-11\">\n\t<td class=\"column-1\">1500m<\/td><td class=\"column-2\">HELENE LELIEVRE<\/td><td class=\"column-3\">4'47\"46<\/td><td class=\"column-4\">le 12\/07\/1997 \u00e0 VILLENEUVE d'ASQ<\/td>\n<\/tr>\n<tr class=\"row-12\">\n\t<td class=\"column-1\">1500m Steeple<\/td><td class=\"column-2\">STEFFIE COUTARD<\/td><td class=\"column-3\">5'25\"59 (Record D\u00e9p )<\/td><td class=\"column-4\">le 01\/07\/2006 \u00e0 NIORT<\/td>\n<\/tr>\n<tr class=\"row-13\">\n\t<td class=\"column-1\">3000m<\/td><td class=\"column-2\">STEFFIE COUTARD<\/td><td class=\"column-3\">11'02\"60 (Record D\u00e9p )<\/td><td class=\"column-4\">le 08\/05\/2005 \u00e0 LAVAL<\/td>\n<\/tr>\n<tr class=\"row-14\">\n\t<td class=\"column-1\">10km (Hors Stade)<\/td><td class=\"column-2\">STEFFIE COUTARD<\/td><td class=\"column-3\">44'34''<\/td><td class=\"column-4\">le ..\/09\/2005 \u00e0 LAVAL<\/td>\n<\/tr>\n<tr class=\"row-15\">\n\t<td class=\"column-1\">50m Haies 84 (Salle) 50m Haies 76 (Salle)<\/td><td class=\"column-2\">VANINA FOUET ANGELE PITZ<\/td><td class=\"column-3\">7\"83 7\"83<\/td><td class=\"column-4\">le 16\/01\/1994 \u00e0 LA POMMERAYE le 17\/01\/2016 \u00e0 MAYENNE<\/td>\n<\/tr>\n<tr class=\"row-16\">\n\t<td class=\"column-1\">60m Haies 76 (Salle)<\/td><td class=\"column-2\">ANGELE PITZ ANGELE PITZ ANGELE PITZ<\/td><td class=\"column-3\">8\"79 (Record D\u00e9p) 8\"78 (Record D\u00e9p) 8\"61 (Record D\u00e9p)<\/td><td class=\"column-4\">le 28\/01\/2017 \u00e0 VAL DE REUIL le 28\/01\/2017 \u00e0 VAL DE REUIL le 28\/01\/2018 \u00e0 NANTES<\/td>\n<\/tr>\n<tr class=\"row-17\">\n\t<td class=\"column-1\">100m Haies (76)<\/td><td class=\"column-2\">ANGELE PITZ ANGELE PITZ ANGELE PITZ ANGELE PITZ ANGELE PITZ<\/td><td class=\"column-3\">14\"21 (Record D\u00e9p) 14\"05 (Record D\u00e9p) 13\"87 (Record D\u00e9p) 13\"53 (Record D\u00e9p) 13\"42 (+2,5m\/s)<\/td><td class=\"column-4\">le 26\/05\/2018 aux SABLES D'OLONNES le 03\/06\/2018 \u00e0 ARGENTAN le 29\/05\/2018 \u00e0 COMPIEGNE le 24\/06\/2018 \u00e0 BLOIS le 24\/06\/2018 \u00e0 BLOIS<\/td>\n<\/tr>\n<tr class=\"row-18\">\n\t<td class=\"column-1\">100m Haies (84)<\/td><td class=\"column-2\">ANGELE PITZ<\/td><td class=\"column-3\">14\"27<\/td><td class=\"column-4\">le 06\/05\/2018 \u00e0 ANGERS<\/td>\n<\/tr>\n<tr class=\"row-19\">\n\t<td class=\"column-1\">400m Haies<\/td><td class=\"column-2\">ALEXANDRA RADE<\/td><td class=\"column-3\">63\"24<\/td><td class=\"column-4\">le<\/td>\n<\/tr>\n<tr class=\"row-20\">\n\t<td class=\"column-1\">HAUTEUR (Salle)<\/td><td class=\"column-2\">FLORENCE LENORMAN<\/td><td class=\"column-3\">1m76 (Record de ligue)<\/td><td class=\"column-4\">le 08\/02\/1986 \u00e0 PARIS INSEP<\/td>\n<\/tr>\n<tr class=\"row-21\">\n\t<td class=\"column-1\">HAUTEUR<\/td><td class=\"column-2\">FLORENCE LENORMAN<\/td><td class=\"column-3\">1m78 (Record de LIGUE PDL)<\/td><td class=\"column-4\">le 05\/07\/1986 \u00e0 MONTGERON<\/td>\n<\/tr>\n<tr class=\"row-22\">\n\t<td class=\"column-1\">PERCHE (Salle)<\/td><td class=\"column-2\">PAULINE BISSON<\/td><td class=\"column-3\">2m70<\/td><td class=\"column-4\">le 20\/03\/2011 \u00e0 LA FLECHE<\/td>\n<\/tr>\n<tr class=\"row-23\">\n\t<td class=\"column-1\">PERCHE<\/td><td class=\"column-2\">ANSIA-STELLA LAURENT<\/td><td class=\"column-3\">3m00<\/td><td class=\"column-4\">le 25\/04\/2026 \u00e0 LAVAL<\/td>\n<\/tr>\n<tr class=\"row-24\">\n\t<td class=\"column-1\">LONGUEUR (Salle)<\/td><td class=\"column-2\">Lily POILBLAN<\/td><td class=\"column-3\">5m39<\/td><td class=\"column-4\">le 10\/01\/2016 \u00e0 RENNES<\/td>\n<\/tr>\n<tr class=\"row-25\">\n\t<td class=\"column-1\">LONGUEUR<\/td><td class=\"column-2\">VALERIE LEFEVRE PIA JOUIS LILY POILBLAN LILY POILBLAN<\/td><td class=\"column-3\">5m65 (Record D\u00e9p ???) 5m42 5m53 (+0,4m\/s) 5m64 (+2,3m\/s)<\/td><td class=\"column-4\">le 01\/11\/1990 \u00e0 SAUMUR le 29\/06\/2003 \u00e0 NIORT le 04\/06\/2016 \u00e0 NANTES le 04\/06\/2016 \u00e0 NANTES<\/td>\n<\/tr>\n<tr class=\"row-26\">\n\t<td class=\"column-1\">TRIPLE SAUT (Salle)<\/td><td class=\"column-2\">PIA JOUIS<\/td><td class=\"column-3\">10m95<\/td><td class=\"column-4\">le 09\/02\/2003 \u00e0 MAYENNE<\/td>\n<\/tr>\n<tr class=\"row-27\">\n\t<td class=\"column-1\">TRIPLE SAUT<\/td><td class=\"column-2\">PIA JOUIS<\/td><td class=\"column-3\">11m45 (Record D\u00e9p)<\/td><td class=\"column-4\">le 04\/05\/2003 \u00e0 SAUMUR<\/td>\n<\/tr>\n<tr class=\"row-28\">\n\t<td class=\"column-1\">POIDS.3kg (Salle)<\/td><td class=\"column-2\">MANUELA MONTEBRUN<\/td><td class=\"column-3\">14m04 (Record de Ligue)<\/td><td class=\"column-4\">18\/02\/1996 \u00e0 PARIS INSEP<\/td>\n<\/tr>\n<tr class=\"row-29\">\n\t<td class=\"column-1\">POIDS.3kg<\/td><td class=\"column-2\">MANUELA MONTEBRUN VERONIQUE SEKONGO<\/td><td class=\"column-3\">14m72 (Record de Ligue) 13m93 (RP)<\/td><td class=\"column-4\">le 25\/05\/1996 \u00e0 ST-BERTHEVIN le 24\/06\/2017 \u00e0 TOURS<\/td>\n<\/tr>\n<tr class=\"row-30\">\n\t<td class=\"column-1\">POIDS.4kg (Salle)<\/td><td class=\"column-2\">MANUELA MONTEBRUN<\/td><td class=\"column-3\">13m21 (Record de Ligue)<\/td><td class=\"column-4\">le 28\/02\/1998 \u00e0 BIRMINGHAM (GBR)<\/td>\n<\/tr>\n<tr class=\"row-31\">\n\t<td class=\"column-1\">POIDS.4kg<\/td><td class=\"column-2\">MANUELA MONTEBRUN<\/td><td class=\"column-3\">13m05<\/td><td class=\"column-4\">le 20\/07\/1996 \u00e0 LINGOLSHEIM<\/td>\n<\/tr>\n<tr class=\"row-32\">\n\t<td class=\"column-1\">DISQ.1kg<\/td><td class=\"column-2\">CELINE BARBIN<\/td><td class=\"column-3\">38m53 (Record D\u00e9p)<\/td><td class=\"column-4\">le 29\/06\/2003 \u00e0 NIORT<\/td>\n<\/tr>\n<tr class=\"row-33\">\n\t<td class=\"column-1\">JAVELOT .600g<\/td><td class=\"column-2\">CATHERINE TANGUY<\/td><td class=\"column-3\">37m46 (Record D\u00e9p)<\/td><td class=\"column-4\">le 01\/10\/1989 \u00e0 CESSON SEVIGNE<\/td>\n<\/tr>\n<tr class=\"row-34\">\n\t<td class=\"column-1\">MARTEAU.3kg<\/td><td class=\"column-2\">MANUELLA MONTEBRUN<\/td><td class=\"column-3\">53m16 (Record ligue)<\/td><td class=\"column-4\">le 24\/07\/1996 \u00e0 PARILLY<\/td>\n<\/tr>\n<tr class=\"row-35\">\n\t<td class=\"column-1\">MARTEAU .4kg<\/td><td class=\"column-2\">MANUELLA MONTEBRUN<\/td><td class=\"column-3\">62m79 (Record ligue)<\/td><td class=\"column-4\">le 11\/07\/1998 \u00e0 DREUX<\/td>\n<\/tr>\n<tr class=\"row-36\">\n\t<td class=\"column-1\">HEPTATHLON<\/td><td class=\"column-2\">ANNE HELENE BLOT<\/td><td class=\"column-3\">3449 pts<\/td><td class=\"column-4\">le 14\/07\/1996 \u00e0 POITIERS<\/td>\n<\/tr>\n<tr class=\"row-37\">\n\t<td class=\"column-1\">PENTATHLON (Salle)<\/td><td class=\"column-2\">AMANDINE LE BARS AMANDINE LE BARS<\/td><td class=\"column-3\">2106 pts (11\"70 : 60mhaies, 1m24 Haut, 9m64 Poids, 4m28 haut, 2'51\"43 800m) 2289 pts (10\"72 : 60m haies, 1m14 Haut, 9m77 au poids, 4m55 en long, 2'56\"18 sur 800m)<\/td><td class=\"column-4\">le 19\/11\/2022 \u00e0 NANTES le 08\/01\/2023 \u00e0 RENNES<\/td>\n<\/tr>\n<tr class=\"row-38\">\n\t<td class=\"column-1\">MARCHE.3000m<\/td><td class=\"column-2\">EMMANUELLE DURAND<\/td><td class=\"column-3\">14'54\"00<\/td><td class=\"column-4\">le 26\/09\/1993 \u00e0 LAMBALLE<\/td>\n<\/tr>\n<tr class=\"row-39\">\n\t<td class=\"column-1\">MARCHE.5000m<\/td><td class=\"column-2\">ADELE VERDIERE<\/td><td class=\"column-3\">25'51\"87 (Record D\u00e9p)<\/td><td class=\"column-4\">le 14\/06\/2014 \u00e0 LA BAULE<\/td>\n<\/tr>\n<tr class=\"row-40\">\n\t<td class=\"column-1\">MARCHE.10km<\/td><td class=\"column-2\">\u00e9tablir<\/td><td class=\"column-3\">\u00e9tablir<\/td><td class=\"column-4\">le<\/td>\n<\/tr>\n<tr class=\"row-41\">\n\t<td class=\"column-1\">30mn MARCHE<\/td><td class=\"column-2\">AURORE GESLIN<\/td><td class=\"column-3\">5293m<\/td><td class=\"column-4\">le 18\/10\/1998 \u00e0 ???<\/td>\n<\/tr>\n<tr class=\"row-42\">\n\t<td class=\"column-1\">4 X 100m<\/td><td class=\"column-2\">????<\/td><td class=\"column-3\">48\"55 (Record D\u00e9p ???)<\/td><td class=\"column-4\">le 05\/07\/1992 \u00e0 DREUX<\/td>\n<\/tr>\n<tr class=\"row-43\">\n\t<td class=\"column-1\">4 X 100m<\/td><td class=\"column-2\">Amandine MIEUZET-Floriane LOCHU-Aliz\u00e9e BOUTARD-Sabrina HORN<\/td><td class=\"column-3\">50\"52 (Record D\u00e9p)<\/td><td class=\"column-4\">le 06\/05\/2007 \u00e0 LAVAL<\/td>\n<\/tr>\n<tr class=\"row-44\">\n\t<td class=\"column-1\">4 X 200m<\/td><td class=\"column-2\">\u00e0 \u00e9tablir<\/td><td class=\"column-3\">\u00e0 \u00e9tablir<\/td><td class=\"column-4\">le<\/td>\n<\/tr>\n<tr class=\"row-45\">\n\t<td class=\"column-1\">4 X 400m<\/td><td class=\"column-2\">\u00e0 \u00e9tablir<\/td><td class=\"column-3\">\u00e0 \u00e9tablir<\/td><td class=\"column-4\">le<\/td>\n<\/tr>\n<tr class=\"row-46\">\n\t<td class=\"column-1\">4 X 1000m<\/td><td class=\"column-2\">Aurore CHEHERE-Anna LIVENAIS-Camille LANDAIS-Hortense LEPORTOUX<\/td><td class=\"column-3\">15'47\"91<\/td><td class=\"column-4\">le 27\/09\/2008 \u00e0 NANTES<\/td>\n<\/tr>\n<tr class=\"row-47\">\n\t<td class=\"column-1\">50m (Salle)<\/td><td class=\"column-2\">MIKE FALELAVAKI<\/td><td class=\"column-3\">6\"12 (Record D\u00e9p)<\/td><td class=\"column-4\">le 07\/12\/2003 \u00e0 MAYENNE<\/td>\n<\/tr>\n<tr class=\"row-48\">\n\t<td class=\"column-1\">60m (Salle)<\/td><td class=\"column-2\">MARTIN LAMY<\/td><td class=\"column-3\">6\"91 (Record de ligue)<\/td><td class=\"column-4\">le 02\/12\/2007 \u00e0 MAYENNE<\/td>\n<\/tr>\n<tr class=\"row-49\">\n\t<td class=\"column-1\">100m<\/td><td class=\"column-2\">BENOIT BARCOURT<\/td><td class=\"column-3\">10\"5 (Manuel-Record D\u00e9p)<\/td><td class=\"column-4\">le 10\/05\/1985 \u00e0 RENNES<\/td>\n<\/tr>\n<tr class=\"row-50\">\n\t<td class=\"column-1\">100m<\/td><td class=\"column-2\">MARTIN LAMY<\/td><td class=\"column-3\">10\"84 (+2,1m de vent +)<\/td><td class=\"column-4\">le 09\/06\/2007 \u00e0 LAVAL<\/td>\n<\/tr>\n<tr class=\"row-51\">\n\t<td class=\"column-1\">100m<\/td><td class=\"column-2\">MARTIN LAMY<\/td><td class=\"column-3\">11\"06 (-0.7m-Record D\u00e9p)<\/td><td class=\"column-4\">le 17\/06\/2007 \u00e0 NANTES<\/td>\n<\/tr>\n<tr class=\"row-52\">\n\t<td class=\"column-1\">200m (Salle)<\/td><td class=\"column-2\">MARTIN LAMY<\/td><td class=\"column-3\">22\"53 (Record D\u00e9p)<\/td><td class=\"column-4\">le 13\/01\/2007 \u00e0 EAUBONNE<\/td>\n<\/tr>\n<tr class=\"row-53\">\n\t<td class=\"column-1\">200m<\/td><td class=\"column-2\">MARTIN LAMY<\/td><td class=\"column-3\">21\"89 (+0,2m-Record D\u00e9p) 21\"53 (+2,7m de vent +)<\/td><td class=\"column-4\">le 08\/07\/2007 \u00e0 TOURS le 24\/07\/2007 \u00e0 NYIREGYHAZA (HONGRIE)<\/td>\n<\/tr>\n<tr class=\"row-54\">\n\t<td class=\"column-1\">300m<\/td><td class=\"column-2\">MARTIN LAMY<\/td><td class=\"column-3\">34\"09 (Record de Ligue)<\/td><td class=\"column-4\">le 28\/07\/2007 \u00e0 NARBONNE<\/td>\n<\/tr>\n<tr class=\"row-55\">\n\t<td class=\"column-1\">400m (Salle)<\/td><td class=\"column-2\">ALEXANDRE SOURD<\/td><td class=\"column-3\">52\"14 (Record D\u00e9p)<\/td><td class=\"column-4\">le 09\/01\/2005 \u00e0 EAUBONNE<\/td>\n<\/tr>\n<tr class=\"row-56\">\n\t<td class=\"column-1\">400m<\/td><td class=\"column-2\">BENJAMIN HERRIAU<\/td><td class=\"column-3\">48\"93 (Record D\u00e9p)<\/td><td class=\"column-4\">le 22\/07\/2009 \u00e0 LAGOS (PORTUGAL)<\/td>\n<\/tr>\n<tr class=\"row-57\">\n\t<td class=\"column-1\">800m (Salle)<\/td><td class=\"column-2\">ANTOINE TSHIMANGA<\/td><td class=\"column-3\">1'56\"71 (Record D\u00e9p)<\/td><td class=\"column-4\">le 20\/11\/2021 \u00e0 NANTES<\/td>\n<\/tr>\n<tr class=\"row-58\">\n\t<td class=\"column-1\">800m<\/td><td class=\"column-2\">BENJAMIN HERRIAU<\/td><td class=\"column-3\">1'49\"51 (Record de Ligue)<\/td><td class=\"column-4\">le 11\/07\/2009 \u00e0 BRESSANONE (ITALIE)<\/td>\n<\/tr>\n<tr class=\"row-59\">\n\t<td class=\"column-1\">1000m<\/td><td class=\"column-2\">RONAN BOTREAU<\/td><td class=\"column-3\">2'30\"50 (Record D\u00e9p)<\/td><td class=\"column-4\">le 04\/10\/1995 \u00e0 RENNES<\/td>\n<\/tr>\n<tr class=\"row-60\">\n\t<td class=\"column-1\">1000m (Salle)<\/td><td class=\"column-2\">GLERAN LE TOHIC<\/td><td class=\"column-3\">2'44\"48<\/td><td class=\"column-4\">le 14\/01\/2012 \u00e0 EAUBONNE (FRANCE UGSEL)<\/td>\n<\/tr>\n<tr class=\"row-61\">\n\t<td class=\"column-1\">1500m (Salle)<\/td><td class=\"column-2\">MATHEO CHAPELLE<\/td><td class=\"column-3\">4'24''85 (Record D\u00e9p)<\/td><td class=\"column-4\">le 16\/12\/2018 \u00e0 NANTES<\/td>\n<\/tr>\n<tr class=\"row-62\">\n\t<td class=\"column-1\">1500m<\/td><td class=\"column-2\">BENJAMIN HERRIAU<\/td><td class=\"column-3\">3'57\"35 (Record D\u00e9p)<\/td><td class=\"column-4\">le 18\/05\/2008 \u00e0 CHOLET<\/td>\n<\/tr>\n<tr class=\"row-63\">\n\t<td class=\"column-1\">3000m<\/td><td class=\"column-2\">RONAN BOTREAU<\/td><td class=\"column-3\">8'36\"56 (Record D\u00e9p)<\/td><td class=\"column-4\">le 08\/04\/1994 \u00e0 DREUX<\/td>\n<\/tr>\n<tr class=\"row-64\">\n\t<td class=\"column-1\">10 km route<\/td><td class=\"column-2\">COME TSHIMANGA<\/td><td class=\"column-3\">35'54<\/td><td class=\"column-4\">Le 28\/09\/2024 \u00e0 LAVAL<\/td>\n<\/tr>\n<tr class=\"row-65\">\n\t<td class=\"column-1\">50mHaies 91(salle)<\/td><td class=\"column-2\">ALAN OUSSENEKAN<\/td><td class=\"column-3\">7\"10 (Record D\u00e9p )<\/td><td class=\"column-4\">le 27\/01\/2012 \u00e0 VAL DE REUIL (CHPT de FRANCE UNSS)<\/td>\n<\/tr>\n<tr class=\"row-66\">\n\t<td class=\"column-1\">60m Haies 99 (Salle)<\/td><td class=\"column-2\">ALAN OUSSENEKAN<\/td><td class=\"column-3\">8\"22 (Record D\u00e9p)<\/td><td class=\"column-4\">le 25\/02\/2012 \u00e0 VOUNEUIL SOUS BIARD<\/td>\n<\/tr>\n<tr class=\"row-67\">\n\t<td class=\"column-1\">100m Haies<\/td><td class=\"column-2\">PHILIPPE CLEMENT<\/td><td class=\"column-3\">15\"48<\/td><td class=\"column-4\">le 06\/08\/1994 \u00e0 LAVAL<\/td>\n<\/tr>\n<tr class=\"row-68\">\n\t<td class=\"column-1\">110m Haies (91)<\/td><td class=\"column-2\">VINCENT OMIER<\/td><td class=\"column-3\">14\"32 (+2m\/s) (Record D\u00e9p)<\/td><td class=\"column-4\">le 21\/06\/2015 \u00e0 NIORT<\/td>\n<\/tr>\n<tr class=\"row-69\">\n\t<td class=\"column-1\">320m haies (84)<\/td><td class=\"column-2\">JEAN-MARIE BOUILLON<\/td><td class=\"column-3\">41\"84 42\"14<\/td><td class=\"column-4\">le 09\/07\/1989 \u00e0 CRETEIL le 09\/07\/1989 \u00e0 CRETEIL<\/td>\n<\/tr>\n<tr class=\"row-70\">\n\t<td class=\"column-1\">400m Haies (84)<\/td><td class=\"column-2\">JEAN CLAUDE BEDOIN MA\u00cbL OUSSENEKAN MA\u00cbL OUSSENEKAN<\/td><td class=\"column-3\">54\"9 (manuel) 55\"76 55\"27 (Record D\u00e9partemental)<\/td><td class=\"column-4\">le 09\/06\/1990 \u00e0 PARIS le le 19\/06\/2016 \u00e0 TOURLAVILLE<\/td>\n<\/tr>\n<tr class=\"row-71\">\n\t<td class=\"column-1\">2000m Steeple<\/td><td class=\"column-2\">MEDHI CHEBOUT<\/td><td class=\"column-3\">6'20\"40 6'14\"68 6'13\"98<\/td><td class=\"column-4\">le 28\/05\/2015 \u00e0 LAMBALLE (Chpt de France UGSEL) le 04\/07\/2015 \u00e0 NIORT le 13\/07\/2015 \u00e0 (Chpt de la FISEC)<\/td>\n<\/tr>\n<tr class=\"row-72\">\n\t<td class=\"column-1\">HAUTEUR (Salle)<\/td><td class=\"column-2\">MICKA\u00cbL BOUCHERON<\/td><td class=\"column-3\">2m06<\/td><td class=\"column-4\">le 26\/01\/1996 ou 1997 \u00e0 MAYENNE<\/td>\n<\/tr>\n<tr class=\"row-73\">\n\t<td class=\"column-1\">HAUTEUR<\/td><td class=\"column-2\">XAVIER ZAMMIT <br \/>\n<br \/>\n<br \/>\nTIMOTHEE BLOTIERRE<\/td><td class=\"column-3\">2m08 (Record D\u00e9partemental th\u00e9orique \u00e0 v\u00e9rifier ...) <br \/>\n2m00<\/td><td class=\"column-4\">le ..\/..\/.... \u00e0 ??? le 19\/06\/2016 \u00e0 TOURLAVILLE<\/td>\n<\/tr>\n<tr class=\"row-74\">\n\t<td class=\"column-1\">PERCHE<\/td><td class=\"column-2\">ERIC POILPOT<br \/>\nTOM MORVAN<\/td><td class=\"column-3\">4m20<br \/>\n4m25<\/td><td class=\"column-4\">le 27\/05\/1984 \u00e0 LAVAL<br \/>\nle 08\/10\/2023 \u00e0 ANGERS<br \/>\n<\/td>\n<\/tr>\n<tr class=\"row-75\">\n\t<td class=\"column-1\">PERCHE (Salle)<\/td><td class=\"column-2\">TOM MORVAN <br \/>\nTOM MORVAN<br \/>\nTOM MORVAN<\/td><td class=\"column-3\">4m30 <br \/>\n4m41<br \/>\n4m50<\/td><td class=\"column-4\">le 02\/12\/2023 \u00e0 RENNES<br \/>\nle 14\/01\/2024 \u00e0 NANTES<br \/>\nle 25\/02\/2024 \u00e0 NANTES<\/td>\n<\/tr>\n<tr class=\"row-76\">\n\t<td class=\"column-1\">LONGUEUR (Salle)<\/td><td class=\"column-2\">MIKE FALELAVAKI<\/td><td class=\"column-3\">6m88 (Record D\u00e9p)<\/td><td class=\"column-4\">le 14\/04\/2004 \u00e0 LIEVIN<\/td>\n<\/tr>\n<tr class=\"row-77\">\n\t<td class=\"column-1\">LONGUEUR<\/td><td class=\"column-2\">ALAN OUSSENEKAN MIKE FALELAVAKI<\/td><td class=\"column-3\">6m97 (+2,2m\/s) 6m93 (-0,4m\/s)<\/td><td class=\"column-4\">le 31\/07\/2012 aux SABLES D'OLONNE le 09\/05\/2004 \u00e0 LAVAL<\/td>\n<\/tr>\n<tr class=\"row-78\">\n\t<td class=\"column-1\">TRIPLE SAUT<\/td><td class=\"column-2\">HUGO DRUON<\/td><td class=\"column-3\">14m58 (Record D\u00e9p)<\/td><td class=\"column-4\">le 26\/05\/1993 \u00e0 NANTES<\/td>\n<\/tr>\n<tr class=\"row-79\">\n\t<td class=\"column-1\">TRIPLE SAUT (Salle)<\/td><td class=\"column-2\">POL-ELIE RAOULT<\/td><td class=\"column-3\">13m81<\/td><td class=\"column-4\">le 28\/12\/2011 \u00e0 MAYENNE<\/td>\n<\/tr>\n<tr class=\"row-80\">\n\t<td class=\"column-1\">POIDS.5kg<\/td><td class=\"column-2\">GILLES ERNAULT<\/td><td class=\"column-3\">14m73 (Record D\u00e9p)<\/td><td class=\"column-4\">le 11\/06\/1984 \u00e0 MAYENNE<\/td>\n<\/tr>\n<tr class=\"row-81\">\n\t<td class=\"column-1\">POIDS.5kg (Salle)<\/td><td class=\"column-2\">THOMAS MEDARD<\/td><td class=\"column-3\">13m21<\/td><td class=\"column-4\">le 12\/01\/2013 \u00e0 MAYENNE<\/td>\n<\/tr>\n<tr class=\"row-82\">\n\t<td class=\"column-1\">POIDS.6kg<\/td><td class=\"column-2\">MICHEL BRAULT<\/td><td class=\"column-3\">16m18 (Record D\u00e9p)<\/td><td class=\"column-4\">le 01\/06\/1961 \u00e0 LAVAL<\/td>\n<\/tr>\n<tr class=\"row-83\">\n\t<td class=\"column-1\">POIDS 7,126 Kg<\/td><td class=\"column-2\">THOMAS MEDARD<\/td><td class=\"column-3\">10m66 (Record D\u00e9p)<\/td><td class=\"column-4\">le 18\/05\/2014 \u00e0 ANGERS<\/td>\n<\/tr>\n<tr class=\"row-84\">\n\t<td class=\"column-1\">DISQUE 1.5kg<\/td><td class=\"column-2\">THOMAS LECLERC<\/td><td class=\"column-3\">40m60 (Record D\u00e9p)<\/td><td class=\"column-4\">10\/04\/2005 \u00e0 LAVAL<\/td>\n<\/tr>\n<tr class=\"row-85\">\n\t<td class=\"column-1\">DISQUE 1.750kg<\/td><td class=\"column-2\">PASCAL BOUDESSEUL<\/td><td class=\"column-3\">42m92 (Record D\u00e9p ?)<\/td><td class=\"column-4\">le ..\/..\/....<\/td>\n<\/tr>\n<tr class=\"row-86\">\n\t<td class=\"column-1\">DISQUE 2.0kg<\/td><td class=\"column-2\">THOMAS LECLERC<\/td><td class=\"column-3\">29m47 (Record D\u00e9p)<\/td><td class=\"column-4\">le 08\/05\/2005 \u00e0 LAVAL<\/td>\n<\/tr>\n<tr class=\"row-87\">\n\t<td class=\"column-1\">JAVELOT 700g<\/td><td class=\"column-2\">ALAN OUSSENEKAN<\/td><td class=\"column-3\">46m57<\/td><td class=\"column-4\">le 22\/05\/2012 \u00e0 DIJON<\/td>\n<\/tr>\n<tr class=\"row-88\">\n\t<td class=\"column-1\">JAVELOT 800g<\/td><td class=\"column-2\">GILLES GUYON<\/td><td class=\"column-3\">58m92 (Record D\u00e9p)<\/td><td class=\"column-4\">le 22\/06\/1986 \u00e0 LAVAL<\/td>\n<\/tr>\n<tr class=\"row-89\">\n\t<td class=\"column-1\">MARTEAU 5kg<\/td><td class=\"column-2\">FRANCOIS TANCREL<\/td><td class=\"column-3\">44m75<\/td><td class=\"column-4\">le 27\/05\/2017 \u00e0 LAVAL<\/td>\n<\/tr>\n<tr class=\"row-90\">\n\t<td class=\"column-1\">MARTEAU 6.25kg<\/td><td class=\"column-2\">PASCAL JUDON<\/td><td class=\"column-3\">39m08<\/td><td class=\"column-4\">le 11\/05\/1986 \u00e0 LAVAL<\/td>\n<\/tr>\n<tr class=\"row-91\">\n\t<td class=\"column-1\">HEPTATHLON (Salle avec 50m plat-haies et 1000m ext)<\/td><td class=\"column-2\">HUGO LETAILLEUR <br \/>\nTOM MORVAN<\/td><td class=\"column-3\">3939 pts <br \/>\n3973 pts<\/td><td class=\"column-4\">le 03\/01\/2010 <br \/>\nle 08\/01\/2023<\/td>\n<\/tr>\n<tr class=\"row-92\">\n\t<td class=\"column-1\">HEPTATHLON (Salle)<\/td><td class=\"column-2\">MA\u00cbL OUSSENEKAN<br \/>\nTOM MORVAN<\/td><td class=\"column-3\">4420 pts<br \/>\n4495 pts<\/td><td class=\"column-4\">le 04\/01\/2015 \u00e0 NANTES<br \/>\nle 03\/12\/2023 \u00e0 RENNES<\/td>\n<\/tr>\n<tr class=\"row-93\">\n\t<td class=\"column-1\">DECATHLON<\/td><td class=\"column-2\">ALAN OUSSENEKAN<\/td><td class=\"column-3\">6188 pts (Record D\u00e9p)<\/td><td class=\"column-4\">le 07\/07\/2012 \u00e0 AUBAGNE (9\u00e8me Chpt de France)<\/td>\n<\/tr>\n<tr class=\"row-94\">\n\t<td class=\"column-1\">MARCHE 5000m<\/td><td class=\"column-2\">CEDRIC DAUPHIN<br \/>\nSACHA MORIN<\/td><td class=\"column-3\">25'37\"00<br \/>\n25'36\"01<\/td><td class=\"column-4\">le 19\/04\/1998 \u00e0 ???<br \/>\nle 11\/06\/2023 \u00e0 CHALLANS<\/td>\n<\/tr>\n<tr class=\"row-95\">\n\t<td class=\"column-1\">MARCHE 5000m (Salle)<\/td><td class=\"column-2\">SACHA MORIN<\/td><td class=\"column-3\">27'06\"81<\/td><td class=\"column-4\">le 12\/02\/2023 \u00e0 VAL de REUIL<\/td>\n<\/tr>\n<tr class=\"row-96\">\n\t<td class=\"column-1\">45mn MARCHE<\/td><td class=\"column-2\">CEDRIC DAUPHIN<\/td><td class=\"column-3\">8611m<\/td><td class=\"column-4\">le 18\/11\/1998 \u00e0 ???<\/td>\n<\/tr>\n<tr class=\"row-97\">\n\t<td class=\"column-1\">30mn MARCHE<\/td><td class=\"column-2\">SACHA MORIN<\/td><td class=\"column-3\">5790m<\/td><td class=\"column-4\">le 8\/10\/2023 \u00e0 ST ETIENNE<\/td>\n<\/tr>\n<tr class=\"row-98\">\n\t<td class=\"column-1\">4 X 100m<\/td><td class=\"column-2\">????<\/td><td class=\"column-3\">42\"6 (Record D\u00e9p ???)<\/td><td class=\"column-4\">le ..\/07\/1994 \u00e0 LAVAL<\/td>\n<\/tr>\n<tr class=\"row-99\">\n\t<td class=\"column-1\">4 X 100m<\/td><td class=\"column-2\">Thomas LECLERC-Alexandre SOURD-Moli\u00e8re MANCHE-Mike FALELAVAKI<\/td><td class=\"column-3\">44\"07 (Record D\u00e9p)<\/td><td class=\"column-4\">le 04\/07\/2004 \u00e0 BLOIS<\/td>\n<\/tr>\n<tr class=\"row-100\">\n\t<td class=\"column-1\">4 X 200m<\/td><td class=\"column-2\">Yannick FALELAVAKI-Dorian DIVAY-Ayssine SOUAKRI-Nassim HAMADA\u00cfNE<\/td><td class=\"column-3\">1'36\"05 (Record D\u00e9p)<\/td><td class=\"column-4\">le 30\/04\/2005 \u00e0 LAVAL<\/td>\n<\/tr>\n<tr class=\"row-101\">\n\t<td class=\"column-1\">4 X 400m<\/td><td class=\"column-2\">\u00e0 \u00e9tablir<\/td><td class=\"column-3\">\u00e0 \u00e9tablir<\/td><td class=\"column-4\"><\/td>\n<\/tr>\n<tr class=\"row-102\">\n\t<td class=\"column-1\">4 X 1000m<\/td><td class=\"column-2\">Antoine DORE-Nicolas BLOT-Quentin LECOQ-Benjamin HERRIAU<\/td><td class=\"column-3\">10'37\"53 (Record D\u00e9p)<\/td><td class=\"column-4\">le 17\/10\/2009 \u00e0 CASTRES (Chpt de France FFA)<\/td>\n<\/tr>\n<\/tbody>\n<\/table>\n<!-- #tablepress-recordscadets from cache --><\/div>\n\t\t\t\t\t\t<\/div>\n\t\t\t\t<\/div>\n\t\t\t\t\t<\/div>\n\t\t<\/div>\n\t\t\t\t\t<\/div>\n\t\t<\/section>\n\t\t\t\t<\/div>\n\t\t","protected":false},"excerpt":{"rendered":"","protected":false},"author":1,"featured_media":0,"comment_status":"open","ping_status":"open","sticky":false,"template":"","format":"standard","meta":{"footnotes":""},"categories":[1],"tags":[],"class_list":["post-2815","post","type-post","status-publish","format-standard","hentry","category-non-classe"],"yoast_head":"<!-- This site is optimized with the Yoast SEO plugin v27.2 - https:\/\/yoast.com\/product\/yoast-seo-wordpress\/ -->\n<title>Records cadet(te)s - Laval Agglo Athl\u00e9tisme<\/title>\n<meta name=\"robots\" content=\"index, follow, max-snippet:-1, max-image-preview:large, max-video-preview:-1\" \/>\n<link rel=\"canonical\" href=\"https:\/\/www.lavalaggloathle53.fr\/index.php\/2023\/03\/01\/records-cadettes\/\" \/>\n<meta property=\"og:locale\" content=\"fr_FR\" \/>\n<meta property=\"og:type\" content=\"article\" \/>\n<meta property=\"og:title\" content=\"Records cadet(te)s - Laval Agglo Athl\u00e9tisme\" \/>\n<meta property=\"og:url\" content=\"https:\/\/www.lavalaggloathle53.fr\/index.php\/2023\/03\/01\/records-cadettes\/\" \/>\n<meta property=\"og:site_name\" content=\"Laval Agglo Athl\u00e9tisme\" \/>\n<meta property=\"article:publisher\" content=\"https:\/\/www.facebook.com\/stadelavalloisathletisme\" \/>\n<meta property=\"article:published_time\" content=\"2023-03-01T15:31:12+00:00\" \/>\n<meta property=\"article:modified_time\" content=\"2023-03-01T15:33:39+00:00\" \/>\n<meta property=\"og:image\" content=\"https:\/\/www.lavalaggloathle53.fr\/wp-content\/uploads\/2023\/02\/Sans-titre-1024x576.png\" \/>\n\t<meta property=\"og:image:width\" content=\"1024\" \/>\n\t<meta property=\"og:image:height\" content=\"576\" \/>\n\t<meta property=\"og:image:type\" content=\"image\/png\" \/>\n<meta name=\"author\" content=\"admin1863\" \/>\n<meta name=\"twitter:card\" content=\"summary_large_image\" \/>\n<meta name=\"twitter:label1\" content=\"\u00c9crit par\" \/>\n\t<meta name=\"twitter:data1\" content=\"admin1863\" \/>\n<script type=\"application\/ld+json\" class=\"yoast-schema-graph\">{\"@context\":\"https:\/\/schema.org\",\"@graph\":[{\"@type\":\"Article\",\"@id\":\"https:\/\/www.lavalaggloathle53.fr\/index.php\/2023\/03\/01\/records-cadettes\/#article\",\"isPartOf\":{\"@id\":\"https:\/\/www.lavalaggloathle53.fr\/index.php\/2023\/03\/01\/records-cadettes\/\"},\"author\":{\"name\":\"admin1863\",\"@id\":\"https:\/\/www.lavalaggloathle53.fr\/#\/schema\/person\/14326b19a191e887fccf1bc1a1abeb33\"},\"headline\":\"Records cadet(te)s\",\"datePublished\":\"2023-03-01T15:31:12+00:00\",\"dateModified\":\"2023-03-01T15:33:39+00:00\",\"mainEntityOfPage\":{\"@id\":\"https:\/\/www.lavalaggloathle53.fr\/index.php\/2023\/03\/01\/records-cadettes\/\"},\"wordCount\":7,\"commentCount\":0,\"inLanguage\":\"fr-FR\",\"potentialAction\":[{\"@type\":\"CommentAction\",\"name\":\"Comment\",\"target\":[\"https:\/\/www.lavalaggloathle53.fr\/index.php\/2023\/03\/01\/records-cadettes\/#respond\"]}]},{\"@type\":\"WebPage\",\"@id\":\"https:\/\/www.lavalaggloathle53.fr\/index.php\/2023\/03\/01\/records-cadettes\/\",\"url\":\"https:\/\/www.lavalaggloathle53.fr\/index.php\/2023\/03\/01\/records-cadettes\/\",\"name\":\"Records cadet(te)s - Laval Agglo Athl\u00e9tisme\",\"isPartOf\":{\"@id\":\"https:\/\/www.lavalaggloathle53.fr\/#website\"},\"datePublished\":\"2023-03-01T15:31:12+00:00\",\"dateModified\":\"2023-03-01T15:33:39+00:00\",\"author\":{\"@id\":\"https:\/\/www.lavalaggloathle53.fr\/#\/schema\/person\/14326b19a191e887fccf1bc1a1abeb33\"},\"breadcrumb\":{\"@id\":\"https:\/\/www.lavalaggloathle53.fr\/index.php\/2023\/03\/01\/records-cadettes\/#breadcrumb\"},\"inLanguage\":\"fr-FR\",\"potentialAction\":[{\"@type\":\"ReadAction\",\"target\":[\"https:\/\/www.lavalaggloathle53.fr\/index.php\/2023\/03\/01\/records-cadettes\/\"]}]},{\"@type\":\"BreadcrumbList\",\"@id\":\"https:\/\/www.lavalaggloathle53.fr\/index.php\/2023\/03\/01\/records-cadettes\/#breadcrumb\",\"itemListElement\":[{\"@type\":\"ListItem\",\"position\":1,\"name\":\"Accueil\",\"item\":\"https:\/\/www.lavalaggloathle53.fr\/\"},{\"@type\":\"ListItem\",\"position\":2,\"name\":\"Records cadet(te)s\"}]},{\"@type\":\"WebSite\",\"@id\":\"https:\/\/www.lavalaggloathle53.fr\/#website\",\"url\":\"https:\/\/www.lavalaggloathle53.fr\/\",\"name\":\"Laval Agglo Athl\u00e9tisme\",\"description\":\"L&#039;athl\u00e9, un sport pour tous\",\"alternateName\":\"L2A53\",\"potentialAction\":[{\"@type\":\"SearchAction\",\"target\":{\"@type\":\"EntryPoint\",\"urlTemplate\":\"https:\/\/www.lavalaggloathle53.fr\/?s={search_term_string}\"},\"query-input\":{\"@type\":\"PropertyValueSpecification\",\"valueRequired\":true,\"valueName\":\"search_term_string\"}}],\"inLanguage\":\"fr-FR\"},{\"@type\":\"Person\",\"@id\":\"https:\/\/www.lavalaggloathle53.fr\/#\/schema\/person\/14326b19a191e887fccf1bc1a1abeb33\",\"name\":\"admin1863\",\"image\":{\"@type\":\"ImageObject\",\"inLanguage\":\"fr-FR\",\"@id\":\"https:\/\/secure.gravatar.com\/avatar\/8347406c444df2db908729d2fd689b7b748c6d794147252beb9eaaa7ec8488fb?s=96&d=mm&r=g\",\"url\":\"https:\/\/secure.gravatar.com\/avatar\/8347406c444df2db908729d2fd689b7b748c6d794147252beb9eaaa7ec8488fb?s=96&d=mm&r=g\",\"contentUrl\":\"https:\/\/secure.gravatar.com\/avatar\/8347406c444df2db908729d2fd689b7b748c6d794147252beb9eaaa7ec8488fb?s=96&d=mm&r=g\",\"caption\":\"admin1863\"},\"sameAs\":[\"http:\/\/www.lavalaggloathle53.fr\"],\"url\":\"https:\/\/www.lavalaggloathle53.fr\/index.php\/author\/admin1863\/\"}]}<\/script>\n<!-- \/ Yoast SEO plugin. -->","yoast_head_json":{"title":"Records cadet(te)s - Laval Agglo Athl\u00e9tisme","robots":{"index":"index","follow":"follow","max-snippet":"max-snippet:-1","max-image-preview":"max-image-preview:large","max-video-preview":"max-video-preview:-1"},"canonical":"https:\/\/www.lavalaggloathle53.fr\/index.php\/2023\/03\/01\/records-cadettes\/","og_locale":"fr_FR","og_type":"article","og_title":"Records cadet(te)s - Laval Agglo Athl\u00e9tisme","og_url":"https:\/\/www.lavalaggloathle53.fr\/index.php\/2023\/03\/01\/records-cadettes\/","og_site_name":"Laval Agglo Athl\u00e9tisme","article_publisher":"https:\/\/www.facebook.com\/stadelavalloisathletisme","article_published_time":"2023-03-01T15:31:12+00:00","article_modified_time":"2023-03-01T15:33:39+00:00","og_image":[{"width":1024,"height":576,"url":"https:\/\/www.lavalaggloathle53.fr\/wp-content\/uploads\/2023\/02\/Sans-titre-1024x576.png","type":"image\/png"}],"author":"admin1863","twitter_card":"summary_large_image","twitter_misc":{"\u00c9crit par":"admin1863"},"schema":{"@context":"https:\/\/schema.org","@graph":[{"@type":"Article","@id":"https:\/\/www.lavalaggloathle53.fr\/index.php\/2023\/03\/01\/records-cadettes\/#article","isPartOf":{"@id":"https:\/\/www.lavalaggloathle53.fr\/index.php\/2023\/03\/01\/records-cadettes\/"},"author":{"name":"admin1863","@id":"https:\/\/www.lavalaggloathle53.fr\/#\/schema\/person\/14326b19a191e887fccf1bc1a1abeb33"},"headline":"Records cadet(te)s","datePublished":"2023-03-01T15:31:12+00:00","dateModified":"2023-03-01T15:33:39+00:00","mainEntityOfPage":{"@id":"https:\/\/www.lavalaggloathle53.fr\/index.php\/2023\/03\/01\/records-cadettes\/"},"wordCount":7,"commentCount":0,"inLanguage":"fr-FR","potentialAction":[{"@type":"CommentAction","name":"Comment","target":["https:\/\/www.lavalaggloathle53.fr\/index.php\/2023\/03\/01\/records-cadettes\/#respond"]}]},{"@type":"WebPage","@id":"https:\/\/www.lavalaggloathle53.fr\/index.php\/2023\/03\/01\/records-cadettes\/","url":"https:\/\/www.lavalaggloathle53.fr\/index.php\/2023\/03\/01\/records-cadettes\/","name":"Records cadet(te)s - Laval Agglo Athl\u00e9tisme","isPartOf":{"@id":"https:\/\/www.lavalaggloathle53.fr\/#website"},"datePublished":"2023-03-01T15:31:12+00:00","dateModified":"2023-03-01T15:33:39+00:00","author":{"@id":"https:\/\/www.lavalaggloathle53.fr\/#\/schema\/person\/14326b19a191e887fccf1bc1a1abeb33"},"breadcrumb":{"@id":"https:\/\/www.lavalaggloathle53.fr\/index.php\/2023\/03\/01\/records-cadettes\/#breadcrumb"},"inLanguage":"fr-FR","potentialAction":[{"@type":"ReadAction","target":["https:\/\/www.lavalaggloathle53.fr\/index.php\/2023\/03\/01\/records-cadettes\/"]}]},{"@type":"BreadcrumbList","@id":"https:\/\/www.lavalaggloathle53.fr\/index.php\/2023\/03\/01\/records-cadettes\/#breadcrumb","itemListElement":[{"@type":"ListItem","position":1,"name":"Accueil","item":"https:\/\/www.lavalaggloathle53.fr\/"},{"@type":"ListItem","position":2,"name":"Records cadet(te)s"}]},{"@type":"WebSite","@id":"https:\/\/www.lavalaggloathle53.fr\/#website","url":"https:\/\/www.lavalaggloathle53.fr\/","name":"Laval Agglo Athl\u00e9tisme","description":"L&#039;athl\u00e9, un sport pour tous","alternateName":"L2A53","potentialAction":[{"@type":"SearchAction","target":{"@type":"EntryPoint","urlTemplate":"https:\/\/www.lavalaggloathle53.fr\/?s={search_term_string}"},"query-input":{"@type":"PropertyValueSpecification","valueRequired":true,"valueName":"search_term_string"}}],"inLanguage":"fr-FR"},{"@type":"Person","@id":"https:\/\/www.lavalaggloathle53.fr\/#\/schema\/person\/14326b19a191e887fccf1bc1a1abeb33","name":"admin1863","image":{"@type":"ImageObject","inLanguage":"fr-FR","@id":"https:\/\/secure.gravatar.com\/avatar\/8347406c444df2db908729d2fd689b7b748c6d794147252beb9eaaa7ec8488fb?s=96&d=mm&r=g","url":"https:\/\/secure.gravatar.com\/avatar\/8347406c444df2db908729d2fd689b7b748c6d794147252beb9eaaa7ec8488fb?s=96&d=mm&r=g","contentUrl":"https:\/\/secure.gravatar.com\/avatar\/8347406c444df2db908729d2fd689b7b748c6d794147252beb9eaaa7ec8488fb?s=96&d=mm&r=g","caption":"admin1863"},"sameAs":["http:\/\/www.lavalaggloathle53.fr"],"url":"https:\/\/www.lavalaggloathle53.fr\/index.php\/author\/admin1863\/"}]}},"_links":{"self":[{"href":"https:\/\/www.lavalaggloathle53.fr\/index.php\/wp-json\/wp\/v2\/posts\/2815","targetHints":{"allow":["GET"]}}],"collection":[{"href":"https:\/\/www.lavalaggloathle53.fr\/index.php\/wp-json\/wp\/v2\/posts"}],"about":[{"href":"https:\/\/www.lavalaggloathle53.fr\/index.php\/wp-json\/wp\/v2\/types\/post"}],"author":[{"embeddable":true,"href":"https:\/\/www.lavalaggloathle53.fr\/index.php\/wp-json\/wp\/v2\/users\/1"}],"replies":[{"embeddable":true,"href":"https:\/\/www.lavalaggloathle53.fr\/index.php\/wp-json\/wp\/v2\/comments?post=2815"}],"version-history":[{"count":4,"href":"https:\/\/www.lavalaggloathle53.fr\/index.php\/wp-json\/wp\/v2\/posts\/2815\/revisions"}],"predecessor-version":[{"id":2819,"href":"https:\/\/www.lavalaggloathle53.fr\/index.php\/wp-json\/wp\/v2\/posts\/2815\/revisions\/2819"}],"wp:attachment":[{"href":"https:\/\/www.lavalaggloathle53.fr\/index.php\/wp-json\/wp\/v2\/media?parent=2815"}],"wp:term":[{"taxonomy":"category","embeddable":true,"href":"https:\/\/www.lavalaggloathle53.fr\/index.php\/wp-json\/wp\/v2\/categories?post=2815"},{"taxonomy":"post_tag","embeddable":true,"href":"https:\/\/www.lavalaggloathle53.fr\/index.php\/wp-json\/wp\/v2\/tags?post=2815"}],"curies":[{"name":"wp","href":"https:\/\/api.w.org\/{rel}","templated":true}]}}