{"id":10468,"date":"2026-04-26T00:33:36","date_gmt":"2026-04-25T22:33:36","guid":{"rendered":"https:\/\/www.lavalaggloathle53.fr\/?p=10468"},"modified":"2026-04-26T11:32:49","modified_gmt":"2026-04-26T09:32:49","slug":"championnat-de-la-mayenne-reussi-pour-le-club-organisateur-avec-des-titres-en-nombre","status":"publish","type":"post","link":"https:\/\/www.lavalaggloathle53.fr\/index.php\/2026\/04\/26\/championnat-de-la-mayenne-reussi-pour-le-club-organisateur-avec-des-titres-en-nombre\/","title":{"rendered":"Championnat de la Mayenne r\u00e9ussi pour le Club organisateur avec des titres en nombres pour la jeunesse montante !"},"content":{"rendered":"\n<figure class=\"wp-block-image size-large\"><img fetchpriority=\"high\" decoding=\"async\" width=\"1024\" height=\"768\" src=\"https:\/\/www.lavalaggloathle53.fr\/wp-content\/uploads\/2026\/04\/WhatsApp-Image-2026-04-2-1024x768.jpeg\" alt=\"\" class=\"wp-image-10470\" srcset=\"https:\/\/www.lavalaggloathle53.fr\/wp-content\/uploads\/2026\/04\/WhatsApp-Image-2026-04-2-1024x768.jpeg 1024w, https:\/\/www.lavalaggloathle53.fr\/wp-content\/uploads\/2026\/04\/WhatsApp-Image-2026-04-2-300x225.jpeg 300w, https:\/\/www.lavalaggloathle53.fr\/wp-content\/uploads\/2026\/04\/WhatsApp-Image-2026-04-2-768x576.jpeg 768w, https:\/\/www.lavalaggloathle53.fr\/wp-content\/uploads\/2026\/04\/WhatsApp-Image-2026-04-2-1536x1152.jpeg 1536w, https:\/\/www.lavalaggloathle53.fr\/wp-content\/uploads\/2026\/04\/WhatsApp-Image-2026-04-2.jpeg 2000w\" sizes=\"(max-width: 1024px) 100vw, 1024px\" \/><\/figure>\n\n\n\n<p>Organisation r\u00e9ussie pour les b\u00e9n\u00e9voles du L2A53 sur cette <strong>1\u00e8re journ\u00e9e des d\u00e9partementaux <\/strong>d&rsquo;athl\u00e9tisme sur le stade Manuela Montebrun \u00e0 Laval avec une m\u00e9t\u00e9o quasi parfaite malgr\u00e9 un vent capricieux en fin de journ\u00e9e &#8230;<\/p>\n\n\n\n<p>La palme revient \u00e0 la jeune cadette 2\u00e8me ann\u00e9e du L2A53\/SLA  <strong>Ancia-Stella LAURENT<\/strong>, pr\u00e9destin\u00e9e aux \u00e9preuves d&rsquo;Heptathlon,  qui a remport\u00e9  3 titres sur cette journ\u00e9e en battant tous ses <strong>records personnels<\/strong> ! 16\u00a0\u00bb81 en finale du <strong>100m haies<\/strong> (<strong>16\u00a0\u00bb76<\/strong> en s\u00e9rie), <strong>9m79 au poids<\/strong>, <strong>1m45 en hauteur<\/strong> et en prime le <strong>record du CLUB<\/strong> sur le concours de perche avec une barre pass\u00e9e \u00e0 3m (ancien record <strong>Pauline BISSON<\/strong> \u00e0 2m70 en 2011).<\/p>\n\n\n\n<figure class=\"wp-block-image size-large is-resized\"><img decoding=\"async\" width=\"768\" height=\"1024\" src=\"https:\/\/www.lavalaggloathle53.fr\/wp-content\/uploads\/2026\/04\/WhatsApp-Image-2026-04-25-at-22.2-768x1024.jpeg\" alt=\"\" class=\"wp-image-10473\" style=\"width:768px;height:auto\" srcset=\"https:\/\/www.lavalaggloathle53.fr\/wp-content\/uploads\/2026\/04\/WhatsApp-Image-2026-04-25-at-22.2-768x1024.jpeg 768w, https:\/\/www.lavalaggloathle53.fr\/wp-content\/uploads\/2026\/04\/WhatsApp-Image-2026-04-25-at-22.2-225x300.jpeg 225w, https:\/\/www.lavalaggloathle53.fr\/wp-content\/uploads\/2026\/04\/WhatsApp-Image-2026-04-25-at-22.2-1152x1536.jpeg 1152w, https:\/\/www.lavalaggloathle53.fr\/wp-content\/uploads\/2026\/04\/WhatsApp-Image-2026-04-25-at-22.2.jpeg 1500w\" sizes=\"(max-width: 768px) 100vw, 768px\" \/><\/figure>\n\n\n\n<blockquote class=\"wp-block-quote is-layout-flow wp-block-quote-is-layout-flow\">\n<p>Parmi les belles perfs de ce championnat, titr\u00e9 en demi fond pour sa rentr\u00e9e avec l&rsquo;aide de <strong>Quentin GEHAN <\/strong>comme li\u00e8vre de luxe sur 1500m , <strong>No\u00e9 ROUTHIAU<\/strong> a r\u00e9alis\u00e9 3&rsquo;55 42 en terminant son dernier 400m en solo ! devant <strong>Romain CHEVILLON <\/strong>excellent second en 3&rsquo;59 38. En junior, le titre revient \u00e0 <strong>Gaspard HUNAULT en 4&rsquo;08 60<\/strong> alors qu&rsquo;en cat\u00e9gorie <strong>Espoir<\/strong> <strong>Mathis CUREZ<\/strong> pulv\u00e9rise  son Record personnel en <strong>4&rsquo;09 73 <\/strong>(4&rsquo;15 66 en 2025).<\/p>\n\n\n\n<p>Chez les f\u00e9minines , <strong>Laurine TOUTIN<\/strong> pour se rentr\u00e9e \u00e9tait toute proche de battre son Record personnel en r\u00e9alisant en solitaire un chrono de <strong>4&rsquo;39 31<\/strong><\/p>\n<\/blockquote>\n\n\n\n<figure class=\"wp-block-image size-large\"><img decoding=\"async\" width=\"768\" height=\"1024\" src=\"https:\/\/www.lavalaggloathle53.fr\/wp-content\/uploads\/2026\/04\/Laurine-T-championne-dep-1500m-2026-768x1024.jpeg\" alt=\"\" class=\"wp-image-10476\" srcset=\"https:\/\/www.lavalaggloathle53.fr\/wp-content\/uploads\/2026\/04\/Laurine-T-championne-dep-1500m-2026-768x1024.jpeg 768w, https:\/\/www.lavalaggloathle53.fr\/wp-content\/uploads\/2026\/04\/Laurine-T-championne-dep-1500m-2026-225x300.jpeg 225w, https:\/\/www.lavalaggloathle53.fr\/wp-content\/uploads\/2026\/04\/Laurine-T-championne-dep-1500m-2026-1152x1536.jpeg 1152w, https:\/\/www.lavalaggloathle53.fr\/wp-content\/uploads\/2026\/04\/Laurine-T-championne-dep-1500m-2026.jpeg 1500w\" sizes=\"(max-width: 768px) 100vw, 768px\" \/><\/figure>\n\n\n\n<blockquote class=\"wp-block-quote is-layout-flow wp-block-quote-is-layout-flow\">\n<p><\/p>\n\n\n\n<p><\/p>\n\n\n\n<p><\/p>\n\n\n\n<p><\/p>\n<\/blockquote>\n\n\n\n<p><em><strong>Clich\u00e9s \u00e9preuves demi fond &amp; Relais By Hugo HAMON<\/strong><\/em><\/p>\n\n\n\n<p><a href=\"https:\/\/photos.app.goo.gl\/XMwQtX87LAsRLWKV8\">https:\/\/photos.app.goo.gl\/XMwQtX87LAsRLWKV8<\/a><\/p>\n\n\n\n<p><\/p>\n","protected":false},"excerpt":{"rendered":"<p>Organisation r\u00e9ussie pour les b\u00e9n\u00e9voles du L2A53 sur cette 1\u00e8re journ\u00e9e des d\u00e9partementaux d&rsquo;athl\u00e9tisme sur le stade Manuela Montebrun \u00e0 Laval avec une m\u00e9t\u00e9o quasi parfaite malgr\u00e9 un vent capricieux en fin de journ\u00e9e &#8230; La palme revient \u00e0 la jeune cadette 2\u00e8me ann\u00e9e du L2A53\/SLA Ancia-Stella LAURENT, pr\u00e9destin\u00e9e aux \u00e9preuves d&rsquo;Heptathlon, qui a remport\u00e9 3 titres sur cette journ\u00e9e en battant tous ses records personnels ! 16\u00a0\u00bb81 en finale du 100m haies (16\u00a0\u00bb76 en s\u00e9rie), 9m79 au poids, 1m45 en hauteur et en prime le record du CLUB sur le concours de perche avec une barre pass\u00e9e \u00e0 3m (ancien record Pauline BISSON \u00e0 2m70 en 2011). Parmi les belles perfs de ce championnat, titr\u00e9 en demi fond pour sa rentr\u00e9e avec l&rsquo;aide de Quentin GEHAN comme li\u00e8vre de luxe sur 1500m , No\u00e9 ROUTHIAU a r\u00e9alis\u00e9 3&rsquo;55 42 en terminant son dernier 400m en solo ! devant Romain CHEVILLON excellent second en 3&rsquo;59 38. En junior, le titre revient \u00e0 Gaspard HUNAULT en 4&rsquo;08 60 alors qu&rsquo;en cat\u00e9gorie Espoir Mathis CUREZ pulv\u00e9rise son Record personnel en 4&rsquo;09 73 (4&rsquo;15 66 en 2025). Chez les f\u00e9minines , Laurine TOUTIN pour se rentr\u00e9e \u00e9tait toute proche de battre son Record personnel en r\u00e9alisant en solitaire un chrono de 4&rsquo;39 31 Clich\u00e9s \u00e9preuves demi fond &amp; Relais By Hugo HAMON https:\/\/photos.app.goo.gl\/XMwQtX87LAsRLWKV8<\/p>\n","protected":false},"author":4,"featured_media":10469,"comment_status":"open","ping_status":"closed","sticky":false,"template":"","format":"standard","meta":{"footnotes":""},"categories":[14,15],"tags":[],"class_list":["post-10468","post","type-post","status-publish","format-standard","has-post-thumbnail","hentry","category-actualites","category-competition"],"yoast_head":"<!-- This site is optimized with the Yoast SEO plugin v27.2 - https:\/\/yoast.com\/product\/yoast-seo-wordpress\/ -->\n<title>Championnat de la Mayenne r\u00e9ussi pour le Club organisateur avec des titres en nombres pour la jeunesse montante ! - Laval Agglo Athl\u00e9tisme<\/title>\n<meta name=\"robots\" content=\"index, follow, max-snippet:-1, max-image-preview:large, max-video-preview:-1\" \/>\n<link rel=\"canonical\" href=\"https:\/\/www.lavalaggloathle53.fr\/index.php\/2026\/04\/26\/championnat-de-la-mayenne-reussi-pour-le-club-organisateur-avec-des-titres-en-nombre\/\" \/>\n<meta property=\"og:locale\" content=\"fr_FR\" \/>\n<meta property=\"og:type\" content=\"article\" \/>\n<meta property=\"og:title\" content=\"Championnat de la Mayenne r\u00e9ussi pour le Club organisateur avec des titres en nombres pour la jeunesse montante ! - Laval Agglo Athl\u00e9tisme\" \/>\n<meta property=\"og:description\" content=\"Organisation r\u00e9ussie pour les b\u00e9n\u00e9voles du L2A53 sur cette 1\u00e8re journ\u00e9e des d\u00e9partementaux d&rsquo;athl\u00e9tisme sur le stade Manuela Montebrun \u00e0 Laval avec une m\u00e9t\u00e9o quasi parfaite malgr\u00e9 un vent capricieux en fin de journ\u00e9e &#8230; La palme revient \u00e0 la jeune cadette 2\u00e8me ann\u00e9e du L2A53\/SLA Ancia-Stella LAURENT, pr\u00e9destin\u00e9e aux \u00e9preuves d&rsquo;Heptathlon, qui a remport\u00e9 3 titres sur cette journ\u00e9e en battant tous ses records personnels ! 16\u00a0\u00bb81 en finale du 100m haies (16\u00a0\u00bb76 en s\u00e9rie), 9m79 au poids, 1m45 en hauteur et en prime le record du CLUB sur le concours de perche avec une barre pass\u00e9e \u00e0 3m (ancien record Pauline BISSON \u00e0 2m70 en 2011). Parmi les belles perfs de ce championnat, titr\u00e9 en demi fond pour sa rentr\u00e9e avec l&rsquo;aide de Quentin GEHAN comme li\u00e8vre de luxe sur 1500m , No\u00e9 ROUTHIAU a r\u00e9alis\u00e9 3&rsquo;55 42 en terminant son dernier 400m en solo ! devant Romain CHEVILLON excellent second en 3&rsquo;59 38. En junior, le titre revient \u00e0 Gaspard HUNAULT en 4&rsquo;08 60 alors qu&rsquo;en cat\u00e9gorie Espoir Mathis CUREZ pulv\u00e9rise son Record personnel en 4&rsquo;09 73 (4&rsquo;15 66 en 2025). Chez les f\u00e9minines , Laurine TOUTIN pour se rentr\u00e9e \u00e9tait toute proche de battre son Record personnel en r\u00e9alisant en solitaire un chrono de 4&rsquo;39 31 Clich\u00e9s \u00e9preuves demi fond &amp; Relais By Hugo HAMON https:\/\/photos.app.goo.gl\/XMwQtX87LAsRLWKV8\" \/>\n<meta property=\"og:url\" content=\"https:\/\/www.lavalaggloathle53.fr\/index.php\/2026\/04\/26\/championnat-de-la-mayenne-reussi-pour-le-club-organisateur-avec-des-titres-en-nombre\/\" \/>\n<meta property=\"og:site_name\" content=\"Laval Agglo Athl\u00e9tisme\" \/>\n<meta property=\"article:publisher\" content=\"https:\/\/www.facebook.com\/stadelavalloisathletisme\" \/>\n<meta property=\"article:published_time\" content=\"2026-04-25T22:33:36+00:00\" \/>\n<meta property=\"article:modified_time\" content=\"2026-04-26T09:32:49+00:00\" \/>\n<meta property=\"og:image\" content=\"https:\/\/www.lavalaggloathle53.fr\/wp-content\/uploads\/2026\/04\/RELAIS-F-1.jpeg\" \/>\n\t<meta property=\"og:image:width\" content=\"1500\" \/>\n\t<meta property=\"og:image:height\" content=\"2000\" \/>\n\t<meta property=\"og:image:type\" content=\"image\/jpeg\" \/>\n<meta name=\"author\" content=\"Pascal BISSON\" \/>\n<meta name=\"twitter:card\" content=\"summary_large_image\" \/>\n<meta name=\"twitter:label1\" content=\"\u00c9crit par\" \/>\n\t<meta name=\"twitter:data1\" content=\"Pascal BISSON\" \/>\n\t<meta name=\"twitter:label2\" content=\"Dur\u00e9e de lecture estim\u00e9e\" \/>\n\t<meta name=\"twitter:data2\" content=\"2 minutes\" \/>\n<script type=\"application\/ld+json\" class=\"yoast-schema-graph\">{\"@context\":\"https:\/\/schema.org\",\"@graph\":[{\"@type\":\"Article\",\"@id\":\"https:\/\/www.lavalaggloathle53.fr\/index.php\/2026\/04\/26\/championnat-de-la-mayenne-reussi-pour-le-club-organisateur-avec-des-titres-en-nombre\/#article\",\"isPartOf\":{\"@id\":\"https:\/\/www.lavalaggloathle53.fr\/index.php\/2026\/04\/26\/championnat-de-la-mayenne-reussi-pour-le-club-organisateur-avec-des-titres-en-nombre\/\"},\"author\":{\"name\":\"Pascal BISSON\",\"@id\":\"https:\/\/www.lavalaggloathle53.fr\/#\/schema\/person\/979647d1a9707730d91bfc766caadc0b\"},\"headline\":\"Championnat de la Mayenne r\u00e9ussi pour le Club organisateur avec des titres en nombres pour la jeunesse montante !\",\"datePublished\":\"2026-04-25T22:33:36+00:00\",\"dateModified\":\"2026-04-26T09:32:49+00:00\",\"mainEntityOfPage\":{\"@id\":\"https:\/\/www.lavalaggloathle53.fr\/index.php\/2026\/04\/26\/championnat-de-la-mayenne-reussi-pour-le-club-organisateur-avec-des-titres-en-nombre\/\"},\"wordCount\":249,\"commentCount\":0,\"image\":{\"@id\":\"https:\/\/www.lavalaggloathle53.fr\/index.php\/2026\/04\/26\/championnat-de-la-mayenne-reussi-pour-le-club-organisateur-avec-des-titres-en-nombre\/#primaryimage\"},\"thumbnailUrl\":\"https:\/\/www.lavalaggloathle53.fr\/wp-content\/uploads\/2026\/04\/RELAIS-F-1.jpeg\",\"articleSection\":[\"Actualit\u00e9s\",\"Comp\u00e9tition\"],\"inLanguage\":\"fr-FR\",\"potentialAction\":[{\"@type\":\"CommentAction\",\"name\":\"Comment\",\"target\":[\"https:\/\/www.lavalaggloathle53.fr\/index.php\/2026\/04\/26\/championnat-de-la-mayenne-reussi-pour-le-club-organisateur-avec-des-titres-en-nombre\/#respond\"]}]},{\"@type\":\"WebPage\",\"@id\":\"https:\/\/www.lavalaggloathle53.fr\/index.php\/2026\/04\/26\/championnat-de-la-mayenne-reussi-pour-le-club-organisateur-avec-des-titres-en-nombre\/\",\"url\":\"https:\/\/www.lavalaggloathle53.fr\/index.php\/2026\/04\/26\/championnat-de-la-mayenne-reussi-pour-le-club-organisateur-avec-des-titres-en-nombre\/\",\"name\":\"Championnat de la Mayenne r\u00e9ussi pour le Club organisateur avec des titres en nombres pour la jeunesse montante ! - Laval Agglo Athl\u00e9tisme\",\"isPartOf\":{\"@id\":\"https:\/\/www.lavalaggloathle53.fr\/#website\"},\"primaryImageOfPage\":{\"@id\":\"https:\/\/www.lavalaggloathle53.fr\/index.php\/2026\/04\/26\/championnat-de-la-mayenne-reussi-pour-le-club-organisateur-avec-des-titres-en-nombre\/#primaryimage\"},\"image\":{\"@id\":\"https:\/\/www.lavalaggloathle53.fr\/index.php\/2026\/04\/26\/championnat-de-la-mayenne-reussi-pour-le-club-organisateur-avec-des-titres-en-nombre\/#primaryimage\"},\"thumbnailUrl\":\"https:\/\/www.lavalaggloathle53.fr\/wp-content\/uploads\/2026\/04\/RELAIS-F-1.jpeg\",\"datePublished\":\"2026-04-25T22:33:36+00:00\",\"dateModified\":\"2026-04-26T09:32:49+00:00\",\"author\":{\"@id\":\"https:\/\/www.lavalaggloathle53.fr\/#\/schema\/person\/979647d1a9707730d91bfc766caadc0b\"},\"breadcrumb\":{\"@id\":\"https:\/\/www.lavalaggloathle53.fr\/index.php\/2026\/04\/26\/championnat-de-la-mayenne-reussi-pour-le-club-organisateur-avec-des-titres-en-nombre\/#breadcrumb\"},\"inLanguage\":\"fr-FR\",\"potentialAction\":[{\"@type\":\"ReadAction\",\"target\":[\"https:\/\/www.lavalaggloathle53.fr\/index.php\/2026\/04\/26\/championnat-de-la-mayenne-reussi-pour-le-club-organisateur-avec-des-titres-en-nombre\/\"]}]},{\"@type\":\"ImageObject\",\"inLanguage\":\"fr-FR\",\"@id\":\"https:\/\/www.lavalaggloathle53.fr\/index.php\/2026\/04\/26\/championnat-de-la-mayenne-reussi-pour-le-club-organisateur-avec-des-titres-en-nombre\/#primaryimage\",\"url\":\"https:\/\/www.lavalaggloathle53.fr\/wp-content\/uploads\/2026\/04\/RELAIS-F-1.jpeg\",\"contentUrl\":\"https:\/\/www.lavalaggloathle53.fr\/wp-content\/uploads\/2026\/04\/RELAIS-F-1.jpeg\",\"width\":1500,\"height\":2000},{\"@type\":\"BreadcrumbList\",\"@id\":\"https:\/\/www.lavalaggloathle53.fr\/index.php\/2026\/04\/26\/championnat-de-la-mayenne-reussi-pour-le-club-organisateur-avec-des-titres-en-nombre\/#breadcrumb\",\"itemListElement\":[{\"@type\":\"ListItem\",\"position\":1,\"name\":\"Accueil\",\"item\":\"https:\/\/www.lavalaggloathle53.fr\/\"},{\"@type\":\"ListItem\",\"position\":2,\"name\":\"Championnat de la Mayenne r\u00e9ussi pour le Club organisateur avec des titres en nombres pour la jeunesse montante !\"}]},{\"@type\":\"WebSite\",\"@id\":\"https:\/\/www.lavalaggloathle53.fr\/#website\",\"url\":\"https:\/\/www.lavalaggloathle53.fr\/\",\"name\":\"Laval Agglo Athl\u00e9tisme\",\"description\":\"L&#039;athl\u00e9, un sport pour tous\",\"alternateName\":\"L2A53\",\"potentialAction\":[{\"@type\":\"SearchAction\",\"target\":{\"@type\":\"EntryPoint\",\"urlTemplate\":\"https:\/\/www.lavalaggloathle53.fr\/?s={search_term_string}\"},\"query-input\":{\"@type\":\"PropertyValueSpecification\",\"valueRequired\":true,\"valueName\":\"search_term_string\"}}],\"inLanguage\":\"fr-FR\"},{\"@type\":\"Person\",\"@id\":\"https:\/\/www.lavalaggloathle53.fr\/#\/schema\/person\/979647d1a9707730d91bfc766caadc0b\",\"name\":\"Pascal BISSON\",\"image\":{\"@type\":\"ImageObject\",\"inLanguage\":\"fr-FR\",\"@id\":\"https:\/\/secure.gravatar.com\/avatar\/59596d86ade6d559609912f789f6ddaf324a4bb824fbedeaf0ccebc5c1967658?s=96&d=mm&r=g\",\"url\":\"https:\/\/secure.gravatar.com\/avatar\/59596d86ade6d559609912f789f6ddaf324a4bb824fbedeaf0ccebc5c1967658?s=96&d=mm&r=g\",\"contentUrl\":\"https:\/\/secure.gravatar.com\/avatar\/59596d86ade6d559609912f789f6ddaf324a4bb824fbedeaf0ccebc5c1967658?s=96&d=mm&r=g\",\"caption\":\"Pascal BISSON\"},\"sameAs\":[\"https:\/\/www.lavalaggloathle53.fr\"],\"url\":\"https:\/\/www.lavalaggloathle53.fr\/index.php\/author\/bis53\/\"}]}<\/script>\n<!-- \/ Yoast SEO plugin. -->","yoast_head_json":{"title":"Championnat de la Mayenne r\u00e9ussi pour le Club organisateur avec des titres en nombres pour la jeunesse montante ! - Laval Agglo Athl\u00e9tisme","robots":{"index":"index","follow":"follow","max-snippet":"max-snippet:-1","max-image-preview":"max-image-preview:large","max-video-preview":"max-video-preview:-1"},"canonical":"https:\/\/www.lavalaggloathle53.fr\/index.php\/2026\/04\/26\/championnat-de-la-mayenne-reussi-pour-le-club-organisateur-avec-des-titres-en-nombre\/","og_locale":"fr_FR","og_type":"article","og_title":"Championnat de la Mayenne r\u00e9ussi pour le Club organisateur avec des titres en nombres pour la jeunesse montante ! - Laval Agglo Athl\u00e9tisme","og_description":"Organisation r\u00e9ussie pour les b\u00e9n\u00e9voles du L2A53 sur cette 1\u00e8re journ\u00e9e des d\u00e9partementaux d&rsquo;athl\u00e9tisme sur le stade Manuela Montebrun \u00e0 Laval avec une m\u00e9t\u00e9o quasi parfaite malgr\u00e9 un vent capricieux en fin de journ\u00e9e &#8230; La palme revient \u00e0 la jeune cadette 2\u00e8me ann\u00e9e du L2A53\/SLA Ancia-Stella LAURENT, pr\u00e9destin\u00e9e aux \u00e9preuves d&rsquo;Heptathlon, qui a remport\u00e9 3 titres sur cette journ\u00e9e en battant tous ses records personnels ! 16\u00a0\u00bb81 en finale du 100m haies (16\u00a0\u00bb76 en s\u00e9rie), 9m79 au poids, 1m45 en hauteur et en prime le record du CLUB sur le concours de perche avec une barre pass\u00e9e \u00e0 3m (ancien record Pauline BISSON \u00e0 2m70 en 2011). Parmi les belles perfs de ce championnat, titr\u00e9 en demi fond pour sa rentr\u00e9e avec l&rsquo;aide de Quentin GEHAN comme li\u00e8vre de luxe sur 1500m , No\u00e9 ROUTHIAU a r\u00e9alis\u00e9 3&rsquo;55 42 en terminant son dernier 400m en solo ! devant Romain CHEVILLON excellent second en 3&rsquo;59 38. En junior, le titre revient \u00e0 Gaspard HUNAULT en 4&rsquo;08 60 alors qu&rsquo;en cat\u00e9gorie Espoir Mathis CUREZ pulv\u00e9rise son Record personnel en 4&rsquo;09 73 (4&rsquo;15 66 en 2025). Chez les f\u00e9minines , Laurine TOUTIN pour se rentr\u00e9e \u00e9tait toute proche de battre son Record personnel en r\u00e9alisant en solitaire un chrono de 4&rsquo;39 31 Clich\u00e9s \u00e9preuves demi fond &amp; Relais By Hugo HAMON https:\/\/photos.app.goo.gl\/XMwQtX87LAsRLWKV8","og_url":"https:\/\/www.lavalaggloathle53.fr\/index.php\/2026\/04\/26\/championnat-de-la-mayenne-reussi-pour-le-club-organisateur-avec-des-titres-en-nombre\/","og_site_name":"Laval Agglo Athl\u00e9tisme","article_publisher":"https:\/\/www.facebook.com\/stadelavalloisathletisme","article_published_time":"2026-04-25T22:33:36+00:00","article_modified_time":"2026-04-26T09:32:49+00:00","og_image":[{"width":1500,"height":2000,"url":"https:\/\/www.lavalaggloathle53.fr\/wp-content\/uploads\/2026\/04\/RELAIS-F-1.jpeg","type":"image\/jpeg"}],"author":"Pascal BISSON","twitter_card":"summary_large_image","twitter_misc":{"\u00c9crit par":"Pascal BISSON","Dur\u00e9e de lecture estim\u00e9e":"2 minutes"},"schema":{"@context":"https:\/\/schema.org","@graph":[{"@type":"Article","@id":"https:\/\/www.lavalaggloathle53.fr\/index.php\/2026\/04\/26\/championnat-de-la-mayenne-reussi-pour-le-club-organisateur-avec-des-titres-en-nombre\/#article","isPartOf":{"@id":"https:\/\/www.lavalaggloathle53.fr\/index.php\/2026\/04\/26\/championnat-de-la-mayenne-reussi-pour-le-club-organisateur-avec-des-titres-en-nombre\/"},"author":{"name":"Pascal BISSON","@id":"https:\/\/www.lavalaggloathle53.fr\/#\/schema\/person\/979647d1a9707730d91bfc766caadc0b"},"headline":"Championnat de la Mayenne r\u00e9ussi pour le Club organisateur avec des titres en nombres pour la jeunesse montante !","datePublished":"2026-04-25T22:33:36+00:00","dateModified":"2026-04-26T09:32:49+00:00","mainEntityOfPage":{"@id":"https:\/\/www.lavalaggloathle53.fr\/index.php\/2026\/04\/26\/championnat-de-la-mayenne-reussi-pour-le-club-organisateur-avec-des-titres-en-nombre\/"},"wordCount":249,"commentCount":0,"image":{"@id":"https:\/\/www.lavalaggloathle53.fr\/index.php\/2026\/04\/26\/championnat-de-la-mayenne-reussi-pour-le-club-organisateur-avec-des-titres-en-nombre\/#primaryimage"},"thumbnailUrl":"https:\/\/www.lavalaggloathle53.fr\/wp-content\/uploads\/2026\/04\/RELAIS-F-1.jpeg","articleSection":["Actualit\u00e9s","Comp\u00e9tition"],"inLanguage":"fr-FR","potentialAction":[{"@type":"CommentAction","name":"Comment","target":["https:\/\/www.lavalaggloathle53.fr\/index.php\/2026\/04\/26\/championnat-de-la-mayenne-reussi-pour-le-club-organisateur-avec-des-titres-en-nombre\/#respond"]}]},{"@type":"WebPage","@id":"https:\/\/www.lavalaggloathle53.fr\/index.php\/2026\/04\/26\/championnat-de-la-mayenne-reussi-pour-le-club-organisateur-avec-des-titres-en-nombre\/","url":"https:\/\/www.lavalaggloathle53.fr\/index.php\/2026\/04\/26\/championnat-de-la-mayenne-reussi-pour-le-club-organisateur-avec-des-titres-en-nombre\/","name":"Championnat de la Mayenne r\u00e9ussi pour le Club organisateur avec des titres en nombres pour la jeunesse montante ! - Laval Agglo Athl\u00e9tisme","isPartOf":{"@id":"https:\/\/www.lavalaggloathle53.fr\/#website"},"primaryImageOfPage":{"@id":"https:\/\/www.lavalaggloathle53.fr\/index.php\/2026\/04\/26\/championnat-de-la-mayenne-reussi-pour-le-club-organisateur-avec-des-titres-en-nombre\/#primaryimage"},"image":{"@id":"https:\/\/www.lavalaggloathle53.fr\/index.php\/2026\/04\/26\/championnat-de-la-mayenne-reussi-pour-le-club-organisateur-avec-des-titres-en-nombre\/#primaryimage"},"thumbnailUrl":"https:\/\/www.lavalaggloathle53.fr\/wp-content\/uploads\/2026\/04\/RELAIS-F-1.jpeg","datePublished":"2026-04-25T22:33:36+00:00","dateModified":"2026-04-26T09:32:49+00:00","author":{"@id":"https:\/\/www.lavalaggloathle53.fr\/#\/schema\/person\/979647d1a9707730d91bfc766caadc0b"},"breadcrumb":{"@id":"https:\/\/www.lavalaggloathle53.fr\/index.php\/2026\/04\/26\/championnat-de-la-mayenne-reussi-pour-le-club-organisateur-avec-des-titres-en-nombre\/#breadcrumb"},"inLanguage":"fr-FR","potentialAction":[{"@type":"ReadAction","target":["https:\/\/www.lavalaggloathle53.fr\/index.php\/2026\/04\/26\/championnat-de-la-mayenne-reussi-pour-le-club-organisateur-avec-des-titres-en-nombre\/"]}]},{"@type":"ImageObject","inLanguage":"fr-FR","@id":"https:\/\/www.lavalaggloathle53.fr\/index.php\/2026\/04\/26\/championnat-de-la-mayenne-reussi-pour-le-club-organisateur-avec-des-titres-en-nombre\/#primaryimage","url":"https:\/\/www.lavalaggloathle53.fr\/wp-content\/uploads\/2026\/04\/RELAIS-F-1.jpeg","contentUrl":"https:\/\/www.lavalaggloathle53.fr\/wp-content\/uploads\/2026\/04\/RELAIS-F-1.jpeg","width":1500,"height":2000},{"@type":"BreadcrumbList","@id":"https:\/\/www.lavalaggloathle53.fr\/index.php\/2026\/04\/26\/championnat-de-la-mayenne-reussi-pour-le-club-organisateur-avec-des-titres-en-nombre\/#breadcrumb","itemListElement":[{"@type":"ListItem","position":1,"name":"Accueil","item":"https:\/\/www.lavalaggloathle53.fr\/"},{"@type":"ListItem","position":2,"name":"Championnat de la Mayenne r\u00e9ussi pour le Club organisateur avec des titres en nombres pour la jeunesse montante !"}]},{"@type":"WebSite","@id":"https:\/\/www.lavalaggloathle53.fr\/#website","url":"https:\/\/www.lavalaggloathle53.fr\/","name":"Laval Agglo Athl\u00e9tisme","description":"L&#039;athl\u00e9, un sport pour tous","alternateName":"L2A53","potentialAction":[{"@type":"SearchAction","target":{"@type":"EntryPoint","urlTemplate":"https:\/\/www.lavalaggloathle53.fr\/?s={search_term_string}"},"query-input":{"@type":"PropertyValueSpecification","valueRequired":true,"valueName":"search_term_string"}}],"inLanguage":"fr-FR"},{"@type":"Person","@id":"https:\/\/www.lavalaggloathle53.fr\/#\/schema\/person\/979647d1a9707730d91bfc766caadc0b","name":"Pascal BISSON","image":{"@type":"ImageObject","inLanguage":"fr-FR","@id":"https:\/\/secure.gravatar.com\/avatar\/59596d86ade6d559609912f789f6ddaf324a4bb824fbedeaf0ccebc5c1967658?s=96&d=mm&r=g","url":"https:\/\/secure.gravatar.com\/avatar\/59596d86ade6d559609912f789f6ddaf324a4bb824fbedeaf0ccebc5c1967658?s=96&d=mm&r=g","contentUrl":"https:\/\/secure.gravatar.com\/avatar\/59596d86ade6d559609912f789f6ddaf324a4bb824fbedeaf0ccebc5c1967658?s=96&d=mm&r=g","caption":"Pascal BISSON"},"sameAs":["https:\/\/www.lavalaggloathle53.fr"],"url":"https:\/\/www.lavalaggloathle53.fr\/index.php\/author\/bis53\/"}]}},"_links":{"self":[{"href":"https:\/\/www.lavalaggloathle53.fr\/index.php\/wp-json\/wp\/v2\/posts\/10468","targetHints":{"allow":["GET"]}}],"collection":[{"href":"https:\/\/www.lavalaggloathle53.fr\/index.php\/wp-json\/wp\/v2\/posts"}],"about":[{"href":"https:\/\/www.lavalaggloathle53.fr\/index.php\/wp-json\/wp\/v2\/types\/post"}],"author":[{"embeddable":true,"href":"https:\/\/www.lavalaggloathle53.fr\/index.php\/wp-json\/wp\/v2\/users\/4"}],"replies":[{"embeddable":true,"href":"https:\/\/www.lavalaggloathle53.fr\/index.php\/wp-json\/wp\/v2\/comments?post=10468"}],"version-history":[{"count":3,"href":"https:\/\/www.lavalaggloathle53.fr\/index.php\/wp-json\/wp\/v2\/posts\/10468\/revisions"}],"predecessor-version":[{"id":10477,"href":"https:\/\/www.lavalaggloathle53.fr\/index.php\/wp-json\/wp\/v2\/posts\/10468\/revisions\/10477"}],"wp:featuredmedia":[{"embeddable":true,"href":"https:\/\/www.lavalaggloathle53.fr\/index.php\/wp-json\/wp\/v2\/media\/10469"}],"wp:attachment":[{"href":"https:\/\/www.lavalaggloathle53.fr\/index.php\/wp-json\/wp\/v2\/media?parent=10468"}],"wp:term":[{"taxonomy":"category","embeddable":true,"href":"https:\/\/www.lavalaggloathle53.fr\/index.php\/wp-json\/wp\/v2\/categories?post=10468"},{"taxonomy":"post_tag","embeddable":true,"href":"https:\/\/www.lavalaggloathle53.fr\/index.php\/wp-json\/wp\/v2\/tags?post=10468"}],"curies":[{"name":"wp","href":"https:\/\/api.w.org\/{rel}","templated":true}]}}