{"id":10380,"date":"2026-04-04T15:36:16","date_gmt":"2026-04-04T13:36:16","guid":{"rendered":"https:\/\/www.lavalaggloathle53.fr\/?p=10380"},"modified":"2026-04-07T22:46:00","modified_gmt":"2026-04-07T20:46:00","slug":"week-end-de-stage-club-a-st-malo-en-preparation-des-interclubs-de-nationale-2","status":"publish","type":"post","link":"https:\/\/www.lavalaggloathle53.fr\/index.php\/2026\/04\/04\/week-end-de-stage-club-a-st-malo-en-preparation-des-interclubs-de-nationale-2\/","title":{"rendered":"Week-end de Stage CLUB \u00e0 St Malo en pr\u00e9paration des INTERCLUBS de NATIONALE 2 !"},"content":{"rendered":"\n<figure class=\"wp-block-image size-large\"><img fetchpriority=\"high\" decoding=\"async\" width=\"1024\" height=\"617\" src=\"https:\/\/www.lavalaggloathle53.fr\/wp-content\/uploads\/2026\/04\/WhatsApp-Image-2026-04-04-at-13.2-1024x617.jpg\" alt=\"\" class=\"wp-image-10381\" srcset=\"https:\/\/www.lavalaggloathle53.fr\/wp-content\/uploads\/2026\/04\/WhatsApp-Image-2026-04-04-at-13.2-1024x617.jpg 1024w, https:\/\/www.lavalaggloathle53.fr\/wp-content\/uploads\/2026\/04\/WhatsApp-Image-2026-04-04-at-13.2-300x181.jpg 300w, https:\/\/www.lavalaggloathle53.fr\/wp-content\/uploads\/2026\/04\/WhatsApp-Image-2026-04-04-at-13.2-768x462.jpg 768w, https:\/\/www.lavalaggloathle53.fr\/wp-content\/uploads\/2026\/04\/WhatsApp-Image-2026-04-04-at-13.2.jpg 1533w\" sizes=\"(max-width: 1024px) 100vw, 1024px\" \/><\/figure>\n\n\n\n<p>Succ\u00e8s assur\u00e9 pour ce <strong>STAGE CLUB<\/strong> du c\u00f4t\u00e9 de <strong>St Malo<\/strong> comme le veut la tradition dans de nombreux CLUBS pour assurer de superbes moments de coh\u00e9sion entre athl\u00e8tes et encadrants \u00e0 partir de la cat\u00e9gorie cadet(es) et une pr\u00e9paration aux prochains INTERCLUBS de niveau Nationale 2  au moi de Mai prochain &#8230; Remis en route sous la houlette de Steven PETITPAS il y a 2 ans , ce stage a toujours \u00e9t\u00e9 un moment fort dans l&rsquo;histoire du CLUB &#8230;<\/p>\n\n\n\n<figure class=\"wp-block-image size-large\"><img decoding=\"async\" width=\"768\" height=\"1024\" src=\"https:\/\/www.lavalaggloathle53.fr\/wp-content\/uploads\/2026\/04\/WhatsApp-Image-2026-04-04-at-13.12.1-768x1024.jpeg\" alt=\"\" class=\"wp-image-10382\" srcset=\"https:\/\/www.lavalaggloathle53.fr\/wp-content\/uploads\/2026\/04\/WhatsApp-Image-2026-04-04-at-13.12.1-768x1024.jpeg 768w, https:\/\/www.lavalaggloathle53.fr\/wp-content\/uploads\/2026\/04\/WhatsApp-Image-2026-04-04-at-13.12.1-225x300.jpeg 225w, https:\/\/www.lavalaggloathle53.fr\/wp-content\/uploads\/2026\/04\/WhatsApp-Image-2026-04-04-at-13.12.1-1152x1536.jpeg 1152w, https:\/\/www.lavalaggloathle53.fr\/wp-content\/uploads\/2026\/04\/WhatsApp-Image-2026-04-04-at-13.12.1.jpeg 1200w\" sizes=\"(max-width: 768px) 100vw, 768px\" \/><\/figure>\n\n\n\n<figure class=\"wp-block-image size-large\"><img decoding=\"async\" width=\"1024\" height=\"910\" src=\"https:\/\/www.lavalaggloathle53.fr\/wp-content\/uploads\/2026\/04\/WhatsApp-Image-2026-04-04-at-13-1024x910.jpg\" alt=\"\" class=\"wp-image-10383\" srcset=\"https:\/\/www.lavalaggloathle53.fr\/wp-content\/uploads\/2026\/04\/WhatsApp-Image-2026-04-04-at-13-1024x910.jpg 1024w, https:\/\/www.lavalaggloathle53.fr\/wp-content\/uploads\/2026\/04\/WhatsApp-Image-2026-04-04-at-13-300x267.jpg 300w, https:\/\/www.lavalaggloathle53.fr\/wp-content\/uploads\/2026\/04\/WhatsApp-Image-2026-04-04-at-13-768x683.jpg 768w, https:\/\/www.lavalaggloathle53.fr\/wp-content\/uploads\/2026\/04\/WhatsApp-Image-2026-04-04-at-13.jpg 1513w\" sizes=\"(max-width: 1024px) 100vw, 1024px\" \/><\/figure>\n\n\n\n<figure class=\"wp-block-image size-large\"><img loading=\"lazy\" decoding=\"async\" width=\"1024\" height=\"660\" src=\"https:\/\/www.lavalaggloathle53.fr\/wp-content\/uploads\/2026\/04\/WhatsApp-Image-2026-04-04-at-13-1-1024x660.jpg\" alt=\"\" class=\"wp-image-10384\" srcset=\"https:\/\/www.lavalaggloathle53.fr\/wp-content\/uploads\/2026\/04\/WhatsApp-Image-2026-04-04-at-13-1-1024x660.jpg 1024w, https:\/\/www.lavalaggloathle53.fr\/wp-content\/uploads\/2026\/04\/WhatsApp-Image-2026-04-04-at-13-1-300x193.jpg 300w, https:\/\/www.lavalaggloathle53.fr\/wp-content\/uploads\/2026\/04\/WhatsApp-Image-2026-04-04-at-13-1-768x495.jpg 768w, https:\/\/www.lavalaggloathle53.fr\/wp-content\/uploads\/2026\/04\/WhatsApp-Image-2026-04-04-at-13-1.jpg 1423w\" sizes=\"(max-width: 1024px) 100vw, 1024px\" \/><\/figure>\n\n\n\n<figure class=\"wp-block-image size-large\"><img loading=\"lazy\" decoding=\"async\" width=\"1024\" height=\"632\" src=\"https:\/\/www.lavalaggloathle53.fr\/wp-content\/uploads\/2026\/04\/3--1024x632.jpg\" alt=\"\" class=\"wp-image-10399\" srcset=\"https:\/\/www.lavalaggloathle53.fr\/wp-content\/uploads\/2026\/04\/3--1024x632.jpg 1024w, https:\/\/www.lavalaggloathle53.fr\/wp-content\/uploads\/2026\/04\/3--300x185.jpg 300w, https:\/\/www.lavalaggloathle53.fr\/wp-content\/uploads\/2026\/04\/3--768x474.jpg 768w, https:\/\/www.lavalaggloathle53.fr\/wp-content\/uploads\/2026\/04\/3-.jpg 1195w\" sizes=\"(max-width: 1024px) 100vw, 1024px\" \/><\/figure>\n\n\n\n<figure class=\"wp-block-image size-large\"><img loading=\"lazy\" decoding=\"async\" width=\"771\" height=\"1024\" src=\"https:\/\/www.lavalaggloathle53.fr\/wp-content\/uploads\/2026\/04\/5--771x1024.jpeg\" alt=\"\" class=\"wp-image-10400\" srcset=\"https:\/\/www.lavalaggloathle53.fr\/wp-content\/uploads\/2026\/04\/5--771x1024.jpeg 771w, https:\/\/www.lavalaggloathle53.fr\/wp-content\/uploads\/2026\/04\/5--226x300.jpeg 226w, https:\/\/www.lavalaggloathle53.fr\/wp-content\/uploads\/2026\/04\/5--768x1021.jpeg 768w, https:\/\/www.lavalaggloathle53.fr\/wp-content\/uploads\/2026\/04\/5--1156x1536.jpeg 1156w, https:\/\/www.lavalaggloathle53.fr\/wp-content\/uploads\/2026\/04\/5-.jpeg 1204w\" sizes=\"(max-width: 771px) 100vw, 771px\" \/><\/figure>\n\n\n\n<figure class=\"wp-block-image size-large\"><img loading=\"lazy\" decoding=\"async\" width=\"1024\" height=\"569\" src=\"https:\/\/www.lavalaggloathle53.fr\/wp-content\/uploads\/2026\/04\/8-1024x569.jpg\" alt=\"\" class=\"wp-image-10401\" srcset=\"https:\/\/www.lavalaggloathle53.fr\/wp-content\/uploads\/2026\/04\/8-1024x569.jpg 1024w, https:\/\/www.lavalaggloathle53.fr\/wp-content\/uploads\/2026\/04\/8-300x167.jpg 300w, https:\/\/www.lavalaggloathle53.fr\/wp-content\/uploads\/2026\/04\/8-768x427.jpg 768w, https:\/\/www.lavalaggloathle53.fr\/wp-content\/uploads\/2026\/04\/8.jpg 1197w\" sizes=\"(max-width: 1024px) 100vw, 1024px\" \/><\/figure>\n\n\n\n<figure class=\"wp-block-image size-large\"><img loading=\"lazy\" decoding=\"async\" width=\"1024\" height=\"771\" src=\"https:\/\/www.lavalaggloathle53.fr\/wp-content\/uploads\/2026\/04\/11-1024x771.jpeg\" alt=\"\" class=\"wp-image-10402\" srcset=\"https:\/\/www.lavalaggloathle53.fr\/wp-content\/uploads\/2026\/04\/11-1024x771.jpeg 1024w, https:\/\/www.lavalaggloathle53.fr\/wp-content\/uploads\/2026\/04\/11-300x226.jpeg 300w, https:\/\/www.lavalaggloathle53.fr\/wp-content\/uploads\/2026\/04\/11-768x578.jpeg 768w, https:\/\/www.lavalaggloathle53.fr\/wp-content\/uploads\/2026\/04\/11-1536x1156.jpeg 1536w, https:\/\/www.lavalaggloathle53.fr\/wp-content\/uploads\/2026\/04\/11.jpeg 1600w\" sizes=\"(max-width: 1024px) 100vw, 1024px\" \/><\/figure>\n\n\n\n<figure class=\"wp-block-image size-large\"><img loading=\"lazy\" decoding=\"async\" width=\"1024\" height=\"1024\" src=\"https:\/\/www.lavalaggloathle53.fr\/wp-content\/uploads\/2026\/04\/13--1024x1024.jpeg\" alt=\"\" class=\"wp-image-10403\" srcset=\"https:\/\/www.lavalaggloathle53.fr\/wp-content\/uploads\/2026\/04\/13--1024x1024.jpeg 1024w, https:\/\/www.lavalaggloathle53.fr\/wp-content\/uploads\/2026\/04\/13--300x300.jpeg 300w, https:\/\/www.lavalaggloathle53.fr\/wp-content\/uploads\/2026\/04\/13--150x150.jpeg 150w, https:\/\/www.lavalaggloathle53.fr\/wp-content\/uploads\/2026\/04\/13--768x768.jpeg 768w, https:\/\/www.lavalaggloathle53.fr\/wp-content\/uploads\/2026\/04\/13-.jpeg 1512w\" sizes=\"(max-width: 1024px) 100vw, 1024px\" \/><\/figure>\n\n\n\n<figure class=\"wp-block-image size-large\"><img loading=\"lazy\" decoding=\"async\" width=\"771\" height=\"1024\" src=\"https:\/\/www.lavalaggloathle53.fr\/wp-content\/uploads\/2026\/04\/16--771x1024.jpeg\" alt=\"\" class=\"wp-image-10404\" srcset=\"https:\/\/www.lavalaggloathle53.fr\/wp-content\/uploads\/2026\/04\/16--771x1024.jpeg 771w, https:\/\/www.lavalaggloathle53.fr\/wp-content\/uploads\/2026\/04\/16--226x300.jpeg 226w, https:\/\/www.lavalaggloathle53.fr\/wp-content\/uploads\/2026\/04\/16--768x1020.jpeg 768w, https:\/\/www.lavalaggloathle53.fr\/wp-content\/uploads\/2026\/04\/16--1157x1536.jpeg 1157w, https:\/\/www.lavalaggloathle53.fr\/wp-content\/uploads\/2026\/04\/16-.jpeg 1536w\" sizes=\"(max-width: 771px) 100vw, 771px\" \/><\/figure>\n\n\n\n<figure class=\"wp-block-image size-large\"><img loading=\"lazy\" decoding=\"async\" width=\"1024\" height=\"1024\" src=\"https:\/\/www.lavalaggloathle53.fr\/wp-content\/uploads\/2026\/04\/14-1024x1024.jpeg\" alt=\"\" class=\"wp-image-10405\" srcset=\"https:\/\/www.lavalaggloathle53.fr\/wp-content\/uploads\/2026\/04\/14-1024x1024.jpeg 1024w, https:\/\/www.lavalaggloathle53.fr\/wp-content\/uploads\/2026\/04\/14-300x300.jpeg 300w, https:\/\/www.lavalaggloathle53.fr\/wp-content\/uploads\/2026\/04\/14-150x150.jpeg 150w, https:\/\/www.lavalaggloathle53.fr\/wp-content\/uploads\/2026\/04\/14-768x768.jpeg 768w, https:\/\/www.lavalaggloathle53.fr\/wp-content\/uploads\/2026\/04\/14.jpeg 1512w\" sizes=\"(max-width: 1024px) 100vw, 1024px\" \/><\/figure>\n\n\n\n<figure class=\"wp-block-image size-large\"><img loading=\"lazy\" decoding=\"async\" width=\"1024\" height=\"687\" src=\"https:\/\/www.lavalaggloathle53.fr\/wp-content\/uploads\/2026\/04\/15--1024x687.jpg\" alt=\"\" class=\"wp-image-10406\" srcset=\"https:\/\/www.lavalaggloathle53.fr\/wp-content\/uploads\/2026\/04\/15--1024x687.jpg 1024w, https:\/\/www.lavalaggloathle53.fr\/wp-content\/uploads\/2026\/04\/15--300x201.jpg 300w, https:\/\/www.lavalaggloathle53.fr\/wp-content\/uploads\/2026\/04\/15--768x516.jpg 768w, https:\/\/www.lavalaggloathle53.fr\/wp-content\/uploads\/2026\/04\/15-.jpg 1521w\" sizes=\"(max-width: 1024px) 100vw, 1024px\" \/><\/figure>\n","protected":false},"excerpt":{"rendered":"<p>Succ\u00e8s assur\u00e9 pour ce STAGE CLUB du c\u00f4t\u00e9 de St Malo comme le veut la tradition dans de nombreux CLUBS pour assurer de superbes moments de coh\u00e9sion entre athl\u00e8tes et encadrants \u00e0 partir de la cat\u00e9gorie cadet(es) et une pr\u00e9paration aux prochains INTERCLUBS de niveau Nationale 2 au moi de Mai prochain &#8230; Remis en route sous la houlette de Steven PETITPAS il y a 2 ans , ce stage a toujours \u00e9t\u00e9 un moment fort dans l&rsquo;histoire du CLUB &#8230;<\/p>\n","protected":false},"author":4,"featured_media":9829,"comment_status":"open","ping_status":"closed","sticky":false,"template":"","format":"standard","meta":{"footnotes":""},"categories":[14,15],"tags":[],"class_list":["post-10380","post","type-post","status-publish","format-standard","has-post-thumbnail","hentry","category-actualites","category-competition"],"yoast_head":"<!-- This site is optimized with the Yoast SEO plugin v27.2 - https:\/\/yoast.com\/product\/yoast-seo-wordpress\/ -->\n<title>Week-end de Stage CLUB \u00e0 St Malo en pr\u00e9paration des INTERCLUBS de NATIONALE 2 ! - Laval Agglo Athl\u00e9tisme<\/title>\n<meta name=\"robots\" content=\"index, follow, max-snippet:-1, max-image-preview:large, max-video-preview:-1\" \/>\n<link rel=\"canonical\" href=\"https:\/\/www.lavalaggloathle53.fr\/index.php\/2026\/04\/04\/week-end-de-stage-club-a-st-malo-en-preparation-des-interclubs-de-nationale-2\/\" \/>\n<meta property=\"og:locale\" content=\"fr_FR\" \/>\n<meta property=\"og:type\" content=\"article\" \/>\n<meta property=\"og:title\" content=\"Week-end de Stage CLUB \u00e0 St Malo en pr\u00e9paration des INTERCLUBS de NATIONALE 2 ! - Laval Agglo Athl\u00e9tisme\" \/>\n<meta property=\"og:description\" content=\"Succ\u00e8s assur\u00e9 pour ce STAGE CLUB du c\u00f4t\u00e9 de St Malo comme le veut la tradition dans de nombreux CLUBS pour assurer de superbes moments de coh\u00e9sion entre athl\u00e8tes et encadrants \u00e0 partir de la cat\u00e9gorie cadet(es) et une pr\u00e9paration aux prochains INTERCLUBS de niveau Nationale 2 au moi de Mai prochain &#8230; Remis en route sous la houlette de Steven PETITPAS il y a 2 ans , ce stage a toujours \u00e9t\u00e9 un moment fort dans l&rsquo;histoire du CLUB &#8230;\" \/>\n<meta property=\"og:url\" content=\"https:\/\/www.lavalaggloathle53.fr\/index.php\/2026\/04\/04\/week-end-de-stage-club-a-st-malo-en-preparation-des-interclubs-de-nationale-2\/\" \/>\n<meta property=\"og:site_name\" content=\"Laval Agglo Athl\u00e9tisme\" \/>\n<meta property=\"article:publisher\" content=\"https:\/\/www.facebook.com\/stadelavalloisathletisme\" \/>\n<meta property=\"article:published_time\" content=\"2026-04-04T13:36:16+00:00\" \/>\n<meta property=\"article:modified_time\" content=\"2026-04-07T20:46:00+00:00\" \/>\n<meta property=\"og:image\" content=\"https:\/\/www.lavalaggloathle53.fr\/wp-content\/uploads\/2026\/01\/Affiche-Stage-Club-Avril-2026-St-MALO.jpeg\" \/>\n\t<meta property=\"og:image:width\" content=\"1131\" \/>\n\t<meta property=\"og:image:height\" content=\"1600\" \/>\n\t<meta property=\"og:image:type\" content=\"image\/jpeg\" \/>\n<meta name=\"author\" content=\"Pascal BISSON\" \/>\n<meta name=\"twitter:card\" content=\"summary_large_image\" \/>\n<meta name=\"twitter:label1\" content=\"\u00c9crit par\" \/>\n\t<meta name=\"twitter:data1\" content=\"Pascal BISSON\" \/>\n\t<meta name=\"twitter:label2\" content=\"Dur\u00e9e de lecture estim\u00e9e\" \/>\n\t<meta name=\"twitter:data2\" content=\"3 minutes\" \/>\n<script type=\"application\/ld+json\" class=\"yoast-schema-graph\">{\"@context\":\"https:\/\/schema.org\",\"@graph\":[{\"@type\":\"Article\",\"@id\":\"https:\/\/www.lavalaggloathle53.fr\/index.php\/2026\/04\/04\/week-end-de-stage-club-a-st-malo-en-preparation-des-interclubs-de-nationale-2\/#article\",\"isPartOf\":{\"@id\":\"https:\/\/www.lavalaggloathle53.fr\/index.php\/2026\/04\/04\/week-end-de-stage-club-a-st-malo-en-preparation-des-interclubs-de-nationale-2\/\"},\"author\":{\"name\":\"Pascal BISSON\",\"@id\":\"https:\/\/www.lavalaggloathle53.fr\/#\/schema\/person\/979647d1a9707730d91bfc766caadc0b\"},\"headline\":\"Week-end de Stage CLUB \u00e0 St Malo en pr\u00e9paration des INTERCLUBS de NATIONALE 2 !\",\"datePublished\":\"2026-04-04T13:36:16+00:00\",\"dateModified\":\"2026-04-07T20:46:00+00:00\",\"mainEntityOfPage\":{\"@id\":\"https:\/\/www.lavalaggloathle53.fr\/index.php\/2026\/04\/04\/week-end-de-stage-club-a-st-malo-en-preparation-des-interclubs-de-nationale-2\/\"},\"wordCount\":96,\"commentCount\":0,\"image\":{\"@id\":\"https:\/\/www.lavalaggloathle53.fr\/index.php\/2026\/04\/04\/week-end-de-stage-club-a-st-malo-en-preparation-des-interclubs-de-nationale-2\/#primaryimage\"},\"thumbnailUrl\":\"https:\/\/www.lavalaggloathle53.fr\/wp-content\/uploads\/2026\/01\/Affiche-Stage-Club-Avril-2026-St-MALO.jpeg\",\"articleSection\":[\"Actualit\u00e9s\",\"Comp\u00e9tition\"],\"inLanguage\":\"fr-FR\",\"potentialAction\":[{\"@type\":\"CommentAction\",\"name\":\"Comment\",\"target\":[\"https:\/\/www.lavalaggloathle53.fr\/index.php\/2026\/04\/04\/week-end-de-stage-club-a-st-malo-en-preparation-des-interclubs-de-nationale-2\/#respond\"]}]},{\"@type\":\"WebPage\",\"@id\":\"https:\/\/www.lavalaggloathle53.fr\/index.php\/2026\/04\/04\/week-end-de-stage-club-a-st-malo-en-preparation-des-interclubs-de-nationale-2\/\",\"url\":\"https:\/\/www.lavalaggloathle53.fr\/index.php\/2026\/04\/04\/week-end-de-stage-club-a-st-malo-en-preparation-des-interclubs-de-nationale-2\/\",\"name\":\"Week-end de Stage CLUB \u00e0 St Malo en pr\u00e9paration des INTERCLUBS de NATIONALE 2 ! - Laval Agglo Athl\u00e9tisme\",\"isPartOf\":{\"@id\":\"https:\/\/www.lavalaggloathle53.fr\/#website\"},\"primaryImageOfPage\":{\"@id\":\"https:\/\/www.lavalaggloathle53.fr\/index.php\/2026\/04\/04\/week-end-de-stage-club-a-st-malo-en-preparation-des-interclubs-de-nationale-2\/#primaryimage\"},\"image\":{\"@id\":\"https:\/\/www.lavalaggloathle53.fr\/index.php\/2026\/04\/04\/week-end-de-stage-club-a-st-malo-en-preparation-des-interclubs-de-nationale-2\/#primaryimage\"},\"thumbnailUrl\":\"https:\/\/www.lavalaggloathle53.fr\/wp-content\/uploads\/2026\/01\/Affiche-Stage-Club-Avril-2026-St-MALO.jpeg\",\"datePublished\":\"2026-04-04T13:36:16+00:00\",\"dateModified\":\"2026-04-07T20:46:00+00:00\",\"author\":{\"@id\":\"https:\/\/www.lavalaggloathle53.fr\/#\/schema\/person\/979647d1a9707730d91bfc766caadc0b\"},\"breadcrumb\":{\"@id\":\"https:\/\/www.lavalaggloathle53.fr\/index.php\/2026\/04\/04\/week-end-de-stage-club-a-st-malo-en-preparation-des-interclubs-de-nationale-2\/#breadcrumb\"},\"inLanguage\":\"fr-FR\",\"potentialAction\":[{\"@type\":\"ReadAction\",\"target\":[\"https:\/\/www.lavalaggloathle53.fr\/index.php\/2026\/04\/04\/week-end-de-stage-club-a-st-malo-en-preparation-des-interclubs-de-nationale-2\/\"]}]},{\"@type\":\"ImageObject\",\"inLanguage\":\"fr-FR\",\"@id\":\"https:\/\/www.lavalaggloathle53.fr\/index.php\/2026\/04\/04\/week-end-de-stage-club-a-st-malo-en-preparation-des-interclubs-de-nationale-2\/#primaryimage\",\"url\":\"https:\/\/www.lavalaggloathle53.fr\/wp-content\/uploads\/2026\/01\/Affiche-Stage-Club-Avril-2026-St-MALO.jpeg\",\"contentUrl\":\"https:\/\/www.lavalaggloathle53.fr\/wp-content\/uploads\/2026\/01\/Affiche-Stage-Club-Avril-2026-St-MALO.jpeg\",\"width\":1131,\"height\":1600},{\"@type\":\"BreadcrumbList\",\"@id\":\"https:\/\/www.lavalaggloathle53.fr\/index.php\/2026\/04\/04\/week-end-de-stage-club-a-st-malo-en-preparation-des-interclubs-de-nationale-2\/#breadcrumb\",\"itemListElement\":[{\"@type\":\"ListItem\",\"position\":1,\"name\":\"Accueil\",\"item\":\"https:\/\/www.lavalaggloathle53.fr\/\"},{\"@type\":\"ListItem\",\"position\":2,\"name\":\"Week-end de Stage CLUB \u00e0 St Malo en pr\u00e9paration des INTERCLUBS de NATIONALE 2 !\"}]},{\"@type\":\"WebSite\",\"@id\":\"https:\/\/www.lavalaggloathle53.fr\/#website\",\"url\":\"https:\/\/www.lavalaggloathle53.fr\/\",\"name\":\"Laval Agglo Athl\u00e9tisme\",\"description\":\"L&#039;athl\u00e9, un sport pour tous\",\"alternateName\":\"L2A53\",\"potentialAction\":[{\"@type\":\"SearchAction\",\"target\":{\"@type\":\"EntryPoint\",\"urlTemplate\":\"https:\/\/www.lavalaggloathle53.fr\/?s={search_term_string}\"},\"query-input\":{\"@type\":\"PropertyValueSpecification\",\"valueRequired\":true,\"valueName\":\"search_term_string\"}}],\"inLanguage\":\"fr-FR\"},{\"@type\":\"Person\",\"@id\":\"https:\/\/www.lavalaggloathle53.fr\/#\/schema\/person\/979647d1a9707730d91bfc766caadc0b\",\"name\":\"Pascal BISSON\",\"image\":{\"@type\":\"ImageObject\",\"inLanguage\":\"fr-FR\",\"@id\":\"https:\/\/secure.gravatar.com\/avatar\/59596d86ade6d559609912f789f6ddaf324a4bb824fbedeaf0ccebc5c1967658?s=96&d=mm&r=g\",\"url\":\"https:\/\/secure.gravatar.com\/avatar\/59596d86ade6d559609912f789f6ddaf324a4bb824fbedeaf0ccebc5c1967658?s=96&d=mm&r=g\",\"contentUrl\":\"https:\/\/secure.gravatar.com\/avatar\/59596d86ade6d559609912f789f6ddaf324a4bb824fbedeaf0ccebc5c1967658?s=96&d=mm&r=g\",\"caption\":\"Pascal BISSON\"},\"sameAs\":[\"https:\/\/www.lavalaggloathle53.fr\"],\"url\":\"https:\/\/www.lavalaggloathle53.fr\/index.php\/author\/bis53\/\"}]}<\/script>\n<!-- \/ Yoast SEO plugin. -->","yoast_head_json":{"title":"Week-end de Stage CLUB \u00e0 St Malo en pr\u00e9paration des INTERCLUBS de NATIONALE 2 ! - Laval Agglo Athl\u00e9tisme","robots":{"index":"index","follow":"follow","max-snippet":"max-snippet:-1","max-image-preview":"max-image-preview:large","max-video-preview":"max-video-preview:-1"},"canonical":"https:\/\/www.lavalaggloathle53.fr\/index.php\/2026\/04\/04\/week-end-de-stage-club-a-st-malo-en-preparation-des-interclubs-de-nationale-2\/","og_locale":"fr_FR","og_type":"article","og_title":"Week-end de Stage CLUB \u00e0 St Malo en pr\u00e9paration des INTERCLUBS de NATIONALE 2 ! - Laval Agglo Athl\u00e9tisme","og_description":"Succ\u00e8s assur\u00e9 pour ce STAGE CLUB du c\u00f4t\u00e9 de St Malo comme le veut la tradition dans de nombreux CLUBS pour assurer de superbes moments de coh\u00e9sion entre athl\u00e8tes et encadrants \u00e0 partir de la cat\u00e9gorie cadet(es) et une pr\u00e9paration aux prochains INTERCLUBS de niveau Nationale 2 au moi de Mai prochain &#8230; Remis en route sous la houlette de Steven PETITPAS il y a 2 ans , ce stage a toujours \u00e9t\u00e9 un moment fort dans l&rsquo;histoire du CLUB &#8230;","og_url":"https:\/\/www.lavalaggloathle53.fr\/index.php\/2026\/04\/04\/week-end-de-stage-club-a-st-malo-en-preparation-des-interclubs-de-nationale-2\/","og_site_name":"Laval Agglo Athl\u00e9tisme","article_publisher":"https:\/\/www.facebook.com\/stadelavalloisathletisme","article_published_time":"2026-04-04T13:36:16+00:00","article_modified_time":"2026-04-07T20:46:00+00:00","og_image":[{"width":1131,"height":1600,"url":"https:\/\/www.lavalaggloathle53.fr\/wp-content\/uploads\/2026\/01\/Affiche-Stage-Club-Avril-2026-St-MALO.jpeg","type":"image\/jpeg"}],"author":"Pascal BISSON","twitter_card":"summary_large_image","twitter_misc":{"\u00c9crit par":"Pascal BISSON","Dur\u00e9e de lecture estim\u00e9e":"3 minutes"},"schema":{"@context":"https:\/\/schema.org","@graph":[{"@type":"Article","@id":"https:\/\/www.lavalaggloathle53.fr\/index.php\/2026\/04\/04\/week-end-de-stage-club-a-st-malo-en-preparation-des-interclubs-de-nationale-2\/#article","isPartOf":{"@id":"https:\/\/www.lavalaggloathle53.fr\/index.php\/2026\/04\/04\/week-end-de-stage-club-a-st-malo-en-preparation-des-interclubs-de-nationale-2\/"},"author":{"name":"Pascal BISSON","@id":"https:\/\/www.lavalaggloathle53.fr\/#\/schema\/person\/979647d1a9707730d91bfc766caadc0b"},"headline":"Week-end de Stage CLUB \u00e0 St Malo en pr\u00e9paration des INTERCLUBS de NATIONALE 2 !","datePublished":"2026-04-04T13:36:16+00:00","dateModified":"2026-04-07T20:46:00+00:00","mainEntityOfPage":{"@id":"https:\/\/www.lavalaggloathle53.fr\/index.php\/2026\/04\/04\/week-end-de-stage-club-a-st-malo-en-preparation-des-interclubs-de-nationale-2\/"},"wordCount":96,"commentCount":0,"image":{"@id":"https:\/\/www.lavalaggloathle53.fr\/index.php\/2026\/04\/04\/week-end-de-stage-club-a-st-malo-en-preparation-des-interclubs-de-nationale-2\/#primaryimage"},"thumbnailUrl":"https:\/\/www.lavalaggloathle53.fr\/wp-content\/uploads\/2026\/01\/Affiche-Stage-Club-Avril-2026-St-MALO.jpeg","articleSection":["Actualit\u00e9s","Comp\u00e9tition"],"inLanguage":"fr-FR","potentialAction":[{"@type":"CommentAction","name":"Comment","target":["https:\/\/www.lavalaggloathle53.fr\/index.php\/2026\/04\/04\/week-end-de-stage-club-a-st-malo-en-preparation-des-interclubs-de-nationale-2\/#respond"]}]},{"@type":"WebPage","@id":"https:\/\/www.lavalaggloathle53.fr\/index.php\/2026\/04\/04\/week-end-de-stage-club-a-st-malo-en-preparation-des-interclubs-de-nationale-2\/","url":"https:\/\/www.lavalaggloathle53.fr\/index.php\/2026\/04\/04\/week-end-de-stage-club-a-st-malo-en-preparation-des-interclubs-de-nationale-2\/","name":"Week-end de Stage CLUB \u00e0 St Malo en pr\u00e9paration des INTERCLUBS de NATIONALE 2 ! - Laval Agglo Athl\u00e9tisme","isPartOf":{"@id":"https:\/\/www.lavalaggloathle53.fr\/#website"},"primaryImageOfPage":{"@id":"https:\/\/www.lavalaggloathle53.fr\/index.php\/2026\/04\/04\/week-end-de-stage-club-a-st-malo-en-preparation-des-interclubs-de-nationale-2\/#primaryimage"},"image":{"@id":"https:\/\/www.lavalaggloathle53.fr\/index.php\/2026\/04\/04\/week-end-de-stage-club-a-st-malo-en-preparation-des-interclubs-de-nationale-2\/#primaryimage"},"thumbnailUrl":"https:\/\/www.lavalaggloathle53.fr\/wp-content\/uploads\/2026\/01\/Affiche-Stage-Club-Avril-2026-St-MALO.jpeg","datePublished":"2026-04-04T13:36:16+00:00","dateModified":"2026-04-07T20:46:00+00:00","author":{"@id":"https:\/\/www.lavalaggloathle53.fr\/#\/schema\/person\/979647d1a9707730d91bfc766caadc0b"},"breadcrumb":{"@id":"https:\/\/www.lavalaggloathle53.fr\/index.php\/2026\/04\/04\/week-end-de-stage-club-a-st-malo-en-preparation-des-interclubs-de-nationale-2\/#breadcrumb"},"inLanguage":"fr-FR","potentialAction":[{"@type":"ReadAction","target":["https:\/\/www.lavalaggloathle53.fr\/index.php\/2026\/04\/04\/week-end-de-stage-club-a-st-malo-en-preparation-des-interclubs-de-nationale-2\/"]}]},{"@type":"ImageObject","inLanguage":"fr-FR","@id":"https:\/\/www.lavalaggloathle53.fr\/index.php\/2026\/04\/04\/week-end-de-stage-club-a-st-malo-en-preparation-des-interclubs-de-nationale-2\/#primaryimage","url":"https:\/\/www.lavalaggloathle53.fr\/wp-content\/uploads\/2026\/01\/Affiche-Stage-Club-Avril-2026-St-MALO.jpeg","contentUrl":"https:\/\/www.lavalaggloathle53.fr\/wp-content\/uploads\/2026\/01\/Affiche-Stage-Club-Avril-2026-St-MALO.jpeg","width":1131,"height":1600},{"@type":"BreadcrumbList","@id":"https:\/\/www.lavalaggloathle53.fr\/index.php\/2026\/04\/04\/week-end-de-stage-club-a-st-malo-en-preparation-des-interclubs-de-nationale-2\/#breadcrumb","itemListElement":[{"@type":"ListItem","position":1,"name":"Accueil","item":"https:\/\/www.lavalaggloathle53.fr\/"},{"@type":"ListItem","position":2,"name":"Week-end de Stage CLUB \u00e0 St Malo en pr\u00e9paration des INTERCLUBS de NATIONALE 2 !"}]},{"@type":"WebSite","@id":"https:\/\/www.lavalaggloathle53.fr\/#website","url":"https:\/\/www.lavalaggloathle53.fr\/","name":"Laval Agglo Athl\u00e9tisme","description":"L&#039;athl\u00e9, un sport pour tous","alternateName":"L2A53","potentialAction":[{"@type":"SearchAction","target":{"@type":"EntryPoint","urlTemplate":"https:\/\/www.lavalaggloathle53.fr\/?s={search_term_string}"},"query-input":{"@type":"PropertyValueSpecification","valueRequired":true,"valueName":"search_term_string"}}],"inLanguage":"fr-FR"},{"@type":"Person","@id":"https:\/\/www.lavalaggloathle53.fr\/#\/schema\/person\/979647d1a9707730d91bfc766caadc0b","name":"Pascal BISSON","image":{"@type":"ImageObject","inLanguage":"fr-FR","@id":"https:\/\/secure.gravatar.com\/avatar\/59596d86ade6d559609912f789f6ddaf324a4bb824fbedeaf0ccebc5c1967658?s=96&d=mm&r=g","url":"https:\/\/secure.gravatar.com\/avatar\/59596d86ade6d559609912f789f6ddaf324a4bb824fbedeaf0ccebc5c1967658?s=96&d=mm&r=g","contentUrl":"https:\/\/secure.gravatar.com\/avatar\/59596d86ade6d559609912f789f6ddaf324a4bb824fbedeaf0ccebc5c1967658?s=96&d=mm&r=g","caption":"Pascal BISSON"},"sameAs":["https:\/\/www.lavalaggloathle53.fr"],"url":"https:\/\/www.lavalaggloathle53.fr\/index.php\/author\/bis53\/"}]}},"_links":{"self":[{"href":"https:\/\/www.lavalaggloathle53.fr\/index.php\/wp-json\/wp\/v2\/posts\/10380","targetHints":{"allow":["GET"]}}],"collection":[{"href":"https:\/\/www.lavalaggloathle53.fr\/index.php\/wp-json\/wp\/v2\/posts"}],"about":[{"href":"https:\/\/www.lavalaggloathle53.fr\/index.php\/wp-json\/wp\/v2\/types\/post"}],"author":[{"embeddable":true,"href":"https:\/\/www.lavalaggloathle53.fr\/index.php\/wp-json\/wp\/v2\/users\/4"}],"replies":[{"embeddable":true,"href":"https:\/\/www.lavalaggloathle53.fr\/index.php\/wp-json\/wp\/v2\/comments?post=10380"}],"version-history":[{"count":2,"href":"https:\/\/www.lavalaggloathle53.fr\/index.php\/wp-json\/wp\/v2\/posts\/10380\/revisions"}],"predecessor-version":[{"id":10407,"href":"https:\/\/www.lavalaggloathle53.fr\/index.php\/wp-json\/wp\/v2\/posts\/10380\/revisions\/10407"}],"wp:featuredmedia":[{"embeddable":true,"href":"https:\/\/www.lavalaggloathle53.fr\/index.php\/wp-json\/wp\/v2\/media\/9829"}],"wp:attachment":[{"href":"https:\/\/www.lavalaggloathle53.fr\/index.php\/wp-json\/wp\/v2\/media?parent=10380"}],"wp:term":[{"taxonomy":"category","embeddable":true,"href":"https:\/\/www.lavalaggloathle53.fr\/index.php\/wp-json\/wp\/v2\/categories?post=10380"},{"taxonomy":"post_tag","embeddable":true,"href":"https:\/\/www.lavalaggloathle53.fr\/index.php\/wp-json\/wp\/v2\/tags?post=10380"}],"curies":[{"name":"wp","href":"https:\/\/api.w.org\/{rel}","templated":true}]}}