{"id":10205,"date":"2026-03-09T19:25:34","date_gmt":"2026-03-09T18:25:34","guid":{"rendered":"https:\/\/www.lavalaggloathle53.fr\/?p=10205"},"modified":"2026-03-10T22:18:11","modified_gmt":"2026-03-10T21:18:11","slug":"charlelie-april-vainqueur-du-47eme-semi-marathon-de-laval","status":"publish","type":"post","link":"https:\/\/www.lavalaggloathle53.fr\/index.php\/2026\/03\/09\/charlelie-april-vainqueur-du-47eme-semi-marathon-de-laval\/","title":{"rendered":"Charl\u00e9lie APRIL vainqueur du 47\u00e8me Semi-marathon de LAVAL !"},"content":{"rendered":"\n<p>Annonc\u00e9 parmi les favoris du s\u00e9lectif <strong>47\u00e8me Semi-marathon de LAVAL<\/strong> , le n\u00e9o stadiste <strong>Charl\u00e9lie APRIL<\/strong> n&rsquo;a pas failli puisqu&rsquo;il l&rsquo;a emport\u00e9 assez facilement en <strong>1h09&rsquo;02<\/strong> avec  1&rsquo;30 d&rsquo;avance sur  <strong>Damien ROSSIGNOL<\/strong> (Club des agriculteurs mayennais) sans doute quelque peu \u00e9mouss\u00e9 par sa victoire de la veille aux Championnat de France des entreprises \u00e0 CARHAIX sur les 8000m d&rsquo;un parcours exigeant et tr\u00e8s boueux ! <\/p>\n\n\n\n<p>Sans pouvoir battre le Record de l&rsquo;\u00e9preuve toujours d\u00e9tenu par <strong>Didier BERNARD <\/strong>en 1h07&rsquo;10 en 1992, Charl\u00e9lie a couru cette 47\u00e8me \u00e9dition du semi-marathon de Laval au train en \u00e9tant seul pendant une grande partie de l&rsquo;\u00e9preuve qui aura encore connu des records de participation avec pr\u00e8s de 1900 inscrits.<\/p>\n\n\n\n<p>Le club \u00e9tait repr\u00e9sent\u00e9 par de nombreux athl\u00e8tes avec d&rsquo;excellents r\u00e9sultats d&rsquo;ensemble &#8230;<\/p>\n\n\n\n<figure class=\"wp-block-image size-full\"><img fetchpriority=\"high\" decoding=\"async\" width=\"363\" height=\"257\" src=\"https:\/\/www.lavalaggloathle53.fr\/wp-content\/uploads\/2026\/03\/Charlelie-APRIL-Semi-Corpo-Laval-2026.jpg\" alt=\"\" class=\"wp-image-10208\" srcset=\"https:\/\/www.lavalaggloathle53.fr\/wp-content\/uploads\/2026\/03\/Charlelie-APRIL-Semi-Corpo-Laval-2026.jpg 363w, https:\/\/www.lavalaggloathle53.fr\/wp-content\/uploads\/2026\/03\/Charlelie-APRIL-Semi-Corpo-Laval-2026-300x212.jpg 300w\" sizes=\"(max-width: 363px) 100vw, 363px\" \/><\/figure>\n\n\n\n<figure class=\"wp-block-image size-large\"><img decoding=\"async\" width=\"1024\" height=\"824\" src=\"https:\/\/www.lavalaggloathle53.fr\/wp-content\/uploads\/2026\/03\/Art-Charlelie-April-et-Aurelie-Bihet-intouvchables-a-Laval-O-F-09-03-2026-1024x824.jpg\" alt=\"\" class=\"wp-image-10241\" srcset=\"https:\/\/www.lavalaggloathle53.fr\/wp-content\/uploads\/2026\/03\/Art-Charlelie-April-et-Aurelie-Bihet-intouvchables-a-Laval-O-F-09-03-2026-1024x824.jpg 1024w, https:\/\/www.lavalaggloathle53.fr\/wp-content\/uploads\/2026\/03\/Art-Charlelie-April-et-Aurelie-Bihet-intouvchables-a-Laval-O-F-09-03-2026-300x241.jpg 300w, https:\/\/www.lavalaggloathle53.fr\/wp-content\/uploads\/2026\/03\/Art-Charlelie-April-et-Aurelie-Bihet-intouvchables-a-Laval-O-F-09-03-2026-768x618.jpg 768w, https:\/\/www.lavalaggloathle53.fr\/wp-content\/uploads\/2026\/03\/Art-Charlelie-April-et-Aurelie-Bihet-intouvchables-a-Laval-O-F-09-03-2026.jpg 1307w\" sizes=\"(max-width: 1024px) 100vw, 1024px\" \/><\/figure>\n\n\n\n<figure class=\"wp-block-image size-large\"><img decoding=\"async\" width=\"768\" height=\"1024\" src=\"https:\/\/www.lavalaggloathle53.fr\/wp-content\/uploads\/2026\/03\/Semi-Corpo-2-768x1024.jpeg\" alt=\"\" class=\"wp-image-10206\" srcset=\"https:\/\/www.lavalaggloathle53.fr\/wp-content\/uploads\/2026\/03\/Semi-Corpo-2-768x1024.jpeg 768w, https:\/\/www.lavalaggloathle53.fr\/wp-content\/uploads\/2026\/03\/Semi-Corpo-2-225x300.jpeg 225w, https:\/\/www.lavalaggloathle53.fr\/wp-content\/uploads\/2026\/03\/Semi-Corpo-2-1152x1536.jpeg 1152w, https:\/\/www.lavalaggloathle53.fr\/wp-content\/uploads\/2026\/03\/Semi-Corpo-2.jpeg 1530w\" sizes=\"(max-width: 768px) 100vw, 768px\" \/><\/figure>\n\n\n\n<figure class=\"wp-block-image size-large is-resized\"><img loading=\"lazy\" decoding=\"async\" width=\"709\" height=\"1024\" src=\"https:\/\/www.lavalaggloathle53.fr\/wp-content\/uploads\/2026\/03\/Semi-Corpo-1-709x1024.jpg\" alt=\"\" class=\"wp-image-10207\" style=\"width:709px;height:auto\" srcset=\"https:\/\/www.lavalaggloathle53.fr\/wp-content\/uploads\/2026\/03\/Semi-Corpo-1-709x1024.jpg 709w, https:\/\/www.lavalaggloathle53.fr\/wp-content\/uploads\/2026\/03\/Semi-Corpo-1-208x300.jpg 208w, https:\/\/www.lavalaggloathle53.fr\/wp-content\/uploads\/2026\/03\/Semi-Corpo-1-768x1108.jpg 768w, https:\/\/www.lavalaggloathle53.fr\/wp-content\/uploads\/2026\/03\/Semi-Corpo-1-1064x1536.jpg 1064w, https:\/\/www.lavalaggloathle53.fr\/wp-content\/uploads\/2026\/03\/Semi-Corpo-1.jpg 1209w\" sizes=\"(max-width: 709px) 100vw, 709px\" \/><\/figure>\n\n\n\n<figure class=\"wp-block-image size-large is-resized\"><img loading=\"lazy\" decoding=\"async\" width=\"768\" height=\"1024\" src=\"https:\/\/www.lavalaggloathle53.fr\/wp-content\/uploads\/2026\/03\/Semi-Corpo-5-768x1024.jpeg\" alt=\"\" class=\"wp-image-10209\" style=\"width:768px;height:auto\" srcset=\"https:\/\/www.lavalaggloathle53.fr\/wp-content\/uploads\/2026\/03\/Semi-Corpo-5-768x1024.jpeg 768w, https:\/\/www.lavalaggloathle53.fr\/wp-content\/uploads\/2026\/03\/Semi-Corpo-5-225x300.jpeg 225w, https:\/\/www.lavalaggloathle53.fr\/wp-content\/uploads\/2026\/03\/Semi-Corpo-5-1152x1536.jpeg 1152w, https:\/\/www.lavalaggloathle53.fr\/wp-content\/uploads\/2026\/03\/Semi-Corpo-5.jpeg 1530w\" sizes=\"(max-width: 768px) 100vw, 768px\" \/><\/figure>\n\n\n\n<figure class=\"wp-block-image size-large\"><img loading=\"lazy\" decoding=\"async\" width=\"658\" height=\"1024\" src=\"https:\/\/www.lavalaggloathle53.fr\/wp-content\/uploads\/2026\/03\/Semi-corpo-6-658x1024.jpg\" alt=\"\" class=\"wp-image-10210\" srcset=\"https:\/\/www.lavalaggloathle53.fr\/wp-content\/uploads\/2026\/03\/Semi-corpo-6-658x1024.jpg 658w, https:\/\/www.lavalaggloathle53.fr\/wp-content\/uploads\/2026\/03\/Semi-corpo-6-193x300.jpg 193w, https:\/\/www.lavalaggloathle53.fr\/wp-content\/uploads\/2026\/03\/Semi-corpo-6-768x1194.jpg 768w, https:\/\/www.lavalaggloathle53.fr\/wp-content\/uploads\/2026\/03\/Semi-corpo-6-988x1536.jpg 988w, https:\/\/www.lavalaggloathle53.fr\/wp-content\/uploads\/2026\/03\/Semi-corpo-6.jpg 1153w\" sizes=\"(max-width: 658px) 100vw, 658px\" \/><\/figure>\n","protected":false},"excerpt":{"rendered":"<p>Annonc\u00e9 parmi les favoris du s\u00e9lectif 47\u00e8me Semi-marathon de LAVAL , le n\u00e9o stadiste Charl\u00e9lie APRIL n&rsquo;a pas failli puisqu&rsquo;il l&rsquo;a emport\u00e9 assez facilement en 1h09&rsquo;02 avec 1&rsquo;30 d&rsquo;avance sur Damien ROSSIGNOL (Club des agriculteurs mayennais) sans doute quelque peu \u00e9mouss\u00e9 par sa victoire de la veille aux Championnat de France des entreprises \u00e0 CARHAIX sur les 8000m d&rsquo;un parcours exigeant et tr\u00e8s boueux ! Sans pouvoir battre le Record de l&rsquo;\u00e9preuve toujours d\u00e9tenu par Didier BERNARD en 1h07&rsquo;10 en 1992, Charl\u00e9lie a couru cette 47\u00e8me \u00e9dition du semi-marathon de Laval au train en \u00e9tant seul pendant une grande partie de l&rsquo;\u00e9preuve qui aura encore connu des records de participation avec pr\u00e8s de 1900 inscrits. Le club \u00e9tait repr\u00e9sent\u00e9 par de nombreux athl\u00e8tes avec d&rsquo;excellents r\u00e9sultats d&rsquo;ensemble &#8230;<\/p>\n","protected":false},"author":4,"featured_media":10208,"comment_status":"open","ping_status":"closed","sticky":false,"template":"","format":"standard","meta":{"footnotes":""},"categories":[14,15,16],"tags":[],"class_list":["post-10205","post","type-post","status-publish","format-standard","has-post-thumbnail","hentry","category-actualites","category-competition","category-loisirs"],"yoast_head":"<!-- This site is optimized with the Yoast SEO plugin v27.2 - https:\/\/yoast.com\/product\/yoast-seo-wordpress\/ -->\n<title>Charl\u00e9lie APRIL vainqueur du 47\u00e8me Semi-marathon de LAVAL ! - Laval Agglo Athl\u00e9tisme<\/title>\n<meta name=\"robots\" content=\"index, follow, max-snippet:-1, max-image-preview:large, max-video-preview:-1\" \/>\n<link rel=\"canonical\" href=\"https:\/\/www.lavalaggloathle53.fr\/index.php\/2026\/03\/09\/charlelie-april-vainqueur-du-47eme-semi-marathon-de-laval\/\" \/>\n<meta property=\"og:locale\" content=\"fr_FR\" \/>\n<meta property=\"og:type\" content=\"article\" \/>\n<meta property=\"og:title\" content=\"Charl\u00e9lie APRIL vainqueur du 47\u00e8me Semi-marathon de LAVAL ! - Laval Agglo Athl\u00e9tisme\" \/>\n<meta property=\"og:description\" content=\"Annonc\u00e9 parmi les favoris du s\u00e9lectif 47\u00e8me Semi-marathon de LAVAL , le n\u00e9o stadiste Charl\u00e9lie APRIL n&rsquo;a pas failli puisqu&rsquo;il l&rsquo;a emport\u00e9 assez facilement en 1h09&rsquo;02 avec 1&rsquo;30 d&rsquo;avance sur Damien ROSSIGNOL (Club des agriculteurs mayennais) sans doute quelque peu \u00e9mouss\u00e9 par sa victoire de la veille aux Championnat de France des entreprises \u00e0 CARHAIX sur les 8000m d&rsquo;un parcours exigeant et tr\u00e8s boueux ! Sans pouvoir battre le Record de l&rsquo;\u00e9preuve toujours d\u00e9tenu par Didier BERNARD en 1h07&rsquo;10 en 1992, Charl\u00e9lie a couru cette 47\u00e8me \u00e9dition du semi-marathon de Laval au train en \u00e9tant seul pendant une grande partie de l&rsquo;\u00e9preuve qui aura encore connu des records de participation avec pr\u00e8s de 1900 inscrits. Le club \u00e9tait repr\u00e9sent\u00e9 par de nombreux athl\u00e8tes avec d&rsquo;excellents r\u00e9sultats d&rsquo;ensemble &#8230;\" \/>\n<meta property=\"og:url\" content=\"https:\/\/www.lavalaggloathle53.fr\/index.php\/2026\/03\/09\/charlelie-april-vainqueur-du-47eme-semi-marathon-de-laval\/\" \/>\n<meta property=\"og:site_name\" content=\"Laval Agglo Athl\u00e9tisme\" \/>\n<meta property=\"article:publisher\" content=\"https:\/\/www.facebook.com\/stadelavalloisathletisme\" \/>\n<meta property=\"article:published_time\" content=\"2026-03-09T18:25:34+00:00\" \/>\n<meta property=\"article:modified_time\" content=\"2026-03-10T21:18:11+00:00\" \/>\n<meta property=\"og:image\" content=\"https:\/\/www.lavalaggloathle53.fr\/wp-content\/uploads\/2026\/03\/Charlelie-APRIL-Semi-Corpo-Laval-2026.jpg\" \/>\n\t<meta property=\"og:image:width\" content=\"363\" \/>\n\t<meta property=\"og:image:height\" content=\"257\" \/>\n\t<meta property=\"og:image:type\" content=\"image\/jpeg\" \/>\n<meta name=\"author\" content=\"Pascal BISSON\" \/>\n<meta name=\"twitter:card\" content=\"summary_large_image\" \/>\n<meta name=\"twitter:label1\" content=\"\u00c9crit par\" \/>\n\t<meta name=\"twitter:data1\" content=\"Pascal BISSON\" \/>\n\t<meta name=\"twitter:label2\" content=\"Dur\u00e9e de lecture estim\u00e9e\" \/>\n\t<meta name=\"twitter:data2\" content=\"3 minutes\" \/>\n<script type=\"application\/ld+json\" class=\"yoast-schema-graph\">{\"@context\":\"https:\/\/schema.org\",\"@graph\":[{\"@type\":\"Article\",\"@id\":\"https:\/\/www.lavalaggloathle53.fr\/index.php\/2026\/03\/09\/charlelie-april-vainqueur-du-47eme-semi-marathon-de-laval\/#article\",\"isPartOf\":{\"@id\":\"https:\/\/www.lavalaggloathle53.fr\/index.php\/2026\/03\/09\/charlelie-april-vainqueur-du-47eme-semi-marathon-de-laval\/\"},\"author\":{\"name\":\"Pascal BISSON\",\"@id\":\"https:\/\/www.lavalaggloathle53.fr\/#\/schema\/person\/979647d1a9707730d91bfc766caadc0b\"},\"headline\":\"Charl\u00e9lie APRIL vainqueur du 47\u00e8me Semi-marathon de LAVAL !\",\"datePublished\":\"2026-03-09T18:25:34+00:00\",\"dateModified\":\"2026-03-10T21:18:11+00:00\",\"mainEntityOfPage\":{\"@id\":\"https:\/\/www.lavalaggloathle53.fr\/index.php\/2026\/03\/09\/charlelie-april-vainqueur-du-47eme-semi-marathon-de-laval\/\"},\"wordCount\":149,\"commentCount\":0,\"image\":{\"@id\":\"https:\/\/www.lavalaggloathle53.fr\/index.php\/2026\/03\/09\/charlelie-april-vainqueur-du-47eme-semi-marathon-de-laval\/#primaryimage\"},\"thumbnailUrl\":\"https:\/\/www.lavalaggloathle53.fr\/wp-content\/uploads\/2026\/03\/Charlelie-APRIL-Semi-Corpo-Laval-2026.jpg\",\"articleSection\":[\"Actualit\u00e9s\",\"Comp\u00e9tition\",\"Loisirs\"],\"inLanguage\":\"fr-FR\",\"potentialAction\":[{\"@type\":\"CommentAction\",\"name\":\"Comment\",\"target\":[\"https:\/\/www.lavalaggloathle53.fr\/index.php\/2026\/03\/09\/charlelie-april-vainqueur-du-47eme-semi-marathon-de-laval\/#respond\"]}]},{\"@type\":\"WebPage\",\"@id\":\"https:\/\/www.lavalaggloathle53.fr\/index.php\/2026\/03\/09\/charlelie-april-vainqueur-du-47eme-semi-marathon-de-laval\/\",\"url\":\"https:\/\/www.lavalaggloathle53.fr\/index.php\/2026\/03\/09\/charlelie-april-vainqueur-du-47eme-semi-marathon-de-laval\/\",\"name\":\"Charl\u00e9lie APRIL vainqueur du 47\u00e8me Semi-marathon de LAVAL ! - Laval Agglo Athl\u00e9tisme\",\"isPartOf\":{\"@id\":\"https:\/\/www.lavalaggloathle53.fr\/#website\"},\"primaryImageOfPage\":{\"@id\":\"https:\/\/www.lavalaggloathle53.fr\/index.php\/2026\/03\/09\/charlelie-april-vainqueur-du-47eme-semi-marathon-de-laval\/#primaryimage\"},\"image\":{\"@id\":\"https:\/\/www.lavalaggloathle53.fr\/index.php\/2026\/03\/09\/charlelie-april-vainqueur-du-47eme-semi-marathon-de-laval\/#primaryimage\"},\"thumbnailUrl\":\"https:\/\/www.lavalaggloathle53.fr\/wp-content\/uploads\/2026\/03\/Charlelie-APRIL-Semi-Corpo-Laval-2026.jpg\",\"datePublished\":\"2026-03-09T18:25:34+00:00\",\"dateModified\":\"2026-03-10T21:18:11+00:00\",\"author\":{\"@id\":\"https:\/\/www.lavalaggloathle53.fr\/#\/schema\/person\/979647d1a9707730d91bfc766caadc0b\"},\"breadcrumb\":{\"@id\":\"https:\/\/www.lavalaggloathle53.fr\/index.php\/2026\/03\/09\/charlelie-april-vainqueur-du-47eme-semi-marathon-de-laval\/#breadcrumb\"},\"inLanguage\":\"fr-FR\",\"potentialAction\":[{\"@type\":\"ReadAction\",\"target\":[\"https:\/\/www.lavalaggloathle53.fr\/index.php\/2026\/03\/09\/charlelie-april-vainqueur-du-47eme-semi-marathon-de-laval\/\"]}]},{\"@type\":\"ImageObject\",\"inLanguage\":\"fr-FR\",\"@id\":\"https:\/\/www.lavalaggloathle53.fr\/index.php\/2026\/03\/09\/charlelie-april-vainqueur-du-47eme-semi-marathon-de-laval\/#primaryimage\",\"url\":\"https:\/\/www.lavalaggloathle53.fr\/wp-content\/uploads\/2026\/03\/Charlelie-APRIL-Semi-Corpo-Laval-2026.jpg\",\"contentUrl\":\"https:\/\/www.lavalaggloathle53.fr\/wp-content\/uploads\/2026\/03\/Charlelie-APRIL-Semi-Corpo-Laval-2026.jpg\",\"width\":363,\"height\":257},{\"@type\":\"BreadcrumbList\",\"@id\":\"https:\/\/www.lavalaggloathle53.fr\/index.php\/2026\/03\/09\/charlelie-april-vainqueur-du-47eme-semi-marathon-de-laval\/#breadcrumb\",\"itemListElement\":[{\"@type\":\"ListItem\",\"position\":1,\"name\":\"Accueil\",\"item\":\"https:\/\/www.lavalaggloathle53.fr\/\"},{\"@type\":\"ListItem\",\"position\":2,\"name\":\"Charl\u00e9lie APRIL vainqueur du 47\u00e8me Semi-marathon de LAVAL !\"}]},{\"@type\":\"WebSite\",\"@id\":\"https:\/\/www.lavalaggloathle53.fr\/#website\",\"url\":\"https:\/\/www.lavalaggloathle53.fr\/\",\"name\":\"Laval Agglo Athl\u00e9tisme\",\"description\":\"L&#039;athl\u00e9, un sport pour tous\",\"alternateName\":\"L2A53\",\"potentialAction\":[{\"@type\":\"SearchAction\",\"target\":{\"@type\":\"EntryPoint\",\"urlTemplate\":\"https:\/\/www.lavalaggloathle53.fr\/?s={search_term_string}\"},\"query-input\":{\"@type\":\"PropertyValueSpecification\",\"valueRequired\":true,\"valueName\":\"search_term_string\"}}],\"inLanguage\":\"fr-FR\"},{\"@type\":\"Person\",\"@id\":\"https:\/\/www.lavalaggloathle53.fr\/#\/schema\/person\/979647d1a9707730d91bfc766caadc0b\",\"name\":\"Pascal BISSON\",\"image\":{\"@type\":\"ImageObject\",\"inLanguage\":\"fr-FR\",\"@id\":\"https:\/\/secure.gravatar.com\/avatar\/59596d86ade6d559609912f789f6ddaf324a4bb824fbedeaf0ccebc5c1967658?s=96&d=mm&r=g\",\"url\":\"https:\/\/secure.gravatar.com\/avatar\/59596d86ade6d559609912f789f6ddaf324a4bb824fbedeaf0ccebc5c1967658?s=96&d=mm&r=g\",\"contentUrl\":\"https:\/\/secure.gravatar.com\/avatar\/59596d86ade6d559609912f789f6ddaf324a4bb824fbedeaf0ccebc5c1967658?s=96&d=mm&r=g\",\"caption\":\"Pascal BISSON\"},\"sameAs\":[\"https:\/\/www.lavalaggloathle53.fr\"],\"url\":\"https:\/\/www.lavalaggloathle53.fr\/index.php\/author\/bis53\/\"}]}<\/script>\n<!-- \/ Yoast SEO plugin. -->","yoast_head_json":{"title":"Charl\u00e9lie APRIL vainqueur du 47\u00e8me Semi-marathon de LAVAL ! - Laval Agglo Athl\u00e9tisme","robots":{"index":"index","follow":"follow","max-snippet":"max-snippet:-1","max-image-preview":"max-image-preview:large","max-video-preview":"max-video-preview:-1"},"canonical":"https:\/\/www.lavalaggloathle53.fr\/index.php\/2026\/03\/09\/charlelie-april-vainqueur-du-47eme-semi-marathon-de-laval\/","og_locale":"fr_FR","og_type":"article","og_title":"Charl\u00e9lie APRIL vainqueur du 47\u00e8me Semi-marathon de LAVAL ! - Laval Agglo Athl\u00e9tisme","og_description":"Annonc\u00e9 parmi les favoris du s\u00e9lectif 47\u00e8me Semi-marathon de LAVAL , le n\u00e9o stadiste Charl\u00e9lie APRIL n&rsquo;a pas failli puisqu&rsquo;il l&rsquo;a emport\u00e9 assez facilement en 1h09&rsquo;02 avec 1&rsquo;30 d&rsquo;avance sur Damien ROSSIGNOL (Club des agriculteurs mayennais) sans doute quelque peu \u00e9mouss\u00e9 par sa victoire de la veille aux Championnat de France des entreprises \u00e0 CARHAIX sur les 8000m d&rsquo;un parcours exigeant et tr\u00e8s boueux ! Sans pouvoir battre le Record de l&rsquo;\u00e9preuve toujours d\u00e9tenu par Didier BERNARD en 1h07&rsquo;10 en 1992, Charl\u00e9lie a couru cette 47\u00e8me \u00e9dition du semi-marathon de Laval au train en \u00e9tant seul pendant une grande partie de l&rsquo;\u00e9preuve qui aura encore connu des records de participation avec pr\u00e8s de 1900 inscrits. Le club \u00e9tait repr\u00e9sent\u00e9 par de nombreux athl\u00e8tes avec d&rsquo;excellents r\u00e9sultats d&rsquo;ensemble &#8230;","og_url":"https:\/\/www.lavalaggloathle53.fr\/index.php\/2026\/03\/09\/charlelie-april-vainqueur-du-47eme-semi-marathon-de-laval\/","og_site_name":"Laval Agglo Athl\u00e9tisme","article_publisher":"https:\/\/www.facebook.com\/stadelavalloisathletisme","article_published_time":"2026-03-09T18:25:34+00:00","article_modified_time":"2026-03-10T21:18:11+00:00","og_image":[{"width":363,"height":257,"url":"https:\/\/www.lavalaggloathle53.fr\/wp-content\/uploads\/2026\/03\/Charlelie-APRIL-Semi-Corpo-Laval-2026.jpg","type":"image\/jpeg"}],"author":"Pascal BISSON","twitter_card":"summary_large_image","twitter_misc":{"\u00c9crit par":"Pascal BISSON","Dur\u00e9e de lecture estim\u00e9e":"3 minutes"},"schema":{"@context":"https:\/\/schema.org","@graph":[{"@type":"Article","@id":"https:\/\/www.lavalaggloathle53.fr\/index.php\/2026\/03\/09\/charlelie-april-vainqueur-du-47eme-semi-marathon-de-laval\/#article","isPartOf":{"@id":"https:\/\/www.lavalaggloathle53.fr\/index.php\/2026\/03\/09\/charlelie-april-vainqueur-du-47eme-semi-marathon-de-laval\/"},"author":{"name":"Pascal BISSON","@id":"https:\/\/www.lavalaggloathle53.fr\/#\/schema\/person\/979647d1a9707730d91bfc766caadc0b"},"headline":"Charl\u00e9lie APRIL vainqueur du 47\u00e8me Semi-marathon de LAVAL !","datePublished":"2026-03-09T18:25:34+00:00","dateModified":"2026-03-10T21:18:11+00:00","mainEntityOfPage":{"@id":"https:\/\/www.lavalaggloathle53.fr\/index.php\/2026\/03\/09\/charlelie-april-vainqueur-du-47eme-semi-marathon-de-laval\/"},"wordCount":149,"commentCount":0,"image":{"@id":"https:\/\/www.lavalaggloathle53.fr\/index.php\/2026\/03\/09\/charlelie-april-vainqueur-du-47eme-semi-marathon-de-laval\/#primaryimage"},"thumbnailUrl":"https:\/\/www.lavalaggloathle53.fr\/wp-content\/uploads\/2026\/03\/Charlelie-APRIL-Semi-Corpo-Laval-2026.jpg","articleSection":["Actualit\u00e9s","Comp\u00e9tition","Loisirs"],"inLanguage":"fr-FR","potentialAction":[{"@type":"CommentAction","name":"Comment","target":["https:\/\/www.lavalaggloathle53.fr\/index.php\/2026\/03\/09\/charlelie-april-vainqueur-du-47eme-semi-marathon-de-laval\/#respond"]}]},{"@type":"WebPage","@id":"https:\/\/www.lavalaggloathle53.fr\/index.php\/2026\/03\/09\/charlelie-april-vainqueur-du-47eme-semi-marathon-de-laval\/","url":"https:\/\/www.lavalaggloathle53.fr\/index.php\/2026\/03\/09\/charlelie-april-vainqueur-du-47eme-semi-marathon-de-laval\/","name":"Charl\u00e9lie APRIL vainqueur du 47\u00e8me Semi-marathon de LAVAL ! - Laval Agglo Athl\u00e9tisme","isPartOf":{"@id":"https:\/\/www.lavalaggloathle53.fr\/#website"},"primaryImageOfPage":{"@id":"https:\/\/www.lavalaggloathle53.fr\/index.php\/2026\/03\/09\/charlelie-april-vainqueur-du-47eme-semi-marathon-de-laval\/#primaryimage"},"image":{"@id":"https:\/\/www.lavalaggloathle53.fr\/index.php\/2026\/03\/09\/charlelie-april-vainqueur-du-47eme-semi-marathon-de-laval\/#primaryimage"},"thumbnailUrl":"https:\/\/www.lavalaggloathle53.fr\/wp-content\/uploads\/2026\/03\/Charlelie-APRIL-Semi-Corpo-Laval-2026.jpg","datePublished":"2026-03-09T18:25:34+00:00","dateModified":"2026-03-10T21:18:11+00:00","author":{"@id":"https:\/\/www.lavalaggloathle53.fr\/#\/schema\/person\/979647d1a9707730d91bfc766caadc0b"},"breadcrumb":{"@id":"https:\/\/www.lavalaggloathle53.fr\/index.php\/2026\/03\/09\/charlelie-april-vainqueur-du-47eme-semi-marathon-de-laval\/#breadcrumb"},"inLanguage":"fr-FR","potentialAction":[{"@type":"ReadAction","target":["https:\/\/www.lavalaggloathle53.fr\/index.php\/2026\/03\/09\/charlelie-april-vainqueur-du-47eme-semi-marathon-de-laval\/"]}]},{"@type":"ImageObject","inLanguage":"fr-FR","@id":"https:\/\/www.lavalaggloathle53.fr\/index.php\/2026\/03\/09\/charlelie-april-vainqueur-du-47eme-semi-marathon-de-laval\/#primaryimage","url":"https:\/\/www.lavalaggloathle53.fr\/wp-content\/uploads\/2026\/03\/Charlelie-APRIL-Semi-Corpo-Laval-2026.jpg","contentUrl":"https:\/\/www.lavalaggloathle53.fr\/wp-content\/uploads\/2026\/03\/Charlelie-APRIL-Semi-Corpo-Laval-2026.jpg","width":363,"height":257},{"@type":"BreadcrumbList","@id":"https:\/\/www.lavalaggloathle53.fr\/index.php\/2026\/03\/09\/charlelie-april-vainqueur-du-47eme-semi-marathon-de-laval\/#breadcrumb","itemListElement":[{"@type":"ListItem","position":1,"name":"Accueil","item":"https:\/\/www.lavalaggloathle53.fr\/"},{"@type":"ListItem","position":2,"name":"Charl\u00e9lie APRIL vainqueur du 47\u00e8me Semi-marathon de LAVAL !"}]},{"@type":"WebSite","@id":"https:\/\/www.lavalaggloathle53.fr\/#website","url":"https:\/\/www.lavalaggloathle53.fr\/","name":"Laval Agglo Athl\u00e9tisme","description":"L&#039;athl\u00e9, un sport pour tous","alternateName":"L2A53","potentialAction":[{"@type":"SearchAction","target":{"@type":"EntryPoint","urlTemplate":"https:\/\/www.lavalaggloathle53.fr\/?s={search_term_string}"},"query-input":{"@type":"PropertyValueSpecification","valueRequired":true,"valueName":"search_term_string"}}],"inLanguage":"fr-FR"},{"@type":"Person","@id":"https:\/\/www.lavalaggloathle53.fr\/#\/schema\/person\/979647d1a9707730d91bfc766caadc0b","name":"Pascal BISSON","image":{"@type":"ImageObject","inLanguage":"fr-FR","@id":"https:\/\/secure.gravatar.com\/avatar\/59596d86ade6d559609912f789f6ddaf324a4bb824fbedeaf0ccebc5c1967658?s=96&d=mm&r=g","url":"https:\/\/secure.gravatar.com\/avatar\/59596d86ade6d559609912f789f6ddaf324a4bb824fbedeaf0ccebc5c1967658?s=96&d=mm&r=g","contentUrl":"https:\/\/secure.gravatar.com\/avatar\/59596d86ade6d559609912f789f6ddaf324a4bb824fbedeaf0ccebc5c1967658?s=96&d=mm&r=g","caption":"Pascal BISSON"},"sameAs":["https:\/\/www.lavalaggloathle53.fr"],"url":"https:\/\/www.lavalaggloathle53.fr\/index.php\/author\/bis53\/"}]}},"_links":{"self":[{"href":"https:\/\/www.lavalaggloathle53.fr\/index.php\/wp-json\/wp\/v2\/posts\/10205","targetHints":{"allow":["GET"]}}],"collection":[{"href":"https:\/\/www.lavalaggloathle53.fr\/index.php\/wp-json\/wp\/v2\/posts"}],"about":[{"href":"https:\/\/www.lavalaggloathle53.fr\/index.php\/wp-json\/wp\/v2\/types\/post"}],"author":[{"embeddable":true,"href":"https:\/\/www.lavalaggloathle53.fr\/index.php\/wp-json\/wp\/v2\/users\/4"}],"replies":[{"embeddable":true,"href":"https:\/\/www.lavalaggloathle53.fr\/index.php\/wp-json\/wp\/v2\/comments?post=10205"}],"version-history":[{"count":3,"href":"https:\/\/www.lavalaggloathle53.fr\/index.php\/wp-json\/wp\/v2\/posts\/10205\/revisions"}],"predecessor-version":[{"id":10244,"href":"https:\/\/www.lavalaggloathle53.fr\/index.php\/wp-json\/wp\/v2\/posts\/10205\/revisions\/10244"}],"wp:featuredmedia":[{"embeddable":true,"href":"https:\/\/www.lavalaggloathle53.fr\/index.php\/wp-json\/wp\/v2\/media\/10208"}],"wp:attachment":[{"href":"https:\/\/www.lavalaggloathle53.fr\/index.php\/wp-json\/wp\/v2\/media?parent=10205"}],"wp:term":[{"taxonomy":"category","embeddable":true,"href":"https:\/\/www.lavalaggloathle53.fr\/index.php\/wp-json\/wp\/v2\/categories?post=10205"},{"taxonomy":"post_tag","embeddable":true,"href":"https:\/\/www.lavalaggloathle53.fr\/index.php\/wp-json\/wp\/v2\/tags?post=10205"}],"curies":[{"name":"wp","href":"https:\/\/api.w.org\/{rel}","templated":true}]}}