{"id":10150,"date":"2026-03-07T23:22:43","date_gmt":"2026-03-07T22:22:43","guid":{"rendered":"https:\/\/www.lavalaggloathle53.fr\/?p=10150"},"modified":"2026-03-09T22:37:16","modified_gmt":"2026-03-09T21:37:16","slug":"lequipe-du-l2a53-de-relais-mixte-a-14-secondes-du-podium-des-france","status":"publish","type":"post","link":"https:\/\/www.lavalaggloathle53.fr\/index.php\/2026\/03\/07\/lequipe-du-l2a53-de-relais-mixte-a-14-secondes-du-podium-des-france\/","title":{"rendered":"L&rsquo;\u00e9quipe du L2A53 de Relais Mixte \u00e0 14 secondes du Podium des FRANCE !!!!"},"content":{"rendered":"\n<p>Quelle course de l&rsquo;\u00e9quipe de <strong>Relais Mixte du L2A53\/ Stade Lavallois Athl\u00e9tisme<\/strong> avec un bon d\u00e9part de <strong>Quentin GEHAN<\/strong> qui avait la lourde tache de remplacer <strong>Gwendal POUSSEREAU<\/strong> bless\u00e9 mais pr\u00e9sent sur le bord du circuit pour encourager ses potes de CLUB &#8230; Point\u00e9 aux alentours de la 18\u00e8me place \u00e0 l&rsquo;issue du 1er relais sur les 42  meilleurs relais fran\u00e7ais, <strong>Laurine TOUTIN<\/strong> allait commencer  une remontada impressionnante sur un parcours exigeant compos\u00e9 de 90% d&rsquo;une boue tr\u00e8s collante pour passer le relais \u00e0 <strong>No\u00e9 ROUTHIAU <\/strong>aux alentours de la 12\u00e8me place. No\u00e9 a continu\u00e9 le travail de sape de l&rsquo;\u00e9quipe en remontant \u00e0 la 10\u00e8me place pour laisser ensuite le relais \u00e0 <strong>Laurine BEUCHER<\/strong> qui r\u00e9ussissait \u00e0 reprendre une \u00e0 une les adversaires qui la pr\u00e9c\u00e9dait  en se pla\u00e7ant sur le final en bascule dans la derni\u00e8re bosse dans un groupe qui allait batailler  pour les places de 4 \u00e0 6  pour terminer finalement 6\u00e8me de ce Championnat de France de Relais Mixte !<\/p>\n\n\n\n<p><strong>CHAPEAU \u00e0 l&rsquo;\u00e9quipe<\/strong>  pour ce magnifique spectacle qu&rsquo;ils ont pu offrir \u00e0 tous les supporters du L2A53 pr\u00e9sents ce samedi sur le circuit de CARHAIX !<\/p>\n\n\n\n<p>Dans la course des <strong>Masters 3<\/strong> et plus , <strong>Franck DAVOUST<\/strong> a termin\u00e9 \u00e0 la <strong>17\u00e8me place <\/strong>sur 250 athl\u00e8tes<\/p>\n\n\n\n<figure class=\"wp-block-image size-large\"><img fetchpriority=\"high\" decoding=\"async\" width=\"967\" height=\"1024\" src=\"https:\/\/www.lavalaggloathle53.fr\/wp-content\/uploads\/2026\/03\/Quentin-G-Bis-967x1024.jpg\" alt=\"\" class=\"wp-image-10170\" srcset=\"https:\/\/www.lavalaggloathle53.fr\/wp-content\/uploads\/2026\/03\/Quentin-G-Bis-967x1024.jpg 967w, https:\/\/www.lavalaggloathle53.fr\/wp-content\/uploads\/2026\/03\/Quentin-G-Bis-283x300.jpg 283w, https:\/\/www.lavalaggloathle53.fr\/wp-content\/uploads\/2026\/03\/Quentin-G-Bis-768x813.jpg 768w, https:\/\/www.lavalaggloathle53.fr\/wp-content\/uploads\/2026\/03\/Quentin-G-Bis.jpg 1119w\" sizes=\"(max-width: 967px) 100vw, 967px\" \/><\/figure>\n\n\n\n<figure class=\"wp-block-image size-large\"><img decoding=\"async\" width=\"768\" height=\"1024\" src=\"https:\/\/www.lavalaggloathle53.fr\/wp-content\/uploads\/2026\/03\/Laurine-T-4-768x1024.jpeg\" alt=\"\" class=\"wp-image-10153\" srcset=\"https:\/\/www.lavalaggloathle53.fr\/wp-content\/uploads\/2026\/03\/Laurine-T-4-768x1024.jpeg 768w, https:\/\/www.lavalaggloathle53.fr\/wp-content\/uploads\/2026\/03\/Laurine-T-4-225x300.jpeg 225w, https:\/\/www.lavalaggloathle53.fr\/wp-content\/uploads\/2026\/03\/Laurine-T-4-1152x1536.jpeg 1152w, https:\/\/www.lavalaggloathle53.fr\/wp-content\/uploads\/2026\/03\/Laurine-T-4.jpeg 1500w\" sizes=\"(max-width: 768px) 100vw, 768px\" \/><\/figure>\n\n\n\n<figure class=\"wp-block-image size-large\"><img decoding=\"async\" width=\"1024\" height=\"768\" src=\"https:\/\/www.lavalaggloathle53.fr\/wp-content\/uploads\/2026\/03\/WhatsApp-Image-2026-03-07-at-22.36.1-1024x768.jpeg\" alt=\"\" class=\"wp-image-10152\" srcset=\"https:\/\/www.lavalaggloathle53.fr\/wp-content\/uploads\/2026\/03\/WhatsApp-Image-2026-03-07-at-22.36.1-1024x768.jpeg 1024w, https:\/\/www.lavalaggloathle53.fr\/wp-content\/uploads\/2026\/03\/WhatsApp-Image-2026-03-07-at-22.36.1-300x225.jpeg 300w, https:\/\/www.lavalaggloathle53.fr\/wp-content\/uploads\/2026\/03\/WhatsApp-Image-2026-03-07-at-22.36.1-768x576.jpeg 768w, https:\/\/www.lavalaggloathle53.fr\/wp-content\/uploads\/2026\/03\/WhatsApp-Image-2026-03-07-at-22.36.1-1536x1152.jpeg 1536w, https:\/\/www.lavalaggloathle53.fr\/wp-content\/uploads\/2026\/03\/WhatsApp-Image-2026-03-07-at-22.36.1.jpeg 2000w\" sizes=\"(max-width: 1024px) 100vw, 1024px\" \/><\/figure>\n\n\n\n<figure class=\"wp-block-image size-large\"><img loading=\"lazy\" decoding=\"async\" width=\"768\" height=\"1024\" src=\"https:\/\/www.lavalaggloathle53.fr\/wp-content\/uploads\/2026\/03\/Laurine-T-3-768x1024.jpeg\" alt=\"\" class=\"wp-image-10155\" srcset=\"https:\/\/www.lavalaggloathle53.fr\/wp-content\/uploads\/2026\/03\/Laurine-T-3-768x1024.jpeg 768w, https:\/\/www.lavalaggloathle53.fr\/wp-content\/uploads\/2026\/03\/Laurine-T-3-225x300.jpeg 225w, https:\/\/www.lavalaggloathle53.fr\/wp-content\/uploads\/2026\/03\/Laurine-T-3-1152x1536.jpeg 1152w, https:\/\/www.lavalaggloathle53.fr\/wp-content\/uploads\/2026\/03\/Laurine-T-3.jpeg 1500w\" sizes=\"(max-width: 768px) 100vw, 768px\" \/><\/figure>\n\n\n\n<figure class=\"wp-block-image size-large\"><img loading=\"lazy\" decoding=\"async\" width=\"1024\" height=\"751\" src=\"https:\/\/www.lavalaggloathle53.fr\/wp-content\/uploads\/2026\/03\/Laurine-B-1-Bis-1024x751.jpg\" alt=\"\" class=\"wp-image-10156\" srcset=\"https:\/\/www.lavalaggloathle53.fr\/wp-content\/uploads\/2026\/03\/Laurine-B-1-Bis-1024x751.jpg 1024w, https:\/\/www.lavalaggloathle53.fr\/wp-content\/uploads\/2026\/03\/Laurine-B-1-Bis-300x220.jpg 300w, https:\/\/www.lavalaggloathle53.fr\/wp-content\/uploads\/2026\/03\/Laurine-B-1-Bis-768x563.jpg 768w, https:\/\/www.lavalaggloathle53.fr\/wp-content\/uploads\/2026\/03\/Laurine-B-1-Bis.jpg 1389w\" sizes=\"(max-width: 1024px) 100vw, 1024px\" \/><\/figure>\n\n\n\n<figure class=\"wp-block-image size-large\"><img loading=\"lazy\" decoding=\"async\" width=\"800\" height=\"1024\" src=\"https:\/\/www.lavalaggloathle53.fr\/wp-content\/uploads\/2026\/03\/Laurine-B-sur-FFA-TV-Bis-800x1024.jpg\" alt=\"\" class=\"wp-image-10157\" srcset=\"https:\/\/www.lavalaggloathle53.fr\/wp-content\/uploads\/2026\/03\/Laurine-B-sur-FFA-TV-Bis-800x1024.jpg 800w, https:\/\/www.lavalaggloathle53.fr\/wp-content\/uploads\/2026\/03\/Laurine-B-sur-FFA-TV-Bis-234x300.jpg 234w, https:\/\/www.lavalaggloathle53.fr\/wp-content\/uploads\/2026\/03\/Laurine-B-sur-FFA-TV-Bis-768x984.jpg 768w, https:\/\/www.lavalaggloathle53.fr\/wp-content\/uploads\/2026\/03\/Laurine-B-sur-FFA-TV-Bis.jpg 905w\" sizes=\"(max-width: 800px) 100vw, 800px\" \/><\/figure>\n\n\n\n<figure class=\"wp-block-image size-large\"><img loading=\"lazy\" decoding=\"async\" width=\"1024\" height=\"768\" src=\"https:\/\/www.lavalaggloathle53.fr\/wp-content\/uploads\/2026\/03\/Groupe-Relais-TOP-1024x768.jpeg\" alt=\"\" class=\"wp-image-10158\" srcset=\"https:\/\/www.lavalaggloathle53.fr\/wp-content\/uploads\/2026\/03\/Groupe-Relais-TOP-1024x768.jpeg 1024w, https:\/\/www.lavalaggloathle53.fr\/wp-content\/uploads\/2026\/03\/Groupe-Relais-TOP-300x225.jpeg 300w, https:\/\/www.lavalaggloathle53.fr\/wp-content\/uploads\/2026\/03\/Groupe-Relais-TOP-768x576.jpeg 768w, https:\/\/www.lavalaggloathle53.fr\/wp-content\/uploads\/2026\/03\/Groupe-Relais-TOP-1536x1152.jpeg 1536w, https:\/\/www.lavalaggloathle53.fr\/wp-content\/uploads\/2026\/03\/Groupe-Relais-TOP.jpeg 2000w\" sizes=\"(max-width: 1024px) 100vw, 1024px\" \/><\/figure>\n\n\n\n<figure class=\"wp-block-image size-large\"><img loading=\"lazy\" decoding=\"async\" width=\"1024\" height=\"576\" src=\"https:\/\/www.lavalaggloathle53.fr\/wp-content\/uploads\/2026\/03\/WhatsApp-Image-2026-03-07-at-2-1024x576.jpeg\" alt=\"\" class=\"wp-image-10159\" srcset=\"https:\/\/www.lavalaggloathle53.fr\/wp-content\/uploads\/2026\/03\/WhatsApp-Image-2026-03-07-at-2-1024x576.jpeg 1024w, https:\/\/www.lavalaggloathle53.fr\/wp-content\/uploads\/2026\/03\/WhatsApp-Image-2026-03-07-at-2-300x169.jpeg 300w, https:\/\/www.lavalaggloathle53.fr\/wp-content\/uploads\/2026\/03\/WhatsApp-Image-2026-03-07-at-2-768x432.jpeg 768w, https:\/\/www.lavalaggloathle53.fr\/wp-content\/uploads\/2026\/03\/WhatsApp-Image-2026-03-07-at-2-1536x864.jpeg 1536w, https:\/\/www.lavalaggloathle53.fr\/wp-content\/uploads\/2026\/03\/WhatsApp-Image-2026-03-07-at-2.jpeg 1920w\" sizes=\"(max-width: 1024px) 100vw, 1024px\" \/><\/figure>\n\n\n\n<figure class=\"wp-block-image size-large\"><img loading=\"lazy\" decoding=\"async\" width=\"461\" height=\"1024\" src=\"https:\/\/www.lavalaggloathle53.fr\/wp-content\/uploads\/2026\/03\/Franck-Davoust-461x1024.jpeg\" alt=\"\" class=\"wp-image-10164\" srcset=\"https:\/\/www.lavalaggloathle53.fr\/wp-content\/uploads\/2026\/03\/Franck-Davoust-461x1024.jpeg 461w, https:\/\/www.lavalaggloathle53.fr\/wp-content\/uploads\/2026\/03\/Franck-Davoust-135x300.jpeg 135w, https:\/\/www.lavalaggloathle53.fr\/wp-content\/uploads\/2026\/03\/Franck-Davoust-768x1708.jpeg 768w, https:\/\/www.lavalaggloathle53.fr\/wp-content\/uploads\/2026\/03\/Franck-Davoust-691x1536.jpeg 691w, https:\/\/www.lavalaggloathle53.fr\/wp-content\/uploads\/2026\/03\/Franck-Davoust.jpeg 921w\" sizes=\"(max-width: 461px) 100vw, 461px\" \/><\/figure>\n\n\n\n<p><\/p>\n","protected":false},"excerpt":{"rendered":"<p>Quelle course de l&rsquo;\u00e9quipe de Relais Mixte du L2A53\/ Stade Lavallois Athl\u00e9tisme avec un bon d\u00e9part de Quentin GEHAN qui avait la lourde tache de remplacer Gwendal POUSSEREAU bless\u00e9 mais pr\u00e9sent sur le bord du circuit pour encourager ses potes de CLUB &#8230; Point\u00e9 aux alentours de la 18\u00e8me place \u00e0 l&rsquo;issue du 1er relais sur les 42 meilleurs relais fran\u00e7ais, Laurine TOUTIN allait commencer une remontada impressionnante sur un parcours exigeant compos\u00e9 de 90% d&rsquo;une boue tr\u00e8s collante pour passer le relais \u00e0 No\u00e9 ROUTHIAU aux alentours de la 12\u00e8me place. No\u00e9 a continu\u00e9 le travail de sape de l&rsquo;\u00e9quipe en remontant \u00e0 la 10\u00e8me place pour laisser ensuite le relais \u00e0 Laurine BEUCHER qui r\u00e9ussissait \u00e0 reprendre une \u00e0 une les adversaires qui la pr\u00e9c\u00e9dait en se pla\u00e7ant sur le final en bascule dans la derni\u00e8re bosse dans un groupe qui allait batailler pour les places de 4 \u00e0 6 pour terminer finalement 6\u00e8me de ce Championnat de France de Relais Mixte ! CHAPEAU \u00e0 l&rsquo;\u00e9quipe pour ce magnifique spectacle qu&rsquo;ils ont pu offrir \u00e0 tous les supporters du L2A53 pr\u00e9sents ce samedi sur le circuit de CARHAIX ! Dans la course des Masters 3 et plus , Franck DAVOUST a termin\u00e9 \u00e0 la 17\u00e8me place sur 250 athl\u00e8tes<\/p>\n","protected":false},"author":4,"featured_media":10151,"comment_status":"open","ping_status":"closed","sticky":false,"template":"","format":"standard","meta":{"footnotes":""},"categories":[14,15],"tags":[],"class_list":["post-10150","post","type-post","status-publish","format-standard","has-post-thumbnail","hentry","category-actualites","category-competition"],"yoast_head":"<!-- This site is optimized with the Yoast SEO plugin v27.2 - https:\/\/yoast.com\/product\/yoast-seo-wordpress\/ -->\n<title>L&#039;\u00e9quipe du L2A53 de Relais Mixte \u00e0 14 secondes du Podium des FRANCE !!!! - Laval Agglo Athl\u00e9tisme<\/title>\n<meta name=\"robots\" content=\"index, follow, max-snippet:-1, max-image-preview:large, max-video-preview:-1\" \/>\n<link rel=\"canonical\" href=\"https:\/\/www.lavalaggloathle53.fr\/index.php\/2026\/03\/07\/lequipe-du-l2a53-de-relais-mixte-a-14-secondes-du-podium-des-france\/\" \/>\n<meta property=\"og:locale\" content=\"fr_FR\" \/>\n<meta property=\"og:type\" content=\"article\" \/>\n<meta property=\"og:title\" content=\"L&#039;\u00e9quipe du L2A53 de Relais Mixte \u00e0 14 secondes du Podium des FRANCE !!!! - Laval Agglo Athl\u00e9tisme\" \/>\n<meta property=\"og:description\" content=\"Quelle course de l&rsquo;\u00e9quipe de Relais Mixte du L2A53\/ Stade Lavallois Athl\u00e9tisme avec un bon d\u00e9part de Quentin GEHAN qui avait la lourde tache de remplacer Gwendal POUSSEREAU bless\u00e9 mais pr\u00e9sent sur le bord du circuit pour encourager ses potes de CLUB &#8230; Point\u00e9 aux alentours de la 18\u00e8me place \u00e0 l&rsquo;issue du 1er relais sur les 42 meilleurs relais fran\u00e7ais, Laurine TOUTIN allait commencer une remontada impressionnante sur un parcours exigeant compos\u00e9 de 90% d&rsquo;une boue tr\u00e8s collante pour passer le relais \u00e0 No\u00e9 ROUTHIAU aux alentours de la 12\u00e8me place. No\u00e9 a continu\u00e9 le travail de sape de l&rsquo;\u00e9quipe en remontant \u00e0 la 10\u00e8me place pour laisser ensuite le relais \u00e0 Laurine BEUCHER qui r\u00e9ussissait \u00e0 reprendre une \u00e0 une les adversaires qui la pr\u00e9c\u00e9dait en se pla\u00e7ant sur le final en bascule dans la derni\u00e8re bosse dans un groupe qui allait batailler pour les places de 4 \u00e0 6 pour terminer finalement 6\u00e8me de ce Championnat de France de Relais Mixte ! CHAPEAU \u00e0 l&rsquo;\u00e9quipe pour ce magnifique spectacle qu&rsquo;ils ont pu offrir \u00e0 tous les supporters du L2A53 pr\u00e9sents ce samedi sur le circuit de CARHAIX ! Dans la course des Masters 3 et plus , Franck DAVOUST a termin\u00e9 \u00e0 la 17\u00e8me place sur 250 athl\u00e8tes\" \/>\n<meta property=\"og:url\" content=\"https:\/\/www.lavalaggloathle53.fr\/index.php\/2026\/03\/07\/lequipe-du-l2a53-de-relais-mixte-a-14-secondes-du-podium-des-france\/\" \/>\n<meta property=\"og:site_name\" content=\"Laval Agglo Athl\u00e9tisme\" \/>\n<meta property=\"article:publisher\" content=\"https:\/\/www.facebook.com\/stadelavalloisathletisme\" \/>\n<meta property=\"article:published_time\" content=\"2026-03-07T22:22:43+00:00\" \/>\n<meta property=\"article:modified_time\" content=\"2026-03-09T21:37:16+00:00\" \/>\n<meta property=\"og:image\" content=\"https:\/\/www.lavalaggloathle53.fr\/wp-content\/uploads\/2026\/03\/WhatsApp-Image-2026-03-07-at-22.36.16.jpeg\" \/>\n\t<meta property=\"og:image:width\" content=\"2000\" \/>\n\t<meta property=\"og:image:height\" content=\"1500\" \/>\n\t<meta property=\"og:image:type\" content=\"image\/jpeg\" \/>\n<meta name=\"author\" content=\"Pascal BISSON\" \/>\n<meta name=\"twitter:card\" content=\"summary_large_image\" \/>\n<meta name=\"twitter:label1\" content=\"\u00c9crit par\" \/>\n\t<meta name=\"twitter:data1\" content=\"Pascal BISSON\" \/>\n\t<meta name=\"twitter:label2\" content=\"Dur\u00e9e de lecture estim\u00e9e\" \/>\n\t<meta name=\"twitter:data2\" content=\"4 minutes\" \/>\n<script type=\"application\/ld+json\" class=\"yoast-schema-graph\">{\"@context\":\"https:\/\/schema.org\",\"@graph\":[{\"@type\":\"Article\",\"@id\":\"https:\/\/www.lavalaggloathle53.fr\/index.php\/2026\/03\/07\/lequipe-du-l2a53-de-relais-mixte-a-14-secondes-du-podium-des-france\/#article\",\"isPartOf\":{\"@id\":\"https:\/\/www.lavalaggloathle53.fr\/index.php\/2026\/03\/07\/lequipe-du-l2a53-de-relais-mixte-a-14-secondes-du-podium-des-france\/\"},\"author\":{\"name\":\"Pascal BISSON\",\"@id\":\"https:\/\/www.lavalaggloathle53.fr\/#\/schema\/person\/979647d1a9707730d91bfc766caadc0b\"},\"headline\":\"L&rsquo;\u00e9quipe du L2A53 de Relais Mixte \u00e0 14 secondes du Podium des FRANCE !!!!\",\"datePublished\":\"2026-03-07T22:22:43+00:00\",\"dateModified\":\"2026-03-09T21:37:16+00:00\",\"mainEntityOfPage\":{\"@id\":\"https:\/\/www.lavalaggloathle53.fr\/index.php\/2026\/03\/07\/lequipe-du-l2a53-de-relais-mixte-a-14-secondes-du-podium-des-france\/\"},\"wordCount\":224,\"commentCount\":2,\"image\":{\"@id\":\"https:\/\/www.lavalaggloathle53.fr\/index.php\/2026\/03\/07\/lequipe-du-l2a53-de-relais-mixte-a-14-secondes-du-podium-des-france\/#primaryimage\"},\"thumbnailUrl\":\"https:\/\/www.lavalaggloathle53.fr\/wp-content\/uploads\/2026\/03\/WhatsApp-Image-2026-03-07-at-22.36.16.jpeg\",\"articleSection\":[\"Actualit\u00e9s\",\"Comp\u00e9tition\"],\"inLanguage\":\"fr-FR\",\"potentialAction\":[{\"@type\":\"CommentAction\",\"name\":\"Comment\",\"target\":[\"https:\/\/www.lavalaggloathle53.fr\/index.php\/2026\/03\/07\/lequipe-du-l2a53-de-relais-mixte-a-14-secondes-du-podium-des-france\/#respond\"]}]},{\"@type\":\"WebPage\",\"@id\":\"https:\/\/www.lavalaggloathle53.fr\/index.php\/2026\/03\/07\/lequipe-du-l2a53-de-relais-mixte-a-14-secondes-du-podium-des-france\/\",\"url\":\"https:\/\/www.lavalaggloathle53.fr\/index.php\/2026\/03\/07\/lequipe-du-l2a53-de-relais-mixte-a-14-secondes-du-podium-des-france\/\",\"name\":\"L'\u00e9quipe du L2A53 de Relais Mixte \u00e0 14 secondes du Podium des FRANCE !!!! - Laval Agglo Athl\u00e9tisme\",\"isPartOf\":{\"@id\":\"https:\/\/www.lavalaggloathle53.fr\/#website\"},\"primaryImageOfPage\":{\"@id\":\"https:\/\/www.lavalaggloathle53.fr\/index.php\/2026\/03\/07\/lequipe-du-l2a53-de-relais-mixte-a-14-secondes-du-podium-des-france\/#primaryimage\"},\"image\":{\"@id\":\"https:\/\/www.lavalaggloathle53.fr\/index.php\/2026\/03\/07\/lequipe-du-l2a53-de-relais-mixte-a-14-secondes-du-podium-des-france\/#primaryimage\"},\"thumbnailUrl\":\"https:\/\/www.lavalaggloathle53.fr\/wp-content\/uploads\/2026\/03\/WhatsApp-Image-2026-03-07-at-22.36.16.jpeg\",\"datePublished\":\"2026-03-07T22:22:43+00:00\",\"dateModified\":\"2026-03-09T21:37:16+00:00\",\"author\":{\"@id\":\"https:\/\/www.lavalaggloathle53.fr\/#\/schema\/person\/979647d1a9707730d91bfc766caadc0b\"},\"breadcrumb\":{\"@id\":\"https:\/\/www.lavalaggloathle53.fr\/index.php\/2026\/03\/07\/lequipe-du-l2a53-de-relais-mixte-a-14-secondes-du-podium-des-france\/#breadcrumb\"},\"inLanguage\":\"fr-FR\",\"potentialAction\":[{\"@type\":\"ReadAction\",\"target\":[\"https:\/\/www.lavalaggloathle53.fr\/index.php\/2026\/03\/07\/lequipe-du-l2a53-de-relais-mixte-a-14-secondes-du-podium-des-france\/\"]}]},{\"@type\":\"ImageObject\",\"inLanguage\":\"fr-FR\",\"@id\":\"https:\/\/www.lavalaggloathle53.fr\/index.php\/2026\/03\/07\/lequipe-du-l2a53-de-relais-mixte-a-14-secondes-du-podium-des-france\/#primaryimage\",\"url\":\"https:\/\/www.lavalaggloathle53.fr\/wp-content\/uploads\/2026\/03\/WhatsApp-Image-2026-03-07-at-22.36.16.jpeg\",\"contentUrl\":\"https:\/\/www.lavalaggloathle53.fr\/wp-content\/uploads\/2026\/03\/WhatsApp-Image-2026-03-07-at-22.36.16.jpeg\",\"width\":2000,\"height\":1500},{\"@type\":\"BreadcrumbList\",\"@id\":\"https:\/\/www.lavalaggloathle53.fr\/index.php\/2026\/03\/07\/lequipe-du-l2a53-de-relais-mixte-a-14-secondes-du-podium-des-france\/#breadcrumb\",\"itemListElement\":[{\"@type\":\"ListItem\",\"position\":1,\"name\":\"Accueil\",\"item\":\"https:\/\/www.lavalaggloathle53.fr\/\"},{\"@type\":\"ListItem\",\"position\":2,\"name\":\"L&rsquo;\u00e9quipe du L2A53 de Relais Mixte \u00e0 14 secondes du Podium des FRANCE !!!!\"}]},{\"@type\":\"WebSite\",\"@id\":\"https:\/\/www.lavalaggloathle53.fr\/#website\",\"url\":\"https:\/\/www.lavalaggloathle53.fr\/\",\"name\":\"Laval Agglo Athl\u00e9tisme\",\"description\":\"L&#039;athl\u00e9, un sport pour tous\",\"alternateName\":\"L2A53\",\"potentialAction\":[{\"@type\":\"SearchAction\",\"target\":{\"@type\":\"EntryPoint\",\"urlTemplate\":\"https:\/\/www.lavalaggloathle53.fr\/?s={search_term_string}\"},\"query-input\":{\"@type\":\"PropertyValueSpecification\",\"valueRequired\":true,\"valueName\":\"search_term_string\"}}],\"inLanguage\":\"fr-FR\"},{\"@type\":\"Person\",\"@id\":\"https:\/\/www.lavalaggloathle53.fr\/#\/schema\/person\/979647d1a9707730d91bfc766caadc0b\",\"name\":\"Pascal BISSON\",\"image\":{\"@type\":\"ImageObject\",\"inLanguage\":\"fr-FR\",\"@id\":\"https:\/\/secure.gravatar.com\/avatar\/59596d86ade6d559609912f789f6ddaf324a4bb824fbedeaf0ccebc5c1967658?s=96&d=mm&r=g\",\"url\":\"https:\/\/secure.gravatar.com\/avatar\/59596d86ade6d559609912f789f6ddaf324a4bb824fbedeaf0ccebc5c1967658?s=96&d=mm&r=g\",\"contentUrl\":\"https:\/\/secure.gravatar.com\/avatar\/59596d86ade6d559609912f789f6ddaf324a4bb824fbedeaf0ccebc5c1967658?s=96&d=mm&r=g\",\"caption\":\"Pascal BISSON\"},\"sameAs\":[\"https:\/\/www.lavalaggloathle53.fr\"],\"url\":\"https:\/\/www.lavalaggloathle53.fr\/index.php\/author\/bis53\/\"}]}<\/script>\n<!-- \/ Yoast SEO plugin. -->","yoast_head_json":{"title":"L'\u00e9quipe du L2A53 de Relais Mixte \u00e0 14 secondes du Podium des FRANCE !!!! - Laval Agglo Athl\u00e9tisme","robots":{"index":"index","follow":"follow","max-snippet":"max-snippet:-1","max-image-preview":"max-image-preview:large","max-video-preview":"max-video-preview:-1"},"canonical":"https:\/\/www.lavalaggloathle53.fr\/index.php\/2026\/03\/07\/lequipe-du-l2a53-de-relais-mixte-a-14-secondes-du-podium-des-france\/","og_locale":"fr_FR","og_type":"article","og_title":"L'\u00e9quipe du L2A53 de Relais Mixte \u00e0 14 secondes du Podium des FRANCE !!!! - Laval Agglo Athl\u00e9tisme","og_description":"Quelle course de l&rsquo;\u00e9quipe de Relais Mixte du L2A53\/ Stade Lavallois Athl\u00e9tisme avec un bon d\u00e9part de Quentin GEHAN qui avait la lourde tache de remplacer Gwendal POUSSEREAU bless\u00e9 mais pr\u00e9sent sur le bord du circuit pour encourager ses potes de CLUB &#8230; Point\u00e9 aux alentours de la 18\u00e8me place \u00e0 l&rsquo;issue du 1er relais sur les 42 meilleurs relais fran\u00e7ais, Laurine TOUTIN allait commencer une remontada impressionnante sur un parcours exigeant compos\u00e9 de 90% d&rsquo;une boue tr\u00e8s collante pour passer le relais \u00e0 No\u00e9 ROUTHIAU aux alentours de la 12\u00e8me place. No\u00e9 a continu\u00e9 le travail de sape de l&rsquo;\u00e9quipe en remontant \u00e0 la 10\u00e8me place pour laisser ensuite le relais \u00e0 Laurine BEUCHER qui r\u00e9ussissait \u00e0 reprendre une \u00e0 une les adversaires qui la pr\u00e9c\u00e9dait en se pla\u00e7ant sur le final en bascule dans la derni\u00e8re bosse dans un groupe qui allait batailler pour les places de 4 \u00e0 6 pour terminer finalement 6\u00e8me de ce Championnat de France de Relais Mixte ! CHAPEAU \u00e0 l&rsquo;\u00e9quipe pour ce magnifique spectacle qu&rsquo;ils ont pu offrir \u00e0 tous les supporters du L2A53 pr\u00e9sents ce samedi sur le circuit de CARHAIX ! Dans la course des Masters 3 et plus , Franck DAVOUST a termin\u00e9 \u00e0 la 17\u00e8me place sur 250 athl\u00e8tes","og_url":"https:\/\/www.lavalaggloathle53.fr\/index.php\/2026\/03\/07\/lequipe-du-l2a53-de-relais-mixte-a-14-secondes-du-podium-des-france\/","og_site_name":"Laval Agglo Athl\u00e9tisme","article_publisher":"https:\/\/www.facebook.com\/stadelavalloisathletisme","article_published_time":"2026-03-07T22:22:43+00:00","article_modified_time":"2026-03-09T21:37:16+00:00","og_image":[{"width":2000,"height":1500,"url":"https:\/\/www.lavalaggloathle53.fr\/wp-content\/uploads\/2026\/03\/WhatsApp-Image-2026-03-07-at-22.36.16.jpeg","type":"image\/jpeg"}],"author":"Pascal BISSON","twitter_card":"summary_large_image","twitter_misc":{"\u00c9crit par":"Pascal BISSON","Dur\u00e9e de lecture estim\u00e9e":"4 minutes"},"schema":{"@context":"https:\/\/schema.org","@graph":[{"@type":"Article","@id":"https:\/\/www.lavalaggloathle53.fr\/index.php\/2026\/03\/07\/lequipe-du-l2a53-de-relais-mixte-a-14-secondes-du-podium-des-france\/#article","isPartOf":{"@id":"https:\/\/www.lavalaggloathle53.fr\/index.php\/2026\/03\/07\/lequipe-du-l2a53-de-relais-mixte-a-14-secondes-du-podium-des-france\/"},"author":{"name":"Pascal BISSON","@id":"https:\/\/www.lavalaggloathle53.fr\/#\/schema\/person\/979647d1a9707730d91bfc766caadc0b"},"headline":"L&rsquo;\u00e9quipe du L2A53 de Relais Mixte \u00e0 14 secondes du Podium des FRANCE !!!!","datePublished":"2026-03-07T22:22:43+00:00","dateModified":"2026-03-09T21:37:16+00:00","mainEntityOfPage":{"@id":"https:\/\/www.lavalaggloathle53.fr\/index.php\/2026\/03\/07\/lequipe-du-l2a53-de-relais-mixte-a-14-secondes-du-podium-des-france\/"},"wordCount":224,"commentCount":2,"image":{"@id":"https:\/\/www.lavalaggloathle53.fr\/index.php\/2026\/03\/07\/lequipe-du-l2a53-de-relais-mixte-a-14-secondes-du-podium-des-france\/#primaryimage"},"thumbnailUrl":"https:\/\/www.lavalaggloathle53.fr\/wp-content\/uploads\/2026\/03\/WhatsApp-Image-2026-03-07-at-22.36.16.jpeg","articleSection":["Actualit\u00e9s","Comp\u00e9tition"],"inLanguage":"fr-FR","potentialAction":[{"@type":"CommentAction","name":"Comment","target":["https:\/\/www.lavalaggloathle53.fr\/index.php\/2026\/03\/07\/lequipe-du-l2a53-de-relais-mixte-a-14-secondes-du-podium-des-france\/#respond"]}]},{"@type":"WebPage","@id":"https:\/\/www.lavalaggloathle53.fr\/index.php\/2026\/03\/07\/lequipe-du-l2a53-de-relais-mixte-a-14-secondes-du-podium-des-france\/","url":"https:\/\/www.lavalaggloathle53.fr\/index.php\/2026\/03\/07\/lequipe-du-l2a53-de-relais-mixte-a-14-secondes-du-podium-des-france\/","name":"L'\u00e9quipe du L2A53 de Relais Mixte \u00e0 14 secondes du Podium des FRANCE !!!! - Laval Agglo Athl\u00e9tisme","isPartOf":{"@id":"https:\/\/www.lavalaggloathle53.fr\/#website"},"primaryImageOfPage":{"@id":"https:\/\/www.lavalaggloathle53.fr\/index.php\/2026\/03\/07\/lequipe-du-l2a53-de-relais-mixte-a-14-secondes-du-podium-des-france\/#primaryimage"},"image":{"@id":"https:\/\/www.lavalaggloathle53.fr\/index.php\/2026\/03\/07\/lequipe-du-l2a53-de-relais-mixte-a-14-secondes-du-podium-des-france\/#primaryimage"},"thumbnailUrl":"https:\/\/www.lavalaggloathle53.fr\/wp-content\/uploads\/2026\/03\/WhatsApp-Image-2026-03-07-at-22.36.16.jpeg","datePublished":"2026-03-07T22:22:43+00:00","dateModified":"2026-03-09T21:37:16+00:00","author":{"@id":"https:\/\/www.lavalaggloathle53.fr\/#\/schema\/person\/979647d1a9707730d91bfc766caadc0b"},"breadcrumb":{"@id":"https:\/\/www.lavalaggloathle53.fr\/index.php\/2026\/03\/07\/lequipe-du-l2a53-de-relais-mixte-a-14-secondes-du-podium-des-france\/#breadcrumb"},"inLanguage":"fr-FR","potentialAction":[{"@type":"ReadAction","target":["https:\/\/www.lavalaggloathle53.fr\/index.php\/2026\/03\/07\/lequipe-du-l2a53-de-relais-mixte-a-14-secondes-du-podium-des-france\/"]}]},{"@type":"ImageObject","inLanguage":"fr-FR","@id":"https:\/\/www.lavalaggloathle53.fr\/index.php\/2026\/03\/07\/lequipe-du-l2a53-de-relais-mixte-a-14-secondes-du-podium-des-france\/#primaryimage","url":"https:\/\/www.lavalaggloathle53.fr\/wp-content\/uploads\/2026\/03\/WhatsApp-Image-2026-03-07-at-22.36.16.jpeg","contentUrl":"https:\/\/www.lavalaggloathle53.fr\/wp-content\/uploads\/2026\/03\/WhatsApp-Image-2026-03-07-at-22.36.16.jpeg","width":2000,"height":1500},{"@type":"BreadcrumbList","@id":"https:\/\/www.lavalaggloathle53.fr\/index.php\/2026\/03\/07\/lequipe-du-l2a53-de-relais-mixte-a-14-secondes-du-podium-des-france\/#breadcrumb","itemListElement":[{"@type":"ListItem","position":1,"name":"Accueil","item":"https:\/\/www.lavalaggloathle53.fr\/"},{"@type":"ListItem","position":2,"name":"L&rsquo;\u00e9quipe du L2A53 de Relais Mixte \u00e0 14 secondes du Podium des FRANCE !!!!"}]},{"@type":"WebSite","@id":"https:\/\/www.lavalaggloathle53.fr\/#website","url":"https:\/\/www.lavalaggloathle53.fr\/","name":"Laval Agglo Athl\u00e9tisme","description":"L&#039;athl\u00e9, un sport pour tous","alternateName":"L2A53","potentialAction":[{"@type":"SearchAction","target":{"@type":"EntryPoint","urlTemplate":"https:\/\/www.lavalaggloathle53.fr\/?s={search_term_string}"},"query-input":{"@type":"PropertyValueSpecification","valueRequired":true,"valueName":"search_term_string"}}],"inLanguage":"fr-FR"},{"@type":"Person","@id":"https:\/\/www.lavalaggloathle53.fr\/#\/schema\/person\/979647d1a9707730d91bfc766caadc0b","name":"Pascal BISSON","image":{"@type":"ImageObject","inLanguage":"fr-FR","@id":"https:\/\/secure.gravatar.com\/avatar\/59596d86ade6d559609912f789f6ddaf324a4bb824fbedeaf0ccebc5c1967658?s=96&d=mm&r=g","url":"https:\/\/secure.gravatar.com\/avatar\/59596d86ade6d559609912f789f6ddaf324a4bb824fbedeaf0ccebc5c1967658?s=96&d=mm&r=g","contentUrl":"https:\/\/secure.gravatar.com\/avatar\/59596d86ade6d559609912f789f6ddaf324a4bb824fbedeaf0ccebc5c1967658?s=96&d=mm&r=g","caption":"Pascal BISSON"},"sameAs":["https:\/\/www.lavalaggloathle53.fr"],"url":"https:\/\/www.lavalaggloathle53.fr\/index.php\/author\/bis53\/"}]}},"_links":{"self":[{"href":"https:\/\/www.lavalaggloathle53.fr\/index.php\/wp-json\/wp\/v2\/posts\/10150","targetHints":{"allow":["GET"]}}],"collection":[{"href":"https:\/\/www.lavalaggloathle53.fr\/index.php\/wp-json\/wp\/v2\/posts"}],"about":[{"href":"https:\/\/www.lavalaggloathle53.fr\/index.php\/wp-json\/wp\/v2\/types\/post"}],"author":[{"embeddable":true,"href":"https:\/\/www.lavalaggloathle53.fr\/index.php\/wp-json\/wp\/v2\/users\/4"}],"replies":[{"embeddable":true,"href":"https:\/\/www.lavalaggloathle53.fr\/index.php\/wp-json\/wp\/v2\/comments?post=10150"}],"version-history":[{"count":7,"href":"https:\/\/www.lavalaggloathle53.fr\/index.php\/wp-json\/wp\/v2\/posts\/10150\/revisions"}],"predecessor-version":[{"id":10214,"href":"https:\/\/www.lavalaggloathle53.fr\/index.php\/wp-json\/wp\/v2\/posts\/10150\/revisions\/10214"}],"wp:featuredmedia":[{"embeddable":true,"href":"https:\/\/www.lavalaggloathle53.fr\/index.php\/wp-json\/wp\/v2\/media\/10151"}],"wp:attachment":[{"href":"https:\/\/www.lavalaggloathle53.fr\/index.php\/wp-json\/wp\/v2\/media?parent=10150"}],"wp:term":[{"taxonomy":"category","embeddable":true,"href":"https:\/\/www.lavalaggloathle53.fr\/index.php\/wp-json\/wp\/v2\/categories?post=10150"},{"taxonomy":"post_tag","embeddable":true,"href":"https:\/\/www.lavalaggloathle53.fr\/index.php\/wp-json\/wp\/v2\/tags?post=10150"}],"curies":[{"name":"wp","href":"https:\/\/api.w.org\/{rel}","templated":true}]}}